{"id":1003,"date":"2009-04-16T22:34:35","date_gmt":"2009-04-17T01:34:35","guid":{"rendered":"https:\/\/www.blogsoestado.com\/danielmatos\/danielmatos\/2009\/04\/16\/por-unanimidade-tse-confirma-cassacao-de-jackson-roseana-assume-nesta-sexta-feira\/"},"modified":"2009-04-16T22:34:35","modified_gmt":"2009-04-17T01:34:35","slug":"por-unanimidade-tse-confirma-cassacao-de-jackson-roseana-assume-nesta-sexta-feira","status":"publish","type":"post","link":"https:\/\/www.blogsoestado.com\/danielmatos\/por-unanimidade-tse-confirma-cassacao-de-jackson-roseana-assume-nesta-sexta-feira\/","title":{"rendered":"Por unanimidade, TSE confirma cassa\u00e7\u00e3o de Jackson Lago; Roseana assume nesta sexta-feira"},"content":{"rendered":"<p><a href=\"https:\/\/www.blogsoestado.com\/danielmatos\/files\/2009\/04\/plena.jpg\" title=\"plena.jpg\"><img decoding=\"async\" align=\"left\" src=\"https:\/\/www.blogsoestado.com\/danielmatos\/files\/2009\/04\/plena.jpg\" alt=\"plena.jpg\" \/><\/a>Na sess\u00e3o plen\u00e1ria desta quinta-feira (16), os ministros do Tribunal Superior Eleitoral (TSE) rejeitaram, por unanimidade,\u00a0 quatro recursos contra a cassa\u00e7\u00e3o do governador do Maranh\u00e3o, Jackson Lago (PDT) e do vice Luiz Carlos Porto.\u00a0 Com a sa\u00edda de Jackson Lago do cargo, deve ser diplomada e empossada como governadora do Maranh\u00e3o a segunda colocada no pleito de 2006, a atual senadora Roseana Sarney (PMDB-MA).<\/p>\n<p>A decis\u00e3o desta quinta-feira confirma o julgamento realizado no \u00faltimo dia 3 de mar\u00e7o, quando o plen\u00e1rio decidiu pela cassa\u00e7\u00e3o do governador .\u00a0 Na ocasi\u00e3o, o relator, ministro Eros Grau, votou pela cassa\u00e7\u00e3o por dois motivos: abuso de poder pol\u00edtico e capta\u00e7\u00e3o il\u00edcita de votos. Tr\u00eas ministros &#8211; Felix Fischer, Fernando Gon\u00e7alves e Carlos Ayres Britto (presidente) &#8211; acompanharam o relator em rela\u00e7\u00e3o ao primeiro fundamento. O quinto voto foi do ministro Ricardo Lewandowski, para quem houve capta\u00e7\u00e3o il\u00edcita de votos. Na sess\u00e3o de hoje, no entanto, foi retirada a acusa\u00e7\u00e3o de compra de votos.<\/p>\n<p>No recurso apresentado pelo governador Jackson Lago,\u00a0 ele pedia o reconhecimento do TSE para a falta de potencialidade para influir no resultado da elei\u00e7\u00e3o de 2006 de dois dos onze fatos apontados como causa de pedir a cassa\u00e7\u00e3o do diploma.<\/p>\n<p>Ressaltou que, em rela\u00e7\u00e3o aos epis\u00f3dios de Cod\u00f3 e Prodim, n\u00e3o houve consenso entre os ministros, \u201cque adotaram posi\u00e7\u00f5es diferentes quanto aos pedidos feitos de forma acumulada, resultando em contradi\u00e7\u00f5es, obscuridades e omiss\u00f5es\u201d. No caso de Cod\u00f3, o governador foi denunciado por assinatura de conv\u00eanio entre o governo do Maranh\u00e3o e a prefeitura de Cod\u00f3, quando estariam presentes o ent\u00e3o governador Jos\u00e9 Reinaldo Tavares e Jackson Lago. O caso Prodim consistiria na participa\u00e7\u00e3o de Lago em reuni\u00f5es do programa Prodim, do governo do estado em parceria com o Banco Mundial (BID), que visava a doa\u00e7\u00e3o de bens e servi\u00e7os a pessoas carentes.<\/p>\n<p>Em outro recurso, Jo\u00e3o Melo e Sousa Bentivi, candidato a governador do Maranh\u00e3o\u00a0 nas elei\u00e7\u00f5es de 2006 pelo Partido da Reedifica\u00e7\u00e3o da Ordem Nacional (Prona), disse que o TSE n\u00e3o deveria proclamar a segunda colocada, Roseana Sarney (PMDB), como eleita. Sustentou que, em 15 de dezembro de 2008, o partido entrou com pedido para ser inclu\u00eddo no processo como parte interessada e que o relator, ministro Eros Grau, no dia 19 de dezembro, quando o julgamento iniciou, disse que recebera v\u00e1rias peti\u00e7\u00f5es, entre elas a do candidato Jo\u00e3o Bentivi, mas que, naquele momento, o pedido n\u00e3o teria cabimento. O Prona pedia para que fosse declarada a nulidade do processo e a realiza\u00e7\u00e3o de novas elei\u00e7\u00f5es.<\/p>\n<p>Os outros dois recursos foram feitos, com o mesmo objetivo, pela coliga\u00e7\u00e3o Frente de Liberta\u00e7\u00e3o do Maranh\u00e3o, que apoiou o candidato eleito, e por Luiz Carlos Porto, eleito vice-governador.<\/p>\n<p><strong>Relator<\/strong><\/p>\n<p>Ao conduzir seu voto, o ministro Eros Grau entendeu que os pedidos feitos pelo governador cassado s\u00e3o a respeito de \u201cmat\u00e9rias efetivamente analisados e decididas\u201d. Considerou, tamb\u00e9m, que o TSE \u201c\u00e9 competente para julgar recurso contra expedi\u00e7\u00e3o de diploma\u201d. Disse que a jurisprud\u00eancia da Corte est\u00e1 alinhada neste sentido h\u00e1 quatro d\u00e9cadas.<\/p>\n<p>Ainda de acordo com o voto do ministro Eros Grau, n\u00e3o h\u00e1 raz\u00e3o do governador cassado na afirma\u00e7\u00e3o de que o pedido de cassa\u00e7\u00e3o \u201cenglobaria diversas a\u00e7\u00f5es cumuladas, cada uma delas com causa de pedir pr\u00f3pria e de que se necessitaria, para o seu provimento, de que a maioria dos ministros acordasse quanto aos fundamentos da decis\u00e3o, n\u00e3o quanto o objeto do pedido\u201d. Para o relator, no entanto, n\u00e3o houve qualquer contradi\u00e7\u00e3o na proclama\u00e7\u00e3o do resultado.<\/p>\n<p>No caso do recurso do candidato do Prona, Jo\u00e3o Melo e Sousa Bentivi, o ministro considerou que os pedidos eram processualmente in\u00fateis, \u201cprestando unicamente para retardar o julgamento dos embargos\u201d. Por extens\u00e3o, o ministro rejeitou tamb\u00e9m os outros dois recursos.<\/p>\n<p><strong>Britto<\/strong><\/p>\n<p>Ao votar, o presidente do TSE, ministro Carlos Ayres Britto, justificou a concord\u00e2ncia com o relator ao afirmar que \u201cn\u00e3o h\u00e1 omiss\u00e3o, contradi\u00e7\u00e3o ou obscuridade no ac\u00f3rd\u00e3o com a for\u00e7a de modificar a conclus\u00e3o dos votos, pela cassa\u00e7\u00e3o do mandato por abuso de poder pol\u00edtico\u201d.<\/p>\n<p>Segundo o ministro, houve fundamentos suficientes \u201c para a manuten\u00e7\u00e3o da cassa\u00e7\u00e3o do mandato do governador\u201d.<\/p>\n<p>O presidente do TSE sustentou que abuso do poder pol\u00edtico e uso eleitoral da m\u00e1quina administrativa \u201cs\u00e3o irm\u00e3os siameses\u201d, e que o patrimonialismo, \u201cessa terr\u00edvel doen\u00e7a institucional do pa\u00eds\u201d, compreende a indistin\u00e7\u00e3o entre o p\u00fablico e o privado.<\/p>\n<p>Quanto a potencialidade dos fatos de influir na elei\u00e7\u00e3o, o ministro Carlos Britto disse que o efeito da m\u00eddia eletr\u00f4nica torna um pequeno com\u00edcio no interior em um ato que pode atingir muitos eleitores. Assim, disse que as condutas caracterizadoras de abuso de poder pol\u00edtico \u201cse revistiram de potencialidade para influenciar o resultado do pleito\u201d. Alegou ainda que o ent\u00e3o governador Reinaldo Tavares \u201c tudo concebeu e operou em unidade de des\u00edgnios com o atual governador Jackson Lago, a partir de um prop\u00f3sito eleitoral que tocou os debruns do vale-tudo eleitoral\u201d.<\/p>\n<p>Ao concluir, o presidente do TSE reiterou que \u201cn\u00e3o basta ganhar, \u00e9 preciso ganhar legitimamente, \u00e9 a op\u00e7\u00e3o que faz a nossa Constitui\u00e7\u00e3o em homenagem sobretudo \u00e0 \u00e9tica e \u00e0 vontade livre e soberana do eleitorado. Se n\u00e3o fosse pelo uso de meios escusos, o resultado da elei\u00e7\u00e3o poderia ser diferente\u201d.<\/p>\n<p><strong>Fonte:<\/strong> <a href=\"http:\/\/www.tse.gov.br\/\">www.tse.gov.br<\/a><br \/>\n\u00a0<\/p>\n","protected":false},"excerpt":{"rendered":"<p>Na sess\u00e3o plen\u00e1ria desta quinta-feira (16), os ministros do Tribunal Superior Eleitoral (TSE) rejeitaram, por unanimidade,\u00a0 quatro recursos contra a [&hellip;]<\/p>\n","protected":false},"author":0,"featured_media":0,"comment_status":"open","ping_status":"open","sticky":false,"template":"","format":"standard","meta":{"site-sidebar-layout":"default","site-content-layout":"","ast-site-content-layout":"default","site-content-style":"default","site-sidebar-style":"default","ast-global-header-display":"","ast-banner-title-visibility":"","ast-main-header-display":"","ast-hfb-above-header-display":"","ast-hfb-below-header-display":"","ast-hfb-mobile-header-display":"","site-post-title":"","ast-breadcrumbs-content":"","ast-featured-img":"","footer-sml-layout":"","ast-disable-related-posts":"","theme-transparent-header-meta":"","adv-header-id-meta":"","stick-header-meta":"","header-above-stick-meta":"","header-main-stick-meta":"","header-below-stick-meta":"","astra-migrate-meta-layouts":"default","ast-page-background-enabled":"default","ast-page-background-meta":{"desktop":{"background-color":"var(--ast-global-color-5)","background-image":"","background-repeat":"repeat","background-position":"center center","background-size":"auto","background-attachment":"scroll","background-type":"","background-media":"","overlay-type":"","overlay-color":"","overlay-opacity":"","overlay-gradient":""},"tablet":{"background-color":"","background-image":"","background-repeat":"repeat","background-position":"center center","background-size":"auto","background-attachment":"scroll","background-type":"","background-media":"","overlay-type":"","overlay-color":"","overlay-opacity":"","overlay-gradient":""},"mobile":{"background-color":"","background-image":"","background-repeat":"repeat","background-position":"center center","background-size":"auto","background-attachment":"scroll","background-type":"","background-media":"","overlay-type":"","overlay-color":"","overlay-opacity":"","overlay-gradient":""}},"ast-content-background-meta":{"desktop":{"background-color":"var(--ast-global-color-4)","background-image":"","background-repeat":"repeat","background-position":"center center","background-size":"auto","background-attachment":"scroll","background-type":"","background-media":"","overlay-type":"","overlay-color":"","overlay-opacity":"","overlay-gradient":""},"tablet":{"background-color":"var(--ast-global-color-4)","background-image":"","background-repeat":"repeat","background-position":"center center","background-size":"auto","background-attachment":"scroll","background-type":"","background-media":"","overlay-type":"","overlay-color":"","overlay-opacity":"","overlay-gradient":""},"mobile":{"background-color":"var(--ast-global-color-4)","background-image":"","background-repeat":"repeat","background-position":"center center","background-size":"auto","background-attachment":"scroll","background-type":"","background-media":"","overlay-type":"","overlay-color":"","overlay-opacity":"","overlay-gradient":""}},"footnotes":""},"categories":[1],"tags":[],"class_list":["post-1003","post","type-post","status-publish","format-standard","hentry","category-sem-categoria"],"yoast_head":"<!-- This site is optimized with the Yoast SEO plugin v26.6 - https:\/\/yoast.com\/wordpress\/plugins\/seo\/ -->\n<title>Por unanimidade, TSE confirma cassa\u00e7\u00e3o de Jackson Lago; Roseana assume nesta sexta-feira - Daniel Matos<\/title>\n<meta name=\"robots\" content=\"index, follow, max-snippet:-1, max-image-preview:large, max-video-preview:-1\" \/>\n<link rel=\"canonical\" href=\"https:\/\/www.blogsoestado.com\/danielmatos\/por-unanimidade-tse-confirma-cassacao-de-jackson-roseana-assume-nesta-sexta-feira\/\" \/>\n<meta property=\"og:locale\" content=\"pt_BR\" \/>\n<meta property=\"og:type\" content=\"article\" \/>\n<meta property=\"og:title\" content=\"Por unanimidade, TSE confirma cassa\u00e7\u00e3o de Jackson Lago; Roseana assume nesta sexta-feira - Daniel Matos\" \/>\n<meta property=\"og:description\" content=\"Na sess\u00e3o plen\u00e1ria desta quinta-feira (16), os ministros do Tribunal Superior Eleitoral (TSE) rejeitaram, por unanimidade,\u00a0 quatro recursos contra a [&hellip;]\" \/>\n<meta property=\"og:url\" content=\"https:\/\/www.blogsoestado.com\/danielmatos\/por-unanimidade-tse-confirma-cassacao-de-jackson-roseana-assume-nesta-sexta-feira\/\" \/>\n<meta property=\"og:site_name\" content=\"Daniel Matos\" \/>\n<meta property=\"article:published_time\" content=\"2009-04-17T01:34:35+00:00\" \/>\n<meta property=\"og:image\" content=\"https:\/\/www.blogsoestado.com\/danielmatos\/files\/2009\/04\/plena.jpg\" \/>\n<meta name=\"twitter:card\" content=\"summary_large_image\" \/>\n<meta name=\"twitter:label1\" content=\"Est. tempo de leitura\" \/>\n\t<meta name=\"twitter:data1\" content=\"5 minutos\" \/>\n<script type=\"application\/ld+json\" class=\"yoast-schema-graph\">{\"@context\":\"https:\/\/schema.org\",\"@graph\":[{\"@type\":\"WebPage\",\"@id\":\"https:\/\/www.blogsoestado.com\/danielmatos\/por-unanimidade-tse-confirma-cassacao-de-jackson-roseana-assume-nesta-sexta-feira\/\",\"url\":\"https:\/\/www.blogsoestado.com\/danielmatos\/por-unanimidade-tse-confirma-cassacao-de-jackson-roseana-assume-nesta-sexta-feira\/\",\"name\":\"Por unanimidade, TSE confirma cassa\u00e7\u00e3o de Jackson Lago; Roseana assume nesta sexta-feira - Daniel Matos\",\"isPartOf\":{\"@id\":\"https:\/\/www.blogsoestado.com\/danielmatos\/#website\"},\"primaryImageOfPage\":{\"@id\":\"https:\/\/www.blogsoestado.com\/danielmatos\/por-unanimidade-tse-confirma-cassacao-de-jackson-roseana-assume-nesta-sexta-feira\/#primaryimage\"},\"image\":{\"@id\":\"https:\/\/www.blogsoestado.com\/danielmatos\/por-unanimidade-tse-confirma-cassacao-de-jackson-roseana-assume-nesta-sexta-feira\/#primaryimage\"},\"thumbnailUrl\":\"https:\/\/www.blogsoestado.com\/danielmatos\/files\/2009\/04\/plena.jpg\",\"datePublished\":\"2009-04-17T01:34:35+00:00\",\"author\":{\"@id\":\"\"},\"breadcrumb\":{\"@id\":\"https:\/\/www.blogsoestado.com\/danielmatos\/por-unanimidade-tse-confirma-cassacao-de-jackson-roseana-assume-nesta-sexta-feira\/#breadcrumb\"},\"inLanguage\":\"pt-BR\",\"potentialAction\":[{\"@type\":\"ReadAction\",\"target\":[\"https:\/\/www.blogsoestado.com\/danielmatos\/por-unanimidade-tse-confirma-cassacao-de-jackson-roseana-assume-nesta-sexta-feira\/\"]}]},{\"@type\":\"ImageObject\",\"inLanguage\":\"pt-BR\",\"@id\":\"https:\/\/www.blogsoestado.com\/danielmatos\/por-unanimidade-tse-confirma-cassacao-de-jackson-roseana-assume-nesta-sexta-feira\/#primaryimage\",\"url\":\"https:\/\/www.blogsoestado.com\/danielmatos\/files\/2009\/04\/plena.jpg\",\"contentUrl\":\"https:\/\/www.blogsoestado.com\/danielmatos\/files\/2009\/04\/plena.jpg\"},{\"@type\":\"BreadcrumbList\",\"@id\":\"https:\/\/www.blogsoestado.com\/danielmatos\/por-unanimidade-tse-confirma-cassacao-de-jackson-roseana-assume-nesta-sexta-feira\/#breadcrumb\",\"itemListElement\":[{\"@type\":\"ListItem\",\"position\":1,\"name\":\"In\u00edcio\",\"item\":\"https:\/\/www.blogsoestado.com\/danielmatos\/\"},{\"@type\":\"ListItem\",\"position\":2,\"name\":\"Por unanimidade, TSE confirma cassa\u00e7\u00e3o de Jackson Lago; Roseana assume nesta sexta-feira\"}]},{\"@type\":\"WebSite\",\"@id\":\"https:\/\/www.blogsoestado.com\/danielmatos\/#website\",\"url\":\"https:\/\/www.blogsoestado.com\/danielmatos\/\",\"name\":\"Daniel Matos\",\"description\":\"\",\"potentialAction\":[{\"@type\":\"SearchAction\",\"target\":{\"@type\":\"EntryPoint\",\"urlTemplate\":\"https:\/\/www.blogsoestado.com\/danielmatos\/?s={search_term_string}\"},\"query-input\":{\"@type\":\"PropertyValueSpecification\",\"valueRequired\":true,\"valueName\":\"search_term_string\"}}],\"inLanguage\":\"pt-BR\"}]}<\/script>\n<!-- \/ Yoast SEO plugin. -->","yoast_head_json":{"title":"Por unanimidade, TSE confirma cassa\u00e7\u00e3o de Jackson Lago; Roseana assume nesta sexta-feira - Daniel Matos","robots":{"index":"index","follow":"follow","max-snippet":"max-snippet:-1","max-image-preview":"max-image-preview:large","max-video-preview":"max-video-preview:-1"},"canonical":"https:\/\/www.blogsoestado.com\/danielmatos\/por-unanimidade-tse-confirma-cassacao-de-jackson-roseana-assume-nesta-sexta-feira\/","og_locale":"pt_BR","og_type":"article","og_title":"Por unanimidade, TSE confirma cassa\u00e7\u00e3o de Jackson Lago; Roseana assume nesta sexta-feira - Daniel Matos","og_description":"Na sess\u00e3o plen\u00e1ria desta quinta-feira (16), os ministros do Tribunal Superior Eleitoral (TSE) rejeitaram, por unanimidade,\u00a0 quatro recursos contra a [&hellip;]","og_url":"https:\/\/www.blogsoestado.com\/danielmatos\/por-unanimidade-tse-confirma-cassacao-de-jackson-roseana-assume-nesta-sexta-feira\/","og_site_name":"Daniel Matos","article_published_time":"2009-04-17T01:34:35+00:00","og_image":[{"url":"https:\/\/www.blogsoestado.com\/danielmatos\/files\/2009\/04\/plena.jpg","type":"","width":"","height":""}],"twitter_card":"summary_large_image","twitter_misc":{"Est. tempo de leitura":"5 minutos"},"schema":{"@context":"https:\/\/schema.org","@graph":[{"@type":"WebPage","@id":"https:\/\/www.blogsoestado.com\/danielmatos\/por-unanimidade-tse-confirma-cassacao-de-jackson-roseana-assume-nesta-sexta-feira\/","url":"https:\/\/www.blogsoestado.com\/danielmatos\/por-unanimidade-tse-confirma-cassacao-de-jackson-roseana-assume-nesta-sexta-feira\/","name":"Por unanimidade, TSE confirma cassa\u00e7\u00e3o de Jackson Lago; Roseana assume nesta sexta-feira - Daniel Matos","isPartOf":{"@id":"https:\/\/www.blogsoestado.com\/danielmatos\/#website"},"primaryImageOfPage":{"@id":"https:\/\/www.blogsoestado.com\/danielmatos\/por-unanimidade-tse-confirma-cassacao-de-jackson-roseana-assume-nesta-sexta-feira\/#primaryimage"},"image":{"@id":"https:\/\/www.blogsoestado.com\/danielmatos\/por-unanimidade-tse-confirma-cassacao-de-jackson-roseana-assume-nesta-sexta-feira\/#primaryimage"},"thumbnailUrl":"https:\/\/www.blogsoestado.com\/danielmatos\/files\/2009\/04\/plena.jpg","datePublished":"2009-04-17T01:34:35+00:00","author":{"@id":""},"breadcrumb":{"@id":"https:\/\/www.blogsoestado.com\/danielmatos\/por-unanimidade-tse-confirma-cassacao-de-jackson-roseana-assume-nesta-sexta-feira\/#breadcrumb"},"inLanguage":"pt-BR","potentialAction":[{"@type":"ReadAction","target":["https:\/\/www.blogsoestado.com\/danielmatos\/por-unanimidade-tse-confirma-cassacao-de-jackson-roseana-assume-nesta-sexta-feira\/"]}]},{"@type":"ImageObject","inLanguage":"pt-BR","@id":"https:\/\/www.blogsoestado.com\/danielmatos\/por-unanimidade-tse-confirma-cassacao-de-jackson-roseana-assume-nesta-sexta-feira\/#primaryimage","url":"https:\/\/www.blogsoestado.com\/danielmatos\/files\/2009\/04\/plena.jpg","contentUrl":"https:\/\/www.blogsoestado.com\/danielmatos\/files\/2009\/04\/plena.jpg"},{"@type":"BreadcrumbList","@id":"https:\/\/www.blogsoestado.com\/danielmatos\/por-unanimidade-tse-confirma-cassacao-de-jackson-roseana-assume-nesta-sexta-feira\/#breadcrumb","itemListElement":[{"@type":"ListItem","position":1,"name":"In\u00edcio","item":"https:\/\/www.blogsoestado.com\/danielmatos\/"},{"@type":"ListItem","position":2,"name":"Por unanimidade, TSE confirma cassa\u00e7\u00e3o de Jackson Lago; Roseana assume nesta sexta-feira"}]},{"@type":"WebSite","@id":"https:\/\/www.blogsoestado.com\/danielmatos\/#website","url":"https:\/\/www.blogsoestado.com\/danielmatos\/","name":"Daniel Matos","description":"","potentialAction":[{"@type":"SearchAction","target":{"@type":"EntryPoint","urlTemplate":"https:\/\/www.blogsoestado.com\/danielmatos\/?s={search_term_string}"},"query-input":{"@type":"PropertyValueSpecification","valueRequired":true,"valueName":"search_term_string"}}],"inLanguage":"pt-BR"}]}},"jetpack_featured_media_url":"","_links":{"self":[{"href":"https:\/\/www.blogsoestado.com\/danielmatos\/wp-json\/wp\/v2\/posts\/1003","targetHints":{"allow":["GET"]}}],"collection":[{"href":"https:\/\/www.blogsoestado.com\/danielmatos\/wp-json\/wp\/v2\/posts"}],"about":[{"href":"https:\/\/www.blogsoestado.com\/danielmatos\/wp-json\/wp\/v2\/types\/post"}],"replies":[{"embeddable":true,"href":"https:\/\/www.blogsoestado.com\/danielmatos\/wp-json\/wp\/v2\/comments?post=1003"}],"version-history":[{"count":0,"href":"https:\/\/www.blogsoestado.com\/danielmatos\/wp-json\/wp\/v2\/posts\/1003\/revisions"}],"wp:attachment":[{"href":"https:\/\/www.blogsoestado.com\/danielmatos\/wp-json\/wp\/v2\/media?parent=1003"}],"wp:term":[{"taxonomy":"category","embeddable":true,"href":"https:\/\/www.blogsoestado.com\/danielmatos\/wp-json\/wp\/v2\/categories?post=1003"},{"taxonomy":"post_tag","embeddable":true,"href":"https:\/\/www.blogsoestado.com\/danielmatos\/wp-json\/wp\/v2\/tags?post=1003"}],"curies":[{"name":"wp","href":"https:\/\/api.w.org\/{rel}","templated":true}]}}