{"id":10277,"date":"2013-04-30T09:21:20","date_gmt":"2013-04-30T12:21:20","guid":{"rendered":"https:\/\/www.blogsoestado.com\/danielmatos\/?p=10277"},"modified":"2013-04-30T09:21:20","modified_gmt":"2013-04-30T12:21:20","slug":"mp-aciona-ex-prefeito-de-paco-do-lumiar-por-promocao-pessoal-com-recursos-publicos","status":"publish","type":"post","link":"https:\/\/www.blogsoestado.com\/danielmatos\/mp-aciona-ex-prefeito-de-paco-do-lumiar-por-promocao-pessoal-com-recursos-publicos\/","title":{"rendered":"MP aciona ex-prefeito de Pa\u00e7o do Lumiar por promo\u00e7\u00e3o pessoal com recursos p\u00fablicos"},"content":{"rendered":"<figure id=\"attachment_10278\" aria-describedby=\"caption-attachment-10278\" style=\"width: 286px\" class=\"wp-caption alignleft\"><a href=\"https:\/\/www.blogsoestado.com\/danielmatos\/files\/2013\/04\/raimundo-filho.jpg\"><img fetchpriority=\"high\" decoding=\"async\" class=\"size-full wp-image-10278\" alt=\"Raimundo Filho usou recurso da prefeitura para se promover, segundo MP\" src=\"https:\/\/www.blogsoestado.com\/danielmatos\/files\/2013\/04\/raimundo-filho.jpg\" width=\"286\" height=\"459\" \/><\/a><figcaption id=\"caption-attachment-10278\" class=\"wp-caption-text\">Raimundo Filho usou recursos da prefeitura para se promover, segundo Minist\u00e9rio P\u00fablico Estadual<\/figcaption><\/figure>\n<p>O uso indevido de recursos dos cofres p\u00fablicos de Pa\u00e7o do Lumiar para a produ\u00e7\u00e3o de um informativo para promo\u00e7\u00e3o pessoal do ex-prefeito do munic\u00edpio, Raimundo Nonato da Silva Filho, mais conhecido como Raimundo Filho, \u00e9 o objeto da A\u00e7\u00e3o Civil por Ato de Improbidade Administrativa ajuizada, em 18 de abril, pela titular da 1\u00aa Promotoria de Justi\u00e7a daquela Comarca, Gabriela Brand\u00e3o da Costa Tavernard.<\/p>\n<p>A manifesta\u00e7\u00e3o do Minist\u00e9rio P\u00fablico do Maranh\u00e3o (MPMA) foi motivada pela representa\u00e7\u00e3o feita por um cidad\u00e3o, relatando a produ\u00e7\u00e3o do informativo \u201cPa\u00e7o Urgente\u201d, veiculado em dezembro de 2012, contendo a logomarca da Prefeitura de Pa\u00e7o do Lumiar e o nome do ex-gestor do munic\u00edpio.<\/p>\n<p>A conduta do ex-prefeito de Pa\u00e7o do Lumiar viola os princ\u00edpios da administra\u00e7\u00e3o p\u00fablica, previstos no artigo 37 da Constitui\u00e7\u00e3o Federal, principalmente, os da impessoalidade e da moralidade, al\u00e9m de configurar ato de improbidade administrativa, previsto na Lei 8.429\/92, mais conhecida como Lei da Improbidade.<\/p>\n<p><strong>Sem conhecimento<\/strong><\/p>\n<p>No curso das investiga\u00e7\u00f5es das den\u00fancias da Representa\u00e7\u00e3o recebida pelo MPMA, o ex-prefeito relatou \u00e0 promotora de justi\u00e7a Gabriela Tavernard, que n\u00e3o usou nem recursos materiais e\/ou humanos para a impress\u00e3o ou a confec\u00e7\u00e3o do Informativo Pa\u00e7o Urgente.<\/p>\n<p>Por outro lado, curiosamente, o ex-gestor afirmou que os \u201ccem exemplares do informativo foram confeccionados sem seu conhecimento e sem sua autoriza\u00e7\u00e3o, tendo sido doados por terceiros, sem qualquer v\u00ednculo com o Munic\u00edpio, mas em reconhecimento aos trabalhos desenvolvidos em 40 dias de administra\u00e7\u00e3o\u201d.<\/p>\n<p>Questionado pela promotora, o autor das diversas fotografias do ex-prefeito de Pa\u00e7o do Lumiar, contidas no informativo, relatou que trabalhou nos \u00faltimos tr\u00eas meses de 2012, durante a curta gest\u00e3o do ex-prefeito. Tamb\u00e9m relatou que prestou servi\u00e7os \u00e0 Assessoria de Comunica\u00e7\u00e3o da Prefeitura de Pa\u00e7o do Lumiar, tendo sido remunerado por meio de dep\u00f3sito banc\u00e1rio direto.<\/p>\n<p><strong>San\u00e7\u00f5es<\/strong><\/p>\n<p>Na A\u00e7\u00e3o, a promotora Gabriela Brand\u00e3o da Costa Tavernard requer que o ex-prefeito de Pa\u00e7os do Lumiar seja condenado ao pagamento de multa no valor de 100 vezes o valor da remunera\u00e7\u00e3o recebida em dezembro de 2012 e ao ressarcimento ao er\u00e1rio p\u00fablico municipal do valor gasto com a produ\u00e7\u00e3o do informativo. O ex-gestor tamb\u00e9m dever\u00e1 ser proibido de contratar ou receber qualquer tipo de benef\u00edcio do poder p\u00fablico pelo prazo de tr\u00eas anos.<\/p>\n<p><strong>Fonte:<\/strong> Minist\u00e9rio P\u00fablico do Maranh\u00e3o<\/p>\n","protected":false},"excerpt":{"rendered":"<p>O uso indevido de recursos dos cofres p\u00fablicos de Pa\u00e7o do Lumiar para a produ\u00e7\u00e3o de um informativo para promo\u00e7\u00e3o [&hellip;]<\/p>\n","protected":false},"author":0,"featured_media":0,"comment_status":"open","ping_status":"open","sticky":false,"template":"","format":"standard","meta":{"site-sidebar-layout":"default","site-content-layout":"","ast-site-content-layout":"default","site-content-style":"default","site-sidebar-style":"default","ast-global-header-display":"","ast-banner-title-visibility":"","ast-main-header-display":"","ast-hfb-above-header-display":"","ast-hfb-below-header-display":"","ast-hfb-mobile-header-display":"","site-post-title":"","ast-breadcrumbs-content":"","ast-featured-img":"","footer-sml-layout":"","ast-disable-related-posts":"","theme-transparent-header-meta":"","adv-header-id-meta":"","stick-header-meta":"","header-above-stick-meta":"","header-main-stick-meta":"","header-below-stick-meta":"","astra-migrate-meta-layouts":"default","ast-page-background-enabled":"default","ast-page-background-meta":{"desktop":{"background-color":"var(--ast-global-color-5)","background-image":"","background-repeat":"repeat","background-position":"center center","background-size":"auto","background-attachment":"scroll","background-type":"","background-media":"","overlay-type":"","overlay-color":"","overlay-opacity":"","overlay-gradient":""},"tablet":{"background-color":"","background-image":"","background-repeat":"repeat","background-position":"center center","background-size":"auto","background-attachment":"scroll","background-type":"","background-media":"","overlay-type":"","overlay-color":"","overlay-opacity":"","overlay-gradient":""},"mobile":{"background-color":"","background-image":"","background-repeat":"repeat","background-position":"center center","background-size":"auto","background-attachment":"scroll","background-type":"","background-media":"","overlay-type":"","overlay-color":"","overlay-opacity":"","overlay-gradient":""}},"ast-content-background-meta":{"desktop":{"background-color":"var(--ast-global-color-4)","background-image":"","background-repeat":"repeat","background-position":"center center","background-size":"auto","background-attachment":"scroll","background-type":"","background-media":"","overlay-type":"","overlay-color":"","overlay-opacity":"","overlay-gradient":""},"tablet":{"background-color":"var(--ast-global-color-4)","background-image":"","background-repeat":"repeat","background-position":"center center","background-size":"auto","background-attachment":"scroll","background-type":"","background-media":"","overlay-type":"","overlay-color":"","overlay-opacity":"","overlay-gradient":""},"mobile":{"background-color":"var(--ast-global-color-4)","background-image":"","background-repeat":"repeat","background-position":"center center","background-size":"auto","background-attachment":"scroll","background-type":"","background-media":"","overlay-type":"","overlay-color":"","overlay-opacity":"","overlay-gradient":""}},"footnotes":""},"categories":[1],"tags":[],"class_list":["post-10277","post","type-post","status-publish","format-standard","hentry","category-sem-categoria"],"yoast_head":"<!-- This site is optimized with the Yoast SEO plugin v26.6 - https:\/\/yoast.com\/wordpress\/plugins\/seo\/ -->\n<title>MP aciona ex-prefeito de Pa\u00e7o do Lumiar por promo\u00e7\u00e3o pessoal com recursos p\u00fablicos - Daniel Matos<\/title>\n<meta name=\"robots\" content=\"index, follow, max-snippet:-1, max-image-preview:large, max-video-preview:-1\" \/>\n<link rel=\"canonical\" href=\"https:\/\/www.blogsoestado.com\/danielmatos\/mp-aciona-ex-prefeito-de-paco-do-lumiar-por-promocao-pessoal-com-recursos-publicos\/\" \/>\n<meta property=\"og:locale\" content=\"pt_BR\" \/>\n<meta property=\"og:type\" content=\"article\" \/>\n<meta property=\"og:title\" content=\"MP aciona ex-prefeito de Pa\u00e7o do Lumiar por promo\u00e7\u00e3o pessoal com recursos p\u00fablicos - Daniel Matos\" \/>\n<meta property=\"og:description\" content=\"O uso indevido de recursos dos cofres p\u00fablicos de Pa\u00e7o do Lumiar para a produ\u00e7\u00e3o de um informativo para promo\u00e7\u00e3o [&hellip;]\" \/>\n<meta property=\"og:url\" content=\"https:\/\/www.blogsoestado.com\/danielmatos\/mp-aciona-ex-prefeito-de-paco-do-lumiar-por-promocao-pessoal-com-recursos-publicos\/\" \/>\n<meta property=\"og:site_name\" content=\"Daniel Matos\" \/>\n<meta property=\"article:published_time\" content=\"2013-04-30T12:21:20+00:00\" \/>\n<meta property=\"og:image\" content=\"https:\/\/www.blogsoestado.com\/danielmatos\/files\/2013\/04\/raimundo-filho.jpg\" \/>\n<meta name=\"twitter:card\" content=\"summary_large_image\" \/>\n<meta name=\"twitter:label1\" content=\"Est. tempo de leitura\" \/>\n\t<meta name=\"twitter:data1\" content=\"2 minutos\" \/>\n<script type=\"application\/ld+json\" class=\"yoast-schema-graph\">{\"@context\":\"https:\/\/schema.org\",\"@graph\":[{\"@type\":\"WebPage\",\"@id\":\"https:\/\/www.blogsoestado.com\/danielmatos\/mp-aciona-ex-prefeito-de-paco-do-lumiar-por-promocao-pessoal-com-recursos-publicos\/\",\"url\":\"https:\/\/www.blogsoestado.com\/danielmatos\/mp-aciona-ex-prefeito-de-paco-do-lumiar-por-promocao-pessoal-com-recursos-publicos\/\",\"name\":\"MP aciona ex-prefeito de Pa\u00e7o do Lumiar por promo\u00e7\u00e3o pessoal com recursos p\u00fablicos - Daniel Matos\",\"isPartOf\":{\"@id\":\"https:\/\/www.blogsoestado.com\/danielmatos\/#website\"},\"primaryImageOfPage\":{\"@id\":\"https:\/\/www.blogsoestado.com\/danielmatos\/mp-aciona-ex-prefeito-de-paco-do-lumiar-por-promocao-pessoal-com-recursos-publicos\/#primaryimage\"},\"image\":{\"@id\":\"https:\/\/www.blogsoestado.com\/danielmatos\/mp-aciona-ex-prefeito-de-paco-do-lumiar-por-promocao-pessoal-com-recursos-publicos\/#primaryimage\"},\"thumbnailUrl\":\"https:\/\/www.blogsoestado.com\/danielmatos\/files\/2013\/04\/raimundo-filho.jpg\",\"datePublished\":\"2013-04-30T12:21:20+00:00\",\"author\":{\"@id\":\"\"},\"breadcrumb\":{\"@id\":\"https:\/\/www.blogsoestado.com\/danielmatos\/mp-aciona-ex-prefeito-de-paco-do-lumiar-por-promocao-pessoal-com-recursos-publicos\/#breadcrumb\"},\"inLanguage\":\"pt-BR\",\"potentialAction\":[{\"@type\":\"ReadAction\",\"target\":[\"https:\/\/www.blogsoestado.com\/danielmatos\/mp-aciona-ex-prefeito-de-paco-do-lumiar-por-promocao-pessoal-com-recursos-publicos\/\"]}]},{\"@type\":\"ImageObject\",\"inLanguage\":\"pt-BR\",\"@id\":\"https:\/\/www.blogsoestado.com\/danielmatos\/mp-aciona-ex-prefeito-de-paco-do-lumiar-por-promocao-pessoal-com-recursos-publicos\/#primaryimage\",\"url\":\"https:\/\/www.blogsoestado.com\/danielmatos\/files\/2013\/04\/raimundo-filho.jpg\",\"contentUrl\":\"https:\/\/www.blogsoestado.com\/danielmatos\/files\/2013\/04\/raimundo-filho.jpg\"},{\"@type\":\"BreadcrumbList\",\"@id\":\"https:\/\/www.blogsoestado.com\/danielmatos\/mp-aciona-ex-prefeito-de-paco-do-lumiar-por-promocao-pessoal-com-recursos-publicos\/#breadcrumb\",\"itemListElement\":[{\"@type\":\"ListItem\",\"position\":1,\"name\":\"In\u00edcio\",\"item\":\"https:\/\/www.blogsoestado.com\/danielmatos\/\"},{\"@type\":\"ListItem\",\"position\":2,\"name\":\"MP aciona ex-prefeito de Pa\u00e7o do Lumiar por promo\u00e7\u00e3o pessoal com recursos p\u00fablicos\"}]},{\"@type\":\"WebSite\",\"@id\":\"https:\/\/www.blogsoestado.com\/danielmatos\/#website\",\"url\":\"https:\/\/www.blogsoestado.com\/danielmatos\/\",\"name\":\"Daniel Matos\",\"description\":\"\",\"potentialAction\":[{\"@type\":\"SearchAction\",\"target\":{\"@type\":\"EntryPoint\",\"urlTemplate\":\"https:\/\/www.blogsoestado.com\/danielmatos\/?s={search_term_string}\"},\"query-input\":{\"@type\":\"PropertyValueSpecification\",\"valueRequired\":true,\"valueName\":\"search_term_string\"}}],\"inLanguage\":\"pt-BR\"}]}<\/script>\n<!-- \/ Yoast SEO plugin. -->","yoast_head_json":{"title":"MP aciona ex-prefeito de Pa\u00e7o do Lumiar por promo\u00e7\u00e3o pessoal com recursos p\u00fablicos - Daniel Matos","robots":{"index":"index","follow":"follow","max-snippet":"max-snippet:-1","max-image-preview":"max-image-preview:large","max-video-preview":"max-video-preview:-1"},"canonical":"https:\/\/www.blogsoestado.com\/danielmatos\/mp-aciona-ex-prefeito-de-paco-do-lumiar-por-promocao-pessoal-com-recursos-publicos\/","og_locale":"pt_BR","og_type":"article","og_title":"MP aciona ex-prefeito de Pa\u00e7o do Lumiar por promo\u00e7\u00e3o pessoal com recursos p\u00fablicos - Daniel Matos","og_description":"O uso indevido de recursos dos cofres p\u00fablicos de Pa\u00e7o do Lumiar para a produ\u00e7\u00e3o de um informativo para promo\u00e7\u00e3o [&hellip;]","og_url":"https:\/\/www.blogsoestado.com\/danielmatos\/mp-aciona-ex-prefeito-de-paco-do-lumiar-por-promocao-pessoal-com-recursos-publicos\/","og_site_name":"Daniel Matos","article_published_time":"2013-04-30T12:21:20+00:00","og_image":[{"url":"https:\/\/www.blogsoestado.com\/danielmatos\/files\/2013\/04\/raimundo-filho.jpg","type":"","width":"","height":""}],"twitter_card":"summary_large_image","twitter_misc":{"Est. tempo de leitura":"2 minutos"},"schema":{"@context":"https:\/\/schema.org","@graph":[{"@type":"WebPage","@id":"https:\/\/www.blogsoestado.com\/danielmatos\/mp-aciona-ex-prefeito-de-paco-do-lumiar-por-promocao-pessoal-com-recursos-publicos\/","url":"https:\/\/www.blogsoestado.com\/danielmatos\/mp-aciona-ex-prefeito-de-paco-do-lumiar-por-promocao-pessoal-com-recursos-publicos\/","name":"MP aciona ex-prefeito de Pa\u00e7o do Lumiar por promo\u00e7\u00e3o pessoal com recursos p\u00fablicos - Daniel Matos","isPartOf":{"@id":"https:\/\/www.blogsoestado.com\/danielmatos\/#website"},"primaryImageOfPage":{"@id":"https:\/\/www.blogsoestado.com\/danielmatos\/mp-aciona-ex-prefeito-de-paco-do-lumiar-por-promocao-pessoal-com-recursos-publicos\/#primaryimage"},"image":{"@id":"https:\/\/www.blogsoestado.com\/danielmatos\/mp-aciona-ex-prefeito-de-paco-do-lumiar-por-promocao-pessoal-com-recursos-publicos\/#primaryimage"},"thumbnailUrl":"https:\/\/www.blogsoestado.com\/danielmatos\/files\/2013\/04\/raimundo-filho.jpg","datePublished":"2013-04-30T12:21:20+00:00","author":{"@id":""},"breadcrumb":{"@id":"https:\/\/www.blogsoestado.com\/danielmatos\/mp-aciona-ex-prefeito-de-paco-do-lumiar-por-promocao-pessoal-com-recursos-publicos\/#breadcrumb"},"inLanguage":"pt-BR","potentialAction":[{"@type":"ReadAction","target":["https:\/\/www.blogsoestado.com\/danielmatos\/mp-aciona-ex-prefeito-de-paco-do-lumiar-por-promocao-pessoal-com-recursos-publicos\/"]}]},{"@type":"ImageObject","inLanguage":"pt-BR","@id":"https:\/\/www.blogsoestado.com\/danielmatos\/mp-aciona-ex-prefeito-de-paco-do-lumiar-por-promocao-pessoal-com-recursos-publicos\/#primaryimage","url":"https:\/\/www.blogsoestado.com\/danielmatos\/files\/2013\/04\/raimundo-filho.jpg","contentUrl":"https:\/\/www.blogsoestado.com\/danielmatos\/files\/2013\/04\/raimundo-filho.jpg"},{"@type":"BreadcrumbList","@id":"https:\/\/www.blogsoestado.com\/danielmatos\/mp-aciona-ex-prefeito-de-paco-do-lumiar-por-promocao-pessoal-com-recursos-publicos\/#breadcrumb","itemListElement":[{"@type":"ListItem","position":1,"name":"In\u00edcio","item":"https:\/\/www.blogsoestado.com\/danielmatos\/"},{"@type":"ListItem","position":2,"name":"MP aciona ex-prefeito de Pa\u00e7o do Lumiar por promo\u00e7\u00e3o pessoal com recursos p\u00fablicos"}]},{"@type":"WebSite","@id":"https:\/\/www.blogsoestado.com\/danielmatos\/#website","url":"https:\/\/www.blogsoestado.com\/danielmatos\/","name":"Daniel Matos","description":"","potentialAction":[{"@type":"SearchAction","target":{"@type":"EntryPoint","urlTemplate":"https:\/\/www.blogsoestado.com\/danielmatos\/?s={search_term_string}"},"query-input":{"@type":"PropertyValueSpecification","valueRequired":true,"valueName":"search_term_string"}}],"inLanguage":"pt-BR"}]}},"jetpack_featured_media_url":"","_links":{"self":[{"href":"https:\/\/www.blogsoestado.com\/danielmatos\/wp-json\/wp\/v2\/posts\/10277","targetHints":{"allow":["GET"]}}],"collection":[{"href":"https:\/\/www.blogsoestado.com\/danielmatos\/wp-json\/wp\/v2\/posts"}],"about":[{"href":"https:\/\/www.blogsoestado.com\/danielmatos\/wp-json\/wp\/v2\/types\/post"}],"replies":[{"embeddable":true,"href":"https:\/\/www.blogsoestado.com\/danielmatos\/wp-json\/wp\/v2\/comments?post=10277"}],"version-history":[{"count":0,"href":"https:\/\/www.blogsoestado.com\/danielmatos\/wp-json\/wp\/v2\/posts\/10277\/revisions"}],"wp:attachment":[{"href":"https:\/\/www.blogsoestado.com\/danielmatos\/wp-json\/wp\/v2\/media?parent=10277"}],"wp:term":[{"taxonomy":"category","embeddable":true,"href":"https:\/\/www.blogsoestado.com\/danielmatos\/wp-json\/wp\/v2\/categories?post=10277"},{"taxonomy":"post_tag","embeddable":true,"href":"https:\/\/www.blogsoestado.com\/danielmatos\/wp-json\/wp\/v2\/tags?post=10277"}],"curies":[{"name":"wp","href":"https:\/\/api.w.org\/{rel}","templated":true}]}}