{"id":10288,"date":"2013-04-30T12:00:39","date_gmt":"2013-04-30T15:00:39","guid":{"rendered":"https:\/\/www.blogsoestado.com\/danielmatos\/?p=10288"},"modified":"2013-04-30T12:00:39","modified_gmt":"2013-04-30T15:00:39","slug":"vila-maranhao-clama-por-seguranca-e-educacao","status":"publish","type":"post","link":"https:\/\/www.blogsoestado.com\/danielmatos\/vila-maranhao-clama-por-seguranca-e-educacao\/","title":{"rendered":"Vila Maranh\u00e3o clama por seguran\u00e7a e educa\u00e7\u00e3o"},"content":{"rendered":"<figure id=\"attachment_10289\" aria-describedby=\"caption-attachment-10289\" style=\"width: 640px\" class=\"wp-caption aligncenter\"><a href=\"https:\/\/www.blogsoestado.com\/danielmatos\/files\/2013\/04\/protesto-vila-maranhao.jpg\"><img fetchpriority=\"high\" decoding=\"async\" class=\"size-full wp-image-10289\" alt=\"Manifestantes usaram peda\u00e7os de madeira e atearam fogo em pneus para bloquear o tr\u00e1fego na BR-135\" src=\"https:\/\/www.blogsoestado.com\/danielmatos\/files\/2013\/04\/protesto-vila-maranhao.jpg\" width=\"640\" height=\"480\" \/><\/a><figcaption id=\"caption-attachment-10289\" class=\"wp-caption-text\">Manifestantes usaram peda\u00e7os de madeira e atearam fogo em v\u00e1rios pneus para interditar trecho da BR-135<\/figcaption><\/figure>\n<p>Moradores da Vila Maranh\u00e3o interditaram hoje cedo um trecho da BR-135 em protesto contra a inseguran\u00e7a e a falta de aulas em uma escola municipal de ensino fundamental do bairro. Os populares bloquearam o tr\u00e1fego na rodovia com peda\u00e7os de madeira e chegaram a atear fogo em pneus, provocando um congestionamento quilom\u00e9trico. A pol\u00edcia foi acionada para acompanhar a manifesta\u00e7\u00e3o, que transcorreu pacificamente.<\/p>\n<p>A comerciante Jacilene de Jesus Freitas era uma das que estavam \u00e0 frente do protesto. Ela se diz v\u00edtima tanto da viol\u00eancia quando do descaso com o o ensino p\u00fablico na Vila Maranh\u00e3o. &#8220;Minha filha de 12 anos est\u00e1 sendo prejudicada, pois faltam v\u00e1rios professores na escola onde ela estuda&#8221;, denuncia. A escola em quest\u00e3o \u00e9 a Unidade de Ensino B\u00e1sico Gomes de Sousa, onde os alunos s\u00e3o liberados quase sempre ap\u00f3s os primeiros hor\u00e1rios, j\u00e1 que n\u00e3o h\u00e1 docentes para lecionar algumas disciplinas.<\/p>\n<p><strong>Inseguran\u00e7a<\/strong><\/p>\n<figure id=\"attachment_10290\" aria-describedby=\"caption-attachment-10290\" style=\"width: 640px\" class=\"wp-caption aligncenter\"><a href=\"https:\/\/www.blogsoestado.com\/danielmatos\/files\/2013\/04\/protesto-vila-maranhao2.jpg\"><img decoding=\"async\" class=\"size-full wp-image-10290\" alt=\"Assustados com a viol\u00eancia e indignados com o descaso com a educa\u00e7\u00e3o, populares amea\u00e7am bloquear novamente a rodovia\" src=\"https:\/\/www.blogsoestado.com\/danielmatos\/files\/2013\/04\/protesto-vila-maranhao2.jpg\" width=\"640\" height=\"480\" \/><\/a><figcaption id=\"caption-attachment-10290\" class=\"wp-caption-text\">Assustados com a viol\u00eancia e indignados com o descaso com a educa\u00e7\u00e3o, populares amea\u00e7am fazer novo protesto<\/figcaption><\/figure>\n<p>Quanto \u00e0 inseguran\u00e7a no bairro, Jacilene diz que o problema \u00e9 cr\u00edtico. Ela mesma j\u00e1 foi v\u00edtima da criminalidade e reclama que a cobertura policial na Vila Maranh\u00e3o \u00e9 falha. &#8220;Fui assaltada em meu com\u00e9rcio no dia 1\u00ba de fevereiro, por volta das 11h, em plena luz do dia. Chamei a pol\u00edcia, mas a viatura s\u00f3 apareceu tr\u00eas horas horas depois do ocorrido&#8221;, relatou ao blog, indignada.<\/p>\n<p>A comunidade cobra da Prefeitura de S\u00e3o Lu\u00eds e do Governo do Estado solu\u00e7\u00e3o para o descaso com a educa\u00e7\u00e3o e repress\u00e3o en\u00e9rgica \u00e0 viol\u00eancia. Os manifestantes amea\u00e7am interditar novamente a BR-135 caso n\u00e3o sejam atendidos.<\/p>\n<p><strong>Fotos:<\/strong> Gisele Carvalho\/<a href=\"http:\/\/www.oestadoma.com.br\" target=\"_blank\">O Estado do Maranh\u00e3o<\/a><\/p>\n","protected":false},"excerpt":{"rendered":"<p>Moradores da Vila Maranh\u00e3o interditaram hoje cedo um trecho da BR-135 em protesto contra a inseguran\u00e7a e a falta de [&hellip;]<\/p>\n","protected":false},"author":0,"featured_media":0,"comment_status":"open","ping_status":"open","sticky":false,"template":"","format":"standard","meta":{"site-sidebar-layout":"default","site-content-layout":"","ast-site-content-layout":"default","site-content-style":"default","site-sidebar-style":"default","ast-global-header-display":"","ast-banner-title-visibility":"","ast-main-header-display":"","ast-hfb-above-header-display":"","ast-hfb-below-header-display":"","ast-hfb-mobile-header-display":"","site-post-title":"","ast-breadcrumbs-content":"","ast-featured-img":"","footer-sml-layout":"","ast-disable-related-posts":"","theme-transparent-header-meta":"","adv-header-id-meta":"","stick-header-meta":"","header-above-stick-meta":"","header-main-stick-meta":"","header-below-stick-meta":"","astra-migrate-meta-layouts":"default","ast-page-background-enabled":"default","ast-page-background-meta":{"desktop":{"background-color":"var(--ast-global-color-5)","background-image":"","background-repeat":"repeat","background-position":"center center","background-size":"auto","background-attachment":"scroll","background-type":"","background-media":"","overlay-type":"","overlay-color":"","overlay-opacity":"","overlay-gradient":""},"tablet":{"background-color":"","background-image":"","background-repeat":"repeat","background-position":"center center","background-size":"auto","background-attachment":"scroll","background-type":"","background-media":"","overlay-type":"","overlay-color":"","overlay-opacity":"","overlay-gradient":""},"mobile":{"background-color":"","background-image":"","background-repeat":"repeat","background-position":"center center","background-size":"auto","background-attachment":"scroll","background-type":"","background-media":"","overlay-type":"","overlay-color":"","overlay-opacity":"","overlay-gradient":""}},"ast-content-background-meta":{"desktop":{"background-color":"var(--ast-global-color-4)","background-image":"","background-repeat":"repeat","background-position":"center center","background-size":"auto","background-attachment":"scroll","background-type":"","background-media":"","overlay-type":"","overlay-color":"","overlay-opacity":"","overlay-gradient":""},"tablet":{"background-color":"var(--ast-global-color-4)","background-image":"","background-repeat":"repeat","background-position":"center center","background-size":"auto","background-attachment":"scroll","background-type":"","background-media":"","overlay-type":"","overlay-color":"","overlay-opacity":"","overlay-gradient":""},"mobile":{"background-color":"var(--ast-global-color-4)","background-image":"","background-repeat":"repeat","background-position":"center center","background-size":"auto","background-attachment":"scroll","background-type":"","background-media":"","overlay-type":"","overlay-color":"","overlay-opacity":"","overlay-gradient":""}},"footnotes":""},"categories":[1],"tags":[],"class_list":["post-10288","post","type-post","status-publish","format-standard","hentry","category-sem-categoria"],"yoast_head":"<!-- This site is optimized with the Yoast SEO plugin v26.6 - https:\/\/yoast.com\/wordpress\/plugins\/seo\/ -->\n<title>Vila Maranh\u00e3o clama por seguran\u00e7a e educa\u00e7\u00e3o - Daniel Matos<\/title>\n<meta name=\"robots\" content=\"index, follow, max-snippet:-1, max-image-preview:large, max-video-preview:-1\" \/>\n<link rel=\"canonical\" href=\"https:\/\/www.blogsoestado.com\/danielmatos\/vila-maranhao-clama-por-seguranca-e-educacao\/\" \/>\n<meta property=\"og:locale\" content=\"pt_BR\" \/>\n<meta property=\"og:type\" content=\"article\" \/>\n<meta property=\"og:title\" content=\"Vila Maranh\u00e3o clama por seguran\u00e7a e educa\u00e7\u00e3o - Daniel Matos\" \/>\n<meta property=\"og:description\" content=\"Moradores da Vila Maranh\u00e3o interditaram hoje cedo um trecho da BR-135 em protesto contra a inseguran\u00e7a e a falta de [&hellip;]\" \/>\n<meta property=\"og:url\" content=\"https:\/\/www.blogsoestado.com\/danielmatos\/vila-maranhao-clama-por-seguranca-e-educacao\/\" \/>\n<meta property=\"og:site_name\" content=\"Daniel Matos\" \/>\n<meta property=\"article:published_time\" content=\"2013-04-30T15:00:39+00:00\" \/>\n<meta property=\"og:image\" content=\"https:\/\/www.blogsoestado.com\/danielmatos\/files\/2013\/04\/protesto-vila-maranhao.jpg\" \/>\n<meta name=\"twitter:card\" content=\"summary_large_image\" \/>\n<meta name=\"twitter:label1\" content=\"Est. tempo de leitura\" \/>\n\t<meta name=\"twitter:data1\" content=\"2 minutos\" \/>\n<script type=\"application\/ld+json\" class=\"yoast-schema-graph\">{\"@context\":\"https:\/\/schema.org\",\"@graph\":[{\"@type\":\"WebPage\",\"@id\":\"https:\/\/www.blogsoestado.com\/danielmatos\/vila-maranhao-clama-por-seguranca-e-educacao\/\",\"url\":\"https:\/\/www.blogsoestado.com\/danielmatos\/vila-maranhao-clama-por-seguranca-e-educacao\/\",\"name\":\"Vila Maranh\u00e3o clama por seguran\u00e7a e educa\u00e7\u00e3o - Daniel Matos\",\"isPartOf\":{\"@id\":\"https:\/\/www.blogsoestado.com\/danielmatos\/#website\"},\"primaryImageOfPage\":{\"@id\":\"https:\/\/www.blogsoestado.com\/danielmatos\/vila-maranhao-clama-por-seguranca-e-educacao\/#primaryimage\"},\"image\":{\"@id\":\"https:\/\/www.blogsoestado.com\/danielmatos\/vila-maranhao-clama-por-seguranca-e-educacao\/#primaryimage\"},\"thumbnailUrl\":\"https:\/\/www.blogsoestado.com\/danielmatos\/files\/2013\/04\/protesto-vila-maranhao.jpg\",\"datePublished\":\"2013-04-30T15:00:39+00:00\",\"author\":{\"@id\":\"\"},\"breadcrumb\":{\"@id\":\"https:\/\/www.blogsoestado.com\/danielmatos\/vila-maranhao-clama-por-seguranca-e-educacao\/#breadcrumb\"},\"inLanguage\":\"pt-BR\",\"potentialAction\":[{\"@type\":\"ReadAction\",\"target\":[\"https:\/\/www.blogsoestado.com\/danielmatos\/vila-maranhao-clama-por-seguranca-e-educacao\/\"]}]},{\"@type\":\"ImageObject\",\"inLanguage\":\"pt-BR\",\"@id\":\"https:\/\/www.blogsoestado.com\/danielmatos\/vila-maranhao-clama-por-seguranca-e-educacao\/#primaryimage\",\"url\":\"https:\/\/www.blogsoestado.com\/danielmatos\/files\/2013\/04\/protesto-vila-maranhao.jpg\",\"contentUrl\":\"https:\/\/www.blogsoestado.com\/danielmatos\/files\/2013\/04\/protesto-vila-maranhao.jpg\"},{\"@type\":\"BreadcrumbList\",\"@id\":\"https:\/\/www.blogsoestado.com\/danielmatos\/vila-maranhao-clama-por-seguranca-e-educacao\/#breadcrumb\",\"itemListElement\":[{\"@type\":\"ListItem\",\"position\":1,\"name\":\"In\u00edcio\",\"item\":\"https:\/\/www.blogsoestado.com\/danielmatos\/\"},{\"@type\":\"ListItem\",\"position\":2,\"name\":\"Vila Maranh\u00e3o clama por seguran\u00e7a e educa\u00e7\u00e3o\"}]},{\"@type\":\"WebSite\",\"@id\":\"https:\/\/www.blogsoestado.com\/danielmatos\/#website\",\"url\":\"https:\/\/www.blogsoestado.com\/danielmatos\/\",\"name\":\"Daniel Matos\",\"description\":\"\",\"potentialAction\":[{\"@type\":\"SearchAction\",\"target\":{\"@type\":\"EntryPoint\",\"urlTemplate\":\"https:\/\/www.blogsoestado.com\/danielmatos\/?s={search_term_string}\"},\"query-input\":{\"@type\":\"PropertyValueSpecification\",\"valueRequired\":true,\"valueName\":\"search_term_string\"}}],\"inLanguage\":\"pt-BR\"}]}<\/script>\n<!-- \/ Yoast SEO plugin. -->","yoast_head_json":{"title":"Vila Maranh\u00e3o clama por seguran\u00e7a e educa\u00e7\u00e3o - Daniel Matos","robots":{"index":"index","follow":"follow","max-snippet":"max-snippet:-1","max-image-preview":"max-image-preview:large","max-video-preview":"max-video-preview:-1"},"canonical":"https:\/\/www.blogsoestado.com\/danielmatos\/vila-maranhao-clama-por-seguranca-e-educacao\/","og_locale":"pt_BR","og_type":"article","og_title":"Vila Maranh\u00e3o clama por seguran\u00e7a e educa\u00e7\u00e3o - Daniel Matos","og_description":"Moradores da Vila Maranh\u00e3o interditaram hoje cedo um trecho da BR-135 em protesto contra a inseguran\u00e7a e a falta de [&hellip;]","og_url":"https:\/\/www.blogsoestado.com\/danielmatos\/vila-maranhao-clama-por-seguranca-e-educacao\/","og_site_name":"Daniel Matos","article_published_time":"2013-04-30T15:00:39+00:00","og_image":[{"url":"https:\/\/www.blogsoestado.com\/danielmatos\/files\/2013\/04\/protesto-vila-maranhao.jpg","type":"","width":"","height":""}],"twitter_card":"summary_large_image","twitter_misc":{"Est. tempo de leitura":"2 minutos"},"schema":{"@context":"https:\/\/schema.org","@graph":[{"@type":"WebPage","@id":"https:\/\/www.blogsoestado.com\/danielmatos\/vila-maranhao-clama-por-seguranca-e-educacao\/","url":"https:\/\/www.blogsoestado.com\/danielmatos\/vila-maranhao-clama-por-seguranca-e-educacao\/","name":"Vila Maranh\u00e3o clama por seguran\u00e7a e educa\u00e7\u00e3o - Daniel Matos","isPartOf":{"@id":"https:\/\/www.blogsoestado.com\/danielmatos\/#website"},"primaryImageOfPage":{"@id":"https:\/\/www.blogsoestado.com\/danielmatos\/vila-maranhao-clama-por-seguranca-e-educacao\/#primaryimage"},"image":{"@id":"https:\/\/www.blogsoestado.com\/danielmatos\/vila-maranhao-clama-por-seguranca-e-educacao\/#primaryimage"},"thumbnailUrl":"https:\/\/www.blogsoestado.com\/danielmatos\/files\/2013\/04\/protesto-vila-maranhao.jpg","datePublished":"2013-04-30T15:00:39+00:00","author":{"@id":""},"breadcrumb":{"@id":"https:\/\/www.blogsoestado.com\/danielmatos\/vila-maranhao-clama-por-seguranca-e-educacao\/#breadcrumb"},"inLanguage":"pt-BR","potentialAction":[{"@type":"ReadAction","target":["https:\/\/www.blogsoestado.com\/danielmatos\/vila-maranhao-clama-por-seguranca-e-educacao\/"]}]},{"@type":"ImageObject","inLanguage":"pt-BR","@id":"https:\/\/www.blogsoestado.com\/danielmatos\/vila-maranhao-clama-por-seguranca-e-educacao\/#primaryimage","url":"https:\/\/www.blogsoestado.com\/danielmatos\/files\/2013\/04\/protesto-vila-maranhao.jpg","contentUrl":"https:\/\/www.blogsoestado.com\/danielmatos\/files\/2013\/04\/protesto-vila-maranhao.jpg"},{"@type":"BreadcrumbList","@id":"https:\/\/www.blogsoestado.com\/danielmatos\/vila-maranhao-clama-por-seguranca-e-educacao\/#breadcrumb","itemListElement":[{"@type":"ListItem","position":1,"name":"In\u00edcio","item":"https:\/\/www.blogsoestado.com\/danielmatos\/"},{"@type":"ListItem","position":2,"name":"Vila Maranh\u00e3o clama por seguran\u00e7a e educa\u00e7\u00e3o"}]},{"@type":"WebSite","@id":"https:\/\/www.blogsoestado.com\/danielmatos\/#website","url":"https:\/\/www.blogsoestado.com\/danielmatos\/","name":"Daniel Matos","description":"","potentialAction":[{"@type":"SearchAction","target":{"@type":"EntryPoint","urlTemplate":"https:\/\/www.blogsoestado.com\/danielmatos\/?s={search_term_string}"},"query-input":{"@type":"PropertyValueSpecification","valueRequired":true,"valueName":"search_term_string"}}],"inLanguage":"pt-BR"}]}},"jetpack_featured_media_url":"","_links":{"self":[{"href":"https:\/\/www.blogsoestado.com\/danielmatos\/wp-json\/wp\/v2\/posts\/10288","targetHints":{"allow":["GET"]}}],"collection":[{"href":"https:\/\/www.blogsoestado.com\/danielmatos\/wp-json\/wp\/v2\/posts"}],"about":[{"href":"https:\/\/www.blogsoestado.com\/danielmatos\/wp-json\/wp\/v2\/types\/post"}],"replies":[{"embeddable":true,"href":"https:\/\/www.blogsoestado.com\/danielmatos\/wp-json\/wp\/v2\/comments?post=10288"}],"version-history":[{"count":0,"href":"https:\/\/www.blogsoestado.com\/danielmatos\/wp-json\/wp\/v2\/posts\/10288\/revisions"}],"wp:attachment":[{"href":"https:\/\/www.blogsoestado.com\/danielmatos\/wp-json\/wp\/v2\/media?parent=10288"}],"wp:term":[{"taxonomy":"category","embeddable":true,"href":"https:\/\/www.blogsoestado.com\/danielmatos\/wp-json\/wp\/v2\/categories?post=10288"},{"taxonomy":"post_tag","embeddable":true,"href":"https:\/\/www.blogsoestado.com\/danielmatos\/wp-json\/wp\/v2\/tags?post=10288"}],"curies":[{"name":"wp","href":"https:\/\/api.w.org\/{rel}","templated":true}]}}