{"id":1039,"date":"2009-05-08T09:18:42","date_gmt":"2009-05-08T12:18:42","guid":{"rendered":"https:\/\/www.blogsoestado.com\/danielmatos\/2009\/05\/08\/desabastecimento-acucar-sera-o-primeiro-produto-a-faltar-em-sl\/"},"modified":"2009-05-08T09:18:42","modified_gmt":"2009-05-08T12:18:42","slug":"desabastecimento-acucar-sera-o-primeiro-produto-a-faltar-em-sl","status":"publish","type":"post","link":"https:\/\/www.blogsoestado.com\/danielmatos\/desabastecimento-acucar-sera-o-primeiro-produto-a-faltar-em-sl\/","title":{"rendered":"Desabastecimento: a\u00e7\u00facar ser\u00e1 o primeiro produto a faltar em S\u00e3o Lu\u00eds, alertam supermercadistas"},"content":{"rendered":"<p><a href=\"https:\/\/www.blogsoestado.com\/danielmatos\/files\/2009\/05\/acucar.jpg\" title=\"acucar.jpg\"><img decoding=\"async\" align=\"right\" src=\"https:\/\/www.blogsoestado.com\/danielmatos\/files\/2009\/05\/acucar.jpg\" alt=\"acucar.jpg\" \/><\/a>O a\u00e7\u00facar encabe\u00e7a a lista dos produtos que correm o risco de faltar em S\u00e3o Lu\u00eds. De acordo com o presidente da Associa\u00e7\u00e3o Maranhense de Supermercados (Amasp), Silvio Muniz, j\u00e1 come\u00e7a a ser feito um racionamento nos supermercados com o produto. Na rela\u00e7\u00e3o dos produtos essenciais que dever\u00e3o faltar no prazo de uma semana em S\u00e3o Lu\u00eds, por ordem, est\u00e3o: a\u00e7\u00facar, feij\u00e3o, \u00f3leo, margarina e leite l\u00edquido.<br \/>\n\u00a0<br \/>\nDe acordo com informa\u00e7\u00f5es da Ger\u00eancia dos Supermercados Silmar, j\u00e1 \u00e9 poss\u00edvel fazer uma lista dos produtos que ir\u00e3o sumir das prateleiras se o problema das estradas n\u00e3o se regularizar no prazo m\u00e1ximo de uma semana. Segundo Dalila Tavares, do supermercado Silmar, as frutas e verduras j\u00e1 est\u00e3o em falta. \u201cO problema j\u00e1 est\u00e1 acontecendo. Esta semana, por exemplo, nos faltou a laranja\u201d, informou.<br \/>\n\u00a0<br \/>\nOs supermercados e mercados est\u00e3o dependendo apenas dos fornecedores locais, pois as cargas que vem de S\u00e3o Paulo, Cear\u00e1, Bahia e outros Estados est\u00e3o paradas nas BR\u2019s. Se n\u00e3o houve uma solu\u00e7\u00e3, no prazo de uma semana esses fornecedores come\u00e7ar\u00e3o a sofrer com a falta do produto para repassar aos supermercados.<\/p>\n<p>De acordo com o presidente da Associa\u00e7\u00e3o Maranhense de Atacadistas e Distribuidores (AMDA), Rodrigo Vieira, o preju\u00edzo j\u00e1 chega aos 50 milh\u00f5es, em virtude das cargas paradas. Segundo Rodrigo Vieira, f\u00e1bricas que h\u00e1 anos funcionavam 24 horas est\u00e3o parando de produzir ou diminuindo a produ\u00e7\u00e3o. \u201cA situa\u00e7\u00e3o\u00a0tem que\u00a0ser resolvida o mais r\u00e1pido poss\u00edvel pelas autoridades competentes\u201d, ressaltou.<\/p>\n<p>A interdi\u00e7\u00e3o de rodovias\u00a0no interior do Maranh\u00e3o trazem uma s\u00e9rie de problemas para atacadistas, distribuidores, supermercadistas e \u00e0 popula\u00e7\u00e3o em geral. Pode-se enumerar o desabastecimento do mercado, falta de produtos nas prateleiras, aumento dos pre\u00e7os, risco de saqueamento das cargas paradas, vencimento do prazo de validade dos produtos, aumento do n\u00famero de quil\u00f4metros rodados para chegar ao local de entrega do produto, entre outros transtornos.<\/p>\n<p><strong>Fonte:<\/strong> Vitryne Comunica\u00e7\u00e3o e Marketing<\/p>\n","protected":false},"excerpt":{"rendered":"<p>O a\u00e7\u00facar encabe\u00e7a a lista dos produtos que correm o risco de faltar em S\u00e3o Lu\u00eds. De acordo com o [&hellip;]<\/p>\n","protected":false},"author":0,"featured_media":0,"comment_status":"open","ping_status":"open","sticky":false,"template":"","format":"standard","meta":{"site-sidebar-layout":"default","site-content-layout":"","ast-site-content-layout":"default","site-content-style":"default","site-sidebar-style":"default","ast-global-header-display":"","ast-banner-title-visibility":"","ast-main-header-display":"","ast-hfb-above-header-display":"","ast-hfb-below-header-display":"","ast-hfb-mobile-header-display":"","site-post-title":"","ast-breadcrumbs-content":"","ast-featured-img":"","footer-sml-layout":"","ast-disable-related-posts":"","theme-transparent-header-meta":"","adv-header-id-meta":"","stick-header-meta":"","header-above-stick-meta":"","header-main-stick-meta":"","header-below-stick-meta":"","astra-migrate-meta-layouts":"default","ast-page-background-enabled":"default","ast-page-background-meta":{"desktop":{"background-color":"var(--ast-global-color-5)","background-image":"","background-repeat":"repeat","background-position":"center center","background-size":"auto","background-attachment":"scroll","background-type":"","background-media":"","overlay-type":"","overlay-color":"","overlay-opacity":"","overlay-gradient":""},"tablet":{"background-color":"","background-image":"","background-repeat":"repeat","background-position":"center center","background-size":"auto","background-attachment":"scroll","background-type":"","background-media":"","overlay-type":"","overlay-color":"","overlay-opacity":"","overlay-gradient":""},"mobile":{"background-color":"","background-image":"","background-repeat":"repeat","background-position":"center center","background-size":"auto","background-attachment":"scroll","background-type":"","background-media":"","overlay-type":"","overlay-color":"","overlay-opacity":"","overlay-gradient":""}},"ast-content-background-meta":{"desktop":{"background-color":"var(--ast-global-color-4)","background-image":"","background-repeat":"repeat","background-position":"center center","background-size":"auto","background-attachment":"scroll","background-type":"","background-media":"","overlay-type":"","overlay-color":"","overlay-opacity":"","overlay-gradient":""},"tablet":{"background-color":"var(--ast-global-color-4)","background-image":"","background-repeat":"repeat","background-position":"center center","background-size":"auto","background-attachment":"scroll","background-type":"","background-media":"","overlay-type":"","overlay-color":"","overlay-opacity":"","overlay-gradient":""},"mobile":{"background-color":"var(--ast-global-color-4)","background-image":"","background-repeat":"repeat","background-position":"center center","background-size":"auto","background-attachment":"scroll","background-type":"","background-media":"","overlay-type":"","overlay-color":"","overlay-opacity":"","overlay-gradient":""}},"footnotes":""},"categories":[1],"tags":[],"class_list":["post-1039","post","type-post","status-publish","format-standard","hentry","category-sem-categoria"],"yoast_head":"<!-- This site is optimized with the Yoast SEO plugin v26.6 - https:\/\/yoast.com\/wordpress\/plugins\/seo\/ -->\n<title>Desabastecimento: a\u00e7\u00facar ser\u00e1 o primeiro produto a faltar em S\u00e3o Lu\u00eds, alertam supermercadistas - Daniel Matos<\/title>\n<meta name=\"robots\" content=\"index, follow, max-snippet:-1, max-image-preview:large, max-video-preview:-1\" \/>\n<link rel=\"canonical\" href=\"https:\/\/www.blogsoestado.com\/danielmatos\/desabastecimento-acucar-sera-o-primeiro-produto-a-faltar-em-sl\/\" \/>\n<meta property=\"og:locale\" content=\"pt_BR\" \/>\n<meta property=\"og:type\" content=\"article\" \/>\n<meta property=\"og:title\" content=\"Desabastecimento: a\u00e7\u00facar ser\u00e1 o primeiro produto a faltar em S\u00e3o Lu\u00eds, alertam supermercadistas - Daniel Matos\" \/>\n<meta property=\"og:description\" content=\"O a\u00e7\u00facar encabe\u00e7a a lista dos produtos que correm o risco de faltar em S\u00e3o Lu\u00eds. De acordo com o [&hellip;]\" \/>\n<meta property=\"og:url\" content=\"https:\/\/www.blogsoestado.com\/danielmatos\/desabastecimento-acucar-sera-o-primeiro-produto-a-faltar-em-sl\/\" \/>\n<meta property=\"og:site_name\" content=\"Daniel Matos\" \/>\n<meta property=\"article:published_time\" content=\"2009-05-08T12:18:42+00:00\" \/>\n<meta property=\"og:image\" content=\"https:\/\/www.blogsoestado.com\/danielmatos\/files\/2009\/05\/acucar.jpg\" \/>\n<meta name=\"twitter:card\" content=\"summary_large_image\" \/>\n<meta name=\"twitter:label1\" content=\"Est. tempo de leitura\" \/>\n\t<meta name=\"twitter:data1\" content=\"2 minutos\" \/>\n<script type=\"application\/ld+json\" class=\"yoast-schema-graph\">{\"@context\":\"https:\/\/schema.org\",\"@graph\":[{\"@type\":\"WebPage\",\"@id\":\"https:\/\/www.blogsoestado.com\/danielmatos\/desabastecimento-acucar-sera-o-primeiro-produto-a-faltar-em-sl\/\",\"url\":\"https:\/\/www.blogsoestado.com\/danielmatos\/desabastecimento-acucar-sera-o-primeiro-produto-a-faltar-em-sl\/\",\"name\":\"Desabastecimento: a\u00e7\u00facar ser\u00e1 o primeiro produto a faltar em S\u00e3o Lu\u00eds, alertam supermercadistas - Daniel Matos\",\"isPartOf\":{\"@id\":\"https:\/\/www.blogsoestado.com\/danielmatos\/#website\"},\"primaryImageOfPage\":{\"@id\":\"https:\/\/www.blogsoestado.com\/danielmatos\/desabastecimento-acucar-sera-o-primeiro-produto-a-faltar-em-sl\/#primaryimage\"},\"image\":{\"@id\":\"https:\/\/www.blogsoestado.com\/danielmatos\/desabastecimento-acucar-sera-o-primeiro-produto-a-faltar-em-sl\/#primaryimage\"},\"thumbnailUrl\":\"https:\/\/www.blogsoestado.com\/danielmatos\/files\/2009\/05\/acucar.jpg\",\"datePublished\":\"2009-05-08T12:18:42+00:00\",\"author\":{\"@id\":\"\"},\"breadcrumb\":{\"@id\":\"https:\/\/www.blogsoestado.com\/danielmatos\/desabastecimento-acucar-sera-o-primeiro-produto-a-faltar-em-sl\/#breadcrumb\"},\"inLanguage\":\"pt-BR\",\"potentialAction\":[{\"@type\":\"ReadAction\",\"target\":[\"https:\/\/www.blogsoestado.com\/danielmatos\/desabastecimento-acucar-sera-o-primeiro-produto-a-faltar-em-sl\/\"]}]},{\"@type\":\"ImageObject\",\"inLanguage\":\"pt-BR\",\"@id\":\"https:\/\/www.blogsoestado.com\/danielmatos\/desabastecimento-acucar-sera-o-primeiro-produto-a-faltar-em-sl\/#primaryimage\",\"url\":\"https:\/\/www.blogsoestado.com\/danielmatos\/files\/2009\/05\/acucar.jpg\",\"contentUrl\":\"https:\/\/www.blogsoestado.com\/danielmatos\/files\/2009\/05\/acucar.jpg\"},{\"@type\":\"BreadcrumbList\",\"@id\":\"https:\/\/www.blogsoestado.com\/danielmatos\/desabastecimento-acucar-sera-o-primeiro-produto-a-faltar-em-sl\/#breadcrumb\",\"itemListElement\":[{\"@type\":\"ListItem\",\"position\":1,\"name\":\"In\u00edcio\",\"item\":\"https:\/\/www.blogsoestado.com\/danielmatos\/\"},{\"@type\":\"ListItem\",\"position\":2,\"name\":\"Desabastecimento: a\u00e7\u00facar ser\u00e1 o primeiro produto a faltar em S\u00e3o Lu\u00eds, alertam supermercadistas\"}]},{\"@type\":\"WebSite\",\"@id\":\"https:\/\/www.blogsoestado.com\/danielmatos\/#website\",\"url\":\"https:\/\/www.blogsoestado.com\/danielmatos\/\",\"name\":\"Daniel Matos\",\"description\":\"\",\"potentialAction\":[{\"@type\":\"SearchAction\",\"target\":{\"@type\":\"EntryPoint\",\"urlTemplate\":\"https:\/\/www.blogsoestado.com\/danielmatos\/?s={search_term_string}\"},\"query-input\":{\"@type\":\"PropertyValueSpecification\",\"valueRequired\":true,\"valueName\":\"search_term_string\"}}],\"inLanguage\":\"pt-BR\"}]}<\/script>\n<!-- \/ Yoast SEO plugin. -->","yoast_head_json":{"title":"Desabastecimento: a\u00e7\u00facar ser\u00e1 o primeiro produto a faltar em S\u00e3o Lu\u00eds, alertam supermercadistas - Daniel Matos","robots":{"index":"index","follow":"follow","max-snippet":"max-snippet:-1","max-image-preview":"max-image-preview:large","max-video-preview":"max-video-preview:-1"},"canonical":"https:\/\/www.blogsoestado.com\/danielmatos\/desabastecimento-acucar-sera-o-primeiro-produto-a-faltar-em-sl\/","og_locale":"pt_BR","og_type":"article","og_title":"Desabastecimento: a\u00e7\u00facar ser\u00e1 o primeiro produto a faltar em S\u00e3o Lu\u00eds, alertam supermercadistas - Daniel Matos","og_description":"O a\u00e7\u00facar encabe\u00e7a a lista dos produtos que correm o risco de faltar em S\u00e3o Lu\u00eds. De acordo com o [&hellip;]","og_url":"https:\/\/www.blogsoestado.com\/danielmatos\/desabastecimento-acucar-sera-o-primeiro-produto-a-faltar-em-sl\/","og_site_name":"Daniel Matos","article_published_time":"2009-05-08T12:18:42+00:00","og_image":[{"url":"https:\/\/www.blogsoestado.com\/danielmatos\/files\/2009\/05\/acucar.jpg","type":"","width":"","height":""}],"twitter_card":"summary_large_image","twitter_misc":{"Est. tempo de leitura":"2 minutos"},"schema":{"@context":"https:\/\/schema.org","@graph":[{"@type":"WebPage","@id":"https:\/\/www.blogsoestado.com\/danielmatos\/desabastecimento-acucar-sera-o-primeiro-produto-a-faltar-em-sl\/","url":"https:\/\/www.blogsoestado.com\/danielmatos\/desabastecimento-acucar-sera-o-primeiro-produto-a-faltar-em-sl\/","name":"Desabastecimento: a\u00e7\u00facar ser\u00e1 o primeiro produto a faltar em S\u00e3o Lu\u00eds, alertam supermercadistas - Daniel Matos","isPartOf":{"@id":"https:\/\/www.blogsoestado.com\/danielmatos\/#website"},"primaryImageOfPage":{"@id":"https:\/\/www.blogsoestado.com\/danielmatos\/desabastecimento-acucar-sera-o-primeiro-produto-a-faltar-em-sl\/#primaryimage"},"image":{"@id":"https:\/\/www.blogsoestado.com\/danielmatos\/desabastecimento-acucar-sera-o-primeiro-produto-a-faltar-em-sl\/#primaryimage"},"thumbnailUrl":"https:\/\/www.blogsoestado.com\/danielmatos\/files\/2009\/05\/acucar.jpg","datePublished":"2009-05-08T12:18:42+00:00","author":{"@id":""},"breadcrumb":{"@id":"https:\/\/www.blogsoestado.com\/danielmatos\/desabastecimento-acucar-sera-o-primeiro-produto-a-faltar-em-sl\/#breadcrumb"},"inLanguage":"pt-BR","potentialAction":[{"@type":"ReadAction","target":["https:\/\/www.blogsoestado.com\/danielmatos\/desabastecimento-acucar-sera-o-primeiro-produto-a-faltar-em-sl\/"]}]},{"@type":"ImageObject","inLanguage":"pt-BR","@id":"https:\/\/www.blogsoestado.com\/danielmatos\/desabastecimento-acucar-sera-o-primeiro-produto-a-faltar-em-sl\/#primaryimage","url":"https:\/\/www.blogsoestado.com\/danielmatos\/files\/2009\/05\/acucar.jpg","contentUrl":"https:\/\/www.blogsoestado.com\/danielmatos\/files\/2009\/05\/acucar.jpg"},{"@type":"BreadcrumbList","@id":"https:\/\/www.blogsoestado.com\/danielmatos\/desabastecimento-acucar-sera-o-primeiro-produto-a-faltar-em-sl\/#breadcrumb","itemListElement":[{"@type":"ListItem","position":1,"name":"In\u00edcio","item":"https:\/\/www.blogsoestado.com\/danielmatos\/"},{"@type":"ListItem","position":2,"name":"Desabastecimento: a\u00e7\u00facar ser\u00e1 o primeiro produto a faltar em S\u00e3o Lu\u00eds, alertam supermercadistas"}]},{"@type":"WebSite","@id":"https:\/\/www.blogsoestado.com\/danielmatos\/#website","url":"https:\/\/www.blogsoestado.com\/danielmatos\/","name":"Daniel Matos","description":"","potentialAction":[{"@type":"SearchAction","target":{"@type":"EntryPoint","urlTemplate":"https:\/\/www.blogsoestado.com\/danielmatos\/?s={search_term_string}"},"query-input":{"@type":"PropertyValueSpecification","valueRequired":true,"valueName":"search_term_string"}}],"inLanguage":"pt-BR"}]}},"jetpack_featured_media_url":"","_links":{"self":[{"href":"https:\/\/www.blogsoestado.com\/danielmatos\/wp-json\/wp\/v2\/posts\/1039","targetHints":{"allow":["GET"]}}],"collection":[{"href":"https:\/\/www.blogsoestado.com\/danielmatos\/wp-json\/wp\/v2\/posts"}],"about":[{"href":"https:\/\/www.blogsoestado.com\/danielmatos\/wp-json\/wp\/v2\/types\/post"}],"replies":[{"embeddable":true,"href":"https:\/\/www.blogsoestado.com\/danielmatos\/wp-json\/wp\/v2\/comments?post=1039"}],"version-history":[{"count":0,"href":"https:\/\/www.blogsoestado.com\/danielmatos\/wp-json\/wp\/v2\/posts\/1039\/revisions"}],"wp:attachment":[{"href":"https:\/\/www.blogsoestado.com\/danielmatos\/wp-json\/wp\/v2\/media?parent=1039"}],"wp:term":[{"taxonomy":"category","embeddable":true,"href":"https:\/\/www.blogsoestado.com\/danielmatos\/wp-json\/wp\/v2\/categories?post=1039"},{"taxonomy":"post_tag","embeddable":true,"href":"https:\/\/www.blogsoestado.com\/danielmatos\/wp-json\/wp\/v2\/tags?post=1039"}],"curies":[{"name":"wp","href":"https:\/\/api.w.org\/{rel}","templated":true}]}}