{"id":105447,"date":"2023-01-27T12:12:29","date_gmt":"2023-01-27T15:12:29","guid":{"rendered":"https:\/\/www.blogsoestado.com\/danielmatos\/?p=105447"},"modified":"2023-01-27T12:12:29","modified_gmt":"2023-01-27T15:12:29","slug":"no-direto-ao-ponto-daniella-conversa-sobre-atuacao-parlamentar-e-aumento-da-bancada-feminina-na-assembleia","status":"publish","type":"post","link":"https:\/\/www.blogsoestado.com\/danielmatos\/no-direto-ao-ponto-daniella-conversa-sobre-atuacao-parlamentar-e-aumento-da-bancada-feminina-na-assembleia\/","title":{"rendered":"No \u201cDireto ao Ponto\u201d, Daniella conversa sobre atua\u00e7\u00e3o parlamentar e aumento da bancada feminina na Assembleia"},"content":{"rendered":"\n<div class=\"wp-block-image\"><figure class=\"aligncenter size-large\"><a href=\"https:\/\/www.blogsoestado.com\/danielmatos\/files\/2023\/01\/Screenshot_20230127-1208522.png\"><img decoding=\"async\" src=\"https:\/\/www.blogsoestado.com\/danielmatos\/files\/2023\/01\/Screenshot_20230127-1208522.png\" alt=\"\" class=\"wp-image-105448\"\/><\/a><figcaption>Daniella destacou que o crescimento da bancada feminina na Assembleia, de oito para 12 parlamentares, \u00e9 uma grande conquista<\/figcaption><\/figure><\/div>\n\n\n\n<p>O programa Direto ao Ponto, da TV Assembleia, exibiu, nesta sexta-feira (27), um bate-papo com a deputada estadual reeleita Daniella (PSB), que \u00e9 procuradora da Mulher na Assembleia e coordenadora da Frente Parlamentar de Combate ao Feminic\u00eddio. Ela falou ainda sobre atua\u00e7\u00e3o parlamentar, expectativas para o seu segundo mandato, aumento da bancada feminina e combate a crimes contra a mulher na conversa com a jornalista e apresentadora Silvia Tereza, diretora adjunta de Comunica\u00e7\u00e3o da Alema.<\/p>\n\n\n\n<p>Para a deputada, o crescimento da bancada feminina na Assembleia, de oito para 12 parlamentares, \u00e9 uma grande conquista. \u201cN\u00f3s sabemos o quanto \u00e9 dif\u00edcil para a gente estar nesse universo predominantemente ocupado por homens. Na bancada que termina, n\u00f3s t\u00ednhamos 10 mulheres, sendo que 8 foram eleitas diretamente e duas assumiram mandatos posteriormente. Ent\u00e3o mudamos de 8 mulheres eleitas pelo voto direto para 12. Foi um grande avan\u00e7o\u201d, declarou.<\/p>\n\n\n\n<p>Tamb\u00e9m afirmou que pretende fazer uma conex\u00e3o com a bancada feminina do Maranh\u00e3o na C\u00e2mara Federal, em Bras\u00edlia. \u201cEssa conex\u00e3o \u00e9 necess\u00e1ria. Os poderes sempre t\u00eam que trabalhar em harmonia\u201d, assinalou.<\/p>\n\n\n\n<p><em>Atua\u00e7\u00e3o e leis efetivas<\/em><br \/>A atua\u00e7\u00e3o parlamentar com foco nas mulheres, segundo Daniella, tem como objetivo ocupar um v\u00e1cuo que ela percebeu na sociedade. \u201cFaltavam mais mulheres para defender, com veem\u00eancia, essa importante bandeira no estado do Maranh\u00e3o. Ali eu me encontrei, eu vi que poderia fazer muito\u201d, declarou, afirmando seguir tamb\u00e9m na defesa da sa\u00fade e da juventude.<\/p>\n\n\n\n<p>A deputada refor\u00e7ou que sempre buscou a efetividade das leis que prop\u00f4s no Parlamento e citou a parceria com o governo do Estado, por meio da Secretaria de Seguran\u00e7a P\u00fablica. Na vis\u00e3o dela, as in\u00fameras campanhas e o aparato \u00e0 disposi\u00e7\u00e3o da mulher t\u00eam encorajado as den\u00fancias de agress\u00e3o e outros crimes.<\/p>\n\n\n\n<p>\u201cA gente s\u00f3 vai conseguir mudar esse cen\u00e1rio triste de viol\u00eancia dentro do nosso pa\u00eds quando a gente come\u00e7ar a trabalhar pol\u00edticas p\u00fablicas para isso dentro das escolas, nas bases\u201d, sentenciou ao revelar que est\u00e1 iniciando tratativas com a Secretaria de Estado Educa\u00e7\u00e3o sobre a\u00e7\u00e3o e que pretende levar a iniciativa aos munic\u00edpios tamb\u00e9m.<\/p>\n\n\n\n<p><em><strong>Caso Domingos Paz<\/strong><\/em><\/p>\n\n\n\n<p>Daniella ressaltou que a Procuradoria da Mulher da Alema tem acompanhado o caso de den\u00fancias de jovens contra o vereador Domingos Paz (Podemos) e cobrado celeridade das autoridades nas investiga\u00e7\u00f5es.<\/p>\n\n\n\n<p>Entre as normas origin\u00e1rias de projetos de lei, de autoria da deputada, ela destacou a Lei 11.352\/2020, que disp\u00f5e sobre a obrigatoriedade de dar ampla divulga\u00e7\u00e3o ao Disque 180 nos condom\u00ednios residenciais do estado. A deputada destacou que o objetivo \u00e9 aumentar o n\u00famero de den\u00fancias. Tamb\u00e9m assinalou a import\u00e2ncia da Lei 11.514\/2021, que instituiu o Dia Estadual de Combate ao Ass\u00e9dio Sexual contra Mulheres no ambiente de trabalho em 16 de dezembro, entre outras.<\/p>\n\n\n\n<p>A parlamentar aproveitou para agradecer novamente os votos que a levaram \u00e0 reelei\u00e7\u00e3o. \u201c\u00c9 uma alegria indescrit\u00edvel poder estar aqui como deputada estadual reeleita. Isso prova que a gente fez um bom trabalho e que tivemos o reconhecimento da popula\u00e7\u00e3o\u201d, afirmou que \u00e9 formada em Nutri\u00e7\u00e3o e foi diretora-geral do Hospital Macrorregional de Presidente Dutra.<\/p>\n\n\n\n<p>O programa \u2018Direto ao Ponto\u2019 vai ao ar todas as sextas-feiras, \u00e0s 10h30, pela TV Assembleia (canal aberto digital 9.2; Maxx TV, canal 17; e Sky, canal 309).<\/p>\n","protected":false},"excerpt":{"rendered":"<p>O programa Direto ao Ponto, da TV Assembleia, exibiu, nesta sexta-feira (27), um bate-papo com a deputada estadual reeleita Daniella [&hellip;]<\/p>\n","protected":false},"author":0,"featured_media":0,"comment_status":"open","ping_status":"open","sticky":false,"template":"","format":"standard","meta":{"site-sidebar-layout":"default","site-content-layout":"","ast-site-content-layout":"default","site-content-style":"default","site-sidebar-style":"default","ast-global-header-display":"","ast-banner-title-visibility":"","ast-main-header-display":"","ast-hfb-above-header-display":"","ast-hfb-below-header-display":"","ast-hfb-mobile-header-display":"","site-post-title":"","ast-breadcrumbs-content":"","ast-featured-img":"","footer-sml-layout":"","ast-disable-related-posts":"","theme-transparent-header-meta":"","adv-header-id-meta":"","stick-header-meta":"","header-above-stick-meta":"","header-main-stick-meta":"","header-below-stick-meta":"","astra-migrate-meta-layouts":"default","ast-page-background-enabled":"default","ast-page-background-meta":{"desktop":{"background-color":"var(--ast-global-color-5)","background-image":"","background-repeat":"repeat","background-position":"center center","background-size":"auto","background-attachment":"scroll","background-type":"","background-media":"","overlay-type":"","overlay-color":"","overlay-opacity":"","overlay-gradient":""},"tablet":{"background-color":"","background-image":"","background-repeat":"repeat","background-position":"center center","background-size":"auto","background-attachment":"scroll","background-type":"","background-media":"","overlay-type":"","overlay-color":"","overlay-opacity":"","overlay-gradient":""},"mobile":{"background-color":"","background-image":"","background-repeat":"repeat","background-position":"center center","background-size":"auto","background-attachment":"scroll","background-type":"","background-media":"","overlay-type":"","overlay-color":"","overlay-opacity":"","overlay-gradient":""}},"ast-content-background-meta":{"desktop":{"background-color":"var(--ast-global-color-4)","background-image":"","background-repeat":"repeat","background-position":"center center","background-size":"auto","background-attachment":"scroll","background-type":"","background-media":"","overlay-type":"","overlay-color":"","overlay-opacity":"","overlay-gradient":""},"tablet":{"background-color":"var(--ast-global-color-4)","background-image":"","background-repeat":"repeat","background-position":"center center","background-size":"auto","background-attachment":"scroll","background-type":"","background-media":"","overlay-type":"","overlay-color":"","overlay-opacity":"","overlay-gradient":""},"mobile":{"background-color":"var(--ast-global-color-4)","background-image":"","background-repeat":"repeat","background-position":"center center","background-size":"auto","background-attachment":"scroll","background-type":"","background-media":"","overlay-type":"","overlay-color":"","overlay-opacity":"","overlay-gradient":""}},"footnotes":""},"categories":[1],"tags":[],"class_list":["post-105447","post","type-post","status-publish","format-standard","hentry","category-sem-categoria"],"yoast_head":"<!-- This site is optimized with the Yoast SEO plugin v26.6 - https:\/\/yoast.com\/wordpress\/plugins\/seo\/ -->\n<title>No \u201cDireto ao Ponto\u201d, Daniella conversa sobre atua\u00e7\u00e3o parlamentar e aumento da bancada feminina na Assembleia - Daniel Matos<\/title>\n<meta name=\"robots\" content=\"index, follow, max-snippet:-1, max-image-preview:large, max-video-preview:-1\" \/>\n<link rel=\"canonical\" href=\"https:\/\/www.blogsoestado.com\/danielmatos\/no-direto-ao-ponto-daniella-conversa-sobre-atuacao-parlamentar-e-aumento-da-bancada-feminina-na-assembleia\/\" \/>\n<meta property=\"og:locale\" content=\"pt_BR\" \/>\n<meta property=\"og:type\" content=\"article\" \/>\n<meta property=\"og:title\" content=\"No \u201cDireto ao Ponto\u201d, Daniella conversa sobre atua\u00e7\u00e3o parlamentar e aumento da bancada feminina na Assembleia - Daniel Matos\" \/>\n<meta property=\"og:description\" content=\"O programa Direto ao Ponto, da TV Assembleia, exibiu, nesta sexta-feira (27), um bate-papo com a deputada estadual reeleita Daniella [&hellip;]\" \/>\n<meta property=\"og:url\" content=\"https:\/\/www.blogsoestado.com\/danielmatos\/no-direto-ao-ponto-daniella-conversa-sobre-atuacao-parlamentar-e-aumento-da-bancada-feminina-na-assembleia\/\" \/>\n<meta property=\"og:site_name\" content=\"Daniel Matos\" \/>\n<meta property=\"article:published_time\" content=\"2023-01-27T15:12:29+00:00\" \/>\n<meta property=\"og:image\" content=\"https:\/\/www.blogsoestado.com\/danielmatos\/files\/2023\/01\/Screenshot_20230127-1208522.png\" \/>\n<meta name=\"twitter:card\" content=\"summary_large_image\" \/>\n<meta name=\"twitter:label1\" content=\"Est. tempo de leitura\" \/>\n\t<meta name=\"twitter:data1\" content=\"3 minutos\" \/>\n<script type=\"application\/ld+json\" class=\"yoast-schema-graph\">{\"@context\":\"https:\/\/schema.org\",\"@graph\":[{\"@type\":\"WebPage\",\"@id\":\"https:\/\/www.blogsoestado.com\/danielmatos\/no-direto-ao-ponto-daniella-conversa-sobre-atuacao-parlamentar-e-aumento-da-bancada-feminina-na-assembleia\/\",\"url\":\"https:\/\/www.blogsoestado.com\/danielmatos\/no-direto-ao-ponto-daniella-conversa-sobre-atuacao-parlamentar-e-aumento-da-bancada-feminina-na-assembleia\/\",\"name\":\"No \u201cDireto ao Ponto\u201d, Daniella conversa sobre atua\u00e7\u00e3o parlamentar e aumento da bancada feminina na Assembleia - Daniel Matos\",\"isPartOf\":{\"@id\":\"https:\/\/www.blogsoestado.com\/danielmatos\/#website\"},\"primaryImageOfPage\":{\"@id\":\"https:\/\/www.blogsoestado.com\/danielmatos\/no-direto-ao-ponto-daniella-conversa-sobre-atuacao-parlamentar-e-aumento-da-bancada-feminina-na-assembleia\/#primaryimage\"},\"image\":{\"@id\":\"https:\/\/www.blogsoestado.com\/danielmatos\/no-direto-ao-ponto-daniella-conversa-sobre-atuacao-parlamentar-e-aumento-da-bancada-feminina-na-assembleia\/#primaryimage\"},\"thumbnailUrl\":\"https:\/\/www.blogsoestado.com\/danielmatos\/files\/2023\/01\/Screenshot_20230127-1208522.png\",\"datePublished\":\"2023-01-27T15:12:29+00:00\",\"author\":{\"@id\":\"\"},\"breadcrumb\":{\"@id\":\"https:\/\/www.blogsoestado.com\/danielmatos\/no-direto-ao-ponto-daniella-conversa-sobre-atuacao-parlamentar-e-aumento-da-bancada-feminina-na-assembleia\/#breadcrumb\"},\"inLanguage\":\"pt-BR\",\"potentialAction\":[{\"@type\":\"ReadAction\",\"target\":[\"https:\/\/www.blogsoestado.com\/danielmatos\/no-direto-ao-ponto-daniella-conversa-sobre-atuacao-parlamentar-e-aumento-da-bancada-feminina-na-assembleia\/\"]}]},{\"@type\":\"ImageObject\",\"inLanguage\":\"pt-BR\",\"@id\":\"https:\/\/www.blogsoestado.com\/danielmatos\/no-direto-ao-ponto-daniella-conversa-sobre-atuacao-parlamentar-e-aumento-da-bancada-feminina-na-assembleia\/#primaryimage\",\"url\":\"https:\/\/www.blogsoestado.com\/danielmatos\/files\/2023\/01\/Screenshot_20230127-1208522.png\",\"contentUrl\":\"https:\/\/www.blogsoestado.com\/danielmatos\/files\/2023\/01\/Screenshot_20230127-1208522.png\"},{\"@type\":\"BreadcrumbList\",\"@id\":\"https:\/\/www.blogsoestado.com\/danielmatos\/no-direto-ao-ponto-daniella-conversa-sobre-atuacao-parlamentar-e-aumento-da-bancada-feminina-na-assembleia\/#breadcrumb\",\"itemListElement\":[{\"@type\":\"ListItem\",\"position\":1,\"name\":\"In\u00edcio\",\"item\":\"https:\/\/www.blogsoestado.com\/danielmatos\/\"},{\"@type\":\"ListItem\",\"position\":2,\"name\":\"No \u201cDireto ao Ponto\u201d, Daniella conversa sobre atua\u00e7\u00e3o parlamentar e aumento da bancada feminina na Assembleia\"}]},{\"@type\":\"WebSite\",\"@id\":\"https:\/\/www.blogsoestado.com\/danielmatos\/#website\",\"url\":\"https:\/\/www.blogsoestado.com\/danielmatos\/\",\"name\":\"Daniel Matos\",\"description\":\"\",\"potentialAction\":[{\"@type\":\"SearchAction\",\"target\":{\"@type\":\"EntryPoint\",\"urlTemplate\":\"https:\/\/www.blogsoestado.com\/danielmatos\/?s={search_term_string}\"},\"query-input\":{\"@type\":\"PropertyValueSpecification\",\"valueRequired\":true,\"valueName\":\"search_term_string\"}}],\"inLanguage\":\"pt-BR\"}]}<\/script>\n<!-- \/ Yoast SEO plugin. -->","yoast_head_json":{"title":"No \u201cDireto ao Ponto\u201d, Daniella conversa sobre atua\u00e7\u00e3o parlamentar e aumento da bancada feminina na Assembleia - Daniel Matos","robots":{"index":"index","follow":"follow","max-snippet":"max-snippet:-1","max-image-preview":"max-image-preview:large","max-video-preview":"max-video-preview:-1"},"canonical":"https:\/\/www.blogsoestado.com\/danielmatos\/no-direto-ao-ponto-daniella-conversa-sobre-atuacao-parlamentar-e-aumento-da-bancada-feminina-na-assembleia\/","og_locale":"pt_BR","og_type":"article","og_title":"No \u201cDireto ao Ponto\u201d, Daniella conversa sobre atua\u00e7\u00e3o parlamentar e aumento da bancada feminina na Assembleia - Daniel Matos","og_description":"O programa Direto ao Ponto, da TV Assembleia, exibiu, nesta sexta-feira (27), um bate-papo com a deputada estadual reeleita Daniella [&hellip;]","og_url":"https:\/\/www.blogsoestado.com\/danielmatos\/no-direto-ao-ponto-daniella-conversa-sobre-atuacao-parlamentar-e-aumento-da-bancada-feminina-na-assembleia\/","og_site_name":"Daniel Matos","article_published_time":"2023-01-27T15:12:29+00:00","og_image":[{"url":"https:\/\/www.blogsoestado.com\/danielmatos\/files\/2023\/01\/Screenshot_20230127-1208522.png","type":"","width":"","height":""}],"twitter_card":"summary_large_image","twitter_misc":{"Est. tempo de leitura":"3 minutos"},"schema":{"@context":"https:\/\/schema.org","@graph":[{"@type":"WebPage","@id":"https:\/\/www.blogsoestado.com\/danielmatos\/no-direto-ao-ponto-daniella-conversa-sobre-atuacao-parlamentar-e-aumento-da-bancada-feminina-na-assembleia\/","url":"https:\/\/www.blogsoestado.com\/danielmatos\/no-direto-ao-ponto-daniella-conversa-sobre-atuacao-parlamentar-e-aumento-da-bancada-feminina-na-assembleia\/","name":"No \u201cDireto ao Ponto\u201d, Daniella conversa sobre atua\u00e7\u00e3o parlamentar e aumento da bancada feminina na Assembleia - Daniel Matos","isPartOf":{"@id":"https:\/\/www.blogsoestado.com\/danielmatos\/#website"},"primaryImageOfPage":{"@id":"https:\/\/www.blogsoestado.com\/danielmatos\/no-direto-ao-ponto-daniella-conversa-sobre-atuacao-parlamentar-e-aumento-da-bancada-feminina-na-assembleia\/#primaryimage"},"image":{"@id":"https:\/\/www.blogsoestado.com\/danielmatos\/no-direto-ao-ponto-daniella-conversa-sobre-atuacao-parlamentar-e-aumento-da-bancada-feminina-na-assembleia\/#primaryimage"},"thumbnailUrl":"https:\/\/www.blogsoestado.com\/danielmatos\/files\/2023\/01\/Screenshot_20230127-1208522.png","datePublished":"2023-01-27T15:12:29+00:00","author":{"@id":""},"breadcrumb":{"@id":"https:\/\/www.blogsoestado.com\/danielmatos\/no-direto-ao-ponto-daniella-conversa-sobre-atuacao-parlamentar-e-aumento-da-bancada-feminina-na-assembleia\/#breadcrumb"},"inLanguage":"pt-BR","potentialAction":[{"@type":"ReadAction","target":["https:\/\/www.blogsoestado.com\/danielmatos\/no-direto-ao-ponto-daniella-conversa-sobre-atuacao-parlamentar-e-aumento-da-bancada-feminina-na-assembleia\/"]}]},{"@type":"ImageObject","inLanguage":"pt-BR","@id":"https:\/\/www.blogsoestado.com\/danielmatos\/no-direto-ao-ponto-daniella-conversa-sobre-atuacao-parlamentar-e-aumento-da-bancada-feminina-na-assembleia\/#primaryimage","url":"https:\/\/www.blogsoestado.com\/danielmatos\/files\/2023\/01\/Screenshot_20230127-1208522.png","contentUrl":"https:\/\/www.blogsoestado.com\/danielmatos\/files\/2023\/01\/Screenshot_20230127-1208522.png"},{"@type":"BreadcrumbList","@id":"https:\/\/www.blogsoestado.com\/danielmatos\/no-direto-ao-ponto-daniella-conversa-sobre-atuacao-parlamentar-e-aumento-da-bancada-feminina-na-assembleia\/#breadcrumb","itemListElement":[{"@type":"ListItem","position":1,"name":"In\u00edcio","item":"https:\/\/www.blogsoestado.com\/danielmatos\/"},{"@type":"ListItem","position":2,"name":"No \u201cDireto ao Ponto\u201d, Daniella conversa sobre atua\u00e7\u00e3o parlamentar e aumento da bancada feminina na Assembleia"}]},{"@type":"WebSite","@id":"https:\/\/www.blogsoestado.com\/danielmatos\/#website","url":"https:\/\/www.blogsoestado.com\/danielmatos\/","name":"Daniel Matos","description":"","potentialAction":[{"@type":"SearchAction","target":{"@type":"EntryPoint","urlTemplate":"https:\/\/www.blogsoestado.com\/danielmatos\/?s={search_term_string}"},"query-input":{"@type":"PropertyValueSpecification","valueRequired":true,"valueName":"search_term_string"}}],"inLanguage":"pt-BR"}]}},"jetpack_featured_media_url":"","_links":{"self":[{"href":"https:\/\/www.blogsoestado.com\/danielmatos\/wp-json\/wp\/v2\/posts\/105447","targetHints":{"allow":["GET"]}}],"collection":[{"href":"https:\/\/www.blogsoestado.com\/danielmatos\/wp-json\/wp\/v2\/posts"}],"about":[{"href":"https:\/\/www.blogsoestado.com\/danielmatos\/wp-json\/wp\/v2\/types\/post"}],"replies":[{"embeddable":true,"href":"https:\/\/www.blogsoestado.com\/danielmatos\/wp-json\/wp\/v2\/comments?post=105447"}],"version-history":[{"count":0,"href":"https:\/\/www.blogsoestado.com\/danielmatos\/wp-json\/wp\/v2\/posts\/105447\/revisions"}],"wp:attachment":[{"href":"https:\/\/www.blogsoestado.com\/danielmatos\/wp-json\/wp\/v2\/media?parent=105447"}],"wp:term":[{"taxonomy":"category","embeddable":true,"href":"https:\/\/www.blogsoestado.com\/danielmatos\/wp-json\/wp\/v2\/categories?post=105447"},{"taxonomy":"post_tag","embeddable":true,"href":"https:\/\/www.blogsoestado.com\/danielmatos\/wp-json\/wp\/v2\/tags?post=105447"}],"curies":[{"name":"wp","href":"https:\/\/api.w.org\/{rel}","templated":true}]}}