{"id":105601,"date":"2023-02-01T01:23:53","date_gmt":"2023-02-01T04:23:53","guid":{"rendered":"https:\/\/www.blogsoestado.com\/danielmatos\/?p=105601"},"modified":"2023-02-01T01:23:53","modified_gmt":"2023-02-01T04:23:53","slug":"assembleia-legislativa-empossa-deputados-e-elege-nova-mesa-diretora-nesta-quarta-feira-1o","status":"publish","type":"post","link":"https:\/\/www.blogsoestado.com\/danielmatos\/assembleia-legislativa-empossa-deputados-e-elege-nova-mesa-diretora-nesta-quarta-feira-1o\/","title":{"rendered":"Assembleia Legislativa empossa deputados e elege nova Mesa Diretora nesta quarta-feira (1\u00ba)"},"content":{"rendered":"\n<div class=\"wp-block-image\"><figure class=\"aligncenter size-large\"><a href=\"https:\/\/www.blogsoestado.com\/danielmatos\/files\/2023\/02\/Screenshot_20230201-0117482.png\"><img decoding=\"async\" src=\"https:\/\/www.blogsoestado.com\/danielmatos\/files\/2023\/02\/Screenshot_20230201-0117482.png\" alt=\"\" class=\"wp-image-105602\"\/><\/a><figcaption>Assembleia Legislativa dar\u00e1 posse a parlamentares que exercer\u00e3o mandatos na 20\u00aa legislatura e eleger\u00e1 a Mesa Diretora para o bi\u00eanio 2023\/2024<\/figcaption><\/figure><\/div>\n\n\n\n<p>A Assembleia Legislativa do Maranh\u00e3o realizar\u00e1, nesta quarta-feira (1\u00b0), \u00e0s 9h, as sess\u00f5es preparat\u00f3rias de posse dos deputados eleitos e reeleitos em 2022 e a elei\u00e7\u00e3o e posse da nova Mesa Diretora para o bi\u00eanio 2023\/2024.<\/p>\n\n\n\n<p>Em seguida, ser\u00e1 realizada elei\u00e7\u00e3o para escolha da nova titular da Procuradoria da Mulher, fun\u00e7\u00e3o atualmente exercida pela deputada Daniella (PSB). A programa\u00e7\u00e3o ser\u00e1 encerrada com a entrevista coletiva dos membros eleitos para a Mesa Diretora.<\/p>\n\n\n\n<p>As sess\u00f5es marcar\u00e3o o in\u00edcio das atividades da 20\u00aa Legislatura e ser\u00e3o presididas pelo deputado Arnaldo Melo (PP), decano da Casa. Na primeira, ele convidar\u00e1 dois parlamentares para compor a Mesa, conduzindo a leitura do compromisso de posse a ser firmado pelos parlamentares.&nbsp;<\/p>\n\n\n\n<p>Caso o deputado Arnaldo Melo venha a compor chapa para a Mesa Diretora, ele n\u00e3o poder\u00e1 presidir a segunda sess\u00e3o preparat\u00f3ria, devendo essa atividade ser realizada pelo parlamentar com o maior n\u00famero de mandatos na Casa.<\/p>\n\n\n\n<p>De acordo com o Regimento Interno da Assembleia, as elei\u00e7\u00f5es de presidente e de secret\u00e1rios da Mesa Diretora ocorrem separadamente.<\/p>\n\n\n\n<p><strong>Abertura<\/strong><\/p>\n\n\n\n<p>O Ano Legislativo no Parlamento do Maranh\u00e3o ser\u00e1 aberto na quinta-feira (2), em sess\u00e3o solene marcada para \u00e0s 9h30, com a presen\u00e7a do governador Carlos Brand\u00e3o, que far\u00e1 a leitura da Mensagem Governamental com o balan\u00e7o das a\u00e7\u00f5es do Executivo Estadual em 2022 e o planejamento para 2023.<\/p>\n","protected":false},"excerpt":{"rendered":"<p>A Assembleia Legislativa do Maranh\u00e3o realizar\u00e1, nesta quarta-feira (1\u00b0), \u00e0s 9h, as sess\u00f5es preparat\u00f3rias de posse dos deputados eleitos e [&hellip;]<\/p>\n","protected":false},"author":0,"featured_media":0,"comment_status":"open","ping_status":"open","sticky":false,"template":"","format":"standard","meta":{"site-sidebar-layout":"default","site-content-layout":"","ast-site-content-layout":"default","site-content-style":"default","site-sidebar-style":"default","ast-global-header-display":"","ast-banner-title-visibility":"","ast-main-header-display":"","ast-hfb-above-header-display":"","ast-hfb-below-header-display":"","ast-hfb-mobile-header-display":"","site-post-title":"","ast-breadcrumbs-content":"","ast-featured-img":"","footer-sml-layout":"","ast-disable-related-posts":"","theme-transparent-header-meta":"","adv-header-id-meta":"","stick-header-meta":"","header-above-stick-meta":"","header-main-stick-meta":"","header-below-stick-meta":"","astra-migrate-meta-layouts":"default","ast-page-background-enabled":"default","ast-page-background-meta":{"desktop":{"background-color":"var(--ast-global-color-5)","background-image":"","background-repeat":"repeat","background-position":"center center","background-size":"auto","background-attachment":"scroll","background-type":"","background-media":"","overlay-type":"","overlay-color":"","overlay-opacity":"","overlay-gradient":""},"tablet":{"background-color":"","background-image":"","background-repeat":"repeat","background-position":"center center","background-size":"auto","background-attachment":"scroll","background-type":"","background-media":"","overlay-type":"","overlay-color":"","overlay-opacity":"","overlay-gradient":""},"mobile":{"background-color":"","background-image":"","background-repeat":"repeat","background-position":"center center","background-size":"auto","background-attachment":"scroll","background-type":"","background-media":"","overlay-type":"","overlay-color":"","overlay-opacity":"","overlay-gradient":""}},"ast-content-background-meta":{"desktop":{"background-color":"var(--ast-global-color-4)","background-image":"","background-repeat":"repeat","background-position":"center center","background-size":"auto","background-attachment":"scroll","background-type":"","background-media":"","overlay-type":"","overlay-color":"","overlay-opacity":"","overlay-gradient":""},"tablet":{"background-color":"var(--ast-global-color-4)","background-image":"","background-repeat":"repeat","background-position":"center center","background-size":"auto","background-attachment":"scroll","background-type":"","background-media":"","overlay-type":"","overlay-color":"","overlay-opacity":"","overlay-gradient":""},"mobile":{"background-color":"var(--ast-global-color-4)","background-image":"","background-repeat":"repeat","background-position":"center center","background-size":"auto","background-attachment":"scroll","background-type":"","background-media":"","overlay-type":"","overlay-color":"","overlay-opacity":"","overlay-gradient":""}},"footnotes":""},"categories":[1],"tags":[],"class_list":["post-105601","post","type-post","status-publish","format-standard","hentry","category-sem-categoria"],"yoast_head":"<!-- This site is optimized with the Yoast SEO plugin v26.6 - https:\/\/yoast.com\/wordpress\/plugins\/seo\/ -->\n<title>Assembleia Legislativa empossa deputados e elege nova Mesa Diretora nesta quarta-feira (1\u00ba) - Daniel Matos<\/title>\n<meta name=\"robots\" content=\"index, follow, max-snippet:-1, max-image-preview:large, max-video-preview:-1\" \/>\n<link rel=\"canonical\" href=\"https:\/\/www.blogsoestado.com\/danielmatos\/assembleia-legislativa-empossa-deputados-e-elege-nova-mesa-diretora-nesta-quarta-feira-1o\/\" \/>\n<meta property=\"og:locale\" content=\"pt_BR\" \/>\n<meta property=\"og:type\" content=\"article\" \/>\n<meta property=\"og:title\" content=\"Assembleia Legislativa empossa deputados e elege nova Mesa Diretora nesta quarta-feira (1\u00ba) - Daniel Matos\" \/>\n<meta property=\"og:description\" content=\"A Assembleia Legislativa do Maranh\u00e3o realizar\u00e1, nesta quarta-feira (1\u00b0), \u00e0s 9h, as sess\u00f5es preparat\u00f3rias de posse dos deputados eleitos e [&hellip;]\" \/>\n<meta property=\"og:url\" content=\"https:\/\/www.blogsoestado.com\/danielmatos\/assembleia-legislativa-empossa-deputados-e-elege-nova-mesa-diretora-nesta-quarta-feira-1o\/\" \/>\n<meta property=\"og:site_name\" content=\"Daniel Matos\" \/>\n<meta property=\"article:published_time\" content=\"2023-02-01T04:23:53+00:00\" \/>\n<meta property=\"og:image\" content=\"https:\/\/www.blogsoestado.com\/danielmatos\/files\/2023\/02\/Screenshot_20230201-0117482.png\" \/>\n<meta name=\"twitter:card\" content=\"summary_large_image\" \/>\n<meta name=\"twitter:label1\" content=\"Est. tempo de leitura\" \/>\n\t<meta name=\"twitter:data1\" content=\"2 minutos\" \/>\n<script type=\"application\/ld+json\" class=\"yoast-schema-graph\">{\"@context\":\"https:\/\/schema.org\",\"@graph\":[{\"@type\":\"WebPage\",\"@id\":\"https:\/\/www.blogsoestado.com\/danielmatos\/assembleia-legislativa-empossa-deputados-e-elege-nova-mesa-diretora-nesta-quarta-feira-1o\/\",\"url\":\"https:\/\/www.blogsoestado.com\/danielmatos\/assembleia-legislativa-empossa-deputados-e-elege-nova-mesa-diretora-nesta-quarta-feira-1o\/\",\"name\":\"Assembleia Legislativa empossa deputados e elege nova Mesa Diretora nesta quarta-feira (1\u00ba) - Daniel Matos\",\"isPartOf\":{\"@id\":\"https:\/\/www.blogsoestado.com\/danielmatos\/#website\"},\"primaryImageOfPage\":{\"@id\":\"https:\/\/www.blogsoestado.com\/danielmatos\/assembleia-legislativa-empossa-deputados-e-elege-nova-mesa-diretora-nesta-quarta-feira-1o\/#primaryimage\"},\"image\":{\"@id\":\"https:\/\/www.blogsoestado.com\/danielmatos\/assembleia-legislativa-empossa-deputados-e-elege-nova-mesa-diretora-nesta-quarta-feira-1o\/#primaryimage\"},\"thumbnailUrl\":\"https:\/\/www.blogsoestado.com\/danielmatos\/files\/2023\/02\/Screenshot_20230201-0117482.png\",\"datePublished\":\"2023-02-01T04:23:53+00:00\",\"author\":{\"@id\":\"\"},\"breadcrumb\":{\"@id\":\"https:\/\/www.blogsoestado.com\/danielmatos\/assembleia-legislativa-empossa-deputados-e-elege-nova-mesa-diretora-nesta-quarta-feira-1o\/#breadcrumb\"},\"inLanguage\":\"pt-BR\",\"potentialAction\":[{\"@type\":\"ReadAction\",\"target\":[\"https:\/\/www.blogsoestado.com\/danielmatos\/assembleia-legislativa-empossa-deputados-e-elege-nova-mesa-diretora-nesta-quarta-feira-1o\/\"]}]},{\"@type\":\"ImageObject\",\"inLanguage\":\"pt-BR\",\"@id\":\"https:\/\/www.blogsoestado.com\/danielmatos\/assembleia-legislativa-empossa-deputados-e-elege-nova-mesa-diretora-nesta-quarta-feira-1o\/#primaryimage\",\"url\":\"https:\/\/www.blogsoestado.com\/danielmatos\/files\/2023\/02\/Screenshot_20230201-0117482.png\",\"contentUrl\":\"https:\/\/www.blogsoestado.com\/danielmatos\/files\/2023\/02\/Screenshot_20230201-0117482.png\"},{\"@type\":\"BreadcrumbList\",\"@id\":\"https:\/\/www.blogsoestado.com\/danielmatos\/assembleia-legislativa-empossa-deputados-e-elege-nova-mesa-diretora-nesta-quarta-feira-1o\/#breadcrumb\",\"itemListElement\":[{\"@type\":\"ListItem\",\"position\":1,\"name\":\"In\u00edcio\",\"item\":\"https:\/\/www.blogsoestado.com\/danielmatos\/\"},{\"@type\":\"ListItem\",\"position\":2,\"name\":\"Assembleia Legislativa empossa deputados e elege nova Mesa Diretora nesta quarta-feira (1\u00ba)\"}]},{\"@type\":\"WebSite\",\"@id\":\"https:\/\/www.blogsoestado.com\/danielmatos\/#website\",\"url\":\"https:\/\/www.blogsoestado.com\/danielmatos\/\",\"name\":\"Daniel Matos\",\"description\":\"\",\"potentialAction\":[{\"@type\":\"SearchAction\",\"target\":{\"@type\":\"EntryPoint\",\"urlTemplate\":\"https:\/\/www.blogsoestado.com\/danielmatos\/?s={search_term_string}\"},\"query-input\":{\"@type\":\"PropertyValueSpecification\",\"valueRequired\":true,\"valueName\":\"search_term_string\"}}],\"inLanguage\":\"pt-BR\"}]}<\/script>\n<!-- \/ Yoast SEO plugin. -->","yoast_head_json":{"title":"Assembleia Legislativa empossa deputados e elege nova Mesa Diretora nesta quarta-feira (1\u00ba) - Daniel Matos","robots":{"index":"index","follow":"follow","max-snippet":"max-snippet:-1","max-image-preview":"max-image-preview:large","max-video-preview":"max-video-preview:-1"},"canonical":"https:\/\/www.blogsoestado.com\/danielmatos\/assembleia-legislativa-empossa-deputados-e-elege-nova-mesa-diretora-nesta-quarta-feira-1o\/","og_locale":"pt_BR","og_type":"article","og_title":"Assembleia Legislativa empossa deputados e elege nova Mesa Diretora nesta quarta-feira (1\u00ba) - Daniel Matos","og_description":"A Assembleia Legislativa do Maranh\u00e3o realizar\u00e1, nesta quarta-feira (1\u00b0), \u00e0s 9h, as sess\u00f5es preparat\u00f3rias de posse dos deputados eleitos e [&hellip;]","og_url":"https:\/\/www.blogsoestado.com\/danielmatos\/assembleia-legislativa-empossa-deputados-e-elege-nova-mesa-diretora-nesta-quarta-feira-1o\/","og_site_name":"Daniel Matos","article_published_time":"2023-02-01T04:23:53+00:00","og_image":[{"url":"https:\/\/www.blogsoestado.com\/danielmatos\/files\/2023\/02\/Screenshot_20230201-0117482.png","type":"","width":"","height":""}],"twitter_card":"summary_large_image","twitter_misc":{"Est. tempo de leitura":"2 minutos"},"schema":{"@context":"https:\/\/schema.org","@graph":[{"@type":"WebPage","@id":"https:\/\/www.blogsoestado.com\/danielmatos\/assembleia-legislativa-empossa-deputados-e-elege-nova-mesa-diretora-nesta-quarta-feira-1o\/","url":"https:\/\/www.blogsoestado.com\/danielmatos\/assembleia-legislativa-empossa-deputados-e-elege-nova-mesa-diretora-nesta-quarta-feira-1o\/","name":"Assembleia Legislativa empossa deputados e elege nova Mesa Diretora nesta quarta-feira (1\u00ba) - Daniel Matos","isPartOf":{"@id":"https:\/\/www.blogsoestado.com\/danielmatos\/#website"},"primaryImageOfPage":{"@id":"https:\/\/www.blogsoestado.com\/danielmatos\/assembleia-legislativa-empossa-deputados-e-elege-nova-mesa-diretora-nesta-quarta-feira-1o\/#primaryimage"},"image":{"@id":"https:\/\/www.blogsoestado.com\/danielmatos\/assembleia-legislativa-empossa-deputados-e-elege-nova-mesa-diretora-nesta-quarta-feira-1o\/#primaryimage"},"thumbnailUrl":"https:\/\/www.blogsoestado.com\/danielmatos\/files\/2023\/02\/Screenshot_20230201-0117482.png","datePublished":"2023-02-01T04:23:53+00:00","author":{"@id":""},"breadcrumb":{"@id":"https:\/\/www.blogsoestado.com\/danielmatos\/assembleia-legislativa-empossa-deputados-e-elege-nova-mesa-diretora-nesta-quarta-feira-1o\/#breadcrumb"},"inLanguage":"pt-BR","potentialAction":[{"@type":"ReadAction","target":["https:\/\/www.blogsoestado.com\/danielmatos\/assembleia-legislativa-empossa-deputados-e-elege-nova-mesa-diretora-nesta-quarta-feira-1o\/"]}]},{"@type":"ImageObject","inLanguage":"pt-BR","@id":"https:\/\/www.blogsoestado.com\/danielmatos\/assembleia-legislativa-empossa-deputados-e-elege-nova-mesa-diretora-nesta-quarta-feira-1o\/#primaryimage","url":"https:\/\/www.blogsoestado.com\/danielmatos\/files\/2023\/02\/Screenshot_20230201-0117482.png","contentUrl":"https:\/\/www.blogsoestado.com\/danielmatos\/files\/2023\/02\/Screenshot_20230201-0117482.png"},{"@type":"BreadcrumbList","@id":"https:\/\/www.blogsoestado.com\/danielmatos\/assembleia-legislativa-empossa-deputados-e-elege-nova-mesa-diretora-nesta-quarta-feira-1o\/#breadcrumb","itemListElement":[{"@type":"ListItem","position":1,"name":"In\u00edcio","item":"https:\/\/www.blogsoestado.com\/danielmatos\/"},{"@type":"ListItem","position":2,"name":"Assembleia Legislativa empossa deputados e elege nova Mesa Diretora nesta quarta-feira (1\u00ba)"}]},{"@type":"WebSite","@id":"https:\/\/www.blogsoestado.com\/danielmatos\/#website","url":"https:\/\/www.blogsoestado.com\/danielmatos\/","name":"Daniel Matos","description":"","potentialAction":[{"@type":"SearchAction","target":{"@type":"EntryPoint","urlTemplate":"https:\/\/www.blogsoestado.com\/danielmatos\/?s={search_term_string}"},"query-input":{"@type":"PropertyValueSpecification","valueRequired":true,"valueName":"search_term_string"}}],"inLanguage":"pt-BR"}]}},"jetpack_featured_media_url":"","_links":{"self":[{"href":"https:\/\/www.blogsoestado.com\/danielmatos\/wp-json\/wp\/v2\/posts\/105601","targetHints":{"allow":["GET"]}}],"collection":[{"href":"https:\/\/www.blogsoestado.com\/danielmatos\/wp-json\/wp\/v2\/posts"}],"about":[{"href":"https:\/\/www.blogsoestado.com\/danielmatos\/wp-json\/wp\/v2\/types\/post"}],"replies":[{"embeddable":true,"href":"https:\/\/www.blogsoestado.com\/danielmatos\/wp-json\/wp\/v2\/comments?post=105601"}],"version-history":[{"count":0,"href":"https:\/\/www.blogsoestado.com\/danielmatos\/wp-json\/wp\/v2\/posts\/105601\/revisions"}],"wp:attachment":[{"href":"https:\/\/www.blogsoestado.com\/danielmatos\/wp-json\/wp\/v2\/media?parent=105601"}],"wp:term":[{"taxonomy":"category","embeddable":true,"href":"https:\/\/www.blogsoestado.com\/danielmatos\/wp-json\/wp\/v2\/categories?post=105601"},{"taxonomy":"post_tag","embeddable":true,"href":"https:\/\/www.blogsoestado.com\/danielmatos\/wp-json\/wp\/v2\/tags?post=105601"}],"curies":[{"name":"wp","href":"https:\/\/api.w.org\/{rel}","templated":true}]}}