{"id":105610,"date":"2023-02-01T08:58:03","date_gmt":"2023-02-01T11:58:03","guid":{"rendered":"https:\/\/www.blogsoestado.com\/danielmatos\/?p=105610"},"modified":"2023-02-01T08:58:03","modified_gmt":"2023-02-01T11:58:03","slug":"paulo-victor-participa-de-encontro-com-presidentes-de-camaras-municipais-em-sao-luis","status":"publish","type":"post","link":"https:\/\/www.blogsoestado.com\/danielmatos\/paulo-victor-participa-de-encontro-com-presidentes-de-camaras-municipais-em-sao-luis\/","title":{"rendered":"Paulo Victor participa de encontro com presidentes de C\u00e2maras Municipais em S\u00e3o Lu\u00eds"},"content":{"rendered":"\n<p><em><strong><span class=\"has-inline-color has-vivid-red-color\">Evento com dirigentes dos Legislativos maranhenses foi realizado no audit\u00f3rio da Famem e serviu para buscar melhoria da gest\u00e3o<\/span><\/strong><\/em><\/p>\n\n\n\n<div class=\"wp-block-image\"><figure class=\"aligncenter size-large\"><a href=\"https:\/\/www.blogsoestado.com\/danielmatos\/files\/2023\/02\/Screenshot_20230201-0849582.png\"><img decoding=\"async\" src=\"https:\/\/www.blogsoestado.com\/danielmatos\/files\/2023\/02\/Screenshot_20230201-0849582.png\" alt=\"\" class=\"wp-image-105611\"\/><\/a><figcaption>Um dos objetivos do encontro foi fortalecer o Legislativo para o desenvolvimento dos munic\u00edpios (<strong>Foto: <\/strong>Lucas Alexandre Ferreira)<\/figcaption><\/figure><\/div>\n\n\n\n<p>O presidente da C\u00e2mara Municipal de S\u00e3o Lu\u00eds, vereador Paulo Victor (PCdoB), participou do VI encontro de presidentes de Casas Legislativas do Maranh\u00e3o, ocorrido na manh\u00e3 desta ter\u00e7a-feira (31\/1), no audit\u00f3rio da Federa\u00e7\u00e3o dos Munic\u00edpios do Maranh\u00e3o (Famem), na capital maranhense.&nbsp;<\/p>\n\n\n\n<p>A iniciativa foi promovida pela Uni\u00e3o de Vereadores e C\u00e2maras do Maranh\u00e3o (UVCM), em parceria com o Tribunal de Contas do Estado (TCE) e Assembleia Legislativa do Maranh\u00e3o (Alema).<\/p>\n\n\n\n<p>Segundo os organizadores, o evento busca fortalecer o Legislativo para o desenvolvimento dos munic\u00edpios, al\u00e9m da troca de experi\u00eancias entre parlamentares.<\/p>\n\n\n\n<p>\u201cEste encontro \u00e9 realizado para capacitar os vereadores e presidentes de C\u00e2mara, abordando temas como transpar\u00eancia p\u00fablica, obriga\u00e7\u00f5es do legislativo municipal, preg\u00e3o eletr\u00f4nico e elei\u00e7\u00f5es das Mesas Diretoras\u201d, declarou o presidente da UVCM, Asaf Sobrinho, que \u00e9 vereador de S\u00e3o Pedro dos Crentes.<\/p>\n\n\n\n<p>Ao destacar a participa\u00e7\u00e3o de Paulo Victor na solenidade, Asaf Sobrinho tamb\u00e9m falou que foi a primeira vez que um chefe do legislativo da capital maranhense tinha participado do ato nestes seis anos que a entidade realiza o encontro.<\/p>\n\n\n\n<p>\u201cDizer pra n\u00f3s da import\u00e2ncia da presen\u00e7a do presidente da C\u00e2mara de S\u00e3o Lu\u00eds, Paulo Victor, aqui em nosso evento, neste sexto encontro com os presidentes de C\u00e2maras do Maranh\u00e3o. Embora, com muito respeito, ainda n\u00e3o t\u00ednhamos tido a presen\u00e7a de vereadores de S\u00e3o Lu\u00eds participando dos nossos eventos. Hoje, entretanto, tivemos a satisfa\u00e7\u00e3o de contar com a participa\u00e7\u00e3o do Paulo Victor que abrilhantou com sua fala e experi\u00eancias\u201d, completou Asaf Sobrinho.<\/p>\n\n\n\n<p>Em sua primeira participa\u00e7\u00e3o no encontro, Paulo Victor iniciou falando da import\u00e2ncia em discutir, debater e ouvir os dirigentes dos Legislativos maranhenses em busca da melhoria da gest\u00e3o.<\/p>\n\n\n\n<p>\u201cEssas palestras v\u00e3o nos nortear um pouco mais e mostrar at\u00e9 onde podemos chegar, principalmente de que forma podemos melhorar e evoluir para trazer mais desenvolvimento para o nosso munic\u00edpio. Al\u00e9m disso, o encontro tamb\u00e9m serve para que possamos articular solu\u00e7\u00f5es em busca da melhoria da gest\u00e3o p\u00fablica e fortalecer a integra\u00e7\u00e3o entre as Casas Legislativas do nosso estado\u201d, declarou.<\/p>\n","protected":false},"excerpt":{"rendered":"<p>Evento com dirigentes dos Legislativos maranhenses foi realizado no audit\u00f3rio da Famem e serviu para buscar melhoria da gest\u00e3o O [&hellip;]<\/p>\n","protected":false},"author":0,"featured_media":0,"comment_status":"open","ping_status":"open","sticky":false,"template":"","format":"standard","meta":{"site-sidebar-layout":"default","site-content-layout":"","ast-site-content-layout":"default","site-content-style":"default","site-sidebar-style":"default","ast-global-header-display":"","ast-banner-title-visibility":"","ast-main-header-display":"","ast-hfb-above-header-display":"","ast-hfb-below-header-display":"","ast-hfb-mobile-header-display":"","site-post-title":"","ast-breadcrumbs-content":"","ast-featured-img":"","footer-sml-layout":"","ast-disable-related-posts":"","theme-transparent-header-meta":"","adv-header-id-meta":"","stick-header-meta":"","header-above-stick-meta":"","header-main-stick-meta":"","header-below-stick-meta":"","astra-migrate-meta-layouts":"default","ast-page-background-enabled":"default","ast-page-background-meta":{"desktop":{"background-color":"var(--ast-global-color-5)","background-image":"","background-repeat":"repeat","background-position":"center center","background-size":"auto","background-attachment":"scroll","background-type":"","background-media":"","overlay-type":"","overlay-color":"","overlay-opacity":"","overlay-gradient":""},"tablet":{"background-color":"","background-image":"","background-repeat":"repeat","background-position":"center center","background-size":"auto","background-attachment":"scroll","background-type":"","background-media":"","overlay-type":"","overlay-color":"","overlay-opacity":"","overlay-gradient":""},"mobile":{"background-color":"","background-image":"","background-repeat":"repeat","background-position":"center center","background-size":"auto","background-attachment":"scroll","background-type":"","background-media":"","overlay-type":"","overlay-color":"","overlay-opacity":"","overlay-gradient":""}},"ast-content-background-meta":{"desktop":{"background-color":"var(--ast-global-color-4)","background-image":"","background-repeat":"repeat","background-position":"center center","background-size":"auto","background-attachment":"scroll","background-type":"","background-media":"","overlay-type":"","overlay-color":"","overlay-opacity":"","overlay-gradient":""},"tablet":{"background-color":"var(--ast-global-color-4)","background-image":"","background-repeat":"repeat","background-position":"center center","background-size":"auto","background-attachment":"scroll","background-type":"","background-media":"","overlay-type":"","overlay-color":"","overlay-opacity":"","overlay-gradient":""},"mobile":{"background-color":"var(--ast-global-color-4)","background-image":"","background-repeat":"repeat","background-position":"center center","background-size":"auto","background-attachment":"scroll","background-type":"","background-media":"","overlay-type":"","overlay-color":"","overlay-opacity":"","overlay-gradient":""}},"footnotes":""},"categories":[1],"tags":[],"class_list":["post-105610","post","type-post","status-publish","format-standard","hentry","category-sem-categoria"],"yoast_head":"<!-- This site is optimized with the Yoast SEO plugin v26.6 - https:\/\/yoast.com\/wordpress\/plugins\/seo\/ -->\n<title>Paulo Victor participa de encontro com presidentes de C\u00e2maras Municipais em S\u00e3o Lu\u00eds - Daniel Matos<\/title>\n<meta name=\"robots\" content=\"index, follow, max-snippet:-1, max-image-preview:large, max-video-preview:-1\" \/>\n<link rel=\"canonical\" href=\"https:\/\/www.blogsoestado.com\/danielmatos\/paulo-victor-participa-de-encontro-com-presidentes-de-camaras-municipais-em-sao-luis\/\" \/>\n<meta property=\"og:locale\" content=\"pt_BR\" \/>\n<meta property=\"og:type\" content=\"article\" \/>\n<meta property=\"og:title\" content=\"Paulo Victor participa de encontro com presidentes de C\u00e2maras Municipais em S\u00e3o Lu\u00eds - Daniel Matos\" \/>\n<meta property=\"og:description\" content=\"Evento com dirigentes dos Legislativos maranhenses foi realizado no audit\u00f3rio da Famem e serviu para buscar melhoria da gest\u00e3o O [&hellip;]\" \/>\n<meta property=\"og:url\" content=\"https:\/\/www.blogsoestado.com\/danielmatos\/paulo-victor-participa-de-encontro-com-presidentes-de-camaras-municipais-em-sao-luis\/\" \/>\n<meta property=\"og:site_name\" content=\"Daniel Matos\" \/>\n<meta property=\"article:published_time\" content=\"2023-02-01T11:58:03+00:00\" \/>\n<meta property=\"og:image\" content=\"https:\/\/www.blogsoestado.com\/danielmatos\/files\/2023\/02\/Screenshot_20230201-0849582.png\" \/>\n<meta name=\"twitter:card\" content=\"summary_large_image\" \/>\n<meta name=\"twitter:label1\" content=\"Est. tempo de leitura\" \/>\n\t<meta name=\"twitter:data1\" content=\"2 minutos\" \/>\n<script type=\"application\/ld+json\" class=\"yoast-schema-graph\">{\"@context\":\"https:\/\/schema.org\",\"@graph\":[{\"@type\":\"WebPage\",\"@id\":\"https:\/\/www.blogsoestado.com\/danielmatos\/paulo-victor-participa-de-encontro-com-presidentes-de-camaras-municipais-em-sao-luis\/\",\"url\":\"https:\/\/www.blogsoestado.com\/danielmatos\/paulo-victor-participa-de-encontro-com-presidentes-de-camaras-municipais-em-sao-luis\/\",\"name\":\"Paulo Victor participa de encontro com presidentes de C\u00e2maras Municipais em S\u00e3o Lu\u00eds - Daniel Matos\",\"isPartOf\":{\"@id\":\"https:\/\/www.blogsoestado.com\/danielmatos\/#website\"},\"primaryImageOfPage\":{\"@id\":\"https:\/\/www.blogsoestado.com\/danielmatos\/paulo-victor-participa-de-encontro-com-presidentes-de-camaras-municipais-em-sao-luis\/#primaryimage\"},\"image\":{\"@id\":\"https:\/\/www.blogsoestado.com\/danielmatos\/paulo-victor-participa-de-encontro-com-presidentes-de-camaras-municipais-em-sao-luis\/#primaryimage\"},\"thumbnailUrl\":\"https:\/\/www.blogsoestado.com\/danielmatos\/files\/2023\/02\/Screenshot_20230201-0849582.png\",\"datePublished\":\"2023-02-01T11:58:03+00:00\",\"author\":{\"@id\":\"\"},\"breadcrumb\":{\"@id\":\"https:\/\/www.blogsoestado.com\/danielmatos\/paulo-victor-participa-de-encontro-com-presidentes-de-camaras-municipais-em-sao-luis\/#breadcrumb\"},\"inLanguage\":\"pt-BR\",\"potentialAction\":[{\"@type\":\"ReadAction\",\"target\":[\"https:\/\/www.blogsoestado.com\/danielmatos\/paulo-victor-participa-de-encontro-com-presidentes-de-camaras-municipais-em-sao-luis\/\"]}]},{\"@type\":\"ImageObject\",\"inLanguage\":\"pt-BR\",\"@id\":\"https:\/\/www.blogsoestado.com\/danielmatos\/paulo-victor-participa-de-encontro-com-presidentes-de-camaras-municipais-em-sao-luis\/#primaryimage\",\"url\":\"https:\/\/www.blogsoestado.com\/danielmatos\/files\/2023\/02\/Screenshot_20230201-0849582.png\",\"contentUrl\":\"https:\/\/www.blogsoestado.com\/danielmatos\/files\/2023\/02\/Screenshot_20230201-0849582.png\"},{\"@type\":\"BreadcrumbList\",\"@id\":\"https:\/\/www.blogsoestado.com\/danielmatos\/paulo-victor-participa-de-encontro-com-presidentes-de-camaras-municipais-em-sao-luis\/#breadcrumb\",\"itemListElement\":[{\"@type\":\"ListItem\",\"position\":1,\"name\":\"In\u00edcio\",\"item\":\"https:\/\/www.blogsoestado.com\/danielmatos\/\"},{\"@type\":\"ListItem\",\"position\":2,\"name\":\"Paulo Victor participa de encontro com presidentes de C\u00e2maras Municipais em S\u00e3o Lu\u00eds\"}]},{\"@type\":\"WebSite\",\"@id\":\"https:\/\/www.blogsoestado.com\/danielmatos\/#website\",\"url\":\"https:\/\/www.blogsoestado.com\/danielmatos\/\",\"name\":\"Daniel Matos\",\"description\":\"\",\"potentialAction\":[{\"@type\":\"SearchAction\",\"target\":{\"@type\":\"EntryPoint\",\"urlTemplate\":\"https:\/\/www.blogsoestado.com\/danielmatos\/?s={search_term_string}\"},\"query-input\":{\"@type\":\"PropertyValueSpecification\",\"valueRequired\":true,\"valueName\":\"search_term_string\"}}],\"inLanguage\":\"pt-BR\"}]}<\/script>\n<!-- \/ Yoast SEO plugin. -->","yoast_head_json":{"title":"Paulo Victor participa de encontro com presidentes de C\u00e2maras Municipais em S\u00e3o Lu\u00eds - Daniel Matos","robots":{"index":"index","follow":"follow","max-snippet":"max-snippet:-1","max-image-preview":"max-image-preview:large","max-video-preview":"max-video-preview:-1"},"canonical":"https:\/\/www.blogsoestado.com\/danielmatos\/paulo-victor-participa-de-encontro-com-presidentes-de-camaras-municipais-em-sao-luis\/","og_locale":"pt_BR","og_type":"article","og_title":"Paulo Victor participa de encontro com presidentes de C\u00e2maras Municipais em S\u00e3o Lu\u00eds - Daniel Matos","og_description":"Evento com dirigentes dos Legislativos maranhenses foi realizado no audit\u00f3rio da Famem e serviu para buscar melhoria da gest\u00e3o O [&hellip;]","og_url":"https:\/\/www.blogsoestado.com\/danielmatos\/paulo-victor-participa-de-encontro-com-presidentes-de-camaras-municipais-em-sao-luis\/","og_site_name":"Daniel Matos","article_published_time":"2023-02-01T11:58:03+00:00","og_image":[{"url":"https:\/\/www.blogsoestado.com\/danielmatos\/files\/2023\/02\/Screenshot_20230201-0849582.png","type":"","width":"","height":""}],"twitter_card":"summary_large_image","twitter_misc":{"Est. tempo de leitura":"2 minutos"},"schema":{"@context":"https:\/\/schema.org","@graph":[{"@type":"WebPage","@id":"https:\/\/www.blogsoestado.com\/danielmatos\/paulo-victor-participa-de-encontro-com-presidentes-de-camaras-municipais-em-sao-luis\/","url":"https:\/\/www.blogsoestado.com\/danielmatos\/paulo-victor-participa-de-encontro-com-presidentes-de-camaras-municipais-em-sao-luis\/","name":"Paulo Victor participa de encontro com presidentes de C\u00e2maras Municipais em S\u00e3o Lu\u00eds - Daniel Matos","isPartOf":{"@id":"https:\/\/www.blogsoestado.com\/danielmatos\/#website"},"primaryImageOfPage":{"@id":"https:\/\/www.blogsoestado.com\/danielmatos\/paulo-victor-participa-de-encontro-com-presidentes-de-camaras-municipais-em-sao-luis\/#primaryimage"},"image":{"@id":"https:\/\/www.blogsoestado.com\/danielmatos\/paulo-victor-participa-de-encontro-com-presidentes-de-camaras-municipais-em-sao-luis\/#primaryimage"},"thumbnailUrl":"https:\/\/www.blogsoestado.com\/danielmatos\/files\/2023\/02\/Screenshot_20230201-0849582.png","datePublished":"2023-02-01T11:58:03+00:00","author":{"@id":""},"breadcrumb":{"@id":"https:\/\/www.blogsoestado.com\/danielmatos\/paulo-victor-participa-de-encontro-com-presidentes-de-camaras-municipais-em-sao-luis\/#breadcrumb"},"inLanguage":"pt-BR","potentialAction":[{"@type":"ReadAction","target":["https:\/\/www.blogsoestado.com\/danielmatos\/paulo-victor-participa-de-encontro-com-presidentes-de-camaras-municipais-em-sao-luis\/"]}]},{"@type":"ImageObject","inLanguage":"pt-BR","@id":"https:\/\/www.blogsoestado.com\/danielmatos\/paulo-victor-participa-de-encontro-com-presidentes-de-camaras-municipais-em-sao-luis\/#primaryimage","url":"https:\/\/www.blogsoestado.com\/danielmatos\/files\/2023\/02\/Screenshot_20230201-0849582.png","contentUrl":"https:\/\/www.blogsoestado.com\/danielmatos\/files\/2023\/02\/Screenshot_20230201-0849582.png"},{"@type":"BreadcrumbList","@id":"https:\/\/www.blogsoestado.com\/danielmatos\/paulo-victor-participa-de-encontro-com-presidentes-de-camaras-municipais-em-sao-luis\/#breadcrumb","itemListElement":[{"@type":"ListItem","position":1,"name":"In\u00edcio","item":"https:\/\/www.blogsoestado.com\/danielmatos\/"},{"@type":"ListItem","position":2,"name":"Paulo Victor participa de encontro com presidentes de C\u00e2maras Municipais em S\u00e3o Lu\u00eds"}]},{"@type":"WebSite","@id":"https:\/\/www.blogsoestado.com\/danielmatos\/#website","url":"https:\/\/www.blogsoestado.com\/danielmatos\/","name":"Daniel Matos","description":"","potentialAction":[{"@type":"SearchAction","target":{"@type":"EntryPoint","urlTemplate":"https:\/\/www.blogsoestado.com\/danielmatos\/?s={search_term_string}"},"query-input":{"@type":"PropertyValueSpecification","valueRequired":true,"valueName":"search_term_string"}}],"inLanguage":"pt-BR"}]}},"jetpack_featured_media_url":"","_links":{"self":[{"href":"https:\/\/www.blogsoestado.com\/danielmatos\/wp-json\/wp\/v2\/posts\/105610","targetHints":{"allow":["GET"]}}],"collection":[{"href":"https:\/\/www.blogsoestado.com\/danielmatos\/wp-json\/wp\/v2\/posts"}],"about":[{"href":"https:\/\/www.blogsoestado.com\/danielmatos\/wp-json\/wp\/v2\/types\/post"}],"replies":[{"embeddable":true,"href":"https:\/\/www.blogsoestado.com\/danielmatos\/wp-json\/wp\/v2\/comments?post=105610"}],"version-history":[{"count":0,"href":"https:\/\/www.blogsoestado.com\/danielmatos\/wp-json\/wp\/v2\/posts\/105610\/revisions"}],"wp:attachment":[{"href":"https:\/\/www.blogsoestado.com\/danielmatos\/wp-json\/wp\/v2\/media?parent=105610"}],"wp:term":[{"taxonomy":"category","embeddable":true,"href":"https:\/\/www.blogsoestado.com\/danielmatos\/wp-json\/wp\/v2\/categories?post=105610"},{"taxonomy":"post_tag","embeddable":true,"href":"https:\/\/www.blogsoestado.com\/danielmatos\/wp-json\/wp\/v2\/tags?post=105610"}],"curies":[{"name":"wp","href":"https:\/\/api.w.org\/{rel}","templated":true}]}}