{"id":105617,"date":"2023-02-01T15:57:15","date_gmt":"2023-02-01T18:57:15","guid":{"rendered":"https:\/\/www.blogsoestado.com\/danielmatos\/?p=105617"},"modified":"2023-02-01T15:57:15","modified_gmt":"2023-02-01T18:57:15","slug":"amanda-gentil-toma-posse-como-a-deputada-federal-mais-jovem-do-brasil","status":"publish","type":"post","link":"https:\/\/www.blogsoestado.com\/danielmatos\/amanda-gentil-toma-posse-como-a-deputada-federal-mais-jovem-do-brasil\/","title":{"rendered":"Amanda Gentil toma posse como a deputada federal mais jovem do pa\u00eds"},"content":{"rendered":"\n<div class=\"wp-block-image\"><figure class=\"aligncenter size-large\"><a href=\"https:\/\/www.blogsoestado.com\/danielmatos\/files\/2023\/02\/Screenshot_20230201-1601372.png\"><img decoding=\"async\" src=\"https:\/\/www.blogsoestado.com\/danielmatos\/files\/2023\/02\/Screenshot_20230201-1601372.png\" alt=\"\" class=\"wp-image-105620\"\/><\/a><figcaption>Amanda Gentil discursa em seu gabinete ap\u00f3s tomar posse como deputada federal, ao lado do pai, F\u00e1bio Gentil, de outros famiiiares, amigos e assessores<\/figcaption><\/figure><\/div>\n\n\n\n<p>Tomou posse, na manh\u00e3 desta quarta-feira (1\u00ba), na C\u00e2mara Federal, em Bras\u00edlia, a mais jovem deputada federal do Brasil, Amanda Gentil (PP-MA). A parlamentar convive com a pol\u00edtica desde o ber\u00e7o, pois \u00e9 filha do atual prefeito de Caxias-MA, F\u00e1bio Gentil (Republicanos), e neta do saudoso ex-deputado estadual por v\u00e1rios mandatos Jos\u00e9 Gentil Rosa, morto em 2020.<\/p>\n\n\n\n<p>A rec\u00e9m-empossada parlamentar tem a pol\u00edtica no sangue, por ser oriunda de uma fam\u00edlia tradicional de homens com trajet\u00f3ria marcante na vida p\u00fablica. O pai, F\u00e1bio Gentil, \u00e9 prefeito reeleito de Caxias. Tamb\u00e9m foi vereador do munic\u00edpio por cinco mandatos consecutivos, entre 1996 e 2016, quando foi al\u00e7ado pelo povo ao cargo de chefe do Poder Executivo municipal caxiense e reconduzido, em 2020, com quase 80% dos votos v\u00e1lidos.<\/p>\n\n\n\n<p>Amanda surge, agora, na pol\u00edtica nacional, como herdeira desse importante legado. Em 1\u00ba de outubro de 2022, aos 23 anos, foi eleita a mulher mais jovem do pa\u00eds para exercer o mandato de deputada federal na legislatura 2023\/2026, honrando, assim, o sobrenome que carrega e que tantos servi\u00e7os relevantes j\u00e1 prestou \u00e0 popula\u00e7\u00e3o do Maranh\u00e3o. Consagrada nas urnas&nbsp;com mais de 108 mil votos, Amanda ocupar\u00e1 o gabinete n\u00ba 862, no Anexo 4 da C\u00e2mara Federal.<\/p>\n\n\n\n<p>Assista aos v\u00eddeos <strong><a href=\"https:\/\/www.folhadotrabalho.com.br\/2023\/02\/do-maranhao-para-o-brasil-deputado.html?m=1\">aqui<\/a><\/strong>.<\/p>\n","protected":false},"excerpt":{"rendered":"<p>Tomou posse, na manh\u00e3 desta quarta-feira (1\u00ba), na C\u00e2mara Federal, em Bras\u00edlia, a mais jovem deputada federal do Brasil, Amanda [&hellip;]<\/p>\n","protected":false},"author":0,"featured_media":0,"comment_status":"open","ping_status":"open","sticky":false,"template":"","format":"standard","meta":{"site-sidebar-layout":"default","site-content-layout":"","ast-site-content-layout":"default","site-content-style":"default","site-sidebar-style":"default","ast-global-header-display":"","ast-banner-title-visibility":"","ast-main-header-display":"","ast-hfb-above-header-display":"","ast-hfb-below-header-display":"","ast-hfb-mobile-header-display":"","site-post-title":"","ast-breadcrumbs-content":"","ast-featured-img":"","footer-sml-layout":"","ast-disable-related-posts":"","theme-transparent-header-meta":"","adv-header-id-meta":"","stick-header-meta":"","header-above-stick-meta":"","header-main-stick-meta":"","header-below-stick-meta":"","astra-migrate-meta-layouts":"default","ast-page-background-enabled":"default","ast-page-background-meta":{"desktop":{"background-color":"var(--ast-global-color-5)","background-image":"","background-repeat":"repeat","background-position":"center center","background-size":"auto","background-attachment":"scroll","background-type":"","background-media":"","overlay-type":"","overlay-color":"","overlay-opacity":"","overlay-gradient":""},"tablet":{"background-color":"","background-image":"","background-repeat":"repeat","background-position":"center center","background-size":"auto","background-attachment":"scroll","background-type":"","background-media":"","overlay-type":"","overlay-color":"","overlay-opacity":"","overlay-gradient":""},"mobile":{"background-color":"","background-image":"","background-repeat":"repeat","background-position":"center center","background-size":"auto","background-attachment":"scroll","background-type":"","background-media":"","overlay-type":"","overlay-color":"","overlay-opacity":"","overlay-gradient":""}},"ast-content-background-meta":{"desktop":{"background-color":"var(--ast-global-color-4)","background-image":"","background-repeat":"repeat","background-position":"center center","background-size":"auto","background-attachment":"scroll","background-type":"","background-media":"","overlay-type":"","overlay-color":"","overlay-opacity":"","overlay-gradient":""},"tablet":{"background-color":"var(--ast-global-color-4)","background-image":"","background-repeat":"repeat","background-position":"center center","background-size":"auto","background-attachment":"scroll","background-type":"","background-media":"","overlay-type":"","overlay-color":"","overlay-opacity":"","overlay-gradient":""},"mobile":{"background-color":"var(--ast-global-color-4)","background-image":"","background-repeat":"repeat","background-position":"center center","background-size":"auto","background-attachment":"scroll","background-type":"","background-media":"","overlay-type":"","overlay-color":"","overlay-opacity":"","overlay-gradient":""}},"footnotes":""},"categories":[1],"tags":[],"class_list":["post-105617","post","type-post","status-publish","format-standard","hentry","category-sem-categoria"],"yoast_head":"<!-- This site is optimized with the Yoast SEO plugin v26.6 - https:\/\/yoast.com\/wordpress\/plugins\/seo\/ -->\n<title>Amanda Gentil toma posse como a deputada federal mais jovem do pa\u00eds - Daniel Matos<\/title>\n<meta name=\"robots\" content=\"index, follow, max-snippet:-1, max-image-preview:large, max-video-preview:-1\" \/>\n<link rel=\"canonical\" href=\"https:\/\/www.blogsoestado.com\/danielmatos\/amanda-gentil-toma-posse-como-a-deputada-federal-mais-jovem-do-brasil\/\" \/>\n<meta property=\"og:locale\" content=\"pt_BR\" \/>\n<meta property=\"og:type\" content=\"article\" \/>\n<meta property=\"og:title\" content=\"Amanda Gentil toma posse como a deputada federal mais jovem do pa\u00eds - Daniel Matos\" \/>\n<meta property=\"og:description\" content=\"Tomou posse, na manh\u00e3 desta quarta-feira (1\u00ba), na C\u00e2mara Federal, em Bras\u00edlia, a mais jovem deputada federal do Brasil, Amanda [&hellip;]\" \/>\n<meta property=\"og:url\" content=\"https:\/\/www.blogsoestado.com\/danielmatos\/amanda-gentil-toma-posse-como-a-deputada-federal-mais-jovem-do-brasil\/\" \/>\n<meta property=\"og:site_name\" content=\"Daniel Matos\" \/>\n<meta property=\"article:published_time\" content=\"2023-02-01T18:57:15+00:00\" \/>\n<meta property=\"og:image\" content=\"https:\/\/www.blogsoestado.com\/danielmatos\/files\/2023\/02\/Screenshot_20230201-1601372.png\" \/>\n<meta name=\"twitter:card\" content=\"summary_large_image\" \/>\n<meta name=\"twitter:label1\" content=\"Est. tempo de leitura\" \/>\n\t<meta name=\"twitter:data1\" content=\"2 minutos\" \/>\n<script type=\"application\/ld+json\" class=\"yoast-schema-graph\">{\"@context\":\"https:\/\/schema.org\",\"@graph\":[{\"@type\":\"WebPage\",\"@id\":\"https:\/\/www.blogsoestado.com\/danielmatos\/amanda-gentil-toma-posse-como-a-deputada-federal-mais-jovem-do-brasil\/\",\"url\":\"https:\/\/www.blogsoestado.com\/danielmatos\/amanda-gentil-toma-posse-como-a-deputada-federal-mais-jovem-do-brasil\/\",\"name\":\"Amanda Gentil toma posse como a deputada federal mais jovem do pa\u00eds - Daniel Matos\",\"isPartOf\":{\"@id\":\"https:\/\/www.blogsoestado.com\/danielmatos\/#website\"},\"primaryImageOfPage\":{\"@id\":\"https:\/\/www.blogsoestado.com\/danielmatos\/amanda-gentil-toma-posse-como-a-deputada-federal-mais-jovem-do-brasil\/#primaryimage\"},\"image\":{\"@id\":\"https:\/\/www.blogsoestado.com\/danielmatos\/amanda-gentil-toma-posse-como-a-deputada-federal-mais-jovem-do-brasil\/#primaryimage\"},\"thumbnailUrl\":\"https:\/\/www.blogsoestado.com\/danielmatos\/files\/2023\/02\/Screenshot_20230201-1601372.png\",\"datePublished\":\"2023-02-01T18:57:15+00:00\",\"author\":{\"@id\":\"\"},\"breadcrumb\":{\"@id\":\"https:\/\/www.blogsoestado.com\/danielmatos\/amanda-gentil-toma-posse-como-a-deputada-federal-mais-jovem-do-brasil\/#breadcrumb\"},\"inLanguage\":\"pt-BR\",\"potentialAction\":[{\"@type\":\"ReadAction\",\"target\":[\"https:\/\/www.blogsoestado.com\/danielmatos\/amanda-gentil-toma-posse-como-a-deputada-federal-mais-jovem-do-brasil\/\"]}]},{\"@type\":\"ImageObject\",\"inLanguage\":\"pt-BR\",\"@id\":\"https:\/\/www.blogsoestado.com\/danielmatos\/amanda-gentil-toma-posse-como-a-deputada-federal-mais-jovem-do-brasil\/#primaryimage\",\"url\":\"https:\/\/www.blogsoestado.com\/danielmatos\/files\/2023\/02\/Screenshot_20230201-1601372.png\",\"contentUrl\":\"https:\/\/www.blogsoestado.com\/danielmatos\/files\/2023\/02\/Screenshot_20230201-1601372.png\"},{\"@type\":\"BreadcrumbList\",\"@id\":\"https:\/\/www.blogsoestado.com\/danielmatos\/amanda-gentil-toma-posse-como-a-deputada-federal-mais-jovem-do-brasil\/#breadcrumb\",\"itemListElement\":[{\"@type\":\"ListItem\",\"position\":1,\"name\":\"In\u00edcio\",\"item\":\"https:\/\/www.blogsoestado.com\/danielmatos\/\"},{\"@type\":\"ListItem\",\"position\":2,\"name\":\"Amanda Gentil toma posse como a deputada federal mais jovem do pa\u00eds\"}]},{\"@type\":\"WebSite\",\"@id\":\"https:\/\/www.blogsoestado.com\/danielmatos\/#website\",\"url\":\"https:\/\/www.blogsoestado.com\/danielmatos\/\",\"name\":\"Daniel Matos\",\"description\":\"\",\"potentialAction\":[{\"@type\":\"SearchAction\",\"target\":{\"@type\":\"EntryPoint\",\"urlTemplate\":\"https:\/\/www.blogsoestado.com\/danielmatos\/?s={search_term_string}\"},\"query-input\":{\"@type\":\"PropertyValueSpecification\",\"valueRequired\":true,\"valueName\":\"search_term_string\"}}],\"inLanguage\":\"pt-BR\"}]}<\/script>\n<!-- \/ Yoast SEO plugin. -->","yoast_head_json":{"title":"Amanda Gentil toma posse como a deputada federal mais jovem do pa\u00eds - Daniel Matos","robots":{"index":"index","follow":"follow","max-snippet":"max-snippet:-1","max-image-preview":"max-image-preview:large","max-video-preview":"max-video-preview:-1"},"canonical":"https:\/\/www.blogsoestado.com\/danielmatos\/amanda-gentil-toma-posse-como-a-deputada-federal-mais-jovem-do-brasil\/","og_locale":"pt_BR","og_type":"article","og_title":"Amanda Gentil toma posse como a deputada federal mais jovem do pa\u00eds - Daniel Matos","og_description":"Tomou posse, na manh\u00e3 desta quarta-feira (1\u00ba), na C\u00e2mara Federal, em Bras\u00edlia, a mais jovem deputada federal do Brasil, Amanda [&hellip;]","og_url":"https:\/\/www.blogsoestado.com\/danielmatos\/amanda-gentil-toma-posse-como-a-deputada-federal-mais-jovem-do-brasil\/","og_site_name":"Daniel Matos","article_published_time":"2023-02-01T18:57:15+00:00","og_image":[{"url":"https:\/\/www.blogsoestado.com\/danielmatos\/files\/2023\/02\/Screenshot_20230201-1601372.png","type":"","width":"","height":""}],"twitter_card":"summary_large_image","twitter_misc":{"Est. tempo de leitura":"2 minutos"},"schema":{"@context":"https:\/\/schema.org","@graph":[{"@type":"WebPage","@id":"https:\/\/www.blogsoestado.com\/danielmatos\/amanda-gentil-toma-posse-como-a-deputada-federal-mais-jovem-do-brasil\/","url":"https:\/\/www.blogsoestado.com\/danielmatos\/amanda-gentil-toma-posse-como-a-deputada-federal-mais-jovem-do-brasil\/","name":"Amanda Gentil toma posse como a deputada federal mais jovem do pa\u00eds - Daniel Matos","isPartOf":{"@id":"https:\/\/www.blogsoestado.com\/danielmatos\/#website"},"primaryImageOfPage":{"@id":"https:\/\/www.blogsoestado.com\/danielmatos\/amanda-gentil-toma-posse-como-a-deputada-federal-mais-jovem-do-brasil\/#primaryimage"},"image":{"@id":"https:\/\/www.blogsoestado.com\/danielmatos\/amanda-gentil-toma-posse-como-a-deputada-federal-mais-jovem-do-brasil\/#primaryimage"},"thumbnailUrl":"https:\/\/www.blogsoestado.com\/danielmatos\/files\/2023\/02\/Screenshot_20230201-1601372.png","datePublished":"2023-02-01T18:57:15+00:00","author":{"@id":""},"breadcrumb":{"@id":"https:\/\/www.blogsoestado.com\/danielmatos\/amanda-gentil-toma-posse-como-a-deputada-federal-mais-jovem-do-brasil\/#breadcrumb"},"inLanguage":"pt-BR","potentialAction":[{"@type":"ReadAction","target":["https:\/\/www.blogsoestado.com\/danielmatos\/amanda-gentil-toma-posse-como-a-deputada-federal-mais-jovem-do-brasil\/"]}]},{"@type":"ImageObject","inLanguage":"pt-BR","@id":"https:\/\/www.blogsoestado.com\/danielmatos\/amanda-gentil-toma-posse-como-a-deputada-federal-mais-jovem-do-brasil\/#primaryimage","url":"https:\/\/www.blogsoestado.com\/danielmatos\/files\/2023\/02\/Screenshot_20230201-1601372.png","contentUrl":"https:\/\/www.blogsoestado.com\/danielmatos\/files\/2023\/02\/Screenshot_20230201-1601372.png"},{"@type":"BreadcrumbList","@id":"https:\/\/www.blogsoestado.com\/danielmatos\/amanda-gentil-toma-posse-como-a-deputada-federal-mais-jovem-do-brasil\/#breadcrumb","itemListElement":[{"@type":"ListItem","position":1,"name":"In\u00edcio","item":"https:\/\/www.blogsoestado.com\/danielmatos\/"},{"@type":"ListItem","position":2,"name":"Amanda Gentil toma posse como a deputada federal mais jovem do pa\u00eds"}]},{"@type":"WebSite","@id":"https:\/\/www.blogsoestado.com\/danielmatos\/#website","url":"https:\/\/www.blogsoestado.com\/danielmatos\/","name":"Daniel Matos","description":"","potentialAction":[{"@type":"SearchAction","target":{"@type":"EntryPoint","urlTemplate":"https:\/\/www.blogsoestado.com\/danielmatos\/?s={search_term_string}"},"query-input":{"@type":"PropertyValueSpecification","valueRequired":true,"valueName":"search_term_string"}}],"inLanguage":"pt-BR"}]}},"jetpack_featured_media_url":"","_links":{"self":[{"href":"https:\/\/www.blogsoestado.com\/danielmatos\/wp-json\/wp\/v2\/posts\/105617","targetHints":{"allow":["GET"]}}],"collection":[{"href":"https:\/\/www.blogsoestado.com\/danielmatos\/wp-json\/wp\/v2\/posts"}],"about":[{"href":"https:\/\/www.blogsoestado.com\/danielmatos\/wp-json\/wp\/v2\/types\/post"}],"replies":[{"embeddable":true,"href":"https:\/\/www.blogsoestado.com\/danielmatos\/wp-json\/wp\/v2\/comments?post=105617"}],"version-history":[{"count":0,"href":"https:\/\/www.blogsoestado.com\/danielmatos\/wp-json\/wp\/v2\/posts\/105617\/revisions"}],"wp:attachment":[{"href":"https:\/\/www.blogsoestado.com\/danielmatos\/wp-json\/wp\/v2\/media?parent=105617"}],"wp:term":[{"taxonomy":"category","embeddable":true,"href":"https:\/\/www.blogsoestado.com\/danielmatos\/wp-json\/wp\/v2\/categories?post=105617"},{"taxonomy":"post_tag","embeddable":true,"href":"https:\/\/www.blogsoestado.com\/danielmatos\/wp-json\/wp\/v2\/tags?post=105617"}],"curies":[{"name":"wp","href":"https:\/\/api.w.org\/{rel}","templated":true}]}}