{"id":105623,"date":"2023-02-01T16:52:03","date_gmt":"2023-02-01T19:52:03","guid":{"rendered":"https:\/\/www.blogsoestado.com\/danielmatos\/?p=105623"},"modified":"2023-02-01T16:52:03","modified_gmt":"2023-02-01T19:52:03","slug":"com-carisma-e-compromisso-com-o-maranhao-deputada-daniella-toma-posse-do-segundo-mandato","status":"publish","type":"post","link":"https:\/\/www.blogsoestado.com\/danielmatos\/com-carisma-e-compromisso-com-o-maranhao-deputada-daniella-toma-posse-do-segundo-mandato\/","title":{"rendered":"Com carisma e compromisso com o Maranh\u00e3o, deputada Daniella toma posse do segundo mandato"},"content":{"rendered":"\n<div class=\"wp-block-image\"><figure class=\"aligncenter size-large\"><a href=\"https:\/\/www.blogsoestado.com\/danielmatos\/files\/2023\/02\/Screenshot_20230201-1633032.png\"><img decoding=\"async\" src=\"https:\/\/www.blogsoestado.com\/danielmatos\/files\/2023\/02\/Screenshot_20230201-1633032.png\" alt=\"\" class=\"wp-image-105624\"\/><\/a><figcaption>Daniella reafirmou, em discurso na tribuna, o seu compromisso de trabalhar pelo Maranh\u00e3o, dando aten\u00e7\u00e3o especial \u00e0s pol\u00edticas de defesa dos direitos das mulheres <\/figcaption><\/figure><\/div>\n\n\n\n<p>Reeleita para o seu segundo mandato na Assembleia Legislativa do Estado do Maranh\u00e3o, a deputada estadual Daniella, chegou para sua posse nesta quarta-feira (1\u00b0) esbanjando todo o carisma que lhe \u00e9 costumeiro.<\/p>\n\n\n\n<div class=\"wp-block-image\"><figure class=\"aligncenter size-large\"><a href=\"https:\/\/www.blogsoestado.com\/danielmatos\/files\/2023\/02\/Screenshot_20230201-1634322.png\"><img decoding=\"async\" src=\"https:\/\/www.blogsoestado.com\/danielmatos\/files\/2023\/02\/Screenshot_20230201-1634322.png\" alt=\"\" class=\"wp-image-105625\"\/><\/a><figcaption>A deputada Daniella com a nova presidente da Assembleia Legislativa do Maranh\u00e3o, Iracema Vale<\/figcaption><\/figure><\/div>\n\n\n\n<p>Lideran\u00e7as, familiares e pol\u00edticos de diversas partes do estado do Maranh\u00e3o prestigiaram sua posse.<\/p>\n\n\n\n<div class=\"wp-block-image\"><figure class=\"aligncenter size-large\"><a href=\"https:\/\/www.blogsoestado.com\/danielmatos\/files\/2023\/02\/Screenshot_20230201-1635082.png\"><img decoding=\"async\" src=\"https:\/\/www.blogsoestado.com\/danielmatos\/files\/2023\/02\/Screenshot_20230201-1635082.png\" alt=\"\" class=\"wp-image-105626\"\/><\/a><figcaption>Daniella com os pais e as irm\u00e3s na sess\u00e3o em que foi empossada para exercer o segundo mandato de deputada estadual<\/figcaption><\/figure><\/div>\n\n\n\n<p>Daniella, al\u00e9m de assumir um segundo mandato, continuar\u00e1 comandando a Procuradoria da Mulher na Assembleia Legislativa do Estado, mostrando seu papel de luta em defesa dos direitos das mulheres, que lhe deu muita proje\u00e7\u00e3o.<\/p>\n\n\n\n<div class=\"wp-block-image\"><figure class=\"aligncenter size-large\"><a href=\"https:\/\/www.blogsoestado.com\/danielmatos\/files\/2023\/02\/Screenshot_20230201-1635462.png\"><img decoding=\"async\" src=\"https:\/\/www.blogsoestado.com\/danielmatos\/files\/2023\/02\/Screenshot_20230201-1635462.png\" alt=\"\" class=\"wp-image-105627\"\/><\/a><figcaption>A parlamentar ergue as m\u00e3os para os c\u00e9us em sinal de agradecimento a Deus por ter sido reconduzida \u00e0 Assembleia Legislativa<\/figcaption><\/figure><\/div>\n\n\n\n<p>Como sequ\u00eancia de sua trajet\u00f3ria, a deputada far\u00e1 este mandato com mais embasamento e experi\u00eancia adquirida, atrav\u00e9s de sua desenvoltura pol\u00edtica, que a levou a ser reeleita com expressiva vota\u00e7\u00e3o em diversas cidades do Estado.<\/p>\n\n\n\n<div class=\"wp-block-image\"><figure class=\"aligncenter size-large\"><a href=\"https:\/\/www.blogsoestado.com\/danielmatos\/files\/2023\/02\/Screenshot_20230201-1632342.png\"><img decoding=\"async\" src=\"https:\/\/www.blogsoestado.com\/danielmatos\/files\/2023\/02\/Screenshot_20230201-1632342.png\" alt=\"\" class=\"wp-image-105628\"\/><\/a><figcaption>A deputada estadual Daniella em seu gabinete com familiares, amigos, apoiadores e assessores<\/figcaption><\/figure><\/div>\n\n\n\n<p>Com o carisma que lhe \u00e9 peculiar e agora bem mais experiente, a deputada mostra que as mulheres ter\u00e3o a garantia da defesa de seus direitos, e j\u00e1 avisou: &#8220;Sou pol\u00edtica e mulher que n\u00e3o foge da luta!&#8221;.<\/p>\n","protected":false},"excerpt":{"rendered":"<p>Reeleita para o seu segundo mandato na Assembleia Legislativa do Estado do Maranh\u00e3o, a deputada estadual Daniella, chegou para sua [&hellip;]<\/p>\n","protected":false},"author":0,"featured_media":0,"comment_status":"open","ping_status":"open","sticky":false,"template":"","format":"standard","meta":{"site-sidebar-layout":"default","site-content-layout":"","ast-site-content-layout":"default","site-content-style":"default","site-sidebar-style":"default","ast-global-header-display":"","ast-banner-title-visibility":"","ast-main-header-display":"","ast-hfb-above-header-display":"","ast-hfb-below-header-display":"","ast-hfb-mobile-header-display":"","site-post-title":"","ast-breadcrumbs-content":"","ast-featured-img":"","footer-sml-layout":"","ast-disable-related-posts":"","theme-transparent-header-meta":"","adv-header-id-meta":"","stick-header-meta":"","header-above-stick-meta":"","header-main-stick-meta":"","header-below-stick-meta":"","astra-migrate-meta-layouts":"default","ast-page-background-enabled":"default","ast-page-background-meta":{"desktop":{"background-color":"var(--ast-global-color-5)","background-image":"","background-repeat":"repeat","background-position":"center center","background-size":"auto","background-attachment":"scroll","background-type":"","background-media":"","overlay-type":"","overlay-color":"","overlay-opacity":"","overlay-gradient":""},"tablet":{"background-color":"","background-image":"","background-repeat":"repeat","background-position":"center center","background-size":"auto","background-attachment":"scroll","background-type":"","background-media":"","overlay-type":"","overlay-color":"","overlay-opacity":"","overlay-gradient":""},"mobile":{"background-color":"","background-image":"","background-repeat":"repeat","background-position":"center center","background-size":"auto","background-attachment":"scroll","background-type":"","background-media":"","overlay-type":"","overlay-color":"","overlay-opacity":"","overlay-gradient":""}},"ast-content-background-meta":{"desktop":{"background-color":"var(--ast-global-color-4)","background-image":"","background-repeat":"repeat","background-position":"center center","background-size":"auto","background-attachment":"scroll","background-type":"","background-media":"","overlay-type":"","overlay-color":"","overlay-opacity":"","overlay-gradient":""},"tablet":{"background-color":"var(--ast-global-color-4)","background-image":"","background-repeat":"repeat","background-position":"center center","background-size":"auto","background-attachment":"scroll","background-type":"","background-media":"","overlay-type":"","overlay-color":"","overlay-opacity":"","overlay-gradient":""},"mobile":{"background-color":"var(--ast-global-color-4)","background-image":"","background-repeat":"repeat","background-position":"center center","background-size":"auto","background-attachment":"scroll","background-type":"","background-media":"","overlay-type":"","overlay-color":"","overlay-opacity":"","overlay-gradient":""}},"footnotes":""},"categories":[1],"tags":[],"class_list":["post-105623","post","type-post","status-publish","format-standard","hentry","category-sem-categoria"],"yoast_head":"<!-- This site is optimized with the Yoast SEO plugin v26.6 - https:\/\/yoast.com\/wordpress\/plugins\/seo\/ -->\n<title>Com carisma e compromisso com o Maranh\u00e3o, deputada Daniella toma posse do segundo mandato - Daniel Matos<\/title>\n<meta name=\"robots\" content=\"index, follow, max-snippet:-1, max-image-preview:large, max-video-preview:-1\" \/>\n<link rel=\"canonical\" href=\"https:\/\/www.blogsoestado.com\/danielmatos\/com-carisma-e-compromisso-com-o-maranhao-deputada-daniella-toma-posse-do-segundo-mandato\/\" \/>\n<meta property=\"og:locale\" content=\"pt_BR\" \/>\n<meta property=\"og:type\" content=\"article\" \/>\n<meta property=\"og:title\" content=\"Com carisma e compromisso com o Maranh\u00e3o, deputada Daniella toma posse do segundo mandato - Daniel Matos\" \/>\n<meta property=\"og:description\" content=\"Reeleita para o seu segundo mandato na Assembleia Legislativa do Estado do Maranh\u00e3o, a deputada estadual Daniella, chegou para sua [&hellip;]\" \/>\n<meta property=\"og:url\" content=\"https:\/\/www.blogsoestado.com\/danielmatos\/com-carisma-e-compromisso-com-o-maranhao-deputada-daniella-toma-posse-do-segundo-mandato\/\" \/>\n<meta property=\"og:site_name\" content=\"Daniel Matos\" \/>\n<meta property=\"article:published_time\" content=\"2023-02-01T19:52:03+00:00\" \/>\n<meta property=\"og:image\" content=\"https:\/\/www.blogsoestado.com\/danielmatos\/files\/2023\/02\/Screenshot_20230201-1633032.png\" \/>\n<meta name=\"twitter:card\" content=\"summary_large_image\" \/>\n<meta name=\"twitter:label1\" content=\"Est. tempo de leitura\" \/>\n\t<meta name=\"twitter:data1\" content=\"3 minutos\" \/>\n<script type=\"application\/ld+json\" class=\"yoast-schema-graph\">{\"@context\":\"https:\/\/schema.org\",\"@graph\":[{\"@type\":\"WebPage\",\"@id\":\"https:\/\/www.blogsoestado.com\/danielmatos\/com-carisma-e-compromisso-com-o-maranhao-deputada-daniella-toma-posse-do-segundo-mandato\/\",\"url\":\"https:\/\/www.blogsoestado.com\/danielmatos\/com-carisma-e-compromisso-com-o-maranhao-deputada-daniella-toma-posse-do-segundo-mandato\/\",\"name\":\"Com carisma e compromisso com o Maranh\u00e3o, deputada Daniella toma posse do segundo mandato - Daniel Matos\",\"isPartOf\":{\"@id\":\"https:\/\/www.blogsoestado.com\/danielmatos\/#website\"},\"primaryImageOfPage\":{\"@id\":\"https:\/\/www.blogsoestado.com\/danielmatos\/com-carisma-e-compromisso-com-o-maranhao-deputada-daniella-toma-posse-do-segundo-mandato\/#primaryimage\"},\"image\":{\"@id\":\"https:\/\/www.blogsoestado.com\/danielmatos\/com-carisma-e-compromisso-com-o-maranhao-deputada-daniella-toma-posse-do-segundo-mandato\/#primaryimage\"},\"thumbnailUrl\":\"https:\/\/www.blogsoestado.com\/danielmatos\/files\/2023\/02\/Screenshot_20230201-1633032.png\",\"datePublished\":\"2023-02-01T19:52:03+00:00\",\"author\":{\"@id\":\"\"},\"breadcrumb\":{\"@id\":\"https:\/\/www.blogsoestado.com\/danielmatos\/com-carisma-e-compromisso-com-o-maranhao-deputada-daniella-toma-posse-do-segundo-mandato\/#breadcrumb\"},\"inLanguage\":\"pt-BR\",\"potentialAction\":[{\"@type\":\"ReadAction\",\"target\":[\"https:\/\/www.blogsoestado.com\/danielmatos\/com-carisma-e-compromisso-com-o-maranhao-deputada-daniella-toma-posse-do-segundo-mandato\/\"]}]},{\"@type\":\"ImageObject\",\"inLanguage\":\"pt-BR\",\"@id\":\"https:\/\/www.blogsoestado.com\/danielmatos\/com-carisma-e-compromisso-com-o-maranhao-deputada-daniella-toma-posse-do-segundo-mandato\/#primaryimage\",\"url\":\"https:\/\/www.blogsoestado.com\/danielmatos\/files\/2023\/02\/Screenshot_20230201-1633032.png\",\"contentUrl\":\"https:\/\/www.blogsoestado.com\/danielmatos\/files\/2023\/02\/Screenshot_20230201-1633032.png\"},{\"@type\":\"BreadcrumbList\",\"@id\":\"https:\/\/www.blogsoestado.com\/danielmatos\/com-carisma-e-compromisso-com-o-maranhao-deputada-daniella-toma-posse-do-segundo-mandato\/#breadcrumb\",\"itemListElement\":[{\"@type\":\"ListItem\",\"position\":1,\"name\":\"In\u00edcio\",\"item\":\"https:\/\/www.blogsoestado.com\/danielmatos\/\"},{\"@type\":\"ListItem\",\"position\":2,\"name\":\"Com carisma e compromisso com o Maranh\u00e3o, deputada Daniella toma posse do segundo mandato\"}]},{\"@type\":\"WebSite\",\"@id\":\"https:\/\/www.blogsoestado.com\/danielmatos\/#website\",\"url\":\"https:\/\/www.blogsoestado.com\/danielmatos\/\",\"name\":\"Daniel Matos\",\"description\":\"\",\"potentialAction\":[{\"@type\":\"SearchAction\",\"target\":{\"@type\":\"EntryPoint\",\"urlTemplate\":\"https:\/\/www.blogsoestado.com\/danielmatos\/?s={search_term_string}\"},\"query-input\":{\"@type\":\"PropertyValueSpecification\",\"valueRequired\":true,\"valueName\":\"search_term_string\"}}],\"inLanguage\":\"pt-BR\"}]}<\/script>\n<!-- \/ Yoast SEO plugin. -->","yoast_head_json":{"title":"Com carisma e compromisso com o Maranh\u00e3o, deputada Daniella toma posse do segundo mandato - Daniel Matos","robots":{"index":"index","follow":"follow","max-snippet":"max-snippet:-1","max-image-preview":"max-image-preview:large","max-video-preview":"max-video-preview:-1"},"canonical":"https:\/\/www.blogsoestado.com\/danielmatos\/com-carisma-e-compromisso-com-o-maranhao-deputada-daniella-toma-posse-do-segundo-mandato\/","og_locale":"pt_BR","og_type":"article","og_title":"Com carisma e compromisso com o Maranh\u00e3o, deputada Daniella toma posse do segundo mandato - Daniel Matos","og_description":"Reeleita para o seu segundo mandato na Assembleia Legislativa do Estado do Maranh\u00e3o, a deputada estadual Daniella, chegou para sua [&hellip;]","og_url":"https:\/\/www.blogsoestado.com\/danielmatos\/com-carisma-e-compromisso-com-o-maranhao-deputada-daniella-toma-posse-do-segundo-mandato\/","og_site_name":"Daniel Matos","article_published_time":"2023-02-01T19:52:03+00:00","og_image":[{"url":"https:\/\/www.blogsoestado.com\/danielmatos\/files\/2023\/02\/Screenshot_20230201-1633032.png","type":"","width":"","height":""}],"twitter_card":"summary_large_image","twitter_misc":{"Est. tempo de leitura":"3 minutos"},"schema":{"@context":"https:\/\/schema.org","@graph":[{"@type":"WebPage","@id":"https:\/\/www.blogsoestado.com\/danielmatos\/com-carisma-e-compromisso-com-o-maranhao-deputada-daniella-toma-posse-do-segundo-mandato\/","url":"https:\/\/www.blogsoestado.com\/danielmatos\/com-carisma-e-compromisso-com-o-maranhao-deputada-daniella-toma-posse-do-segundo-mandato\/","name":"Com carisma e compromisso com o Maranh\u00e3o, deputada Daniella toma posse do segundo mandato - Daniel Matos","isPartOf":{"@id":"https:\/\/www.blogsoestado.com\/danielmatos\/#website"},"primaryImageOfPage":{"@id":"https:\/\/www.blogsoestado.com\/danielmatos\/com-carisma-e-compromisso-com-o-maranhao-deputada-daniella-toma-posse-do-segundo-mandato\/#primaryimage"},"image":{"@id":"https:\/\/www.blogsoestado.com\/danielmatos\/com-carisma-e-compromisso-com-o-maranhao-deputada-daniella-toma-posse-do-segundo-mandato\/#primaryimage"},"thumbnailUrl":"https:\/\/www.blogsoestado.com\/danielmatos\/files\/2023\/02\/Screenshot_20230201-1633032.png","datePublished":"2023-02-01T19:52:03+00:00","author":{"@id":""},"breadcrumb":{"@id":"https:\/\/www.blogsoestado.com\/danielmatos\/com-carisma-e-compromisso-com-o-maranhao-deputada-daniella-toma-posse-do-segundo-mandato\/#breadcrumb"},"inLanguage":"pt-BR","potentialAction":[{"@type":"ReadAction","target":["https:\/\/www.blogsoestado.com\/danielmatos\/com-carisma-e-compromisso-com-o-maranhao-deputada-daniella-toma-posse-do-segundo-mandato\/"]}]},{"@type":"ImageObject","inLanguage":"pt-BR","@id":"https:\/\/www.blogsoestado.com\/danielmatos\/com-carisma-e-compromisso-com-o-maranhao-deputada-daniella-toma-posse-do-segundo-mandato\/#primaryimage","url":"https:\/\/www.blogsoestado.com\/danielmatos\/files\/2023\/02\/Screenshot_20230201-1633032.png","contentUrl":"https:\/\/www.blogsoestado.com\/danielmatos\/files\/2023\/02\/Screenshot_20230201-1633032.png"},{"@type":"BreadcrumbList","@id":"https:\/\/www.blogsoestado.com\/danielmatos\/com-carisma-e-compromisso-com-o-maranhao-deputada-daniella-toma-posse-do-segundo-mandato\/#breadcrumb","itemListElement":[{"@type":"ListItem","position":1,"name":"In\u00edcio","item":"https:\/\/www.blogsoestado.com\/danielmatos\/"},{"@type":"ListItem","position":2,"name":"Com carisma e compromisso com o Maranh\u00e3o, deputada Daniella toma posse do segundo mandato"}]},{"@type":"WebSite","@id":"https:\/\/www.blogsoestado.com\/danielmatos\/#website","url":"https:\/\/www.blogsoestado.com\/danielmatos\/","name":"Daniel Matos","description":"","potentialAction":[{"@type":"SearchAction","target":{"@type":"EntryPoint","urlTemplate":"https:\/\/www.blogsoestado.com\/danielmatos\/?s={search_term_string}"},"query-input":{"@type":"PropertyValueSpecification","valueRequired":true,"valueName":"search_term_string"}}],"inLanguage":"pt-BR"}]}},"jetpack_featured_media_url":"","_links":{"self":[{"href":"https:\/\/www.blogsoestado.com\/danielmatos\/wp-json\/wp\/v2\/posts\/105623","targetHints":{"allow":["GET"]}}],"collection":[{"href":"https:\/\/www.blogsoestado.com\/danielmatos\/wp-json\/wp\/v2\/posts"}],"about":[{"href":"https:\/\/www.blogsoestado.com\/danielmatos\/wp-json\/wp\/v2\/types\/post"}],"replies":[{"embeddable":true,"href":"https:\/\/www.blogsoestado.com\/danielmatos\/wp-json\/wp\/v2\/comments?post=105623"}],"version-history":[{"count":0,"href":"https:\/\/www.blogsoestado.com\/danielmatos\/wp-json\/wp\/v2\/posts\/105623\/revisions"}],"wp:attachment":[{"href":"https:\/\/www.blogsoestado.com\/danielmatos\/wp-json\/wp\/v2\/media?parent=105623"}],"wp:term":[{"taxonomy":"category","embeddable":true,"href":"https:\/\/www.blogsoestado.com\/danielmatos\/wp-json\/wp\/v2\/categories?post=105623"},{"taxonomy":"post_tag","embeddable":true,"href":"https:\/\/www.blogsoestado.com\/danielmatos\/wp-json\/wp\/v2\/tags?post=105623"}],"curies":[{"name":"wp","href":"https:\/\/api.w.org\/{rel}","templated":true}]}}