{"id":105630,"date":"2023-02-01T17:57:09","date_gmt":"2023-02-01T20:57:09","guid":{"rendered":"https:\/\/www.blogsoestado.com\/danielmatos\/?p=105630"},"modified":"2023-02-01T17:57:09","modified_gmt":"2023-02-01T20:57:09","slug":"marco-historico-iracema-vale-e-a-primeira-mulher-eleita-presidente-da-assembleia-legislativa-do-maranhao","status":"publish","type":"post","link":"https:\/\/www.blogsoestado.com\/danielmatos\/marco-historico-iracema-vale-e-a-primeira-mulher-eleita-presidente-da-assembleia-legislativa-do-maranhao\/","title":{"rendered":"Marco hist\u00f3rico: Iracema Vale \u00e9 a primeira mulher eleita presidente da Assembleia Legislativa do Maranh\u00e3o"},"content":{"rendered":"\n<div class=\"wp-block-image\"><figure class=\"aligncenter size-large\"><a href=\"https:\/\/www.blogsoestado.com\/danielmatos\/files\/2023\/02\/Screenshot_20230201-1752282.png\"><img decoding=\"async\" src=\"https:\/\/www.blogsoestado.com\/danielmatos\/files\/2023\/02\/Screenshot_20230201-1752282.png\" alt=\"\" class=\"wp-image-105631\"\/><\/a><figcaption>Deputada Iracema Vale \u00e9 a primeira mulher presidente da Assembleia Legislativa do Maranh\u00e3o em quase 200 anos de funda\u00e7\u00e3o da Casa<\/figcaption><\/figure><\/div>\n\n\n\n<p>A deputada estadual Iracema Vale (PSB) foi eleita, por aclama\u00e7\u00e3o, nesta quarta-feira (1\u00ba), presidente da Assembleia Legislativa do Maranh\u00e3o. Ao assumir a fun\u00e7\u00e3o, a parlamentar se torna a primeira mulher a comandar o Legislativo maranhense, em quase duzentos anos de funda\u00e7\u00e3o da Casa. Al\u00e9m disso, a condu\u00e7\u00e3o de Iracema ao mais alto cargo da Mesa Diretora quebra outro paradigma no estado ao torn\u00e1-la, tamb\u00e9m, a primeira parlamentar de primeiro mandato a presidir o Parlamento Estadual.<\/p>\n\n\n\n<p>A elei\u00e7\u00e3o para a Mesa Diretora da Alema aconteceu logo ap\u00f3s a cerim\u00f4nia de posse dos deputados estaduais eleitos e reeleitos no pleito de outubro. O ineditismo dos atos representa um marco hist\u00f3rico para a Assembleia Legislativa do Maranh\u00e3o, o que foi amplamente exaltado pelos parlamentares presentes.<\/p>\n\n\n\n<p>&#8220;Ap\u00f3s quase dois s\u00e9culos de exist\u00eancia da Casa do Povo, ser\u00e1 a primeira vez que estaremos sendo protagonistas dessa hist\u00f3ria. \u00c9 muito importante saber ousar e&nbsp;enfrentaremos todos os desafios com coragem e determina\u00e7\u00e3o&#8221;, disse Iracema Vale.&nbsp;<\/p>\n\n\n\n<p>A nova presidente liderou a chapa \u201cUni\u00e3o pelo Maranh\u00e3o\u201d, composta ainda por Rodrigo Lago (1\u00b0 Vice-Presidente), Arnaldo Melo (2\u00b0 Vice-Presidente), Fabiana Vilar (3\u00ba Vice-Presidente), Andreia Martins (4\u00b0 Vice-Presidente), Ant\u00f4nio Pereira (1\u00b0 Secret\u00e1rio), Roberto Costa (2\u00b0 Secret\u00e1rio, Osmar Filho (3\u00b0 Secret\u00e1rio) e Guilherme Paz (4\u00b0 Secret\u00e1rio).<\/p>\n\n\n\n<p>A primeira sess\u00e3o preparat\u00f3ria foi conduzida por deputado Arnaldo Melo (PP), decano da Assembleia, auxiliado pelos deputados Andreia Resende (PL) e Ricardo Arruda (Republicanos). A solenidade seguiu o rito tradicional, com a execu\u00e7\u00e3o do hino do Maranh\u00e3o, leitura do termo de compromisso e juramento dos empossados.<\/p>\n\n\n\n<p>Ao t\u00e9rmino, o deputado Arnaldo Melo destacou a import\u00e2ncia do ato. \u201cO Poder Legislativo \u00e9 importante e soberano, pois \u00e9 quem elabora e reforma as leis que regem a vida da sociedade\u201d.<\/p>\n\n\n\n<div class=\"wp-block-image\"><figure class=\"aligncenter size-large\"><a href=\"https:\/\/www.blogsoestado.com\/danielmatos\/files\/2023\/02\/Screenshot_20230201-1754112.png\"><img decoding=\"async\" src=\"https:\/\/www.blogsoestado.com\/danielmatos\/files\/2023\/02\/Screenshot_20230201-1754112.png\" alt=\"\" class=\"wp-image-105632\"\/><\/a><figcaption>Iracema Vale durante a solenidade de posse, realizada no Plen\u00e1rio Nagib Haickel, na manh\u00e3 desta quarta-feira<\/figcaption><\/figure><\/div>\n\n\n\n<p><strong>Elei\u00e7\u00e3o<\/strong><\/p>\n\n\n\n<p>A sess\u00e3o para elei\u00e7\u00e3o da Mesa Diretora foi conduzida pelo deputado Neto Evangelista (Uni\u00e3o Brasil), auxiliado pelas deputadas Dra. Viviane (PDT), Ana do G\u00e1s (PCdoB) e Mical Damasceno (PSD).<\/p>\n\n\n\n<p>O deputado Dr. Ygl\u00e9sio (PSB), que havia registrado seu nome de forma isolada para concorrer ao cargo de 1\u00b0 Vice-Presidente, encaminhou of\u00edcio \u00e0 Mesa dos trabalhos anunciando desist\u00eancia.<\/p>\n\n\n\n<p>Neto Evangelista foi quem anunciou o resultado da elei\u00e7\u00e3o un\u00e2nime da chapa encabe\u00e7ada por Iracema Vale. A presidente eleita foi empossada e deu sequ\u00eancia aos trabalhos, auxiliada pelos 1\u00b0 e 2\u00b0 Secret\u00e1rios, Ant\u00f4nio Pereira e Roberto Costa, respectivamente.<\/p>\n\n\n\n<p>A nova presidente fez seu discurso de agradecimento e prosseguiu anunciando a reelei\u00e7\u00e3o, tamb\u00e9m por aclama\u00e7\u00e3o, da deputada Daniella (PSB) para a Procuradora da Mulher<\/p>\n","protected":false},"excerpt":{"rendered":"<p>A deputada estadual Iracema Vale (PSB) foi eleita, por aclama\u00e7\u00e3o, nesta quarta-feira (1\u00ba), presidente da Assembleia Legislativa do Maranh\u00e3o. Ao [&hellip;]<\/p>\n","protected":false},"author":0,"featured_media":0,"comment_status":"open","ping_status":"open","sticky":false,"template":"","format":"standard","meta":{"site-sidebar-layout":"default","site-content-layout":"","ast-site-content-layout":"default","site-content-style":"default","site-sidebar-style":"default","ast-global-header-display":"","ast-banner-title-visibility":"","ast-main-header-display":"","ast-hfb-above-header-display":"","ast-hfb-below-header-display":"","ast-hfb-mobile-header-display":"","site-post-title":"","ast-breadcrumbs-content":"","ast-featured-img":"","footer-sml-layout":"","ast-disable-related-posts":"","theme-transparent-header-meta":"","adv-header-id-meta":"","stick-header-meta":"","header-above-stick-meta":"","header-main-stick-meta":"","header-below-stick-meta":"","astra-migrate-meta-layouts":"default","ast-page-background-enabled":"default","ast-page-background-meta":{"desktop":{"background-color":"var(--ast-global-color-5)","background-image":"","background-repeat":"repeat","background-position":"center center","background-size":"auto","background-attachment":"scroll","background-type":"","background-media":"","overlay-type":"","overlay-color":"","overlay-opacity":"","overlay-gradient":""},"tablet":{"background-color":"","background-image":"","background-repeat":"repeat","background-position":"center center","background-size":"auto","background-attachment":"scroll","background-type":"","background-media":"","overlay-type":"","overlay-color":"","overlay-opacity":"","overlay-gradient":""},"mobile":{"background-color":"","background-image":"","background-repeat":"repeat","background-position":"center center","background-size":"auto","background-attachment":"scroll","background-type":"","background-media":"","overlay-type":"","overlay-color":"","overlay-opacity":"","overlay-gradient":""}},"ast-content-background-meta":{"desktop":{"background-color":"var(--ast-global-color-4)","background-image":"","background-repeat":"repeat","background-position":"center center","background-size":"auto","background-attachment":"scroll","background-type":"","background-media":"","overlay-type":"","overlay-color":"","overlay-opacity":"","overlay-gradient":""},"tablet":{"background-color":"var(--ast-global-color-4)","background-image":"","background-repeat":"repeat","background-position":"center center","background-size":"auto","background-attachment":"scroll","background-type":"","background-media":"","overlay-type":"","overlay-color":"","overlay-opacity":"","overlay-gradient":""},"mobile":{"background-color":"var(--ast-global-color-4)","background-image":"","background-repeat":"repeat","background-position":"center center","background-size":"auto","background-attachment":"scroll","background-type":"","background-media":"","overlay-type":"","overlay-color":"","overlay-opacity":"","overlay-gradient":""}},"footnotes":""},"categories":[1],"tags":[],"class_list":["post-105630","post","type-post","status-publish","format-standard","hentry","category-sem-categoria"],"yoast_head":"<!-- This site is optimized with the Yoast SEO plugin v26.6 - https:\/\/yoast.com\/wordpress\/plugins\/seo\/ -->\n<title>Marco hist\u00f3rico: Iracema Vale \u00e9 a primeira mulher eleita presidente da Assembleia Legislativa do Maranh\u00e3o - Daniel Matos<\/title>\n<meta name=\"robots\" content=\"index, follow, max-snippet:-1, max-image-preview:large, max-video-preview:-1\" \/>\n<link rel=\"canonical\" href=\"https:\/\/www.blogsoestado.com\/danielmatos\/marco-historico-iracema-vale-e-a-primeira-mulher-eleita-presidente-da-assembleia-legislativa-do-maranhao\/\" \/>\n<meta property=\"og:locale\" content=\"pt_BR\" \/>\n<meta property=\"og:type\" content=\"article\" \/>\n<meta property=\"og:title\" content=\"Marco hist\u00f3rico: Iracema Vale \u00e9 a primeira mulher eleita presidente da Assembleia Legislativa do Maranh\u00e3o - Daniel Matos\" \/>\n<meta property=\"og:description\" content=\"A deputada estadual Iracema Vale (PSB) foi eleita, por aclama\u00e7\u00e3o, nesta quarta-feira (1\u00ba), presidente da Assembleia Legislativa do Maranh\u00e3o. Ao [&hellip;]\" \/>\n<meta property=\"og:url\" content=\"https:\/\/www.blogsoestado.com\/danielmatos\/marco-historico-iracema-vale-e-a-primeira-mulher-eleita-presidente-da-assembleia-legislativa-do-maranhao\/\" \/>\n<meta property=\"og:site_name\" content=\"Daniel Matos\" \/>\n<meta property=\"article:published_time\" content=\"2023-02-01T20:57:09+00:00\" \/>\n<meta property=\"og:image\" content=\"https:\/\/www.blogsoestado.com\/danielmatos\/files\/2023\/02\/Screenshot_20230201-1752282.png\" \/>\n<meta name=\"twitter:card\" content=\"summary_large_image\" \/>\n<meta name=\"twitter:label1\" content=\"Est. tempo de leitura\" \/>\n\t<meta name=\"twitter:data1\" content=\"3 minutos\" \/>\n<script type=\"application\/ld+json\" class=\"yoast-schema-graph\">{\"@context\":\"https:\/\/schema.org\",\"@graph\":[{\"@type\":\"WebPage\",\"@id\":\"https:\/\/www.blogsoestado.com\/danielmatos\/marco-historico-iracema-vale-e-a-primeira-mulher-eleita-presidente-da-assembleia-legislativa-do-maranhao\/\",\"url\":\"https:\/\/www.blogsoestado.com\/danielmatos\/marco-historico-iracema-vale-e-a-primeira-mulher-eleita-presidente-da-assembleia-legislativa-do-maranhao\/\",\"name\":\"Marco hist\u00f3rico: Iracema Vale \u00e9 a primeira mulher eleita presidente da Assembleia Legislativa do Maranh\u00e3o - Daniel Matos\",\"isPartOf\":{\"@id\":\"https:\/\/www.blogsoestado.com\/danielmatos\/#website\"},\"primaryImageOfPage\":{\"@id\":\"https:\/\/www.blogsoestado.com\/danielmatos\/marco-historico-iracema-vale-e-a-primeira-mulher-eleita-presidente-da-assembleia-legislativa-do-maranhao\/#primaryimage\"},\"image\":{\"@id\":\"https:\/\/www.blogsoestado.com\/danielmatos\/marco-historico-iracema-vale-e-a-primeira-mulher-eleita-presidente-da-assembleia-legislativa-do-maranhao\/#primaryimage\"},\"thumbnailUrl\":\"https:\/\/www.blogsoestado.com\/danielmatos\/files\/2023\/02\/Screenshot_20230201-1752282.png\",\"datePublished\":\"2023-02-01T20:57:09+00:00\",\"author\":{\"@id\":\"\"},\"breadcrumb\":{\"@id\":\"https:\/\/www.blogsoestado.com\/danielmatos\/marco-historico-iracema-vale-e-a-primeira-mulher-eleita-presidente-da-assembleia-legislativa-do-maranhao\/#breadcrumb\"},\"inLanguage\":\"pt-BR\",\"potentialAction\":[{\"@type\":\"ReadAction\",\"target\":[\"https:\/\/www.blogsoestado.com\/danielmatos\/marco-historico-iracema-vale-e-a-primeira-mulher-eleita-presidente-da-assembleia-legislativa-do-maranhao\/\"]}]},{\"@type\":\"ImageObject\",\"inLanguage\":\"pt-BR\",\"@id\":\"https:\/\/www.blogsoestado.com\/danielmatos\/marco-historico-iracema-vale-e-a-primeira-mulher-eleita-presidente-da-assembleia-legislativa-do-maranhao\/#primaryimage\",\"url\":\"https:\/\/www.blogsoestado.com\/danielmatos\/files\/2023\/02\/Screenshot_20230201-1752282.png\",\"contentUrl\":\"https:\/\/www.blogsoestado.com\/danielmatos\/files\/2023\/02\/Screenshot_20230201-1752282.png\"},{\"@type\":\"BreadcrumbList\",\"@id\":\"https:\/\/www.blogsoestado.com\/danielmatos\/marco-historico-iracema-vale-e-a-primeira-mulher-eleita-presidente-da-assembleia-legislativa-do-maranhao\/#breadcrumb\",\"itemListElement\":[{\"@type\":\"ListItem\",\"position\":1,\"name\":\"In\u00edcio\",\"item\":\"https:\/\/www.blogsoestado.com\/danielmatos\/\"},{\"@type\":\"ListItem\",\"position\":2,\"name\":\"Marco hist\u00f3rico: Iracema Vale \u00e9 a primeira mulher eleita presidente da Assembleia Legislativa do Maranh\u00e3o\"}]},{\"@type\":\"WebSite\",\"@id\":\"https:\/\/www.blogsoestado.com\/danielmatos\/#website\",\"url\":\"https:\/\/www.blogsoestado.com\/danielmatos\/\",\"name\":\"Daniel Matos\",\"description\":\"\",\"potentialAction\":[{\"@type\":\"SearchAction\",\"target\":{\"@type\":\"EntryPoint\",\"urlTemplate\":\"https:\/\/www.blogsoestado.com\/danielmatos\/?s={search_term_string}\"},\"query-input\":{\"@type\":\"PropertyValueSpecification\",\"valueRequired\":true,\"valueName\":\"search_term_string\"}}],\"inLanguage\":\"pt-BR\"}]}<\/script>\n<!-- \/ Yoast SEO plugin. -->","yoast_head_json":{"title":"Marco hist\u00f3rico: Iracema Vale \u00e9 a primeira mulher eleita presidente da Assembleia Legislativa do Maranh\u00e3o - Daniel Matos","robots":{"index":"index","follow":"follow","max-snippet":"max-snippet:-1","max-image-preview":"max-image-preview:large","max-video-preview":"max-video-preview:-1"},"canonical":"https:\/\/www.blogsoestado.com\/danielmatos\/marco-historico-iracema-vale-e-a-primeira-mulher-eleita-presidente-da-assembleia-legislativa-do-maranhao\/","og_locale":"pt_BR","og_type":"article","og_title":"Marco hist\u00f3rico: Iracema Vale \u00e9 a primeira mulher eleita presidente da Assembleia Legislativa do Maranh\u00e3o - Daniel Matos","og_description":"A deputada estadual Iracema Vale (PSB) foi eleita, por aclama\u00e7\u00e3o, nesta quarta-feira (1\u00ba), presidente da Assembleia Legislativa do Maranh\u00e3o. Ao [&hellip;]","og_url":"https:\/\/www.blogsoestado.com\/danielmatos\/marco-historico-iracema-vale-e-a-primeira-mulher-eleita-presidente-da-assembleia-legislativa-do-maranhao\/","og_site_name":"Daniel Matos","article_published_time":"2023-02-01T20:57:09+00:00","og_image":[{"url":"https:\/\/www.blogsoestado.com\/danielmatos\/files\/2023\/02\/Screenshot_20230201-1752282.png","type":"","width":"","height":""}],"twitter_card":"summary_large_image","twitter_misc":{"Est. tempo de leitura":"3 minutos"},"schema":{"@context":"https:\/\/schema.org","@graph":[{"@type":"WebPage","@id":"https:\/\/www.blogsoestado.com\/danielmatos\/marco-historico-iracema-vale-e-a-primeira-mulher-eleita-presidente-da-assembleia-legislativa-do-maranhao\/","url":"https:\/\/www.blogsoestado.com\/danielmatos\/marco-historico-iracema-vale-e-a-primeira-mulher-eleita-presidente-da-assembleia-legislativa-do-maranhao\/","name":"Marco hist\u00f3rico: Iracema Vale \u00e9 a primeira mulher eleita presidente da Assembleia Legislativa do Maranh\u00e3o - Daniel Matos","isPartOf":{"@id":"https:\/\/www.blogsoestado.com\/danielmatos\/#website"},"primaryImageOfPage":{"@id":"https:\/\/www.blogsoestado.com\/danielmatos\/marco-historico-iracema-vale-e-a-primeira-mulher-eleita-presidente-da-assembleia-legislativa-do-maranhao\/#primaryimage"},"image":{"@id":"https:\/\/www.blogsoestado.com\/danielmatos\/marco-historico-iracema-vale-e-a-primeira-mulher-eleita-presidente-da-assembleia-legislativa-do-maranhao\/#primaryimage"},"thumbnailUrl":"https:\/\/www.blogsoestado.com\/danielmatos\/files\/2023\/02\/Screenshot_20230201-1752282.png","datePublished":"2023-02-01T20:57:09+00:00","author":{"@id":""},"breadcrumb":{"@id":"https:\/\/www.blogsoestado.com\/danielmatos\/marco-historico-iracema-vale-e-a-primeira-mulher-eleita-presidente-da-assembleia-legislativa-do-maranhao\/#breadcrumb"},"inLanguage":"pt-BR","potentialAction":[{"@type":"ReadAction","target":["https:\/\/www.blogsoestado.com\/danielmatos\/marco-historico-iracema-vale-e-a-primeira-mulher-eleita-presidente-da-assembleia-legislativa-do-maranhao\/"]}]},{"@type":"ImageObject","inLanguage":"pt-BR","@id":"https:\/\/www.blogsoestado.com\/danielmatos\/marco-historico-iracema-vale-e-a-primeira-mulher-eleita-presidente-da-assembleia-legislativa-do-maranhao\/#primaryimage","url":"https:\/\/www.blogsoestado.com\/danielmatos\/files\/2023\/02\/Screenshot_20230201-1752282.png","contentUrl":"https:\/\/www.blogsoestado.com\/danielmatos\/files\/2023\/02\/Screenshot_20230201-1752282.png"},{"@type":"BreadcrumbList","@id":"https:\/\/www.blogsoestado.com\/danielmatos\/marco-historico-iracema-vale-e-a-primeira-mulher-eleita-presidente-da-assembleia-legislativa-do-maranhao\/#breadcrumb","itemListElement":[{"@type":"ListItem","position":1,"name":"In\u00edcio","item":"https:\/\/www.blogsoestado.com\/danielmatos\/"},{"@type":"ListItem","position":2,"name":"Marco hist\u00f3rico: Iracema Vale \u00e9 a primeira mulher eleita presidente da Assembleia Legislativa do Maranh\u00e3o"}]},{"@type":"WebSite","@id":"https:\/\/www.blogsoestado.com\/danielmatos\/#website","url":"https:\/\/www.blogsoestado.com\/danielmatos\/","name":"Daniel Matos","description":"","potentialAction":[{"@type":"SearchAction","target":{"@type":"EntryPoint","urlTemplate":"https:\/\/www.blogsoestado.com\/danielmatos\/?s={search_term_string}"},"query-input":{"@type":"PropertyValueSpecification","valueRequired":true,"valueName":"search_term_string"}}],"inLanguage":"pt-BR"}]}},"jetpack_featured_media_url":"","_links":{"self":[{"href":"https:\/\/www.blogsoestado.com\/danielmatos\/wp-json\/wp\/v2\/posts\/105630","targetHints":{"allow":["GET"]}}],"collection":[{"href":"https:\/\/www.blogsoestado.com\/danielmatos\/wp-json\/wp\/v2\/posts"}],"about":[{"href":"https:\/\/www.blogsoestado.com\/danielmatos\/wp-json\/wp\/v2\/types\/post"}],"replies":[{"embeddable":true,"href":"https:\/\/www.blogsoestado.com\/danielmatos\/wp-json\/wp\/v2\/comments?post=105630"}],"version-history":[{"count":0,"href":"https:\/\/www.blogsoestado.com\/danielmatos\/wp-json\/wp\/v2\/posts\/105630\/revisions"}],"wp:attachment":[{"href":"https:\/\/www.blogsoestado.com\/danielmatos\/wp-json\/wp\/v2\/media?parent=105630"}],"wp:term":[{"taxonomy":"category","embeddable":true,"href":"https:\/\/www.blogsoestado.com\/danielmatos\/wp-json\/wp\/v2\/categories?post=105630"},{"taxonomy":"post_tag","embeddable":true,"href":"https:\/\/www.blogsoestado.com\/danielmatos\/wp-json\/wp\/v2\/tags?post=105630"}],"curies":[{"name":"wp","href":"https:\/\/api.w.org\/{rel}","templated":true}]}}