{"id":105645,"date":"2023-02-02T00:33:34","date_gmt":"2023-02-02T03:33:34","guid":{"rendered":"https:\/\/www.blogsoestado.com\/danielmatos\/?p=105645"},"modified":"2023-02-02T00:33:34","modified_gmt":"2023-02-02T03:33:34","slug":"deputado-wellington-relata-perseguicao-generalizada-que-sofreu-de-flavio-dino-ao-votar-na-eleicao-da-nova-mesa-diretora-da-assembleia","status":"publish","type":"post","link":"https:\/\/www.blogsoestado.com\/danielmatos\/deputado-wellington-relata-perseguicao-generalizada-que-sofreu-de-flavio-dino-ao-votar-na-eleicao-da-nova-mesa-diretora-da-assembleia\/","title":{"rendered":"Ap\u00f3s tomar posse para 3\u00ba mandato, deputado Wellington relata persegui\u00e7\u00e3o cruel e generalizada que sofreu de Fl\u00e1vio Dino"},"content":{"rendered":"\n<div class=\"wp-block-image\"><figure class=\"aligncenter size-large\"><a href=\"https:\/\/www.blogsoestado.com\/danielmatos\/files\/2023\/02\/Screenshot_20230201-2355352.png\"><img decoding=\"async\" src=\"https:\/\/www.blogsoestado.com\/danielmatos\/files\/2023\/02\/Screenshot_20230201-2355352.png\" alt=\"\" class=\"wp-image-105646\"\/><\/a><figcaption>Ao lado da filha, Celen, Wellington do Curso relatou a persegui\u00e7\u00e3o que sofreu de Fl\u00e1vio Dino durante seus dois primeiros mandatos de deputado estadual e anunciou o seu voto na chapa liderada por Iracema Vale, aclamada presidente da Assembleia Legislativa <\/figcaption><\/figure><\/div>\n\n\n\n<p>O deputado estadual Wellington do Curso (sem partido) fez um relato emocionado sobre a persegui\u00e7\u00e3o generalizada que sofreu do ex-governador Fl\u00e1vio Dino (PSB) em seus dois primeiros mandatos, durante a sess\u00e3o realizada na manh\u00e3 desta quarta-feira (1\u00ba). Ap\u00f3s ser empossado pela terceira vez consecutiva e antes de proferir o seu voto na chapa &#8220;Uni\u00e3o pelo Maranh\u00e3o&#8221;, encabe\u00e7ada por Iracema Vale (PSB), eleita por aclama\u00e7\u00e3o presidente da Assembleia Legislativa para o bi\u00eanio 2023\/2024, o parlamentar fez um desabafo que calou o plen\u00e1rio Nagib Haickel, completamente lotado naquele momento. Ao lado da filha, Celen, e da namorada, Ana Maria, Wellington manifestou sua eterna gratid\u00e3o a Deus e \u00e0 popula\u00e7\u00e3o do Maranh\u00e3o, que o reconduziu a mais uma legislatura.<\/p>\n\n\n\n<p>Wellington ressaltou que n\u00e3o foi f\u00e1cil chegar onde chegou, por ter sido criado por m\u00e3e solteira, sem pai, estudado em escola p\u00fablica, sem sangue ou sobrenome na pol\u00edtica. &#8220;Entrei pela porta da frente desta Casa e pela terceira vez Deus me reconduziu&#8221;, assinalou.<\/p>\n\n\n\n<p>O deputado fez um breve retrospecto das dificuldades que enfrentou nos oito anos em que fez oposi\u00e7\u00e3o ao &#8220;todo-poderoso&#8221; ex-juiz federal e governador Fl\u00e1vio Dino. Ele frisou que o seu posicionamento contr\u00e1rio nada teve a ver com a pessoa f\u00edsica do ex-chede de Poder Executivo estadual, dirigindo-se ao colega de parlamento Carlos Lula (PSB), ex-secret\u00e1rio de Sa\u00fade de Dino e um dos aliados de primeira hora do senador licenciado, al\u00e7ado ao cargo de ministro da Justi\u00e7a e Seguran\u00e7a P\u00fablica pelo presidente Luiz In\u00e1cio Lula da Silva (PT).<\/p>\n\n\n\n<p>Wellington esclareceu que as duras cr\u00edticas que sempre atribuiu a Fl\u00e1vio Dino foram motivadas pelo modelo de gest\u00e3o por ele implementado no Maranh\u00e3o, que em seu ponto de vista n\u00e3o era bom para o estado. &#8220;Sempre fizemos oposi\u00e7\u00e3o com responsabilidade e com seriedade, da mesma forma como me comportei no parlamento&#8221;, afirmou.<\/p>\n\n\n\n<p><strong>Persegui\u00e7\u00e3o ao Curso Wellington e at\u00e9 \u00e0 fam\u00edlia<\/strong><\/p>\n\n\n\n<p>Segundo o deputado, n\u00e3o foi f\u00e1cil exercer os seus dois primeiros mandatos na condi\u00e7\u00e3o de opositor, pois a persegui\u00e7\u00e3o n\u00e3o se resumiu a ele, individualmente, mas tamb\u00e9m \u00e0 sua fam\u00edlia e ao trabalho que iniciou h\u00e1 tr\u00eas d\u00e9cadas na condu\u00e7\u00e3o do Curso Wellington. &#8220;Sofri muita opress\u00e3o e me deparei com muitas dificuldades. Por isso, tenho orgulho de ser deputado, pois n\u00e3o foi nada f\u00e1cil chegar at\u00e9 aqui&#8221;, enfatizou, pontuando que nunca faltou, nunca chegou atrasado e se consolidou como um dos parlamentares mais produtivos da Casa nos \u00faltimos 10 anos.<\/p>\n\n\n\n<p>Wellington do Curso fez quest\u00e3o de mencionar as categorias profissionais e segmentos da sociedade que sempre o apoiaram ao longo da sua jornada pol\u00edtica, a exemplo de enfermeiros, t\u00e9cnicos e auxiliares de enfermagem, policiais militares e servidores p\u00fablicos, por quem luta todos os dias para que sejam alcan\u00e7ados pelo poder p\u00fablico e para que tenham suas vidas transformadas. E citou nominalmente o sapateiro Tomaz e o professor Marcelo, de Bacabal, eleitores fi\u00e9is que o prestigiaram como convidados especiais na solenidade de posse.<\/p>\n\n\n\n<p>O deputado estendeu seus agradecimentos a todos os deputados que n\u00e3o conseguiram se reeleger e externou sua solidariedade aos ex-colegas. Aproveitou, ainda, para desejar sucesso \u00e0queles que renovaram os seus mandatos e aos que se elegeram pela primeira vez, dizendo estar na torcida para que tenham \u00eaxito e entendam verdadeiramente o sentido da miss\u00e3o que t\u00eam a cumprir, que \u00e9 representar o povo do Maranh\u00e3o. <\/p>\n\n\n\n<p><strong>Uni\u00e3o<\/strong><\/p>\n\n\n\n<p>Wellington pregou a uni\u00e3o na Assembleia Legislativa, li\u00e7\u00e3o que diz ter aprendido com o companheiro de plen\u00e1rio Roberto Costa t\u00e3o logo ingressou no parlamento e que assimilou como de extrema import\u00e2ncia. &#8220;Sou um deputado que n\u00e3o anda de gabinete em gabinete, com picuinhas, pelo contr\u00e1rio, sou muito respons\u00e1vel com tudo o que eu fa\u00e7o &#8220;, assegurou.<\/p>\n\n\n\n<p>Por fim, o deputado demonstrou sua gratid\u00e3o ao agora ex-presidente da Assembleia Legislativa Othelino Neto (PCdoB), seu amigo particular. &#8220;Um dos homens p\u00fablicos e democr\u00e1ticos que conheci e por quem tenho estima, carinho e respeito&#8221;, reconheceu, relembrando os pronunciamentos que fez na tribuna com duras cr\u00edticas a Fl\u00e1vio Dino enquanto Othelino presidia as sess\u00f5es. &#8220;Ele nunca me reprendeu, nem censurou minhas falas, mesmo sendo filiado ao mesmo partido do qual o ex-governador foi membro durante o maior per\u00edodo dos seus dois mandatos&#8221;, elogiou.<\/p>\n","protected":false},"excerpt":{"rendered":"<p>O deputado estadual Wellington do Curso (sem partido) fez um relato emocionado sobre a persegui\u00e7\u00e3o generalizada que sofreu do ex-governador [&hellip;]<\/p>\n","protected":false},"author":0,"featured_media":0,"comment_status":"open","ping_status":"open","sticky":false,"template":"","format":"standard","meta":{"site-sidebar-layout":"default","site-content-layout":"","ast-site-content-layout":"default","site-content-style":"default","site-sidebar-style":"default","ast-global-header-display":"","ast-banner-title-visibility":"","ast-main-header-display":"","ast-hfb-above-header-display":"","ast-hfb-below-header-display":"","ast-hfb-mobile-header-display":"","site-post-title":"","ast-breadcrumbs-content":"","ast-featured-img":"","footer-sml-layout":"","ast-disable-related-posts":"","theme-transparent-header-meta":"","adv-header-id-meta":"","stick-header-meta":"","header-above-stick-meta":"","header-main-stick-meta":"","header-below-stick-meta":"","astra-migrate-meta-layouts":"default","ast-page-background-enabled":"default","ast-page-background-meta":{"desktop":{"background-color":"var(--ast-global-color-5)","background-image":"","background-repeat":"repeat","background-position":"center center","background-size":"auto","background-attachment":"scroll","background-type":"","background-media":"","overlay-type":"","overlay-color":"","overlay-opacity":"","overlay-gradient":""},"tablet":{"background-color":"","background-image":"","background-repeat":"repeat","background-position":"center center","background-size":"auto","background-attachment":"scroll","background-type":"","background-media":"","overlay-type":"","overlay-color":"","overlay-opacity":"","overlay-gradient":""},"mobile":{"background-color":"","background-image":"","background-repeat":"repeat","background-position":"center center","background-size":"auto","background-attachment":"scroll","background-type":"","background-media":"","overlay-type":"","overlay-color":"","overlay-opacity":"","overlay-gradient":""}},"ast-content-background-meta":{"desktop":{"background-color":"var(--ast-global-color-4)","background-image":"","background-repeat":"repeat","background-position":"center center","background-size":"auto","background-attachment":"scroll","background-type":"","background-media":"","overlay-type":"","overlay-color":"","overlay-opacity":"","overlay-gradient":""},"tablet":{"background-color":"var(--ast-global-color-4)","background-image":"","background-repeat":"repeat","background-position":"center center","background-size":"auto","background-attachment":"scroll","background-type":"","background-media":"","overlay-type":"","overlay-color":"","overlay-opacity":"","overlay-gradient":""},"mobile":{"background-color":"var(--ast-global-color-4)","background-image":"","background-repeat":"repeat","background-position":"center center","background-size":"auto","background-attachment":"scroll","background-type":"","background-media":"","overlay-type":"","overlay-color":"","overlay-opacity":"","overlay-gradient":""}},"footnotes":""},"categories":[1],"tags":[],"class_list":["post-105645","post","type-post","status-publish","format-standard","hentry","category-sem-categoria"],"yoast_head":"<!-- This site is optimized with the Yoast SEO plugin v26.6 - https:\/\/yoast.com\/wordpress\/plugins\/seo\/ -->\n<title>Ap\u00f3s tomar posse para 3\u00ba mandato, deputado Wellington relata persegui\u00e7\u00e3o cruel e generalizada que sofreu de Fl\u00e1vio Dino - Daniel Matos<\/title>\n<meta name=\"robots\" content=\"index, follow, max-snippet:-1, max-image-preview:large, max-video-preview:-1\" \/>\n<link rel=\"canonical\" href=\"https:\/\/www.blogsoestado.com\/danielmatos\/deputado-wellington-relata-perseguicao-generalizada-que-sofreu-de-flavio-dino-ao-votar-na-eleicao-da-nova-mesa-diretora-da-assembleia\/\" \/>\n<meta property=\"og:locale\" content=\"pt_BR\" \/>\n<meta property=\"og:type\" content=\"article\" \/>\n<meta property=\"og:title\" content=\"Ap\u00f3s tomar posse para 3\u00ba mandato, deputado Wellington relata persegui\u00e7\u00e3o cruel e generalizada que sofreu de Fl\u00e1vio Dino - Daniel Matos\" \/>\n<meta property=\"og:description\" content=\"O deputado estadual Wellington do Curso (sem partido) fez um relato emocionado sobre a persegui\u00e7\u00e3o generalizada que sofreu do ex-governador [&hellip;]\" \/>\n<meta property=\"og:url\" content=\"https:\/\/www.blogsoestado.com\/danielmatos\/deputado-wellington-relata-perseguicao-generalizada-que-sofreu-de-flavio-dino-ao-votar-na-eleicao-da-nova-mesa-diretora-da-assembleia\/\" \/>\n<meta property=\"og:site_name\" content=\"Daniel Matos\" \/>\n<meta property=\"article:published_time\" content=\"2023-02-02T03:33:34+00:00\" \/>\n<meta property=\"og:image\" content=\"https:\/\/www.blogsoestado.com\/danielmatos\/files\/2023\/02\/Screenshot_20230201-2355352.png\" \/>\n<meta name=\"twitter:card\" content=\"summary_large_image\" \/>\n<meta name=\"twitter:label1\" content=\"Est. tempo de leitura\" \/>\n\t<meta name=\"twitter:data1\" content=\"4 minutos\" \/>\n<script type=\"application\/ld+json\" class=\"yoast-schema-graph\">{\"@context\":\"https:\/\/schema.org\",\"@graph\":[{\"@type\":\"WebPage\",\"@id\":\"https:\/\/www.blogsoestado.com\/danielmatos\/deputado-wellington-relata-perseguicao-generalizada-que-sofreu-de-flavio-dino-ao-votar-na-eleicao-da-nova-mesa-diretora-da-assembleia\/\",\"url\":\"https:\/\/www.blogsoestado.com\/danielmatos\/deputado-wellington-relata-perseguicao-generalizada-que-sofreu-de-flavio-dino-ao-votar-na-eleicao-da-nova-mesa-diretora-da-assembleia\/\",\"name\":\"Ap\u00f3s tomar posse para 3\u00ba mandato, deputado Wellington relata persegui\u00e7\u00e3o cruel e generalizada que sofreu de Fl\u00e1vio Dino - Daniel Matos\",\"isPartOf\":{\"@id\":\"https:\/\/www.blogsoestado.com\/danielmatos\/#website\"},\"primaryImageOfPage\":{\"@id\":\"https:\/\/www.blogsoestado.com\/danielmatos\/deputado-wellington-relata-perseguicao-generalizada-que-sofreu-de-flavio-dino-ao-votar-na-eleicao-da-nova-mesa-diretora-da-assembleia\/#primaryimage\"},\"image\":{\"@id\":\"https:\/\/www.blogsoestado.com\/danielmatos\/deputado-wellington-relata-perseguicao-generalizada-que-sofreu-de-flavio-dino-ao-votar-na-eleicao-da-nova-mesa-diretora-da-assembleia\/#primaryimage\"},\"thumbnailUrl\":\"https:\/\/www.blogsoestado.com\/danielmatos\/files\/2023\/02\/Screenshot_20230201-2355352.png\",\"datePublished\":\"2023-02-02T03:33:34+00:00\",\"author\":{\"@id\":\"\"},\"breadcrumb\":{\"@id\":\"https:\/\/www.blogsoestado.com\/danielmatos\/deputado-wellington-relata-perseguicao-generalizada-que-sofreu-de-flavio-dino-ao-votar-na-eleicao-da-nova-mesa-diretora-da-assembleia\/#breadcrumb\"},\"inLanguage\":\"pt-BR\",\"potentialAction\":[{\"@type\":\"ReadAction\",\"target\":[\"https:\/\/www.blogsoestado.com\/danielmatos\/deputado-wellington-relata-perseguicao-generalizada-que-sofreu-de-flavio-dino-ao-votar-na-eleicao-da-nova-mesa-diretora-da-assembleia\/\"]}]},{\"@type\":\"ImageObject\",\"inLanguage\":\"pt-BR\",\"@id\":\"https:\/\/www.blogsoestado.com\/danielmatos\/deputado-wellington-relata-perseguicao-generalizada-que-sofreu-de-flavio-dino-ao-votar-na-eleicao-da-nova-mesa-diretora-da-assembleia\/#primaryimage\",\"url\":\"https:\/\/www.blogsoestado.com\/danielmatos\/files\/2023\/02\/Screenshot_20230201-2355352.png\",\"contentUrl\":\"https:\/\/www.blogsoestado.com\/danielmatos\/files\/2023\/02\/Screenshot_20230201-2355352.png\"},{\"@type\":\"BreadcrumbList\",\"@id\":\"https:\/\/www.blogsoestado.com\/danielmatos\/deputado-wellington-relata-perseguicao-generalizada-que-sofreu-de-flavio-dino-ao-votar-na-eleicao-da-nova-mesa-diretora-da-assembleia\/#breadcrumb\",\"itemListElement\":[{\"@type\":\"ListItem\",\"position\":1,\"name\":\"In\u00edcio\",\"item\":\"https:\/\/www.blogsoestado.com\/danielmatos\/\"},{\"@type\":\"ListItem\",\"position\":2,\"name\":\"Ap\u00f3s tomar posse para 3\u00ba mandato, deputado Wellington relata persegui\u00e7\u00e3o cruel e generalizada que sofreu de Fl\u00e1vio Dino\"}]},{\"@type\":\"WebSite\",\"@id\":\"https:\/\/www.blogsoestado.com\/danielmatos\/#website\",\"url\":\"https:\/\/www.blogsoestado.com\/danielmatos\/\",\"name\":\"Daniel Matos\",\"description\":\"\",\"potentialAction\":[{\"@type\":\"SearchAction\",\"target\":{\"@type\":\"EntryPoint\",\"urlTemplate\":\"https:\/\/www.blogsoestado.com\/danielmatos\/?s={search_term_string}\"},\"query-input\":{\"@type\":\"PropertyValueSpecification\",\"valueRequired\":true,\"valueName\":\"search_term_string\"}}],\"inLanguage\":\"pt-BR\"}]}<\/script>\n<!-- \/ Yoast SEO plugin. -->","yoast_head_json":{"title":"Ap\u00f3s tomar posse para 3\u00ba mandato, deputado Wellington relata persegui\u00e7\u00e3o cruel e generalizada que sofreu de Fl\u00e1vio Dino - Daniel Matos","robots":{"index":"index","follow":"follow","max-snippet":"max-snippet:-1","max-image-preview":"max-image-preview:large","max-video-preview":"max-video-preview:-1"},"canonical":"https:\/\/www.blogsoestado.com\/danielmatos\/deputado-wellington-relata-perseguicao-generalizada-que-sofreu-de-flavio-dino-ao-votar-na-eleicao-da-nova-mesa-diretora-da-assembleia\/","og_locale":"pt_BR","og_type":"article","og_title":"Ap\u00f3s tomar posse para 3\u00ba mandato, deputado Wellington relata persegui\u00e7\u00e3o cruel e generalizada que sofreu de Fl\u00e1vio Dino - Daniel Matos","og_description":"O deputado estadual Wellington do Curso (sem partido) fez um relato emocionado sobre a persegui\u00e7\u00e3o generalizada que sofreu do ex-governador [&hellip;]","og_url":"https:\/\/www.blogsoestado.com\/danielmatos\/deputado-wellington-relata-perseguicao-generalizada-que-sofreu-de-flavio-dino-ao-votar-na-eleicao-da-nova-mesa-diretora-da-assembleia\/","og_site_name":"Daniel Matos","article_published_time":"2023-02-02T03:33:34+00:00","og_image":[{"url":"https:\/\/www.blogsoestado.com\/danielmatos\/files\/2023\/02\/Screenshot_20230201-2355352.png","type":"","width":"","height":""}],"twitter_card":"summary_large_image","twitter_misc":{"Est. tempo de leitura":"4 minutos"},"schema":{"@context":"https:\/\/schema.org","@graph":[{"@type":"WebPage","@id":"https:\/\/www.blogsoestado.com\/danielmatos\/deputado-wellington-relata-perseguicao-generalizada-que-sofreu-de-flavio-dino-ao-votar-na-eleicao-da-nova-mesa-diretora-da-assembleia\/","url":"https:\/\/www.blogsoestado.com\/danielmatos\/deputado-wellington-relata-perseguicao-generalizada-que-sofreu-de-flavio-dino-ao-votar-na-eleicao-da-nova-mesa-diretora-da-assembleia\/","name":"Ap\u00f3s tomar posse para 3\u00ba mandato, deputado Wellington relata persegui\u00e7\u00e3o cruel e generalizada que sofreu de Fl\u00e1vio Dino - Daniel Matos","isPartOf":{"@id":"https:\/\/www.blogsoestado.com\/danielmatos\/#website"},"primaryImageOfPage":{"@id":"https:\/\/www.blogsoestado.com\/danielmatos\/deputado-wellington-relata-perseguicao-generalizada-que-sofreu-de-flavio-dino-ao-votar-na-eleicao-da-nova-mesa-diretora-da-assembleia\/#primaryimage"},"image":{"@id":"https:\/\/www.blogsoestado.com\/danielmatos\/deputado-wellington-relata-perseguicao-generalizada-que-sofreu-de-flavio-dino-ao-votar-na-eleicao-da-nova-mesa-diretora-da-assembleia\/#primaryimage"},"thumbnailUrl":"https:\/\/www.blogsoestado.com\/danielmatos\/files\/2023\/02\/Screenshot_20230201-2355352.png","datePublished":"2023-02-02T03:33:34+00:00","author":{"@id":""},"breadcrumb":{"@id":"https:\/\/www.blogsoestado.com\/danielmatos\/deputado-wellington-relata-perseguicao-generalizada-que-sofreu-de-flavio-dino-ao-votar-na-eleicao-da-nova-mesa-diretora-da-assembleia\/#breadcrumb"},"inLanguage":"pt-BR","potentialAction":[{"@type":"ReadAction","target":["https:\/\/www.blogsoestado.com\/danielmatos\/deputado-wellington-relata-perseguicao-generalizada-que-sofreu-de-flavio-dino-ao-votar-na-eleicao-da-nova-mesa-diretora-da-assembleia\/"]}]},{"@type":"ImageObject","inLanguage":"pt-BR","@id":"https:\/\/www.blogsoestado.com\/danielmatos\/deputado-wellington-relata-perseguicao-generalizada-que-sofreu-de-flavio-dino-ao-votar-na-eleicao-da-nova-mesa-diretora-da-assembleia\/#primaryimage","url":"https:\/\/www.blogsoestado.com\/danielmatos\/files\/2023\/02\/Screenshot_20230201-2355352.png","contentUrl":"https:\/\/www.blogsoestado.com\/danielmatos\/files\/2023\/02\/Screenshot_20230201-2355352.png"},{"@type":"BreadcrumbList","@id":"https:\/\/www.blogsoestado.com\/danielmatos\/deputado-wellington-relata-perseguicao-generalizada-que-sofreu-de-flavio-dino-ao-votar-na-eleicao-da-nova-mesa-diretora-da-assembleia\/#breadcrumb","itemListElement":[{"@type":"ListItem","position":1,"name":"In\u00edcio","item":"https:\/\/www.blogsoestado.com\/danielmatos\/"},{"@type":"ListItem","position":2,"name":"Ap\u00f3s tomar posse para 3\u00ba mandato, deputado Wellington relata persegui\u00e7\u00e3o cruel e generalizada que sofreu de Fl\u00e1vio Dino"}]},{"@type":"WebSite","@id":"https:\/\/www.blogsoestado.com\/danielmatos\/#website","url":"https:\/\/www.blogsoestado.com\/danielmatos\/","name":"Daniel Matos","description":"","potentialAction":[{"@type":"SearchAction","target":{"@type":"EntryPoint","urlTemplate":"https:\/\/www.blogsoestado.com\/danielmatos\/?s={search_term_string}"},"query-input":{"@type":"PropertyValueSpecification","valueRequired":true,"valueName":"search_term_string"}}],"inLanguage":"pt-BR"}]}},"jetpack_featured_media_url":"","_links":{"self":[{"href":"https:\/\/www.blogsoestado.com\/danielmatos\/wp-json\/wp\/v2\/posts\/105645","targetHints":{"allow":["GET"]}}],"collection":[{"href":"https:\/\/www.blogsoestado.com\/danielmatos\/wp-json\/wp\/v2\/posts"}],"about":[{"href":"https:\/\/www.blogsoestado.com\/danielmatos\/wp-json\/wp\/v2\/types\/post"}],"replies":[{"embeddable":true,"href":"https:\/\/www.blogsoestado.com\/danielmatos\/wp-json\/wp\/v2\/comments?post=105645"}],"version-history":[{"count":0,"href":"https:\/\/www.blogsoestado.com\/danielmatos\/wp-json\/wp\/v2\/posts\/105645\/revisions"}],"wp:attachment":[{"href":"https:\/\/www.blogsoestado.com\/danielmatos\/wp-json\/wp\/v2\/media?parent=105645"}],"wp:term":[{"taxonomy":"category","embeddable":true,"href":"https:\/\/www.blogsoestado.com\/danielmatos\/wp-json\/wp\/v2\/categories?post=105645"},{"taxonomy":"post_tag","embeddable":true,"href":"https:\/\/www.blogsoestado.com\/danielmatos\/wp-json\/wp\/v2\/tags?post=105645"}],"curies":[{"name":"wp","href":"https:\/\/api.w.org\/{rel}","templated":true}]}}