{"id":105659,"date":"2023-02-02T07:00:00","date_gmt":"2023-02-02T10:00:00","guid":{"rendered":"https:\/\/www.blogsoestado.com\/danielmatos\/?p=105659"},"modified":"2023-02-02T07:00:00","modified_gmt":"2023-02-02T10:00:00","slug":"nota-da-codevasf-complica-ainda-mais-ministro-maranhense-de-lula-suspeito-de-corrupcao","status":"publish","type":"post","link":"https:\/\/www.blogsoestado.com\/danielmatos\/nota-da-codevasf-complica-ainda-mais-ministro-maranhense-de-lula-suspeito-de-corrupcao\/","title":{"rendered":"Nota da Codevasf complica ainda mais ministro maranhense de Lula suspeito de corrup\u00e7\u00e3o"},"content":{"rendered":"\n<div class=\"wp-block-image\"><figure class=\"aligncenter size-large\"><a href=\"https:\/\/www.blogsoestado.com\/danielmatos\/files\/2023\/02\/Screenshot_20230202-1202152.png\"><img decoding=\"async\" src=\"https:\/\/www.blogsoestado.com\/danielmatos\/files\/2023\/02\/Screenshot_20230202-1202152.png\" alt=\"\" class=\"wp-image-105670\"\/><\/a><figcaption>O ministro das Comunica\u00e7\u00f5es, Juscelino Filho, vive inferno astral, v\u00ea sua situa\u00e7\u00e3o piorar a cada dia e j\u00e1 come\u00e7a a balan\u00e7ar no cargo<\/figcaption><\/figure><\/div>\n\n\n\n<p>Em nota oficial divulgada sobre o suposto envolvimento do deputado federal licenciado e ministro das Comunica\u00e7\u00f5es, Juscelino Filho (UNI\u00c3O), em caso de corrup\u00e7\u00e3o no uso de recursos do or\u00e7amento secreto, a Companhia de Desenvolvimento dos Vales do S\u00e3o Francisco e do Parna\u00edba (Codevasf) complicou ainda mais o pol\u00edtico. Ao afirmar que qualquer responsabilidade no \u00e2mbito dos conv\u00eanios \u00e9 de total responsabilidade das prefeituras, a Codevasf refor\u00e7ou a suspeita que recai sobre o ministro, j\u00e1 que o munic\u00edpio de Vitorino Freire, onde teria ocorrido o il\u00edcito, \u00e9 administrado por Luanna Martins Bringel Rezende, irm\u00e3 de Juscelino Filho.<\/p>\n\n\n\n<p>Na nota, a empresa p\u00fablica informa que &#8220;no \u00e2mbito de conv\u00eanios firmados pela Codevasf com munic\u00edpios, as prefeituras s\u00e3o os entes respons\u00e1veis pela indica\u00e7\u00e3o das vias que ser\u00e3o pavimentadas&#8221;. A rela\u00e7\u00e3o familiar estreita do ministro com a prefeitura seria, ent\u00e3o, um forte ind\u00edcio de que ele direcionou a verba, quando exercia mandato na C\u00e2mara Federal, na legislatura passada, para favorecer a si pr\u00f3prio e aos seus parentes.<\/p>\n\n\n\n<p>De acordo com o que foi apurado at\u00e9 o momento, Juscelino Filho destinou R$ 5 milh\u00f5es do or\u00e7amento secreto, quando era deputado federal, para asfaltar uma estrada de terra que passa em frente a oito fazendas da sua fam\u00edlia, em Vitorino Freire. A obra tem 19 quil\u00f4metros, corta propriedades da fam\u00edlia e as liga a uma pista de pouso privada e a um heliponto.<\/p>\n\n\n\n<p>Para piorar ainda mais a situa\u00e7\u00e3o, a empreiteira Construservice,.cujo dono \u00e9 um amigo pr\u00f3ximo da fam\u00edlia Rezende, conhecido como Eduardo Imperador, disputou sozinha a licita\u00e7\u00e3o e foi contratada em fevereiro de 2022<\/p>\n\n\n\n<p>Vale ressaltar que o pai do ministro, Juscelino Rezende, j\u00e1 foi prefeito do munic\u00edpio, al\u00e9m de deputado estadual.<\/p>\n\n\n\n<p>Confira:<\/p>\n\n\n\n<p><strong>Nota sobre conv\u00eanio da Codevasf com o munic\u00edpio de Vitorino Freire (MA)<\/strong><\/p>\n\n\n\n<p><em>Em aten\u00e7\u00e3o a reportagens publicadas nesta segunda-feira (30\/01) pelo jornal O Estado de S. Paulo sobre conv\u00eanio da Codevasf com o munic\u00edpio de Vitorino Freire (MA), informamos:<\/em><\/p>\n\n\n\n<p><em>1. No \u00e2mbito de conv\u00eanios firmados pela Codevasf com munic\u00edpios, as prefeituras s\u00e3o os entes respons\u00e1veis pela indica\u00e7\u00e3o das vias que ser\u00e3o pavimentadas. Assim, coube \u00e0 Prefeitura de Vitorino Freire selecionar as vias beneficiadas pelo conv\u00eanio. Conv\u00eanios, registre-se, s\u00e3o acordos de transfer\u00eancia de recursos para execu\u00e7\u00e3o de obras e projetos, firmados entre um concedente (\u00f3rg\u00e3o que repassa os recursos) e um convenente (entidade que recebe os recursos e que realiza licita\u00e7\u00f5es e contratos, como as prefeituras municipais).<\/em><\/p>\n\n\n\n<p><em>2. O processo licitat\u00f3rio voltado \u00e0 sele\u00e7\u00e3o da empresa encarregada das obras \u00e9 de responsabilidade da prefeitura (\u00f3rg\u00e3o convenente), conforme estabelece a Portaria Interministerial MP\/MF\/CGU n\u00ba 424\/2016. O \u00f3rg\u00e3o concedente (Codevasf) tem a responsabilidade de fiscalizar a legalidade dos procedimentos adotados pelo \u00f3rg\u00e3o convenente e a adequada execu\u00e7\u00e3o das obras que s\u00e3o objeto do conv\u00eanio.<\/em><\/p>\n\n\n\n<p><em>3. A Codevasf possui s\u00f3lida estrutura de governan\u00e7a e colabora ativamente com a atua\u00e7\u00e3o de \u00f3rg\u00e3os de fiscaliza\u00e7\u00e3o e controle e da Justi\u00e7a. A Companhia afastou de todas as suas fun\u00e7\u00f5es o empregado mencionado na reportagem, conforme determina\u00e7\u00e3o contida em processo que encontra-se sob segredo de Justi\u00e7a. O empregado foi exonerado da fun\u00e7\u00e3o de gerente.<\/em><\/p>\n","protected":false},"excerpt":{"rendered":"<p>Em nota oficial divulgada sobre o suposto envolvimento do deputado federal licenciado e ministro das Comunica\u00e7\u00f5es, Juscelino Filho (UNI\u00c3O), em [&hellip;]<\/p>\n","protected":false},"author":0,"featured_media":0,"comment_status":"open","ping_status":"open","sticky":false,"template":"","format":"standard","meta":{"site-sidebar-layout":"default","site-content-layout":"","ast-site-content-layout":"default","site-content-style":"default","site-sidebar-style":"default","ast-global-header-display":"","ast-banner-title-visibility":"","ast-main-header-display":"","ast-hfb-above-header-display":"","ast-hfb-below-header-display":"","ast-hfb-mobile-header-display":"","site-post-title":"","ast-breadcrumbs-content":"","ast-featured-img":"","footer-sml-layout":"","ast-disable-related-posts":"","theme-transparent-header-meta":"","adv-header-id-meta":"","stick-header-meta":"","header-above-stick-meta":"","header-main-stick-meta":"","header-below-stick-meta":"","astra-migrate-meta-layouts":"default","ast-page-background-enabled":"default","ast-page-background-meta":{"desktop":{"background-color":"var(--ast-global-color-5)","background-image":"","background-repeat":"repeat","background-position":"center center","background-size":"auto","background-attachment":"scroll","background-type":"","background-media":"","overlay-type":"","overlay-color":"","overlay-opacity":"","overlay-gradient":""},"tablet":{"background-color":"","background-image":"","background-repeat":"repeat","background-position":"center center","background-size":"auto","background-attachment":"scroll","background-type":"","background-media":"","overlay-type":"","overlay-color":"","overlay-opacity":"","overlay-gradient":""},"mobile":{"background-color":"","background-image":"","background-repeat":"repeat","background-position":"center center","background-size":"auto","background-attachment":"scroll","background-type":"","background-media":"","overlay-type":"","overlay-color":"","overlay-opacity":"","overlay-gradient":""}},"ast-content-background-meta":{"desktop":{"background-color":"var(--ast-global-color-4)","background-image":"","background-repeat":"repeat","background-position":"center center","background-size":"auto","background-attachment":"scroll","background-type":"","background-media":"","overlay-type":"","overlay-color":"","overlay-opacity":"","overlay-gradient":""},"tablet":{"background-color":"var(--ast-global-color-4)","background-image":"","background-repeat":"repeat","background-position":"center center","background-size":"auto","background-attachment":"scroll","background-type":"","background-media":"","overlay-type":"","overlay-color":"","overlay-opacity":"","overlay-gradient":""},"mobile":{"background-color":"var(--ast-global-color-4)","background-image":"","background-repeat":"repeat","background-position":"center center","background-size":"auto","background-attachment":"scroll","background-type":"","background-media":"","overlay-type":"","overlay-color":"","overlay-opacity":"","overlay-gradient":""}},"footnotes":""},"categories":[1],"tags":[],"class_list":["post-105659","post","type-post","status-publish","format-standard","hentry","category-sem-categoria"],"yoast_head":"<!-- This site is optimized with the Yoast SEO plugin v26.6 - https:\/\/yoast.com\/wordpress\/plugins\/seo\/ -->\n<title>Nota da Codevasf complica ainda mais ministro maranhense de Lula suspeito de corrup\u00e7\u00e3o - Daniel Matos<\/title>\n<meta name=\"robots\" content=\"index, follow, max-snippet:-1, max-image-preview:large, max-video-preview:-1\" \/>\n<link rel=\"canonical\" href=\"https:\/\/www.blogsoestado.com\/danielmatos\/nota-da-codevasf-complica-ainda-mais-ministro-maranhense-de-lula-suspeito-de-corrupcao\/\" \/>\n<meta property=\"og:locale\" content=\"pt_BR\" \/>\n<meta property=\"og:type\" content=\"article\" \/>\n<meta property=\"og:title\" content=\"Nota da Codevasf complica ainda mais ministro maranhense de Lula suspeito de corrup\u00e7\u00e3o - Daniel Matos\" \/>\n<meta property=\"og:description\" content=\"Em nota oficial divulgada sobre o suposto envolvimento do deputado federal licenciado e ministro das Comunica\u00e7\u00f5es, Juscelino Filho (UNI\u00c3O), em [&hellip;]\" \/>\n<meta property=\"og:url\" content=\"https:\/\/www.blogsoestado.com\/danielmatos\/nota-da-codevasf-complica-ainda-mais-ministro-maranhense-de-lula-suspeito-de-corrupcao\/\" \/>\n<meta property=\"og:site_name\" content=\"Daniel Matos\" \/>\n<meta property=\"article:published_time\" content=\"2023-02-02T10:00:00+00:00\" \/>\n<meta property=\"og:image\" content=\"https:\/\/www.blogsoestado.com\/danielmatos\/files\/2023\/02\/Screenshot_20230202-1202152.png\" \/>\n<meta name=\"twitter:card\" content=\"summary_large_image\" \/>\n<meta name=\"twitter:label1\" content=\"Est. tempo de leitura\" \/>\n\t<meta name=\"twitter:data1\" content=\"3 minutos\" \/>\n<script type=\"application\/ld+json\" class=\"yoast-schema-graph\">{\"@context\":\"https:\/\/schema.org\",\"@graph\":[{\"@type\":\"WebPage\",\"@id\":\"https:\/\/www.blogsoestado.com\/danielmatos\/nota-da-codevasf-complica-ainda-mais-ministro-maranhense-de-lula-suspeito-de-corrupcao\/\",\"url\":\"https:\/\/www.blogsoestado.com\/danielmatos\/nota-da-codevasf-complica-ainda-mais-ministro-maranhense-de-lula-suspeito-de-corrupcao\/\",\"name\":\"Nota da Codevasf complica ainda mais ministro maranhense de Lula suspeito de corrup\u00e7\u00e3o - Daniel Matos\",\"isPartOf\":{\"@id\":\"https:\/\/www.blogsoestado.com\/danielmatos\/#website\"},\"primaryImageOfPage\":{\"@id\":\"https:\/\/www.blogsoestado.com\/danielmatos\/nota-da-codevasf-complica-ainda-mais-ministro-maranhense-de-lula-suspeito-de-corrupcao\/#primaryimage\"},\"image\":{\"@id\":\"https:\/\/www.blogsoestado.com\/danielmatos\/nota-da-codevasf-complica-ainda-mais-ministro-maranhense-de-lula-suspeito-de-corrupcao\/#primaryimage\"},\"thumbnailUrl\":\"https:\/\/www.blogsoestado.com\/danielmatos\/files\/2023\/02\/Screenshot_20230202-1202152.png\",\"datePublished\":\"2023-02-02T10:00:00+00:00\",\"author\":{\"@id\":\"\"},\"breadcrumb\":{\"@id\":\"https:\/\/www.blogsoestado.com\/danielmatos\/nota-da-codevasf-complica-ainda-mais-ministro-maranhense-de-lula-suspeito-de-corrupcao\/#breadcrumb\"},\"inLanguage\":\"pt-BR\",\"potentialAction\":[{\"@type\":\"ReadAction\",\"target\":[\"https:\/\/www.blogsoestado.com\/danielmatos\/nota-da-codevasf-complica-ainda-mais-ministro-maranhense-de-lula-suspeito-de-corrupcao\/\"]}]},{\"@type\":\"ImageObject\",\"inLanguage\":\"pt-BR\",\"@id\":\"https:\/\/www.blogsoestado.com\/danielmatos\/nota-da-codevasf-complica-ainda-mais-ministro-maranhense-de-lula-suspeito-de-corrupcao\/#primaryimage\",\"url\":\"https:\/\/www.blogsoestado.com\/danielmatos\/files\/2023\/02\/Screenshot_20230202-1202152.png\",\"contentUrl\":\"https:\/\/www.blogsoestado.com\/danielmatos\/files\/2023\/02\/Screenshot_20230202-1202152.png\"},{\"@type\":\"BreadcrumbList\",\"@id\":\"https:\/\/www.blogsoestado.com\/danielmatos\/nota-da-codevasf-complica-ainda-mais-ministro-maranhense-de-lula-suspeito-de-corrupcao\/#breadcrumb\",\"itemListElement\":[{\"@type\":\"ListItem\",\"position\":1,\"name\":\"In\u00edcio\",\"item\":\"https:\/\/www.blogsoestado.com\/danielmatos\/\"},{\"@type\":\"ListItem\",\"position\":2,\"name\":\"Nota da Codevasf complica ainda mais ministro maranhense de Lula suspeito de corrup\u00e7\u00e3o\"}]},{\"@type\":\"WebSite\",\"@id\":\"https:\/\/www.blogsoestado.com\/danielmatos\/#website\",\"url\":\"https:\/\/www.blogsoestado.com\/danielmatos\/\",\"name\":\"Daniel Matos\",\"description\":\"\",\"potentialAction\":[{\"@type\":\"SearchAction\",\"target\":{\"@type\":\"EntryPoint\",\"urlTemplate\":\"https:\/\/www.blogsoestado.com\/danielmatos\/?s={search_term_string}\"},\"query-input\":{\"@type\":\"PropertyValueSpecification\",\"valueRequired\":true,\"valueName\":\"search_term_string\"}}],\"inLanguage\":\"pt-BR\"}]}<\/script>\n<!-- \/ Yoast SEO plugin. -->","yoast_head_json":{"title":"Nota da Codevasf complica ainda mais ministro maranhense de Lula suspeito de corrup\u00e7\u00e3o - Daniel Matos","robots":{"index":"index","follow":"follow","max-snippet":"max-snippet:-1","max-image-preview":"max-image-preview:large","max-video-preview":"max-video-preview:-1"},"canonical":"https:\/\/www.blogsoestado.com\/danielmatos\/nota-da-codevasf-complica-ainda-mais-ministro-maranhense-de-lula-suspeito-de-corrupcao\/","og_locale":"pt_BR","og_type":"article","og_title":"Nota da Codevasf complica ainda mais ministro maranhense de Lula suspeito de corrup\u00e7\u00e3o - Daniel Matos","og_description":"Em nota oficial divulgada sobre o suposto envolvimento do deputado federal licenciado e ministro das Comunica\u00e7\u00f5es, Juscelino Filho (UNI\u00c3O), em [&hellip;]","og_url":"https:\/\/www.blogsoestado.com\/danielmatos\/nota-da-codevasf-complica-ainda-mais-ministro-maranhense-de-lula-suspeito-de-corrupcao\/","og_site_name":"Daniel Matos","article_published_time":"2023-02-02T10:00:00+00:00","og_image":[{"url":"https:\/\/www.blogsoestado.com\/danielmatos\/files\/2023\/02\/Screenshot_20230202-1202152.png","type":"","width":"","height":""}],"twitter_card":"summary_large_image","twitter_misc":{"Est. tempo de leitura":"3 minutos"},"schema":{"@context":"https:\/\/schema.org","@graph":[{"@type":"WebPage","@id":"https:\/\/www.blogsoestado.com\/danielmatos\/nota-da-codevasf-complica-ainda-mais-ministro-maranhense-de-lula-suspeito-de-corrupcao\/","url":"https:\/\/www.blogsoestado.com\/danielmatos\/nota-da-codevasf-complica-ainda-mais-ministro-maranhense-de-lula-suspeito-de-corrupcao\/","name":"Nota da Codevasf complica ainda mais ministro maranhense de Lula suspeito de corrup\u00e7\u00e3o - Daniel Matos","isPartOf":{"@id":"https:\/\/www.blogsoestado.com\/danielmatos\/#website"},"primaryImageOfPage":{"@id":"https:\/\/www.blogsoestado.com\/danielmatos\/nota-da-codevasf-complica-ainda-mais-ministro-maranhense-de-lula-suspeito-de-corrupcao\/#primaryimage"},"image":{"@id":"https:\/\/www.blogsoestado.com\/danielmatos\/nota-da-codevasf-complica-ainda-mais-ministro-maranhense-de-lula-suspeito-de-corrupcao\/#primaryimage"},"thumbnailUrl":"https:\/\/www.blogsoestado.com\/danielmatos\/files\/2023\/02\/Screenshot_20230202-1202152.png","datePublished":"2023-02-02T10:00:00+00:00","author":{"@id":""},"breadcrumb":{"@id":"https:\/\/www.blogsoestado.com\/danielmatos\/nota-da-codevasf-complica-ainda-mais-ministro-maranhense-de-lula-suspeito-de-corrupcao\/#breadcrumb"},"inLanguage":"pt-BR","potentialAction":[{"@type":"ReadAction","target":["https:\/\/www.blogsoestado.com\/danielmatos\/nota-da-codevasf-complica-ainda-mais-ministro-maranhense-de-lula-suspeito-de-corrupcao\/"]}]},{"@type":"ImageObject","inLanguage":"pt-BR","@id":"https:\/\/www.blogsoestado.com\/danielmatos\/nota-da-codevasf-complica-ainda-mais-ministro-maranhense-de-lula-suspeito-de-corrupcao\/#primaryimage","url":"https:\/\/www.blogsoestado.com\/danielmatos\/files\/2023\/02\/Screenshot_20230202-1202152.png","contentUrl":"https:\/\/www.blogsoestado.com\/danielmatos\/files\/2023\/02\/Screenshot_20230202-1202152.png"},{"@type":"BreadcrumbList","@id":"https:\/\/www.blogsoestado.com\/danielmatos\/nota-da-codevasf-complica-ainda-mais-ministro-maranhense-de-lula-suspeito-de-corrupcao\/#breadcrumb","itemListElement":[{"@type":"ListItem","position":1,"name":"In\u00edcio","item":"https:\/\/www.blogsoestado.com\/danielmatos\/"},{"@type":"ListItem","position":2,"name":"Nota da Codevasf complica ainda mais ministro maranhense de Lula suspeito de corrup\u00e7\u00e3o"}]},{"@type":"WebSite","@id":"https:\/\/www.blogsoestado.com\/danielmatos\/#website","url":"https:\/\/www.blogsoestado.com\/danielmatos\/","name":"Daniel Matos","description":"","potentialAction":[{"@type":"SearchAction","target":{"@type":"EntryPoint","urlTemplate":"https:\/\/www.blogsoestado.com\/danielmatos\/?s={search_term_string}"},"query-input":{"@type":"PropertyValueSpecification","valueRequired":true,"valueName":"search_term_string"}}],"inLanguage":"pt-BR"}]}},"jetpack_featured_media_url":"","_links":{"self":[{"href":"https:\/\/www.blogsoestado.com\/danielmatos\/wp-json\/wp\/v2\/posts\/105659","targetHints":{"allow":["GET"]}}],"collection":[{"href":"https:\/\/www.blogsoestado.com\/danielmatos\/wp-json\/wp\/v2\/posts"}],"about":[{"href":"https:\/\/www.blogsoestado.com\/danielmatos\/wp-json\/wp\/v2\/types\/post"}],"replies":[{"embeddable":true,"href":"https:\/\/www.blogsoestado.com\/danielmatos\/wp-json\/wp\/v2\/comments?post=105659"}],"version-history":[{"count":0,"href":"https:\/\/www.blogsoestado.com\/danielmatos\/wp-json\/wp\/v2\/posts\/105659\/revisions"}],"wp:attachment":[{"href":"https:\/\/www.blogsoestado.com\/danielmatos\/wp-json\/wp\/v2\/media?parent=105659"}],"wp:term":[{"taxonomy":"category","embeddable":true,"href":"https:\/\/www.blogsoestado.com\/danielmatos\/wp-json\/wp\/v2\/categories?post=105659"},{"taxonomy":"post_tag","embeddable":true,"href":"https:\/\/www.blogsoestado.com\/danielmatos\/wp-json\/wp\/v2\/tags?post=105659"}],"curies":[{"name":"wp","href":"https:\/\/api.w.org\/{rel}","templated":true}]}}