{"id":105662,"date":"2023-02-02T05:00:00","date_gmt":"2023-02-02T08:00:00","guid":{"rendered":"https:\/\/www.blogsoestado.com\/danielmatos\/?p=105662"},"modified":"2023-02-02T05:00:00","modified_gmt":"2023-02-02T08:00:00","slug":"candidatura-do-parque-nacional-dos-lencois-maranhenses-a-patrimonio-mundial-da-humanidade-ja-foi-entregue-a-unesco","status":"publish","type":"post","link":"https:\/\/www.blogsoestado.com\/danielmatos\/candidatura-do-parque-nacional-dos-lencois-maranhenses-a-patrimonio-mundial-da-humanidade-ja-foi-entregue-a-unesco\/","title":{"rendered":"Brasil oficializa na Unesco candidatura dos Len\u00e7\u00f3is Maranhenses a Patrim\u00f4nio Mundial da Humanidade"},"content":{"rendered":"\n<p><strong><span class=\"has-inline-color has-vivid-red-color\">Resultado da an\u00e1lise do dossi\u00ea produzido pelo Minist\u00e9rio do Meio Ambiente e pelo Instituto Chico Mendes de Conserva\u00e7\u00e3o da Biodiversidade (ICMBio) ser\u00e1 anunciado em 2024<\/span><\/strong><\/p>\n\n\n\n<div class=\"wp-block-image\"><figure class=\"aligncenter size-large\"><a href=\"https:\/\/www.blogsoestado.com\/danielmatos\/files\/2023\/02\/Screenshot_20230202-0316422.png\"><img decoding=\"async\" src=\"https:\/\/www.blogsoestado.com\/danielmatos\/files\/2023\/02\/Screenshot_20230202-0316422.png\" alt=\"\" class=\"wp-image-105664\"\/><\/a><figcaption>Criado em junho de 1981, o Parque Nacional dos Len\u00e7\u00f3is Maranhenses est\u00e1 localizado na conflu\u00eancia entre Cerrado, Caatinga e Amaz\u00f4nia<\/figcaption><\/figure><\/div>\n\n\n\n<p>A Lista dos Patrim\u00f4nios da Humanidade da Unesco pode ganhar mais um representante brasileiro: o dossi\u00ea de candidatura do Parque Nacional dos Len\u00e7\u00f3is Maranhenses (MA) foi entregue pela Delega\u00e7\u00e3o do Brasil \u00e0 Unesco. O documento, produzido pelo Minist\u00e9rio do Meio Ambiente e pelo Instituto Chico Mendes de Conserva\u00e7\u00e3o da Biodiversidade (ICMBio), re\u00fane os dados necess\u00e1rios para a candidatura da unidade para conquistar esta importante nomina\u00e7\u00e3o.<\/p>\n\n\n\n<p>Na conflu\u00eancia entre Cerrado, Caatinga e Amaz\u00f4nia, as paisagens mais conhecidas deste Parque Nacional, criado em junho de 1981, s\u00e3o as lagoas cristalinas que ficam entre as dunas e s\u00e3o perfeitas para um banho refrescante ap\u00f3s uma caminhada nas areias.<\/p>\n\n\n\n<p>As lagoas, que s\u00e3o o principal atrativo do Parque, se formam durante o per\u00edodo de chuva, logo, o melhor per\u00edodo para visitas \u00e9 de maio a setembro. A partir da\u00ed, conforme avan\u00e7a o per\u00edodo da estiagem, o n\u00edvel tende a diminuir.<\/p>\n\n\n\n<p>Recentemente,&nbsp;<a href=\"https:\/\/www.gov.br\/icmbio\/pt-br\/assuntos\/noticias\/ultimas-noticias\/the-new-york-times-escolhe-lencois-maranhenses-como-um-dos-destinos-turisticos-de-2023\">o Parque apareceu numa lista do jornal americano The New York Times como um dos lugares a se visitar em 2023<\/a>.<\/p>\n\n\n\n<div class=\"wp-block-image\"><figure class=\"aligncenter size-large\"><a href=\"https:\/\/www.blogsoestado.com\/danielmatos\/files\/2023\/02\/Screenshot_20230202-0317192.png\"><img decoding=\"async\" src=\"https:\/\/www.blogsoestado.com\/danielmatos\/files\/2023\/02\/Screenshot_20230202-0317192.png\" alt=\"\" class=\"wp-image-105666\"\/><\/a><figcaption>Representante do governo brasileiro entrega a membro da Unesco dossi\u00ea da candidatura do Parque Nacional dos Len\u00e7\u00f3is Maranhenses a Patrim\u00f4nio Mundial da Humanidade<\/figcaption><\/figure><\/div>\n\n\n\n<p>O dossi\u00ea apresentado pelo governo brasileiro ser\u00e1 apreciado&nbsp; pelo \u00d3rg\u00e3o de Avalia\u00e7\u00e3o da UNESCO (UICN), que poder\u00e1 recomendar ao Comit\u00ea do Patrim\u00f4nio Mundial sua inscri\u00e7\u00e3o \u00e0 Lista do Patrim\u00f4nio Mundial, por ocasi\u00e3o de sua 46a sess\u00e3o, a ser realizada em 2024.<\/p>\n\n\n\n<p><strong>Patrim\u00f4nios no Brasil e no mundo<\/strong><\/p>\n\n\n\n<p>Os Patrim\u00f4nios da Humanidade s\u00e3o um dos instrumentos da Unesco para proteger os lugares mais extraordin\u00e1rios do planeta, seja por suas belezas naturais, biodiversidade, ecossistemas ou valores geol\u00f3gicos. Uma \u00e1rea superior&nbsp; a&nbsp;3,500,000 km<sup>2&nbsp;<\/sup>tanto terrestre, quanto marinha, em mais de 100 pa\u00edses j\u00e1 foram agraciadas com o t\u00edtulo.<\/p>\n\n\n\n<p>A lista \u00e9 dividida entre Patrim\u00f4nios Naturais, Culturais ou Mistos. No Brasil, s\u00e3o mais de 20 locais com esta distin\u00e7\u00e3o, incluindo os Parques Nacionais de Igua\u00e7u, Emas, Chapada dos Veadeiros e as unidades marinhas de Fernando de Noronha e Atol das Rocas. Al\u00e9m dos parques, a Unesco reconheceu paisagens e ecossistemas como as restingas que v\u00e3o da Bahia ao Esp\u00edrito Santo; a Mata Atl\u00e2ntica entre Paran\u00e1 e S\u00e3o Paulo; o Pantanal e a Amaz\u00f4nia Central, devido aos igarap\u00e9s, ecossistemas de v\u00e1rzeas, lagos e canais.<\/p>\n","protected":false},"excerpt":{"rendered":"<p>Resultado da an\u00e1lise do dossi\u00ea produzido pelo Minist\u00e9rio do Meio Ambiente e pelo Instituto Chico Mendes de Conserva\u00e7\u00e3o da Biodiversidade [&hellip;]<\/p>\n","protected":false},"author":0,"featured_media":0,"comment_status":"open","ping_status":"open","sticky":false,"template":"","format":"standard","meta":{"site-sidebar-layout":"default","site-content-layout":"","ast-site-content-layout":"default","site-content-style":"default","site-sidebar-style":"default","ast-global-header-display":"","ast-banner-title-visibility":"","ast-main-header-display":"","ast-hfb-above-header-display":"","ast-hfb-below-header-display":"","ast-hfb-mobile-header-display":"","site-post-title":"","ast-breadcrumbs-content":"","ast-featured-img":"","footer-sml-layout":"","ast-disable-related-posts":"","theme-transparent-header-meta":"","adv-header-id-meta":"","stick-header-meta":"","header-above-stick-meta":"","header-main-stick-meta":"","header-below-stick-meta":"","astra-migrate-meta-layouts":"default","ast-page-background-enabled":"default","ast-page-background-meta":{"desktop":{"background-color":"var(--ast-global-color-5)","background-image":"","background-repeat":"repeat","background-position":"center center","background-size":"auto","background-attachment":"scroll","background-type":"","background-media":"","overlay-type":"","overlay-color":"","overlay-opacity":"","overlay-gradient":""},"tablet":{"background-color":"","background-image":"","background-repeat":"repeat","background-position":"center center","background-size":"auto","background-attachment":"scroll","background-type":"","background-media":"","overlay-type":"","overlay-color":"","overlay-opacity":"","overlay-gradient":""},"mobile":{"background-color":"","background-image":"","background-repeat":"repeat","background-position":"center center","background-size":"auto","background-attachment":"scroll","background-type":"","background-media":"","overlay-type":"","overlay-color":"","overlay-opacity":"","overlay-gradient":""}},"ast-content-background-meta":{"desktop":{"background-color":"var(--ast-global-color-4)","background-image":"","background-repeat":"repeat","background-position":"center center","background-size":"auto","background-attachment":"scroll","background-type":"","background-media":"","overlay-type":"","overlay-color":"","overlay-opacity":"","overlay-gradient":""},"tablet":{"background-color":"var(--ast-global-color-4)","background-image":"","background-repeat":"repeat","background-position":"center center","background-size":"auto","background-attachment":"scroll","background-type":"","background-media":"","overlay-type":"","overlay-color":"","overlay-opacity":"","overlay-gradient":""},"mobile":{"background-color":"var(--ast-global-color-4)","background-image":"","background-repeat":"repeat","background-position":"center center","background-size":"auto","background-attachment":"scroll","background-type":"","background-media":"","overlay-type":"","overlay-color":"","overlay-opacity":"","overlay-gradient":""}},"footnotes":""},"categories":[1],"tags":[],"class_list":["post-105662","post","type-post","status-publish","format-standard","hentry","category-sem-categoria"],"yoast_head":"<!-- This site is optimized with the Yoast SEO plugin v26.6 - https:\/\/yoast.com\/wordpress\/plugins\/seo\/ -->\n<title>Brasil oficializa na Unesco candidatura dos Len\u00e7\u00f3is Maranhenses a Patrim\u00f4nio Mundial da Humanidade - Daniel Matos<\/title>\n<meta name=\"robots\" content=\"index, follow, max-snippet:-1, max-image-preview:large, max-video-preview:-1\" \/>\n<link rel=\"canonical\" href=\"https:\/\/www.blogsoestado.com\/danielmatos\/candidatura-do-parque-nacional-dos-lencois-maranhenses-a-patrimonio-mundial-da-humanidade-ja-foi-entregue-a-unesco\/\" \/>\n<meta property=\"og:locale\" content=\"pt_BR\" \/>\n<meta property=\"og:type\" content=\"article\" \/>\n<meta property=\"og:title\" content=\"Brasil oficializa na Unesco candidatura dos Len\u00e7\u00f3is Maranhenses a Patrim\u00f4nio Mundial da Humanidade - Daniel Matos\" \/>\n<meta property=\"og:description\" content=\"Resultado da an\u00e1lise do dossi\u00ea produzido pelo Minist\u00e9rio do Meio Ambiente e pelo Instituto Chico Mendes de Conserva\u00e7\u00e3o da Biodiversidade [&hellip;]\" \/>\n<meta property=\"og:url\" content=\"https:\/\/www.blogsoestado.com\/danielmatos\/candidatura-do-parque-nacional-dos-lencois-maranhenses-a-patrimonio-mundial-da-humanidade-ja-foi-entregue-a-unesco\/\" \/>\n<meta property=\"og:site_name\" content=\"Daniel Matos\" \/>\n<meta property=\"article:published_time\" content=\"2023-02-02T08:00:00+00:00\" \/>\n<meta property=\"og:image\" content=\"https:\/\/www.blogsoestado.com\/danielmatos\/files\/2023\/02\/Screenshot_20230202-0316422.png\" \/>\n<meta name=\"twitter:card\" content=\"summary_large_image\" \/>\n<meta name=\"twitter:label1\" content=\"Est. tempo de leitura\" \/>\n\t<meta name=\"twitter:data1\" content=\"3 minutos\" \/>\n<script type=\"application\/ld+json\" class=\"yoast-schema-graph\">{\"@context\":\"https:\/\/schema.org\",\"@graph\":[{\"@type\":\"WebPage\",\"@id\":\"https:\/\/www.blogsoestado.com\/danielmatos\/candidatura-do-parque-nacional-dos-lencois-maranhenses-a-patrimonio-mundial-da-humanidade-ja-foi-entregue-a-unesco\/\",\"url\":\"https:\/\/www.blogsoestado.com\/danielmatos\/candidatura-do-parque-nacional-dos-lencois-maranhenses-a-patrimonio-mundial-da-humanidade-ja-foi-entregue-a-unesco\/\",\"name\":\"Brasil oficializa na Unesco candidatura dos Len\u00e7\u00f3is Maranhenses a Patrim\u00f4nio Mundial da Humanidade - Daniel Matos\",\"isPartOf\":{\"@id\":\"https:\/\/www.blogsoestado.com\/danielmatos\/#website\"},\"primaryImageOfPage\":{\"@id\":\"https:\/\/www.blogsoestado.com\/danielmatos\/candidatura-do-parque-nacional-dos-lencois-maranhenses-a-patrimonio-mundial-da-humanidade-ja-foi-entregue-a-unesco\/#primaryimage\"},\"image\":{\"@id\":\"https:\/\/www.blogsoestado.com\/danielmatos\/candidatura-do-parque-nacional-dos-lencois-maranhenses-a-patrimonio-mundial-da-humanidade-ja-foi-entregue-a-unesco\/#primaryimage\"},\"thumbnailUrl\":\"https:\/\/www.blogsoestado.com\/danielmatos\/files\/2023\/02\/Screenshot_20230202-0316422.png\",\"datePublished\":\"2023-02-02T08:00:00+00:00\",\"author\":{\"@id\":\"\"},\"breadcrumb\":{\"@id\":\"https:\/\/www.blogsoestado.com\/danielmatos\/candidatura-do-parque-nacional-dos-lencois-maranhenses-a-patrimonio-mundial-da-humanidade-ja-foi-entregue-a-unesco\/#breadcrumb\"},\"inLanguage\":\"pt-BR\",\"potentialAction\":[{\"@type\":\"ReadAction\",\"target\":[\"https:\/\/www.blogsoestado.com\/danielmatos\/candidatura-do-parque-nacional-dos-lencois-maranhenses-a-patrimonio-mundial-da-humanidade-ja-foi-entregue-a-unesco\/\"]}]},{\"@type\":\"ImageObject\",\"inLanguage\":\"pt-BR\",\"@id\":\"https:\/\/www.blogsoestado.com\/danielmatos\/candidatura-do-parque-nacional-dos-lencois-maranhenses-a-patrimonio-mundial-da-humanidade-ja-foi-entregue-a-unesco\/#primaryimage\",\"url\":\"https:\/\/www.blogsoestado.com\/danielmatos\/files\/2023\/02\/Screenshot_20230202-0316422.png\",\"contentUrl\":\"https:\/\/www.blogsoestado.com\/danielmatos\/files\/2023\/02\/Screenshot_20230202-0316422.png\"},{\"@type\":\"BreadcrumbList\",\"@id\":\"https:\/\/www.blogsoestado.com\/danielmatos\/candidatura-do-parque-nacional-dos-lencois-maranhenses-a-patrimonio-mundial-da-humanidade-ja-foi-entregue-a-unesco\/#breadcrumb\",\"itemListElement\":[{\"@type\":\"ListItem\",\"position\":1,\"name\":\"In\u00edcio\",\"item\":\"https:\/\/www.blogsoestado.com\/danielmatos\/\"},{\"@type\":\"ListItem\",\"position\":2,\"name\":\"Brasil oficializa na Unesco candidatura dos Len\u00e7\u00f3is Maranhenses a Patrim\u00f4nio Mundial da Humanidade\"}]},{\"@type\":\"WebSite\",\"@id\":\"https:\/\/www.blogsoestado.com\/danielmatos\/#website\",\"url\":\"https:\/\/www.blogsoestado.com\/danielmatos\/\",\"name\":\"Daniel Matos\",\"description\":\"\",\"potentialAction\":[{\"@type\":\"SearchAction\",\"target\":{\"@type\":\"EntryPoint\",\"urlTemplate\":\"https:\/\/www.blogsoestado.com\/danielmatos\/?s={search_term_string}\"},\"query-input\":{\"@type\":\"PropertyValueSpecification\",\"valueRequired\":true,\"valueName\":\"search_term_string\"}}],\"inLanguage\":\"pt-BR\"}]}<\/script>\n<!-- \/ Yoast SEO plugin. -->","yoast_head_json":{"title":"Brasil oficializa na Unesco candidatura dos Len\u00e7\u00f3is Maranhenses a Patrim\u00f4nio Mundial da Humanidade - Daniel Matos","robots":{"index":"index","follow":"follow","max-snippet":"max-snippet:-1","max-image-preview":"max-image-preview:large","max-video-preview":"max-video-preview:-1"},"canonical":"https:\/\/www.blogsoestado.com\/danielmatos\/candidatura-do-parque-nacional-dos-lencois-maranhenses-a-patrimonio-mundial-da-humanidade-ja-foi-entregue-a-unesco\/","og_locale":"pt_BR","og_type":"article","og_title":"Brasil oficializa na Unesco candidatura dos Len\u00e7\u00f3is Maranhenses a Patrim\u00f4nio Mundial da Humanidade - Daniel Matos","og_description":"Resultado da an\u00e1lise do dossi\u00ea produzido pelo Minist\u00e9rio do Meio Ambiente e pelo Instituto Chico Mendes de Conserva\u00e7\u00e3o da Biodiversidade [&hellip;]","og_url":"https:\/\/www.blogsoestado.com\/danielmatos\/candidatura-do-parque-nacional-dos-lencois-maranhenses-a-patrimonio-mundial-da-humanidade-ja-foi-entregue-a-unesco\/","og_site_name":"Daniel Matos","article_published_time":"2023-02-02T08:00:00+00:00","og_image":[{"url":"https:\/\/www.blogsoestado.com\/danielmatos\/files\/2023\/02\/Screenshot_20230202-0316422.png","type":"","width":"","height":""}],"twitter_card":"summary_large_image","twitter_misc":{"Est. tempo de leitura":"3 minutos"},"schema":{"@context":"https:\/\/schema.org","@graph":[{"@type":"WebPage","@id":"https:\/\/www.blogsoestado.com\/danielmatos\/candidatura-do-parque-nacional-dos-lencois-maranhenses-a-patrimonio-mundial-da-humanidade-ja-foi-entregue-a-unesco\/","url":"https:\/\/www.blogsoestado.com\/danielmatos\/candidatura-do-parque-nacional-dos-lencois-maranhenses-a-patrimonio-mundial-da-humanidade-ja-foi-entregue-a-unesco\/","name":"Brasil oficializa na Unesco candidatura dos Len\u00e7\u00f3is Maranhenses a Patrim\u00f4nio Mundial da Humanidade - Daniel Matos","isPartOf":{"@id":"https:\/\/www.blogsoestado.com\/danielmatos\/#website"},"primaryImageOfPage":{"@id":"https:\/\/www.blogsoestado.com\/danielmatos\/candidatura-do-parque-nacional-dos-lencois-maranhenses-a-patrimonio-mundial-da-humanidade-ja-foi-entregue-a-unesco\/#primaryimage"},"image":{"@id":"https:\/\/www.blogsoestado.com\/danielmatos\/candidatura-do-parque-nacional-dos-lencois-maranhenses-a-patrimonio-mundial-da-humanidade-ja-foi-entregue-a-unesco\/#primaryimage"},"thumbnailUrl":"https:\/\/www.blogsoestado.com\/danielmatos\/files\/2023\/02\/Screenshot_20230202-0316422.png","datePublished":"2023-02-02T08:00:00+00:00","author":{"@id":""},"breadcrumb":{"@id":"https:\/\/www.blogsoestado.com\/danielmatos\/candidatura-do-parque-nacional-dos-lencois-maranhenses-a-patrimonio-mundial-da-humanidade-ja-foi-entregue-a-unesco\/#breadcrumb"},"inLanguage":"pt-BR","potentialAction":[{"@type":"ReadAction","target":["https:\/\/www.blogsoestado.com\/danielmatos\/candidatura-do-parque-nacional-dos-lencois-maranhenses-a-patrimonio-mundial-da-humanidade-ja-foi-entregue-a-unesco\/"]}]},{"@type":"ImageObject","inLanguage":"pt-BR","@id":"https:\/\/www.blogsoestado.com\/danielmatos\/candidatura-do-parque-nacional-dos-lencois-maranhenses-a-patrimonio-mundial-da-humanidade-ja-foi-entregue-a-unesco\/#primaryimage","url":"https:\/\/www.blogsoestado.com\/danielmatos\/files\/2023\/02\/Screenshot_20230202-0316422.png","contentUrl":"https:\/\/www.blogsoestado.com\/danielmatos\/files\/2023\/02\/Screenshot_20230202-0316422.png"},{"@type":"BreadcrumbList","@id":"https:\/\/www.blogsoestado.com\/danielmatos\/candidatura-do-parque-nacional-dos-lencois-maranhenses-a-patrimonio-mundial-da-humanidade-ja-foi-entregue-a-unesco\/#breadcrumb","itemListElement":[{"@type":"ListItem","position":1,"name":"In\u00edcio","item":"https:\/\/www.blogsoestado.com\/danielmatos\/"},{"@type":"ListItem","position":2,"name":"Brasil oficializa na Unesco candidatura dos Len\u00e7\u00f3is Maranhenses a Patrim\u00f4nio Mundial da Humanidade"}]},{"@type":"WebSite","@id":"https:\/\/www.blogsoestado.com\/danielmatos\/#website","url":"https:\/\/www.blogsoestado.com\/danielmatos\/","name":"Daniel Matos","description":"","potentialAction":[{"@type":"SearchAction","target":{"@type":"EntryPoint","urlTemplate":"https:\/\/www.blogsoestado.com\/danielmatos\/?s={search_term_string}"},"query-input":{"@type":"PropertyValueSpecification","valueRequired":true,"valueName":"search_term_string"}}],"inLanguage":"pt-BR"}]}},"jetpack_featured_media_url":"","_links":{"self":[{"href":"https:\/\/www.blogsoestado.com\/danielmatos\/wp-json\/wp\/v2\/posts\/105662","targetHints":{"allow":["GET"]}}],"collection":[{"href":"https:\/\/www.blogsoestado.com\/danielmatos\/wp-json\/wp\/v2\/posts"}],"about":[{"href":"https:\/\/www.blogsoestado.com\/danielmatos\/wp-json\/wp\/v2\/types\/post"}],"replies":[{"embeddable":true,"href":"https:\/\/www.blogsoestado.com\/danielmatos\/wp-json\/wp\/v2\/comments?post=105662"}],"version-history":[{"count":0,"href":"https:\/\/www.blogsoestado.com\/danielmatos\/wp-json\/wp\/v2\/posts\/105662\/revisions"}],"wp:attachment":[{"href":"https:\/\/www.blogsoestado.com\/danielmatos\/wp-json\/wp\/v2\/media?parent=105662"}],"wp:term":[{"taxonomy":"category","embeddable":true,"href":"https:\/\/www.blogsoestado.com\/danielmatos\/wp-json\/wp\/v2\/categories?post=105662"},{"taxonomy":"post_tag","embeddable":true,"href":"https:\/\/www.blogsoestado.com\/danielmatos\/wp-json\/wp\/v2\/tags?post=105662"}],"curies":[{"name":"wp","href":"https:\/\/api.w.org\/{rel}","templated":true}]}}