{"id":105675,"date":"2023-02-02T15:28:18","date_gmt":"2023-02-02T18:28:18","guid":{"rendered":"https:\/\/www.blogsoestado.com\/danielmatos\/?p=105675"},"modified":"2023-02-02T15:28:18","modified_gmt":"2023-02-02T18:28:18","slug":"sessao-solene-marca-abertura-do-ano-legislativo-no-parlamento-estadual","status":"publish","type":"post","link":"https:\/\/www.blogsoestado.com\/danielmatos\/sessao-solene-marca-abertura-do-ano-legislativo-no-parlamento-estadual\/","title":{"rendered":"Sess\u00e3o solene marca abertura do Ano Legislativo no Parlamento Estadual"},"content":{"rendered":"\n<div class=\"wp-block-image\"><figure class=\"aligncenter size-large\"><a href=\"https:\/\/www.blogsoestado.com\/danielmatos\/files\/2023\/02\/Screenshot_20230202-1515362.png\"><img decoding=\"async\" src=\"https:\/\/www.blogsoestado.com\/danielmatos\/files\/2023\/02\/Screenshot_20230202-1515362.png\" alt=\"\" class=\"wp-image-105676\"\/><\/a><figcaption>A presidente da Assembleia, Iracema Vale, concedeu entrevista coletiva antes do in\u00edcio do Ano Legislativo no Parlamento Estadual <\/figcaption><\/figure><\/div>\n\n\n\n<p>A Assembleia Legislativa do Maranh\u00e3o deu in\u00edcio aos trabalhos parlamentares de 2023, durante sess\u00e3o solene realizada na manh\u00e3 desta quinta-feira (2), no Plen\u00e1rio Nagib Haickel. Presidida pela chefe do Parlamento Estadual, deputada Iracema Vale (PSB), a cerim\u00f4nia foi marcada pela leitura da Mensagem Governamental pelo governador Carlos Brand\u00e3o (PSB), que prestou contas das a\u00e7\u00f5es do Executivo em 2022 e apresentou os investimentos a serem realizados nos pr\u00f3ximos quatro anos.<\/p>\n\n\n\n<p>A solenidade de abertura do Ano Legislativo foi iniciada com a cerim\u00f4nia militar na \u00e1rea externa do Pal\u00e1cio Manuel Beckman, que contou com hasteamento das bandeiras e revista \u00e0s tropas pela presidente Iracema Vale, seguida do desfile da cavalaria e de cadetes do Corpo de Bombeiros e do Curso de Forma\u00e7\u00e3o de Oficiais (CFO).<\/p>\n\n\n\n<p>A sess\u00e3o solene foi prestigiada por diversas autoridades, entre elas, o presidente do Tribunal de Justi\u00e7a do Maranh\u00e3o, desembargador Paulo Velten; o prefeito de S\u00e3o Lu\u00eds, Eduardo Braide; o presidente da C\u00e2mara de S\u00e3o Lu\u00eds, vereador Paulo Victor; a presidente do Tribunal Regional Eleitoral do Maranh\u00e3o (TER-MA), desembargadora \u00c2ngela Salazar; a desembargadora M\u00e1rcia Andrea Farias, representando o Tribunal Regional do Trabalho da 16\u00aa Regi\u00e3o; o presidente do Tribunal de Contas do Estado, conselheiro Marcelo Tavares; o procurador-geral de Justi\u00e7a, Eduardo Nicolau; o defensor-geral do Estado, Gabriel Furtado; e o presidente da OAB\/MA, Kaio Saraiva, que compuseram a mesa da cerim\u00f4nia.<\/p>\n\n\n\n<div class=\"wp-block-image\"><figure class=\"aligncenter size-large\"><a href=\"https:\/\/www.blogsoestado.com\/danielmatos\/files\/2023\/02\/Screenshot_20230202-1515122.png\"><img decoding=\"async\" src=\"https:\/\/www.blogsoestado.com\/danielmatos\/files\/2023\/02\/Screenshot_20230202-1515122.png\" alt=\"\" class=\"wp-image-105677\"\/><\/a><figcaption>A sess\u00e3o que marcou a abertura do Ano Legislativo contou com a presen\u00e7a do governador Carlos Brand\u00e3o<\/figcaption><\/figure><\/div>\n\n\n\n<p>Na abertura dos trabalhos, Iracema Vale saudou os presentes e concedeu a palavra ao governador Carlos Brand\u00e3o para a leitura da Mensagem Governamental. A chefe do Legislativo maranhense afirmou que ser\u00e1 preservada a harmonia e a independ\u00eancia entre os Poderes. Ela agradeceu ao Governo do Estado pela aten\u00e7\u00e3o aos pleitos do Parlamento.<\/p>\n\n\n\n<p>\u201cAgrade\u00e7o ao governador Carlos Brand\u00e3o por todo o incentivo e trabalho que vem desenvolvendo no Maranh\u00e3o e por sua disposi\u00e7\u00e3o em atender \u00e0s demandas do Legislativo. Esse momento simboliza a unidade, o di\u00e1logo, o respeito m\u00fatuo e a independ\u00eancia entre os Poderes&#8221;, ressaltou.<\/p>\n\n\n\n<p>Iracema Vale disse, ainda, que a Assembleia Legislativa seguir\u00e1 cumprido o seu papel com muito empenho nesta nova legislatura. &#8220;Hoje damos in\u00edcio aos trabalhos da Casa acreditando firmemente que o Parlamento cumprir\u00e1 o seu papel, debatendo e aprovando projetos de interesse do Maranh\u00e3o. Consenso \u00e9 a palavra que define o in\u00edcio da nova legislatura e a nossa Mesa Diretora \u00e9 o resultado desse entendimento&#8221;, afirmou a parlamentar.<\/p>\n\n\n\n<div class=\"wp-block-image\"><figure class=\"aligncenter size-large\"><a href=\"https:\/\/www.blogsoestado.com\/danielmatos\/files\/2023\/02\/Screenshot_20230202-1514472.png\"><img decoding=\"async\" src=\"https:\/\/www.blogsoestado.com\/danielmatos\/files\/2023\/02\/Screenshot_20230202-1514472.png\" alt=\"\" class=\"wp-image-105678\"\/><\/a><figcaption>Iracema Vale afirmou que a Assembleia Legislativa cumprir\u00e1 o seu papel, debatendo e aprovando projetos de interesse do Maranh\u00e3o<\/figcaption><\/figure><\/div>\n\n\n\n<p><strong>Mensagem<\/strong><\/p>\n\n\n\n<p>Durante a leitura da Mensagem Governamental, o governador Carlos Brand\u00e3o ratificou a marca do di\u00e1logo e da parceria com os munic\u00edpios, os demais estados e a Uni\u00e3o, que devem permear o seu governo. O chefe do Executivo Estadual pontuou, tamb\u00e9m, que a sua gest\u00e3o ser\u00e1 pautada em quatro pilares: desenvolvimento, educa\u00e7\u00e3o, combate \u00e0 fome e paz no campo.<\/p>\n\n\n\n<p>\u201cTemos diante de n\u00f3s desafios importantes, mas tamb\u00e9m muita energia e empenho para trabalharmos por um Maranh\u00e3o melhor para todos os maranhenses. Aos deputados e deputadas eleitos e reeleitos desejo que desempenhem suas fun\u00e7\u00f5es com excel\u00eancia, fazendo as discuss\u00f5es em torno de projetos que buscam melhorias para o nosso estado. Com o empenho e dedica\u00e7\u00e3o de todos, faremos um Maranh\u00e3o mais justo e mais solid\u00e1rio\u201d, disse.<\/p>\n\n\n\n<p><strong>Comprometimento<\/strong><\/p>\n\n\n\n<p>Os deputados estaduais presentes refor\u00e7aram o comprometimento dos 42 parlamentares com as demandas dos maranhenses. O deputado Rodrigo Lago (PCdoB), 1\u00ba vice-presidente da Casa, afirmou que todos caminhar\u00e3o juntos em prol do Maranh\u00e3o. &#8220;Iniciamos esta legislatura com muita paz e harmonia, constru\u00eddas atrav\u00e9s do consenso na Assembleia para ajudar o governo Carlos Brand\u00e3o. Nossa expetativa \u00e9 colaborar, cada vez mais, em prol do povo do nosso estado&#8221;, declarou.<\/p>\n\n\n\n<div class=\"wp-block-image\"><figure class=\"aligncenter size-large\"><a href=\"https:\/\/www.blogsoestado.com\/danielmatos\/files\/2023\/02\/Screenshot_20230202-1514042.png\"><img decoding=\"async\" src=\"https:\/\/www.blogsoestado.com\/danielmatos\/files\/2023\/02\/Screenshot_20230202-1514042.png\" alt=\"\" class=\"wp-image-105679\"\/><\/a><figcaption>Iracema Vale e parte da equipe da Assembleia em um dos momentos da abertura do Ano Legislativo <\/figcaption><\/figure><\/div>\n\n\n\n<p>J\u00e1 o deputado Osmar Filho (PDT), 3\u00ba secret\u00e1rio da Mesa, falou do otimismo para este in\u00edcio de mandato. &#8220;Tenho a caracter\u00edstica de ser municipalista e toda essa experi\u00eancia que trago para a Assembleia, dos meus mandatos como vereador, ser\u00e1 para trabalhar e contribuir muito com a Casa, para que as a\u00e7\u00f5es sejam desenvolvidas em benef\u00edcios do povo do Maranh\u00e3o&#8221;, afirmou.<\/p>\n\n\n\n<p>No mesmo sentido, o deputado Guilherme Paz (Patriotas), 4\u00ba secret\u00e1rio da Mesa, tamb\u00e9m falou sobre as expectativas para essa legislatura. &#8220;Certamente, faremos um grande trabalho para contribuir com o crescimento do nosso estado&#8221;, assinalou.<\/p>\n","protected":false},"excerpt":{"rendered":"<p>A Assembleia Legislativa do Maranh\u00e3o deu in\u00edcio aos trabalhos parlamentares de 2023, durante sess\u00e3o solene realizada na manh\u00e3 desta quinta-feira [&hellip;]<\/p>\n","protected":false},"author":0,"featured_media":0,"comment_status":"open","ping_status":"open","sticky":false,"template":"","format":"standard","meta":{"site-sidebar-layout":"default","site-content-layout":"","ast-site-content-layout":"default","site-content-style":"default","site-sidebar-style":"default","ast-global-header-display":"","ast-banner-title-visibility":"","ast-main-header-display":"","ast-hfb-above-header-display":"","ast-hfb-below-header-display":"","ast-hfb-mobile-header-display":"","site-post-title":"","ast-breadcrumbs-content":"","ast-featured-img":"","footer-sml-layout":"","ast-disable-related-posts":"","theme-transparent-header-meta":"","adv-header-id-meta":"","stick-header-meta":"","header-above-stick-meta":"","header-main-stick-meta":"","header-below-stick-meta":"","astra-migrate-meta-layouts":"default","ast-page-background-enabled":"default","ast-page-background-meta":{"desktop":{"background-color":"var(--ast-global-color-5)","background-image":"","background-repeat":"repeat","background-position":"center center","background-size":"auto","background-attachment":"scroll","background-type":"","background-media":"","overlay-type":"","overlay-color":"","overlay-opacity":"","overlay-gradient":""},"tablet":{"background-color":"","background-image":"","background-repeat":"repeat","background-position":"center center","background-size":"auto","background-attachment":"scroll","background-type":"","background-media":"","overlay-type":"","overlay-color":"","overlay-opacity":"","overlay-gradient":""},"mobile":{"background-color":"","background-image":"","background-repeat":"repeat","background-position":"center center","background-size":"auto","background-attachment":"scroll","background-type":"","background-media":"","overlay-type":"","overlay-color":"","overlay-opacity":"","overlay-gradient":""}},"ast-content-background-meta":{"desktop":{"background-color":"var(--ast-global-color-4)","background-image":"","background-repeat":"repeat","background-position":"center center","background-size":"auto","background-attachment":"scroll","background-type":"","background-media":"","overlay-type":"","overlay-color":"","overlay-opacity":"","overlay-gradient":""},"tablet":{"background-color":"var(--ast-global-color-4)","background-image":"","background-repeat":"repeat","background-position":"center center","background-size":"auto","background-attachment":"scroll","background-type":"","background-media":"","overlay-type":"","overlay-color":"","overlay-opacity":"","overlay-gradient":""},"mobile":{"background-color":"var(--ast-global-color-4)","background-image":"","background-repeat":"repeat","background-position":"center center","background-size":"auto","background-attachment":"scroll","background-type":"","background-media":"","overlay-type":"","overlay-color":"","overlay-opacity":"","overlay-gradient":""}},"footnotes":""},"categories":[1],"tags":[],"class_list":["post-105675","post","type-post","status-publish","format-standard","hentry","category-sem-categoria"],"yoast_head":"<!-- This site is optimized with the Yoast SEO plugin v26.6 - https:\/\/yoast.com\/wordpress\/plugins\/seo\/ -->\n<title>Sess\u00e3o solene marca abertura do Ano Legislativo no Parlamento Estadual - Daniel Matos<\/title>\n<meta name=\"robots\" content=\"index, follow, max-snippet:-1, max-image-preview:large, max-video-preview:-1\" \/>\n<link rel=\"canonical\" href=\"https:\/\/www.blogsoestado.com\/danielmatos\/sessao-solene-marca-abertura-do-ano-legislativo-no-parlamento-estadual\/\" \/>\n<meta property=\"og:locale\" content=\"pt_BR\" \/>\n<meta property=\"og:type\" content=\"article\" \/>\n<meta property=\"og:title\" content=\"Sess\u00e3o solene marca abertura do Ano Legislativo no Parlamento Estadual - Daniel Matos\" \/>\n<meta property=\"og:description\" content=\"A Assembleia Legislativa do Maranh\u00e3o deu in\u00edcio aos trabalhos parlamentares de 2023, durante sess\u00e3o solene realizada na manh\u00e3 desta quinta-feira [&hellip;]\" \/>\n<meta property=\"og:url\" content=\"https:\/\/www.blogsoestado.com\/danielmatos\/sessao-solene-marca-abertura-do-ano-legislativo-no-parlamento-estadual\/\" \/>\n<meta property=\"og:site_name\" content=\"Daniel Matos\" \/>\n<meta property=\"article:published_time\" content=\"2023-02-02T18:28:18+00:00\" \/>\n<meta property=\"og:image\" content=\"https:\/\/www.blogsoestado.com\/danielmatos\/files\/2023\/02\/Screenshot_20230202-1515362.png\" \/>\n<meta name=\"twitter:card\" content=\"summary_large_image\" \/>\n<meta name=\"twitter:label1\" content=\"Est. tempo de leitura\" \/>\n\t<meta name=\"twitter:data1\" content=\"5 minutos\" \/>\n<script type=\"application\/ld+json\" class=\"yoast-schema-graph\">{\"@context\":\"https:\/\/schema.org\",\"@graph\":[{\"@type\":\"WebPage\",\"@id\":\"https:\/\/www.blogsoestado.com\/danielmatos\/sessao-solene-marca-abertura-do-ano-legislativo-no-parlamento-estadual\/\",\"url\":\"https:\/\/www.blogsoestado.com\/danielmatos\/sessao-solene-marca-abertura-do-ano-legislativo-no-parlamento-estadual\/\",\"name\":\"Sess\u00e3o solene marca abertura do Ano Legislativo no Parlamento Estadual - Daniel Matos\",\"isPartOf\":{\"@id\":\"https:\/\/www.blogsoestado.com\/danielmatos\/#website\"},\"primaryImageOfPage\":{\"@id\":\"https:\/\/www.blogsoestado.com\/danielmatos\/sessao-solene-marca-abertura-do-ano-legislativo-no-parlamento-estadual\/#primaryimage\"},\"image\":{\"@id\":\"https:\/\/www.blogsoestado.com\/danielmatos\/sessao-solene-marca-abertura-do-ano-legislativo-no-parlamento-estadual\/#primaryimage\"},\"thumbnailUrl\":\"https:\/\/www.blogsoestado.com\/danielmatos\/files\/2023\/02\/Screenshot_20230202-1515362.png\",\"datePublished\":\"2023-02-02T18:28:18+00:00\",\"author\":{\"@id\":\"\"},\"breadcrumb\":{\"@id\":\"https:\/\/www.blogsoestado.com\/danielmatos\/sessao-solene-marca-abertura-do-ano-legislativo-no-parlamento-estadual\/#breadcrumb\"},\"inLanguage\":\"pt-BR\",\"potentialAction\":[{\"@type\":\"ReadAction\",\"target\":[\"https:\/\/www.blogsoestado.com\/danielmatos\/sessao-solene-marca-abertura-do-ano-legislativo-no-parlamento-estadual\/\"]}]},{\"@type\":\"ImageObject\",\"inLanguage\":\"pt-BR\",\"@id\":\"https:\/\/www.blogsoestado.com\/danielmatos\/sessao-solene-marca-abertura-do-ano-legislativo-no-parlamento-estadual\/#primaryimage\",\"url\":\"https:\/\/www.blogsoestado.com\/danielmatos\/files\/2023\/02\/Screenshot_20230202-1515362.png\",\"contentUrl\":\"https:\/\/www.blogsoestado.com\/danielmatos\/files\/2023\/02\/Screenshot_20230202-1515362.png\"},{\"@type\":\"BreadcrumbList\",\"@id\":\"https:\/\/www.blogsoestado.com\/danielmatos\/sessao-solene-marca-abertura-do-ano-legislativo-no-parlamento-estadual\/#breadcrumb\",\"itemListElement\":[{\"@type\":\"ListItem\",\"position\":1,\"name\":\"In\u00edcio\",\"item\":\"https:\/\/www.blogsoestado.com\/danielmatos\/\"},{\"@type\":\"ListItem\",\"position\":2,\"name\":\"Sess\u00e3o solene marca abertura do Ano Legislativo no Parlamento Estadual\"}]},{\"@type\":\"WebSite\",\"@id\":\"https:\/\/www.blogsoestado.com\/danielmatos\/#website\",\"url\":\"https:\/\/www.blogsoestado.com\/danielmatos\/\",\"name\":\"Daniel Matos\",\"description\":\"\",\"potentialAction\":[{\"@type\":\"SearchAction\",\"target\":{\"@type\":\"EntryPoint\",\"urlTemplate\":\"https:\/\/www.blogsoestado.com\/danielmatos\/?s={search_term_string}\"},\"query-input\":{\"@type\":\"PropertyValueSpecification\",\"valueRequired\":true,\"valueName\":\"search_term_string\"}}],\"inLanguage\":\"pt-BR\"}]}<\/script>\n<!-- \/ Yoast SEO plugin. -->","yoast_head_json":{"title":"Sess\u00e3o solene marca abertura do Ano Legislativo no Parlamento Estadual - Daniel Matos","robots":{"index":"index","follow":"follow","max-snippet":"max-snippet:-1","max-image-preview":"max-image-preview:large","max-video-preview":"max-video-preview:-1"},"canonical":"https:\/\/www.blogsoestado.com\/danielmatos\/sessao-solene-marca-abertura-do-ano-legislativo-no-parlamento-estadual\/","og_locale":"pt_BR","og_type":"article","og_title":"Sess\u00e3o solene marca abertura do Ano Legislativo no Parlamento Estadual - Daniel Matos","og_description":"A Assembleia Legislativa do Maranh\u00e3o deu in\u00edcio aos trabalhos parlamentares de 2023, durante sess\u00e3o solene realizada na manh\u00e3 desta quinta-feira [&hellip;]","og_url":"https:\/\/www.blogsoestado.com\/danielmatos\/sessao-solene-marca-abertura-do-ano-legislativo-no-parlamento-estadual\/","og_site_name":"Daniel Matos","article_published_time":"2023-02-02T18:28:18+00:00","og_image":[{"url":"https:\/\/www.blogsoestado.com\/danielmatos\/files\/2023\/02\/Screenshot_20230202-1515362.png","type":"","width":"","height":""}],"twitter_card":"summary_large_image","twitter_misc":{"Est. tempo de leitura":"5 minutos"},"schema":{"@context":"https:\/\/schema.org","@graph":[{"@type":"WebPage","@id":"https:\/\/www.blogsoestado.com\/danielmatos\/sessao-solene-marca-abertura-do-ano-legislativo-no-parlamento-estadual\/","url":"https:\/\/www.blogsoestado.com\/danielmatos\/sessao-solene-marca-abertura-do-ano-legislativo-no-parlamento-estadual\/","name":"Sess\u00e3o solene marca abertura do Ano Legislativo no Parlamento Estadual - Daniel Matos","isPartOf":{"@id":"https:\/\/www.blogsoestado.com\/danielmatos\/#website"},"primaryImageOfPage":{"@id":"https:\/\/www.blogsoestado.com\/danielmatos\/sessao-solene-marca-abertura-do-ano-legislativo-no-parlamento-estadual\/#primaryimage"},"image":{"@id":"https:\/\/www.blogsoestado.com\/danielmatos\/sessao-solene-marca-abertura-do-ano-legislativo-no-parlamento-estadual\/#primaryimage"},"thumbnailUrl":"https:\/\/www.blogsoestado.com\/danielmatos\/files\/2023\/02\/Screenshot_20230202-1515362.png","datePublished":"2023-02-02T18:28:18+00:00","author":{"@id":""},"breadcrumb":{"@id":"https:\/\/www.blogsoestado.com\/danielmatos\/sessao-solene-marca-abertura-do-ano-legislativo-no-parlamento-estadual\/#breadcrumb"},"inLanguage":"pt-BR","potentialAction":[{"@type":"ReadAction","target":["https:\/\/www.blogsoestado.com\/danielmatos\/sessao-solene-marca-abertura-do-ano-legislativo-no-parlamento-estadual\/"]}]},{"@type":"ImageObject","inLanguage":"pt-BR","@id":"https:\/\/www.blogsoestado.com\/danielmatos\/sessao-solene-marca-abertura-do-ano-legislativo-no-parlamento-estadual\/#primaryimage","url":"https:\/\/www.blogsoestado.com\/danielmatos\/files\/2023\/02\/Screenshot_20230202-1515362.png","contentUrl":"https:\/\/www.blogsoestado.com\/danielmatos\/files\/2023\/02\/Screenshot_20230202-1515362.png"},{"@type":"BreadcrumbList","@id":"https:\/\/www.blogsoestado.com\/danielmatos\/sessao-solene-marca-abertura-do-ano-legislativo-no-parlamento-estadual\/#breadcrumb","itemListElement":[{"@type":"ListItem","position":1,"name":"In\u00edcio","item":"https:\/\/www.blogsoestado.com\/danielmatos\/"},{"@type":"ListItem","position":2,"name":"Sess\u00e3o solene marca abertura do Ano Legislativo no Parlamento Estadual"}]},{"@type":"WebSite","@id":"https:\/\/www.blogsoestado.com\/danielmatos\/#website","url":"https:\/\/www.blogsoestado.com\/danielmatos\/","name":"Daniel Matos","description":"","potentialAction":[{"@type":"SearchAction","target":{"@type":"EntryPoint","urlTemplate":"https:\/\/www.blogsoestado.com\/danielmatos\/?s={search_term_string}"},"query-input":{"@type":"PropertyValueSpecification","valueRequired":true,"valueName":"search_term_string"}}],"inLanguage":"pt-BR"}]}},"jetpack_featured_media_url":"","_links":{"self":[{"href":"https:\/\/www.blogsoestado.com\/danielmatos\/wp-json\/wp\/v2\/posts\/105675","targetHints":{"allow":["GET"]}}],"collection":[{"href":"https:\/\/www.blogsoestado.com\/danielmatos\/wp-json\/wp\/v2\/posts"}],"about":[{"href":"https:\/\/www.blogsoestado.com\/danielmatos\/wp-json\/wp\/v2\/types\/post"}],"replies":[{"embeddable":true,"href":"https:\/\/www.blogsoestado.com\/danielmatos\/wp-json\/wp\/v2\/comments?post=105675"}],"version-history":[{"count":0,"href":"https:\/\/www.blogsoestado.com\/danielmatos\/wp-json\/wp\/v2\/posts\/105675\/revisions"}],"wp:attachment":[{"href":"https:\/\/www.blogsoestado.com\/danielmatos\/wp-json\/wp\/v2\/media?parent=105675"}],"wp:term":[{"taxonomy":"category","embeddable":true,"href":"https:\/\/www.blogsoestado.com\/danielmatos\/wp-json\/wp\/v2\/categories?post=105675"},{"taxonomy":"post_tag","embeddable":true,"href":"https:\/\/www.blogsoestado.com\/danielmatos\/wp-json\/wp\/v2\/tags?post=105675"}],"curies":[{"name":"wp","href":"https:\/\/api.w.org\/{rel}","templated":true}]}}