{"id":105681,"date":"2023-02-02T16:35:35","date_gmt":"2023-02-02T19:35:35","guid":{"rendered":"https:\/\/www.blogsoestado.com\/danielmatos\/?p=105681"},"modified":"2023-02-02T16:35:35","modified_gmt":"2023-02-02T19:35:35","slug":"amanda-gentil-parabeniza-presidente-da-camara-federal-arthur-lira-pela-reeleicao","status":"publish","type":"post","link":"https:\/\/www.blogsoestado.com\/danielmatos\/amanda-gentil-parabeniza-presidente-da-camara-federal-arthur-lira-pela-reeleicao\/","title":{"rendered":"Amanda Gentil parabeniza presidentes da C\u00e2mara Federal e do Senado pela conquista da reelei\u00e7\u00e3o"},"content":{"rendered":"\n<div class=\"wp-block-image\"><figure class=\"aligncenter size-large\"><a href=\"https:\/\/www.blogsoestado.com\/danielmatos\/files\/2023\/02\/Screenshot_20230202-1622262.png\"><img decoding=\"async\" src=\"https:\/\/www.blogsoestado.com\/danielmatos\/files\/2023\/02\/Screenshot_20230202-1622262.png\" alt=\"\" class=\"wp-image-105682\"\/><\/a><figcaption>Amanda Gentil fez quest\u00e3o de parabenizar Arthur Lira pela conquista da reelei\u00e7\u00e3o \u00e0 presid\u00eancia da C\u00e2mara Federal <\/figcaption><\/figure><\/div>\n\n\n\n<p>A deputada federal Amanda Gentil (PP) parabenizou o presidente da C\u00e2mara Federal, Arthur Lira (PP), pela conquista da reelei\u00e7\u00e3o, sacramentada nessa quarta-feira (1\u00ba), com a marca recorde de 464 votos, de um total de 513.<\/p>\n\n\n\n<p>Amanda desejou muito \u00eaxito e sabedoria a Lira na continuidade da miss\u00e3o de presidir a C\u00e2mara dos Deputados.<\/p>\n\n\n\n<p>A parlamentar se comprometeu a estar junto ao presidente e colega de partido na busca de mais pol\u00edticas p\u00fablicas e melhorias para a popula\u00e7\u00e3o brasileira.<\/p>\n\n\n\n<p><strong>Senado<\/strong>  <\/p>\n\n\n\n<div class=\"wp-block-image\"><figure class=\"aligncenter size-large\"><a href=\"https:\/\/www.blogsoestado.com\/danielmatos\/files\/2023\/02\/Screenshot_20230202-2032302.png\"><img decoding=\"async\" src=\"https:\/\/www.blogsoestado.com\/danielmatos\/files\/2023\/02\/Screenshot_20230202-2032302.png\" alt=\"\" class=\"wp-image-105690\"\/><\/a><figcaption>Amanda Gentil fez quest\u00e3o de ir ao Senado Federal parabenizar pessoalmente o presidente Rodrigo Pacheco pela reelei\u00e7\u00e3o<\/figcaption><\/figure><\/div>\n\n\n\n<p>Amanda Gentil tamb\u00e9m esteve no plen\u00e1rio do Senado Federal, onde parabenizou o presidente Rodrigo Pacheco, tamb\u00e9m reeleito para conduzir os trabalhos da Casa por mais um bi\u00eanio.<\/p>\n\n\n\n<p>&#8220;Que sejam mais dois anos de trabalho em favor do Brasil e da democracia. Sucesso nessa nova jornada &#8220;, desejou a deputada ao presidente do Senado.<\/p>\n","protected":false},"excerpt":{"rendered":"<p>A deputada federal Amanda Gentil (PP) parabenizou o presidente da C\u00e2mara Federal, Arthur Lira (PP), pela conquista da reelei\u00e7\u00e3o, sacramentada [&hellip;]<\/p>\n","protected":false},"author":0,"featured_media":0,"comment_status":"open","ping_status":"open","sticky":false,"template":"","format":"standard","meta":{"site-sidebar-layout":"default","site-content-layout":"","ast-site-content-layout":"default","site-content-style":"default","site-sidebar-style":"default","ast-global-header-display":"","ast-banner-title-visibility":"","ast-main-header-display":"","ast-hfb-above-header-display":"","ast-hfb-below-header-display":"","ast-hfb-mobile-header-display":"","site-post-title":"","ast-breadcrumbs-content":"","ast-featured-img":"","footer-sml-layout":"","ast-disable-related-posts":"","theme-transparent-header-meta":"","adv-header-id-meta":"","stick-header-meta":"","header-above-stick-meta":"","header-main-stick-meta":"","header-below-stick-meta":"","astra-migrate-meta-layouts":"default","ast-page-background-enabled":"default","ast-page-background-meta":{"desktop":{"background-color":"var(--ast-global-color-5)","background-image":"","background-repeat":"repeat","background-position":"center center","background-size":"auto","background-attachment":"scroll","background-type":"","background-media":"","overlay-type":"","overlay-color":"","overlay-opacity":"","overlay-gradient":""},"tablet":{"background-color":"","background-image":"","background-repeat":"repeat","background-position":"center center","background-size":"auto","background-attachment":"scroll","background-type":"","background-media":"","overlay-type":"","overlay-color":"","overlay-opacity":"","overlay-gradient":""},"mobile":{"background-color":"","background-image":"","background-repeat":"repeat","background-position":"center center","background-size":"auto","background-attachment":"scroll","background-type":"","background-media":"","overlay-type":"","overlay-color":"","overlay-opacity":"","overlay-gradient":""}},"ast-content-background-meta":{"desktop":{"background-color":"var(--ast-global-color-4)","background-image":"","background-repeat":"repeat","background-position":"center center","background-size":"auto","background-attachment":"scroll","background-type":"","background-media":"","overlay-type":"","overlay-color":"","overlay-opacity":"","overlay-gradient":""},"tablet":{"background-color":"var(--ast-global-color-4)","background-image":"","background-repeat":"repeat","background-position":"center center","background-size":"auto","background-attachment":"scroll","background-type":"","background-media":"","overlay-type":"","overlay-color":"","overlay-opacity":"","overlay-gradient":""},"mobile":{"background-color":"var(--ast-global-color-4)","background-image":"","background-repeat":"repeat","background-position":"center center","background-size":"auto","background-attachment":"scroll","background-type":"","background-media":"","overlay-type":"","overlay-color":"","overlay-opacity":"","overlay-gradient":""}},"footnotes":""},"categories":[1],"tags":[],"class_list":["post-105681","post","type-post","status-publish","format-standard","hentry","category-sem-categoria"],"yoast_head":"<!-- This site is optimized with the Yoast SEO plugin v26.6 - https:\/\/yoast.com\/wordpress\/plugins\/seo\/ -->\n<title>Amanda Gentil parabeniza presidentes da C\u00e2mara Federal e do Senado pela conquista da reelei\u00e7\u00e3o - Daniel Matos<\/title>\n<meta name=\"robots\" content=\"index, follow, max-snippet:-1, max-image-preview:large, max-video-preview:-1\" \/>\n<link rel=\"canonical\" href=\"https:\/\/www.blogsoestado.com\/danielmatos\/amanda-gentil-parabeniza-presidente-da-camara-federal-arthur-lira-pela-reeleicao\/\" \/>\n<meta property=\"og:locale\" content=\"pt_BR\" \/>\n<meta property=\"og:type\" content=\"article\" \/>\n<meta property=\"og:title\" content=\"Amanda Gentil parabeniza presidentes da C\u00e2mara Federal e do Senado pela conquista da reelei\u00e7\u00e3o - Daniel Matos\" \/>\n<meta property=\"og:description\" content=\"A deputada federal Amanda Gentil (PP) parabenizou o presidente da C\u00e2mara Federal, Arthur Lira (PP), pela conquista da reelei\u00e7\u00e3o, sacramentada [&hellip;]\" \/>\n<meta property=\"og:url\" content=\"https:\/\/www.blogsoestado.com\/danielmatos\/amanda-gentil-parabeniza-presidente-da-camara-federal-arthur-lira-pela-reeleicao\/\" \/>\n<meta property=\"og:site_name\" content=\"Daniel Matos\" \/>\n<meta property=\"article:published_time\" content=\"2023-02-02T19:35:35+00:00\" \/>\n<meta property=\"og:image\" content=\"https:\/\/www.blogsoestado.com\/danielmatos\/files\/2023\/02\/Screenshot_20230202-1622262.png\" \/>\n<meta name=\"twitter:card\" content=\"summary_large_image\" \/>\n<meta name=\"twitter:label1\" content=\"Est. tempo de leitura\" \/>\n\t<meta name=\"twitter:data1\" content=\"2 minutos\" \/>\n<script type=\"application\/ld+json\" class=\"yoast-schema-graph\">{\"@context\":\"https:\/\/schema.org\",\"@graph\":[{\"@type\":\"WebPage\",\"@id\":\"https:\/\/www.blogsoestado.com\/danielmatos\/amanda-gentil-parabeniza-presidente-da-camara-federal-arthur-lira-pela-reeleicao\/\",\"url\":\"https:\/\/www.blogsoestado.com\/danielmatos\/amanda-gentil-parabeniza-presidente-da-camara-federal-arthur-lira-pela-reeleicao\/\",\"name\":\"Amanda Gentil parabeniza presidentes da C\u00e2mara Federal e do Senado pela conquista da reelei\u00e7\u00e3o - Daniel Matos\",\"isPartOf\":{\"@id\":\"https:\/\/www.blogsoestado.com\/danielmatos\/#website\"},\"primaryImageOfPage\":{\"@id\":\"https:\/\/www.blogsoestado.com\/danielmatos\/amanda-gentil-parabeniza-presidente-da-camara-federal-arthur-lira-pela-reeleicao\/#primaryimage\"},\"image\":{\"@id\":\"https:\/\/www.blogsoestado.com\/danielmatos\/amanda-gentil-parabeniza-presidente-da-camara-federal-arthur-lira-pela-reeleicao\/#primaryimage\"},\"thumbnailUrl\":\"https:\/\/www.blogsoestado.com\/danielmatos\/files\/2023\/02\/Screenshot_20230202-1622262.png\",\"datePublished\":\"2023-02-02T19:35:35+00:00\",\"author\":{\"@id\":\"\"},\"breadcrumb\":{\"@id\":\"https:\/\/www.blogsoestado.com\/danielmatos\/amanda-gentil-parabeniza-presidente-da-camara-federal-arthur-lira-pela-reeleicao\/#breadcrumb\"},\"inLanguage\":\"pt-BR\",\"potentialAction\":[{\"@type\":\"ReadAction\",\"target\":[\"https:\/\/www.blogsoestado.com\/danielmatos\/amanda-gentil-parabeniza-presidente-da-camara-federal-arthur-lira-pela-reeleicao\/\"]}]},{\"@type\":\"ImageObject\",\"inLanguage\":\"pt-BR\",\"@id\":\"https:\/\/www.blogsoestado.com\/danielmatos\/amanda-gentil-parabeniza-presidente-da-camara-federal-arthur-lira-pela-reeleicao\/#primaryimage\",\"url\":\"https:\/\/www.blogsoestado.com\/danielmatos\/files\/2023\/02\/Screenshot_20230202-1622262.png\",\"contentUrl\":\"https:\/\/www.blogsoestado.com\/danielmatos\/files\/2023\/02\/Screenshot_20230202-1622262.png\"},{\"@type\":\"BreadcrumbList\",\"@id\":\"https:\/\/www.blogsoestado.com\/danielmatos\/amanda-gentil-parabeniza-presidente-da-camara-federal-arthur-lira-pela-reeleicao\/#breadcrumb\",\"itemListElement\":[{\"@type\":\"ListItem\",\"position\":1,\"name\":\"In\u00edcio\",\"item\":\"https:\/\/www.blogsoestado.com\/danielmatos\/\"},{\"@type\":\"ListItem\",\"position\":2,\"name\":\"Amanda Gentil parabeniza presidentes da C\u00e2mara Federal e do Senado pela conquista da reelei\u00e7\u00e3o\"}]},{\"@type\":\"WebSite\",\"@id\":\"https:\/\/www.blogsoestado.com\/danielmatos\/#website\",\"url\":\"https:\/\/www.blogsoestado.com\/danielmatos\/\",\"name\":\"Daniel Matos\",\"description\":\"\",\"potentialAction\":[{\"@type\":\"SearchAction\",\"target\":{\"@type\":\"EntryPoint\",\"urlTemplate\":\"https:\/\/www.blogsoestado.com\/danielmatos\/?s={search_term_string}\"},\"query-input\":{\"@type\":\"PropertyValueSpecification\",\"valueRequired\":true,\"valueName\":\"search_term_string\"}}],\"inLanguage\":\"pt-BR\"}]}<\/script>\n<!-- \/ Yoast SEO plugin. -->","yoast_head_json":{"title":"Amanda Gentil parabeniza presidentes da C\u00e2mara Federal e do Senado pela conquista da reelei\u00e7\u00e3o - Daniel Matos","robots":{"index":"index","follow":"follow","max-snippet":"max-snippet:-1","max-image-preview":"max-image-preview:large","max-video-preview":"max-video-preview:-1"},"canonical":"https:\/\/www.blogsoestado.com\/danielmatos\/amanda-gentil-parabeniza-presidente-da-camara-federal-arthur-lira-pela-reeleicao\/","og_locale":"pt_BR","og_type":"article","og_title":"Amanda Gentil parabeniza presidentes da C\u00e2mara Federal e do Senado pela conquista da reelei\u00e7\u00e3o - Daniel Matos","og_description":"A deputada federal Amanda Gentil (PP) parabenizou o presidente da C\u00e2mara Federal, Arthur Lira (PP), pela conquista da reelei\u00e7\u00e3o, sacramentada [&hellip;]","og_url":"https:\/\/www.blogsoestado.com\/danielmatos\/amanda-gentil-parabeniza-presidente-da-camara-federal-arthur-lira-pela-reeleicao\/","og_site_name":"Daniel Matos","article_published_time":"2023-02-02T19:35:35+00:00","og_image":[{"url":"https:\/\/www.blogsoestado.com\/danielmatos\/files\/2023\/02\/Screenshot_20230202-1622262.png","type":"","width":"","height":""}],"twitter_card":"summary_large_image","twitter_misc":{"Est. tempo de leitura":"2 minutos"},"schema":{"@context":"https:\/\/schema.org","@graph":[{"@type":"WebPage","@id":"https:\/\/www.blogsoestado.com\/danielmatos\/amanda-gentil-parabeniza-presidente-da-camara-federal-arthur-lira-pela-reeleicao\/","url":"https:\/\/www.blogsoestado.com\/danielmatos\/amanda-gentil-parabeniza-presidente-da-camara-federal-arthur-lira-pela-reeleicao\/","name":"Amanda Gentil parabeniza presidentes da C\u00e2mara Federal e do Senado pela conquista da reelei\u00e7\u00e3o - Daniel Matos","isPartOf":{"@id":"https:\/\/www.blogsoestado.com\/danielmatos\/#website"},"primaryImageOfPage":{"@id":"https:\/\/www.blogsoestado.com\/danielmatos\/amanda-gentil-parabeniza-presidente-da-camara-federal-arthur-lira-pela-reeleicao\/#primaryimage"},"image":{"@id":"https:\/\/www.blogsoestado.com\/danielmatos\/amanda-gentil-parabeniza-presidente-da-camara-federal-arthur-lira-pela-reeleicao\/#primaryimage"},"thumbnailUrl":"https:\/\/www.blogsoestado.com\/danielmatos\/files\/2023\/02\/Screenshot_20230202-1622262.png","datePublished":"2023-02-02T19:35:35+00:00","author":{"@id":""},"breadcrumb":{"@id":"https:\/\/www.blogsoestado.com\/danielmatos\/amanda-gentil-parabeniza-presidente-da-camara-federal-arthur-lira-pela-reeleicao\/#breadcrumb"},"inLanguage":"pt-BR","potentialAction":[{"@type":"ReadAction","target":["https:\/\/www.blogsoestado.com\/danielmatos\/amanda-gentil-parabeniza-presidente-da-camara-federal-arthur-lira-pela-reeleicao\/"]}]},{"@type":"ImageObject","inLanguage":"pt-BR","@id":"https:\/\/www.blogsoestado.com\/danielmatos\/amanda-gentil-parabeniza-presidente-da-camara-federal-arthur-lira-pela-reeleicao\/#primaryimage","url":"https:\/\/www.blogsoestado.com\/danielmatos\/files\/2023\/02\/Screenshot_20230202-1622262.png","contentUrl":"https:\/\/www.blogsoestado.com\/danielmatos\/files\/2023\/02\/Screenshot_20230202-1622262.png"},{"@type":"BreadcrumbList","@id":"https:\/\/www.blogsoestado.com\/danielmatos\/amanda-gentil-parabeniza-presidente-da-camara-federal-arthur-lira-pela-reeleicao\/#breadcrumb","itemListElement":[{"@type":"ListItem","position":1,"name":"In\u00edcio","item":"https:\/\/www.blogsoestado.com\/danielmatos\/"},{"@type":"ListItem","position":2,"name":"Amanda Gentil parabeniza presidentes da C\u00e2mara Federal e do Senado pela conquista da reelei\u00e7\u00e3o"}]},{"@type":"WebSite","@id":"https:\/\/www.blogsoestado.com\/danielmatos\/#website","url":"https:\/\/www.blogsoestado.com\/danielmatos\/","name":"Daniel Matos","description":"","potentialAction":[{"@type":"SearchAction","target":{"@type":"EntryPoint","urlTemplate":"https:\/\/www.blogsoestado.com\/danielmatos\/?s={search_term_string}"},"query-input":{"@type":"PropertyValueSpecification","valueRequired":true,"valueName":"search_term_string"}}],"inLanguage":"pt-BR"}]}},"jetpack_featured_media_url":"","_links":{"self":[{"href":"https:\/\/www.blogsoestado.com\/danielmatos\/wp-json\/wp\/v2\/posts\/105681","targetHints":{"allow":["GET"]}}],"collection":[{"href":"https:\/\/www.blogsoestado.com\/danielmatos\/wp-json\/wp\/v2\/posts"}],"about":[{"href":"https:\/\/www.blogsoestado.com\/danielmatos\/wp-json\/wp\/v2\/types\/post"}],"replies":[{"embeddable":true,"href":"https:\/\/www.blogsoestado.com\/danielmatos\/wp-json\/wp\/v2\/comments?post=105681"}],"version-history":[{"count":0,"href":"https:\/\/www.blogsoestado.com\/danielmatos\/wp-json\/wp\/v2\/posts\/105681\/revisions"}],"wp:attachment":[{"href":"https:\/\/www.blogsoestado.com\/danielmatos\/wp-json\/wp\/v2\/media?parent=105681"}],"wp:term":[{"taxonomy":"category","embeddable":true,"href":"https:\/\/www.blogsoestado.com\/danielmatos\/wp-json\/wp\/v2\/categories?post=105681"},{"taxonomy":"post_tag","embeddable":true,"href":"https:\/\/www.blogsoestado.com\/danielmatos\/wp-json\/wp\/v2\/tags?post=105681"}],"curies":[{"name":"wp","href":"https:\/\/api.w.org\/{rel}","templated":true}]}}