{"id":105692,"date":"2023-02-02T21:30:00","date_gmt":"2023-02-03T00:30:00","guid":{"rendered":"https:\/\/www.blogsoestado.com\/danielmatos\/?p=105692"},"modified":"2023-02-02T21:30:00","modified_gmt":"2023-02-03T00:30:00","slug":"homem-que-tentou-matar-o-proprio-pai-e-absolvido-em-julgamento-em-bacabal","status":"publish","type":"post","link":"https:\/\/www.blogsoestado.com\/danielmatos\/homem-que-tentou-matar-o-proprio-pai-e-absolvido-em-julgamento-em-bacabal\/","title":{"rendered":"Homem que tentou matar o pr\u00f3prio pai \u00e9 absolvido em julgamento, em Bacabal"},"content":{"rendered":"\n<div class=\"wp-block-image\"><figure class=\"aligncenter size-large\"><a href=\"https:\/\/www.blogsoestado.com\/danielmatos\/files\/2023\/02\/Screenshot_20230202-2051502.png\"><img decoding=\"async\" src=\"https:\/\/www.blogsoestado.com\/danielmatos\/files\/2023\/02\/Screenshot_20230202-2051502.png\" alt=\"\" class=\"wp-image-105694\"\/><\/a><figcaption>Ao final da sess\u00e3o, o conselho de senten\u00e7a acatou a tese da defesa e decidiu por absolver o r\u00e9u<\/figcaption><\/figure><\/div>\n\n\n\n<p>A 2\u00aa&nbsp;Vara Criminal da Comarca de Bacabal realizou nesta ter\u00e7a-feira, dia 31 de janeiro, a primeira sess\u00e3o do Tribunal do J\u00fari de 2023. O r\u00e9u foi Cleonildo Martins dos Santos. Ele estava sendo julgado sob acusa\u00e7\u00e3o de ter tentado contra a vida do seu pr\u00f3prio pai, Milton Costa dos Santos. Ao final da sess\u00e3o, o conselho de senten\u00e7a acatou a tese da defesa e decidiu por absolver o r\u00e9u. A sess\u00e3o foi presidida pela ju\u00edza Gl\u00e1ucia Helen Maia de Almeida, titular da unidade judicial.<\/p>\n\n\n\n<p>Conforme a den\u00fancia, o delito ocorreu em 15 de setembro de 2021, no povoado Const\u00e2ncio, localidade da zona rural do munic\u00edpio de Lago Verde, termo judici\u00e1rio de Bacabal. Seguiu narrando que, na data e local citados, uma guarni\u00e7\u00e3o da Pol\u00edcia Militar foi acionada, com o objetivo de atender uma ocorr\u00eancia do tipo atrito familiar. Chegando l\u00e1, no endere\u00e7o descrito, encontraram Cleonildo agredindo o pr\u00f3prio pai com um peda\u00e7o de madeira, gritando que iria mat\u00e1-lo, sendo necess\u00e1rio o uso da for\u00e7a policial para cont\u00ea-lo. Milton foi socorrido e levado ao hospital, onde ficou internado. Durante depoimento na pol\u00edcia, o denunciado negou a pr\u00e1tica do crime.&nbsp;<\/p>\n\n\n\n<p>A den\u00fancia ressaltou que Cleonildo somente n\u00e3o matou o pr\u00f3prio pai por causa da interven\u00e7\u00e3o dos policiais, que chegaram no momento da agress\u00e3o. A materialidade e a autoria se encontraram caracterizadas pelos depoimentos das testemunhas e pelo atestado m\u00e9dico da v\u00edtima.&nbsp;<\/p>\n\n\n\n<p>Al\u00e9m da magistrada, atuaram na sess\u00e3o a promotora de Justi\u00e7a Klycia Lu\u00edza Castro Meneses, na acusa\u00e7\u00e3o, e a defensora p\u00fablica Beatriz Oliveira Fazzi, na defesa do r\u00e9u. O julgamento ocorreu no sal\u00e3o do j\u00fari do F\u00f3rum de Bacabal.<\/p>\n\n\n\n<p><strong>OUTRO J\u00daRI<\/strong><\/p>\n\n\n\n<p>Uma outra sess\u00e3o do Tribunal do J\u00fari est\u00e1 marcada para o dia 10 de fevereiro na unidade judicial. Nesta data, ser\u00e1 julgado Jos\u00e9 Orlando Alves, acusado de ter matado, com a ajuda de dois adolescentes, a v\u00edtima Diego Castro da Silva, em 16 de julho de 2017. O crime ocorreu nas proximidades do Lago da Cigana, Rio Mearim, no Bairro Santos Dumont, em Bacabal.&nbsp;<\/p>\n\n\n\n<p>Narrou a den\u00fancia que, agindo por motivo torpe e impossibilitando a defesa do ofendido, o denunciado efetuou quatro disparos de arma de fogo, dos quais um atingiu o t\u00f3rax da v\u00edtima, causando-lhe a morte.<\/p>\n","protected":false},"excerpt":{"rendered":"<p>A 2\u00aa&nbsp;Vara Criminal da Comarca de Bacabal realizou nesta ter\u00e7a-feira, dia 31 de janeiro, a primeira sess\u00e3o do Tribunal do [&hellip;]<\/p>\n","protected":false},"author":0,"featured_media":0,"comment_status":"open","ping_status":"open","sticky":false,"template":"","format":"standard","meta":{"site-sidebar-layout":"default","site-content-layout":"","ast-site-content-layout":"default","site-content-style":"default","site-sidebar-style":"default","ast-global-header-display":"","ast-banner-title-visibility":"","ast-main-header-display":"","ast-hfb-above-header-display":"","ast-hfb-below-header-display":"","ast-hfb-mobile-header-display":"","site-post-title":"","ast-breadcrumbs-content":"","ast-featured-img":"","footer-sml-layout":"","ast-disable-related-posts":"","theme-transparent-header-meta":"","adv-header-id-meta":"","stick-header-meta":"","header-above-stick-meta":"","header-main-stick-meta":"","header-below-stick-meta":"","astra-migrate-meta-layouts":"default","ast-page-background-enabled":"default","ast-page-background-meta":{"desktop":{"background-color":"var(--ast-global-color-5)","background-image":"","background-repeat":"repeat","background-position":"center center","background-size":"auto","background-attachment":"scroll","background-type":"","background-media":"","overlay-type":"","overlay-color":"","overlay-opacity":"","overlay-gradient":""},"tablet":{"background-color":"","background-image":"","background-repeat":"repeat","background-position":"center center","background-size":"auto","background-attachment":"scroll","background-type":"","background-media":"","overlay-type":"","overlay-color":"","overlay-opacity":"","overlay-gradient":""},"mobile":{"background-color":"","background-image":"","background-repeat":"repeat","background-position":"center center","background-size":"auto","background-attachment":"scroll","background-type":"","background-media":"","overlay-type":"","overlay-color":"","overlay-opacity":"","overlay-gradient":""}},"ast-content-background-meta":{"desktop":{"background-color":"var(--ast-global-color-4)","background-image":"","background-repeat":"repeat","background-position":"center center","background-size":"auto","background-attachment":"scroll","background-type":"","background-media":"","overlay-type":"","overlay-color":"","overlay-opacity":"","overlay-gradient":""},"tablet":{"background-color":"var(--ast-global-color-4)","background-image":"","background-repeat":"repeat","background-position":"center center","background-size":"auto","background-attachment":"scroll","background-type":"","background-media":"","overlay-type":"","overlay-color":"","overlay-opacity":"","overlay-gradient":""},"mobile":{"background-color":"var(--ast-global-color-4)","background-image":"","background-repeat":"repeat","background-position":"center center","background-size":"auto","background-attachment":"scroll","background-type":"","background-media":"","overlay-type":"","overlay-color":"","overlay-opacity":"","overlay-gradient":""}},"footnotes":""},"categories":[1],"tags":[],"class_list":["post-105692","post","type-post","status-publish","format-standard","hentry","category-sem-categoria"],"yoast_head":"<!-- This site is optimized with the Yoast SEO plugin v26.6 - https:\/\/yoast.com\/wordpress\/plugins\/seo\/ -->\n<title>Homem que tentou matar o pr\u00f3prio pai \u00e9 absolvido em julgamento, em Bacabal - Daniel Matos<\/title>\n<meta name=\"robots\" content=\"index, follow, max-snippet:-1, max-image-preview:large, max-video-preview:-1\" \/>\n<link rel=\"canonical\" href=\"https:\/\/www.blogsoestado.com\/danielmatos\/homem-que-tentou-matar-o-proprio-pai-e-absolvido-em-julgamento-em-bacabal\/\" \/>\n<meta property=\"og:locale\" content=\"pt_BR\" \/>\n<meta property=\"og:type\" content=\"article\" \/>\n<meta property=\"og:title\" content=\"Homem que tentou matar o pr\u00f3prio pai \u00e9 absolvido em julgamento, em Bacabal - Daniel Matos\" \/>\n<meta property=\"og:description\" content=\"A 2\u00aa&nbsp;Vara Criminal da Comarca de Bacabal realizou nesta ter\u00e7a-feira, dia 31 de janeiro, a primeira sess\u00e3o do Tribunal do [&hellip;]\" \/>\n<meta property=\"og:url\" content=\"https:\/\/www.blogsoestado.com\/danielmatos\/homem-que-tentou-matar-o-proprio-pai-e-absolvido-em-julgamento-em-bacabal\/\" \/>\n<meta property=\"og:site_name\" content=\"Daniel Matos\" \/>\n<meta property=\"article:published_time\" content=\"2023-02-03T00:30:00+00:00\" \/>\n<meta property=\"og:image\" content=\"https:\/\/www.blogsoestado.com\/danielmatos\/files\/2023\/02\/Screenshot_20230202-2051502.png\" \/>\n<meta name=\"twitter:card\" content=\"summary_large_image\" \/>\n<meta name=\"twitter:label1\" content=\"Est. tempo de leitura\" \/>\n\t<meta name=\"twitter:data1\" content=\"2 minutos\" \/>\n<script type=\"application\/ld+json\" class=\"yoast-schema-graph\">{\"@context\":\"https:\/\/schema.org\",\"@graph\":[{\"@type\":\"WebPage\",\"@id\":\"https:\/\/www.blogsoestado.com\/danielmatos\/homem-que-tentou-matar-o-proprio-pai-e-absolvido-em-julgamento-em-bacabal\/\",\"url\":\"https:\/\/www.blogsoestado.com\/danielmatos\/homem-que-tentou-matar-o-proprio-pai-e-absolvido-em-julgamento-em-bacabal\/\",\"name\":\"Homem que tentou matar o pr\u00f3prio pai \u00e9 absolvido em julgamento, em Bacabal - Daniel Matos\",\"isPartOf\":{\"@id\":\"https:\/\/www.blogsoestado.com\/danielmatos\/#website\"},\"primaryImageOfPage\":{\"@id\":\"https:\/\/www.blogsoestado.com\/danielmatos\/homem-que-tentou-matar-o-proprio-pai-e-absolvido-em-julgamento-em-bacabal\/#primaryimage\"},\"image\":{\"@id\":\"https:\/\/www.blogsoestado.com\/danielmatos\/homem-que-tentou-matar-o-proprio-pai-e-absolvido-em-julgamento-em-bacabal\/#primaryimage\"},\"thumbnailUrl\":\"https:\/\/www.blogsoestado.com\/danielmatos\/files\/2023\/02\/Screenshot_20230202-2051502.png\",\"datePublished\":\"2023-02-03T00:30:00+00:00\",\"author\":{\"@id\":\"\"},\"breadcrumb\":{\"@id\":\"https:\/\/www.blogsoestado.com\/danielmatos\/homem-que-tentou-matar-o-proprio-pai-e-absolvido-em-julgamento-em-bacabal\/#breadcrumb\"},\"inLanguage\":\"pt-BR\",\"potentialAction\":[{\"@type\":\"ReadAction\",\"target\":[\"https:\/\/www.blogsoestado.com\/danielmatos\/homem-que-tentou-matar-o-proprio-pai-e-absolvido-em-julgamento-em-bacabal\/\"]}]},{\"@type\":\"ImageObject\",\"inLanguage\":\"pt-BR\",\"@id\":\"https:\/\/www.blogsoestado.com\/danielmatos\/homem-que-tentou-matar-o-proprio-pai-e-absolvido-em-julgamento-em-bacabal\/#primaryimage\",\"url\":\"https:\/\/www.blogsoestado.com\/danielmatos\/files\/2023\/02\/Screenshot_20230202-2051502.png\",\"contentUrl\":\"https:\/\/www.blogsoestado.com\/danielmatos\/files\/2023\/02\/Screenshot_20230202-2051502.png\"},{\"@type\":\"BreadcrumbList\",\"@id\":\"https:\/\/www.blogsoestado.com\/danielmatos\/homem-que-tentou-matar-o-proprio-pai-e-absolvido-em-julgamento-em-bacabal\/#breadcrumb\",\"itemListElement\":[{\"@type\":\"ListItem\",\"position\":1,\"name\":\"In\u00edcio\",\"item\":\"https:\/\/www.blogsoestado.com\/danielmatos\/\"},{\"@type\":\"ListItem\",\"position\":2,\"name\":\"Homem que tentou matar o pr\u00f3prio pai \u00e9 absolvido em julgamento, em Bacabal\"}]},{\"@type\":\"WebSite\",\"@id\":\"https:\/\/www.blogsoestado.com\/danielmatos\/#website\",\"url\":\"https:\/\/www.blogsoestado.com\/danielmatos\/\",\"name\":\"Daniel Matos\",\"description\":\"\",\"potentialAction\":[{\"@type\":\"SearchAction\",\"target\":{\"@type\":\"EntryPoint\",\"urlTemplate\":\"https:\/\/www.blogsoestado.com\/danielmatos\/?s={search_term_string}\"},\"query-input\":{\"@type\":\"PropertyValueSpecification\",\"valueRequired\":true,\"valueName\":\"search_term_string\"}}],\"inLanguage\":\"pt-BR\"}]}<\/script>\n<!-- \/ Yoast SEO plugin. -->","yoast_head_json":{"title":"Homem que tentou matar o pr\u00f3prio pai \u00e9 absolvido em julgamento, em Bacabal - Daniel Matos","robots":{"index":"index","follow":"follow","max-snippet":"max-snippet:-1","max-image-preview":"max-image-preview:large","max-video-preview":"max-video-preview:-1"},"canonical":"https:\/\/www.blogsoestado.com\/danielmatos\/homem-que-tentou-matar-o-proprio-pai-e-absolvido-em-julgamento-em-bacabal\/","og_locale":"pt_BR","og_type":"article","og_title":"Homem que tentou matar o pr\u00f3prio pai \u00e9 absolvido em julgamento, em Bacabal - Daniel Matos","og_description":"A 2\u00aa&nbsp;Vara Criminal da Comarca de Bacabal realizou nesta ter\u00e7a-feira, dia 31 de janeiro, a primeira sess\u00e3o do Tribunal do [&hellip;]","og_url":"https:\/\/www.blogsoestado.com\/danielmatos\/homem-que-tentou-matar-o-proprio-pai-e-absolvido-em-julgamento-em-bacabal\/","og_site_name":"Daniel Matos","article_published_time":"2023-02-03T00:30:00+00:00","og_image":[{"url":"https:\/\/www.blogsoestado.com\/danielmatos\/files\/2023\/02\/Screenshot_20230202-2051502.png","type":"","width":"","height":""}],"twitter_card":"summary_large_image","twitter_misc":{"Est. tempo de leitura":"2 minutos"},"schema":{"@context":"https:\/\/schema.org","@graph":[{"@type":"WebPage","@id":"https:\/\/www.blogsoestado.com\/danielmatos\/homem-que-tentou-matar-o-proprio-pai-e-absolvido-em-julgamento-em-bacabal\/","url":"https:\/\/www.blogsoestado.com\/danielmatos\/homem-que-tentou-matar-o-proprio-pai-e-absolvido-em-julgamento-em-bacabal\/","name":"Homem que tentou matar o pr\u00f3prio pai \u00e9 absolvido em julgamento, em Bacabal - Daniel Matos","isPartOf":{"@id":"https:\/\/www.blogsoestado.com\/danielmatos\/#website"},"primaryImageOfPage":{"@id":"https:\/\/www.blogsoestado.com\/danielmatos\/homem-que-tentou-matar-o-proprio-pai-e-absolvido-em-julgamento-em-bacabal\/#primaryimage"},"image":{"@id":"https:\/\/www.blogsoestado.com\/danielmatos\/homem-que-tentou-matar-o-proprio-pai-e-absolvido-em-julgamento-em-bacabal\/#primaryimage"},"thumbnailUrl":"https:\/\/www.blogsoestado.com\/danielmatos\/files\/2023\/02\/Screenshot_20230202-2051502.png","datePublished":"2023-02-03T00:30:00+00:00","author":{"@id":""},"breadcrumb":{"@id":"https:\/\/www.blogsoestado.com\/danielmatos\/homem-que-tentou-matar-o-proprio-pai-e-absolvido-em-julgamento-em-bacabal\/#breadcrumb"},"inLanguage":"pt-BR","potentialAction":[{"@type":"ReadAction","target":["https:\/\/www.blogsoestado.com\/danielmatos\/homem-que-tentou-matar-o-proprio-pai-e-absolvido-em-julgamento-em-bacabal\/"]}]},{"@type":"ImageObject","inLanguage":"pt-BR","@id":"https:\/\/www.blogsoestado.com\/danielmatos\/homem-que-tentou-matar-o-proprio-pai-e-absolvido-em-julgamento-em-bacabal\/#primaryimage","url":"https:\/\/www.blogsoestado.com\/danielmatos\/files\/2023\/02\/Screenshot_20230202-2051502.png","contentUrl":"https:\/\/www.blogsoestado.com\/danielmatos\/files\/2023\/02\/Screenshot_20230202-2051502.png"},{"@type":"BreadcrumbList","@id":"https:\/\/www.blogsoestado.com\/danielmatos\/homem-que-tentou-matar-o-proprio-pai-e-absolvido-em-julgamento-em-bacabal\/#breadcrumb","itemListElement":[{"@type":"ListItem","position":1,"name":"In\u00edcio","item":"https:\/\/www.blogsoestado.com\/danielmatos\/"},{"@type":"ListItem","position":2,"name":"Homem que tentou matar o pr\u00f3prio pai \u00e9 absolvido em julgamento, em Bacabal"}]},{"@type":"WebSite","@id":"https:\/\/www.blogsoestado.com\/danielmatos\/#website","url":"https:\/\/www.blogsoestado.com\/danielmatos\/","name":"Daniel Matos","description":"","potentialAction":[{"@type":"SearchAction","target":{"@type":"EntryPoint","urlTemplate":"https:\/\/www.blogsoestado.com\/danielmatos\/?s={search_term_string}"},"query-input":{"@type":"PropertyValueSpecification","valueRequired":true,"valueName":"search_term_string"}}],"inLanguage":"pt-BR"}]}},"jetpack_featured_media_url":"","_links":{"self":[{"href":"https:\/\/www.blogsoestado.com\/danielmatos\/wp-json\/wp\/v2\/posts\/105692","targetHints":{"allow":["GET"]}}],"collection":[{"href":"https:\/\/www.blogsoestado.com\/danielmatos\/wp-json\/wp\/v2\/posts"}],"about":[{"href":"https:\/\/www.blogsoestado.com\/danielmatos\/wp-json\/wp\/v2\/types\/post"}],"replies":[{"embeddable":true,"href":"https:\/\/www.blogsoestado.com\/danielmatos\/wp-json\/wp\/v2\/comments?post=105692"}],"version-history":[{"count":0,"href":"https:\/\/www.blogsoestado.com\/danielmatos\/wp-json\/wp\/v2\/posts\/105692\/revisions"}],"wp:attachment":[{"href":"https:\/\/www.blogsoestado.com\/danielmatos\/wp-json\/wp\/v2\/media?parent=105692"}],"wp:term":[{"taxonomy":"category","embeddable":true,"href":"https:\/\/www.blogsoestado.com\/danielmatos\/wp-json\/wp\/v2\/categories?post=105692"},{"taxonomy":"post_tag","embeddable":true,"href":"https:\/\/www.blogsoestado.com\/danielmatos\/wp-json\/wp\/v2\/tags?post=105692"}],"curies":[{"name":"wp","href":"https:\/\/api.w.org\/{rel}","templated":true}]}}