{"id":105697,"date":"2023-02-02T22:51:51","date_gmt":"2023-02-03T01:51:51","guid":{"rendered":"https:\/\/www.blogsoestado.com\/danielmatos\/?p=105697"},"modified":"2023-02-02T22:51:51","modified_gmt":"2023-02-03T01:51:51","slug":"empossada-maranhense-ana-paula-lobato-e-a-senadora-mais-jovem-do-brasil","status":"publish","type":"post","link":"https:\/\/www.blogsoestado.com\/danielmatos\/empossada-maranhense-ana-paula-lobato-e-a-senadora-mais-jovem-do-brasil\/","title":{"rendered":"Empossada, maranhense Ana Paula Lobato \u00e9 a senadora mais jovem do Brasil"},"content":{"rendered":"\n<div class=\"wp-block-image\"><figure class=\"aligncenter size-large\"><a href=\"https:\/\/www.blogsoestado.com\/danielmatos\/files\/2023\/02\/Screenshot_20230202-2255462.png\"><img decoding=\"async\" src=\"https:\/\/www.blogsoestado.com\/danielmatos\/files\/2023\/02\/Screenshot_20230202-2255462.png\" alt=\"\" class=\"wp-image-105699\"\/><\/a><figcaption>Ana Paula Lobato no ato de posse com o presidente do Senado, Rodrigo Pacheco; o esposo, Othelino Neto; os filhos e demais familiares<\/figcaption><\/figure><\/div>\n\n\n\n<p>A ex-vice-prefeita de Pinheiro, Ana Paula Lobato (PSB), que chegou a ocupar o cargo de prefeita por mais de um m\u00eas, entre janeiro e mar\u00e7o de 2022, foi empossada senadora pelo Maranh\u00e3o nesta quinta-feira (2). Primeira suplente na chapa de Fl\u00e1vio Dino, a esposa do deputado estadual Othelino Neto (PCdoB) exercer\u00e1 o mandato devido \u00e0 licen\u00e7a do titular para continuar \u00e0 frente do Minist\u00e9rio da Justi\u00e7a e Seguran\u00e7a P\u00fablica.<\/p>\n\n\n\n<p>Em cerim\u00f4nia na Presid\u00eancia do Senado, Ana Paula prestou compromisso e assinou o termo de posse. Ela prometeu guardar a Constitui\u00e7\u00e3o Federal e as leis do pa\u00eds; desempenhar fiel e lealmente o mandato conferido pelo povo; e sustentar a uni\u00e3o, a integridade e a independ\u00eancia do Brasil.&nbsp;<\/p>\n\n\n\n<p>O presidente do Senado Federal, Rodrigo Pacheco, informou que na pr\u00f3xima sess\u00e3o plen\u00e1ria vai garantir a Ana Paula Lobato a palavra para que ela possa fazer seu primeiro pronunciamento.<\/p>\n\n\n\n<p>A senadora Ana Paula Lobato afirmou que pretende dedicar o mandato a causas ligadas \u00e0s mulheres, \u00e0 sa\u00fade e \u00e0 educa\u00e7\u00e3o.&nbsp;<\/p>\n\n\n\n<p><strong>Mais jovem senadora do pa\u00eds <\/strong><\/p>\n\n\n\n<p>Empossada, Ana Paula Dias Lobato Nova Alves, de 37 anos, \u00e9 a mais jovem senadora da Casa. Ela tem dois filhos, frutos do seu matrim\u00f4nio com o ex-presidente da Assembleia Legislativa do Maranh\u00e3o, Othelino Neto, que na quarta-feira (1\u00ba) assumiu o quarto mandato consecutivo de deputado estadual.<\/p>\n\n\n\n<div class=\"wp-block-image\"><figure class=\"aligncenter size-large\"><a href=\"https:\/\/www.blogsoestado.com\/danielmatos\/files\/2023\/02\/Screenshot_20230202-2255372.png\"><img decoding=\"async\" src=\"https:\/\/www.blogsoestado.com\/danielmatos\/files\/2023\/02\/Screenshot_20230202-2255372.png\" alt=\"\" class=\"wp-image-105700\"\/><\/a><figcaption>Ana Paula recebeu as boas-vindas do presidente Rodrigo Pacheco e de outros senadores ao assumir o mandato<\/figcaption><\/figure><\/div>\n\n\n\n<p>Enfermeira e empres\u00e1ria do ramo de aluguel de equipamentos e m\u00e1quinas para constru\u00e7\u00e3o, Ana Paula teve que renunciar ao cargo de vice-prefeita de Pinheiro, munic\u00edpio da Baixada Maranhense onde passou sua inf\u00e2ncia e adolesc\u00eancia, para tomar posse do mandato no Senado.<\/p>\n\n\n\n<p>Em janeiro do ano passado, ela assumiu a Prefeitura de Pinheiro durante o afastamento de Luciano Gen\u00e9sio por determina\u00e7\u00e3o do Tribunal Regional Federal da 1\u00aa Regi\u00e3o.<\/p>\n\n\n\n<p>Ana Paula tamb\u00e9m presidiu o Grupo de Esposas de Deputados do Estado do Maranh\u00e3o, associa\u00e7\u00e3o filantr\u00f3pica, no per\u00edodo em que Othelino esteve \u00e0 frente do Poder Legislativo maranhense.<\/p>\n","protected":false},"excerpt":{"rendered":"<p>A ex-vice-prefeita de Pinheiro, Ana Paula Lobato (PSB), que chegou a ocupar o cargo de prefeita por mais de um [&hellip;]<\/p>\n","protected":false},"author":0,"featured_media":0,"comment_status":"open","ping_status":"open","sticky":false,"template":"","format":"standard","meta":{"site-sidebar-layout":"default","site-content-layout":"","ast-site-content-layout":"default","site-content-style":"default","site-sidebar-style":"default","ast-global-header-display":"","ast-banner-title-visibility":"","ast-main-header-display":"","ast-hfb-above-header-display":"","ast-hfb-below-header-display":"","ast-hfb-mobile-header-display":"","site-post-title":"","ast-breadcrumbs-content":"","ast-featured-img":"","footer-sml-layout":"","ast-disable-related-posts":"","theme-transparent-header-meta":"","adv-header-id-meta":"","stick-header-meta":"","header-above-stick-meta":"","header-main-stick-meta":"","header-below-stick-meta":"","astra-migrate-meta-layouts":"default","ast-page-background-enabled":"default","ast-page-background-meta":{"desktop":{"background-color":"var(--ast-global-color-5)","background-image":"","background-repeat":"repeat","background-position":"center center","background-size":"auto","background-attachment":"scroll","background-type":"","background-media":"","overlay-type":"","overlay-color":"","overlay-opacity":"","overlay-gradient":""},"tablet":{"background-color":"","background-image":"","background-repeat":"repeat","background-position":"center center","background-size":"auto","background-attachment":"scroll","background-type":"","background-media":"","overlay-type":"","overlay-color":"","overlay-opacity":"","overlay-gradient":""},"mobile":{"background-color":"","background-image":"","background-repeat":"repeat","background-position":"center center","background-size":"auto","background-attachment":"scroll","background-type":"","background-media":"","overlay-type":"","overlay-color":"","overlay-opacity":"","overlay-gradient":""}},"ast-content-background-meta":{"desktop":{"background-color":"var(--ast-global-color-4)","background-image":"","background-repeat":"repeat","background-position":"center center","background-size":"auto","background-attachment":"scroll","background-type":"","background-media":"","overlay-type":"","overlay-color":"","overlay-opacity":"","overlay-gradient":""},"tablet":{"background-color":"var(--ast-global-color-4)","background-image":"","background-repeat":"repeat","background-position":"center center","background-size":"auto","background-attachment":"scroll","background-type":"","background-media":"","overlay-type":"","overlay-color":"","overlay-opacity":"","overlay-gradient":""},"mobile":{"background-color":"var(--ast-global-color-4)","background-image":"","background-repeat":"repeat","background-position":"center center","background-size":"auto","background-attachment":"scroll","background-type":"","background-media":"","overlay-type":"","overlay-color":"","overlay-opacity":"","overlay-gradient":""}},"footnotes":""},"categories":[1],"tags":[],"class_list":["post-105697","post","type-post","status-publish","format-standard","hentry","category-sem-categoria"],"yoast_head":"<!-- This site is optimized with the Yoast SEO plugin v26.6 - https:\/\/yoast.com\/wordpress\/plugins\/seo\/ -->\n<title>Empossada, maranhense Ana Paula Lobato \u00e9 a senadora mais jovem do Brasil - Daniel Matos<\/title>\n<meta name=\"robots\" content=\"index, follow, max-snippet:-1, max-image-preview:large, max-video-preview:-1\" \/>\n<link rel=\"canonical\" href=\"https:\/\/www.blogsoestado.com\/danielmatos\/empossada-maranhense-ana-paula-lobato-e-a-senadora-mais-jovem-do-brasil\/\" \/>\n<meta property=\"og:locale\" content=\"pt_BR\" \/>\n<meta property=\"og:type\" content=\"article\" \/>\n<meta property=\"og:title\" content=\"Empossada, maranhense Ana Paula Lobato \u00e9 a senadora mais jovem do Brasil - Daniel Matos\" \/>\n<meta property=\"og:description\" content=\"A ex-vice-prefeita de Pinheiro, Ana Paula Lobato (PSB), que chegou a ocupar o cargo de prefeita por mais de um [&hellip;]\" \/>\n<meta property=\"og:url\" content=\"https:\/\/www.blogsoestado.com\/danielmatos\/empossada-maranhense-ana-paula-lobato-e-a-senadora-mais-jovem-do-brasil\/\" \/>\n<meta property=\"og:site_name\" content=\"Daniel Matos\" \/>\n<meta property=\"article:published_time\" content=\"2023-02-03T01:51:51+00:00\" \/>\n<meta property=\"og:image\" content=\"https:\/\/www.blogsoestado.com\/danielmatos\/files\/2023\/02\/Screenshot_20230202-2255462.png\" \/>\n<meta name=\"twitter:card\" content=\"summary_large_image\" \/>\n<meta name=\"twitter:label1\" content=\"Est. tempo de leitura\" \/>\n\t<meta name=\"twitter:data1\" content=\"2 minutos\" \/>\n<script type=\"application\/ld+json\" class=\"yoast-schema-graph\">{\"@context\":\"https:\/\/schema.org\",\"@graph\":[{\"@type\":\"WebPage\",\"@id\":\"https:\/\/www.blogsoestado.com\/danielmatos\/empossada-maranhense-ana-paula-lobato-e-a-senadora-mais-jovem-do-brasil\/\",\"url\":\"https:\/\/www.blogsoestado.com\/danielmatos\/empossada-maranhense-ana-paula-lobato-e-a-senadora-mais-jovem-do-brasil\/\",\"name\":\"Empossada, maranhense Ana Paula Lobato \u00e9 a senadora mais jovem do Brasil - Daniel Matos\",\"isPartOf\":{\"@id\":\"https:\/\/www.blogsoestado.com\/danielmatos\/#website\"},\"primaryImageOfPage\":{\"@id\":\"https:\/\/www.blogsoestado.com\/danielmatos\/empossada-maranhense-ana-paula-lobato-e-a-senadora-mais-jovem-do-brasil\/#primaryimage\"},\"image\":{\"@id\":\"https:\/\/www.blogsoestado.com\/danielmatos\/empossada-maranhense-ana-paula-lobato-e-a-senadora-mais-jovem-do-brasil\/#primaryimage\"},\"thumbnailUrl\":\"https:\/\/www.blogsoestado.com\/danielmatos\/files\/2023\/02\/Screenshot_20230202-2255462.png\",\"datePublished\":\"2023-02-03T01:51:51+00:00\",\"author\":{\"@id\":\"\"},\"breadcrumb\":{\"@id\":\"https:\/\/www.blogsoestado.com\/danielmatos\/empossada-maranhense-ana-paula-lobato-e-a-senadora-mais-jovem-do-brasil\/#breadcrumb\"},\"inLanguage\":\"pt-BR\",\"potentialAction\":[{\"@type\":\"ReadAction\",\"target\":[\"https:\/\/www.blogsoestado.com\/danielmatos\/empossada-maranhense-ana-paula-lobato-e-a-senadora-mais-jovem-do-brasil\/\"]}]},{\"@type\":\"ImageObject\",\"inLanguage\":\"pt-BR\",\"@id\":\"https:\/\/www.blogsoestado.com\/danielmatos\/empossada-maranhense-ana-paula-lobato-e-a-senadora-mais-jovem-do-brasil\/#primaryimage\",\"url\":\"https:\/\/www.blogsoestado.com\/danielmatos\/files\/2023\/02\/Screenshot_20230202-2255462.png\",\"contentUrl\":\"https:\/\/www.blogsoestado.com\/danielmatos\/files\/2023\/02\/Screenshot_20230202-2255462.png\"},{\"@type\":\"BreadcrumbList\",\"@id\":\"https:\/\/www.blogsoestado.com\/danielmatos\/empossada-maranhense-ana-paula-lobato-e-a-senadora-mais-jovem-do-brasil\/#breadcrumb\",\"itemListElement\":[{\"@type\":\"ListItem\",\"position\":1,\"name\":\"In\u00edcio\",\"item\":\"https:\/\/www.blogsoestado.com\/danielmatos\/\"},{\"@type\":\"ListItem\",\"position\":2,\"name\":\"Empossada, maranhense Ana Paula Lobato \u00e9 a senadora mais jovem do Brasil\"}]},{\"@type\":\"WebSite\",\"@id\":\"https:\/\/www.blogsoestado.com\/danielmatos\/#website\",\"url\":\"https:\/\/www.blogsoestado.com\/danielmatos\/\",\"name\":\"Daniel Matos\",\"description\":\"\",\"potentialAction\":[{\"@type\":\"SearchAction\",\"target\":{\"@type\":\"EntryPoint\",\"urlTemplate\":\"https:\/\/www.blogsoestado.com\/danielmatos\/?s={search_term_string}\"},\"query-input\":{\"@type\":\"PropertyValueSpecification\",\"valueRequired\":true,\"valueName\":\"search_term_string\"}}],\"inLanguage\":\"pt-BR\"}]}<\/script>\n<!-- \/ Yoast SEO plugin. -->","yoast_head_json":{"title":"Empossada, maranhense Ana Paula Lobato \u00e9 a senadora mais jovem do Brasil - Daniel Matos","robots":{"index":"index","follow":"follow","max-snippet":"max-snippet:-1","max-image-preview":"max-image-preview:large","max-video-preview":"max-video-preview:-1"},"canonical":"https:\/\/www.blogsoestado.com\/danielmatos\/empossada-maranhense-ana-paula-lobato-e-a-senadora-mais-jovem-do-brasil\/","og_locale":"pt_BR","og_type":"article","og_title":"Empossada, maranhense Ana Paula Lobato \u00e9 a senadora mais jovem do Brasil - Daniel Matos","og_description":"A ex-vice-prefeita de Pinheiro, Ana Paula Lobato (PSB), que chegou a ocupar o cargo de prefeita por mais de um [&hellip;]","og_url":"https:\/\/www.blogsoestado.com\/danielmatos\/empossada-maranhense-ana-paula-lobato-e-a-senadora-mais-jovem-do-brasil\/","og_site_name":"Daniel Matos","article_published_time":"2023-02-03T01:51:51+00:00","og_image":[{"url":"https:\/\/www.blogsoestado.com\/danielmatos\/files\/2023\/02\/Screenshot_20230202-2255462.png","type":"","width":"","height":""}],"twitter_card":"summary_large_image","twitter_misc":{"Est. tempo de leitura":"2 minutos"},"schema":{"@context":"https:\/\/schema.org","@graph":[{"@type":"WebPage","@id":"https:\/\/www.blogsoestado.com\/danielmatos\/empossada-maranhense-ana-paula-lobato-e-a-senadora-mais-jovem-do-brasil\/","url":"https:\/\/www.blogsoestado.com\/danielmatos\/empossada-maranhense-ana-paula-lobato-e-a-senadora-mais-jovem-do-brasil\/","name":"Empossada, maranhense Ana Paula Lobato \u00e9 a senadora mais jovem do Brasil - Daniel Matos","isPartOf":{"@id":"https:\/\/www.blogsoestado.com\/danielmatos\/#website"},"primaryImageOfPage":{"@id":"https:\/\/www.blogsoestado.com\/danielmatos\/empossada-maranhense-ana-paula-lobato-e-a-senadora-mais-jovem-do-brasil\/#primaryimage"},"image":{"@id":"https:\/\/www.blogsoestado.com\/danielmatos\/empossada-maranhense-ana-paula-lobato-e-a-senadora-mais-jovem-do-brasil\/#primaryimage"},"thumbnailUrl":"https:\/\/www.blogsoestado.com\/danielmatos\/files\/2023\/02\/Screenshot_20230202-2255462.png","datePublished":"2023-02-03T01:51:51+00:00","author":{"@id":""},"breadcrumb":{"@id":"https:\/\/www.blogsoestado.com\/danielmatos\/empossada-maranhense-ana-paula-lobato-e-a-senadora-mais-jovem-do-brasil\/#breadcrumb"},"inLanguage":"pt-BR","potentialAction":[{"@type":"ReadAction","target":["https:\/\/www.blogsoestado.com\/danielmatos\/empossada-maranhense-ana-paula-lobato-e-a-senadora-mais-jovem-do-brasil\/"]}]},{"@type":"ImageObject","inLanguage":"pt-BR","@id":"https:\/\/www.blogsoestado.com\/danielmatos\/empossada-maranhense-ana-paula-lobato-e-a-senadora-mais-jovem-do-brasil\/#primaryimage","url":"https:\/\/www.blogsoestado.com\/danielmatos\/files\/2023\/02\/Screenshot_20230202-2255462.png","contentUrl":"https:\/\/www.blogsoestado.com\/danielmatos\/files\/2023\/02\/Screenshot_20230202-2255462.png"},{"@type":"BreadcrumbList","@id":"https:\/\/www.blogsoestado.com\/danielmatos\/empossada-maranhense-ana-paula-lobato-e-a-senadora-mais-jovem-do-brasil\/#breadcrumb","itemListElement":[{"@type":"ListItem","position":1,"name":"In\u00edcio","item":"https:\/\/www.blogsoestado.com\/danielmatos\/"},{"@type":"ListItem","position":2,"name":"Empossada, maranhense Ana Paula Lobato \u00e9 a senadora mais jovem do Brasil"}]},{"@type":"WebSite","@id":"https:\/\/www.blogsoestado.com\/danielmatos\/#website","url":"https:\/\/www.blogsoestado.com\/danielmatos\/","name":"Daniel Matos","description":"","potentialAction":[{"@type":"SearchAction","target":{"@type":"EntryPoint","urlTemplate":"https:\/\/www.blogsoestado.com\/danielmatos\/?s={search_term_string}"},"query-input":{"@type":"PropertyValueSpecification","valueRequired":true,"valueName":"search_term_string"}}],"inLanguage":"pt-BR"}]}},"jetpack_featured_media_url":"","_links":{"self":[{"href":"https:\/\/www.blogsoestado.com\/danielmatos\/wp-json\/wp\/v2\/posts\/105697","targetHints":{"allow":["GET"]}}],"collection":[{"href":"https:\/\/www.blogsoestado.com\/danielmatos\/wp-json\/wp\/v2\/posts"}],"about":[{"href":"https:\/\/www.blogsoestado.com\/danielmatos\/wp-json\/wp\/v2\/types\/post"}],"replies":[{"embeddable":true,"href":"https:\/\/www.blogsoestado.com\/danielmatos\/wp-json\/wp\/v2\/comments?post=105697"}],"version-history":[{"count":0,"href":"https:\/\/www.blogsoestado.com\/danielmatos\/wp-json\/wp\/v2\/posts\/105697\/revisions"}],"wp:attachment":[{"href":"https:\/\/www.blogsoestado.com\/danielmatos\/wp-json\/wp\/v2\/media?parent=105697"}],"wp:term":[{"taxonomy":"category","embeddable":true,"href":"https:\/\/www.blogsoestado.com\/danielmatos\/wp-json\/wp\/v2\/categories?post=105697"},{"taxonomy":"post_tag","embeddable":true,"href":"https:\/\/www.blogsoestado.com\/danielmatos\/wp-json\/wp\/v2\/tags?post=105697"}],"curies":[{"name":"wp","href":"https:\/\/api.w.org\/{rel}","templated":true}]}}