{"id":105716,"date":"2023-02-03T16:59:15","date_gmt":"2023-02-03T19:59:15","guid":{"rendered":"https:\/\/www.blogsoestado.com\/danielmatos\/?p=105716"},"modified":"2023-02-03T16:59:15","modified_gmt":"2023-02-03T19:59:15","slug":"promotora-de-justica-visita-centro-de-referencia-especializado-de-atencao-integral-a-pessoa-idosa","status":"publish","type":"post","link":"https:\/\/www.blogsoestado.com\/danielmatos\/promotora-de-justica-visita-centro-de-referencia-especializado-de-atencao-integral-a-pessoa-idosa\/","title":{"rendered":"Promotora de Justi\u00e7a visita Centro de Refer\u00eancia Especializado de Aten\u00e7\u00e3o Integral \u00e0 Pessoa Idosa"},"content":{"rendered":"\n<div class=\"wp-block-image\"><figure class=\"aligncenter size-large\"><a href=\"https:\/\/www.blogsoestado.com\/danielmatos\/files\/2023\/02\/Screenshot_20230203-1655162.png\"><img decoding=\"async\" src=\"https:\/\/www.blogsoestado.com\/danielmatos\/files\/2023\/02\/Screenshot_20230203-1655162.png\" alt=\"\" class=\"wp-image-105717\"\/><\/a><figcaption>A visita da promotora teve como objetivo conhecer a estrutura do espa\u00e7o, em especial os servi\u00e7os ofertados pela SES, por meio do Instituto Vida e Sa\u00fade (Invisa)<\/figcaption><\/figure><\/div>\n\n\n\n<p>O Centro de Refer\u00eancia Especializado de Aten\u00e7\u00e3o Integral \u00e0 Sa\u00fade da Pessoa Idosa do Maranh\u00e3o (Creaispi), da rede da Secretaria de Estado da Sa\u00fade (SES) recebeu, esta semana, a visita da promotora Doracy Reis, titular da 1\u00aa Promotoria de Justi\u00e7a Especializada em Funda\u00e7\u00f5es e Entidades de Interesse Social.&nbsp;<\/p>\n\n\n\n<p>A visita da promotora ao equipamento p\u00fablico, na quarta-feira (1\u00ba), teve como objetivo conhecer a estrutura do espa\u00e7o, em especial os servi\u00e7os ofertados pela SES, por meio do Instituto Vida e Sa\u00fade (Invisa).<\/p>\n\n\n\n<p>Na ocasi\u00e3o, o diretor Cl\u00ednico, Lu\u00eds Alfredo Filho, e a diretora Administrativa, Talita Lobato, destacaram os servi\u00e7os que o p\u00fablico da terceira idade, a partir de 60 anos, disp\u00f5e no Creaispi, como consultas especializadas e exames.&nbsp;<\/p>\n\n\n\n<p>\u201c\u00c9 um espa\u00e7o completo, voltado para o cuidado dos idosos. Na \u00e1rea de sa\u00fade, por exemplo, dispomos de consultas em 11 especialidade m\u00e9dicas\u201d, explicou Luiz Alfredo Filho.&nbsp;<\/p>\n\n\n\n<p>O diretor cl\u00ednico informou que, entre as especialidades m\u00e9dicas, est\u00e3o inclu\u00eddas geriatria, cardiologia, urologia, ginecologia, oftalmologia, reumatologia, ortopedia, entre outras. S\u00e3o oferecidos, tamb\u00e9m, exames de imagem e de an\u00e1lises cl\u00ednicas; fisioterapia e pilates em um centro de reabilita\u00e7\u00e3o; e terapias complementares como a musicoterapia e ventosaterapia.&nbsp;&nbsp;<\/p>\n\n\n\n<p>Acompanharam a visita, o gerente regional do Invisa no Maranh\u00e3o, Raimundo J\u00fanior; a t\u00e9cnica da Rede da SES, Sandra Estrela; os coordenadores de Sa\u00fade do Creaispi, Denise Noleto, Monalisa Almeida e Ajardson Leite; e a supervisora de Atendimento, Wal\u00e9ria Tayres Santos.<\/p>\n\n\n\n<p>Durante a visita, a promotora Doracy Reis conversou com o p\u00fablico, familiares e servidores. \u201cSaio daqui satisfeita com o trabalho que vejo e o compromisso de toda equipe, que abra\u00e7ou a causa p\u00fablica. A fun\u00e7\u00e3o da nossa Promotoria \u00e9 essa, de fiscalizar e orientar para que os recursos p\u00fablicos sejam aplicados em benef\u00edcio da popula\u00e7\u00e3o, promovendo cidadania e melhorando a vida do cidad\u00e3o&#8221;, destacou.<\/p>\n\n\n\n<p>O Creaispi foi entregue pelo Governo do Maranh\u00e3o em mar\u00e7o de 2022. O equipamento fica localizado no espa\u00e7o do antigo Centro Social da Cohab (CSU), em S\u00e3o Lu\u00eds, que foi totalmente reestruturado.&nbsp;<\/p>\n\n\n\n<p>O p\u00fablico dos munic\u00edpios de S\u00e3o Lu\u00eds, S\u00e3o Jos\u00e9 de Ribamar, Raposa e Pa\u00e7o do Lumiar representa a maioria dos atendimentos, mas, a unidade tamb\u00e9m recebe idosos dos demais munic\u00edpios maranhenses.&nbsp;<\/p>\n\n\n\n<p>Al\u00e9m da SES, o Creaispi oferta, para a popula\u00e7\u00e3o, servi\u00e7os das Secretarias de Estado de Desenvolvimento Social (Sedes), Direitos Humanos e Participa\u00e7\u00e3o Popular (Sedihpop) e da Seguran\u00e7a P\u00fablica (SSP), por meio da Delegacia do Idoso; e da Defensoria P\u00fablica do Estado do Maranh\u00e3o (DPE-MA).<\/p>\n","protected":false},"excerpt":{"rendered":"<p>O Centro de Refer\u00eancia Especializado de Aten\u00e7\u00e3o Integral \u00e0 Sa\u00fade da Pessoa Idosa do Maranh\u00e3o (Creaispi), da rede da Secretaria [&hellip;]<\/p>\n","protected":false},"author":0,"featured_media":0,"comment_status":"open","ping_status":"open","sticky":false,"template":"","format":"standard","meta":{"site-sidebar-layout":"default","site-content-layout":"","ast-site-content-layout":"default","site-content-style":"default","site-sidebar-style":"default","ast-global-header-display":"","ast-banner-title-visibility":"","ast-main-header-display":"","ast-hfb-above-header-display":"","ast-hfb-below-header-display":"","ast-hfb-mobile-header-display":"","site-post-title":"","ast-breadcrumbs-content":"","ast-featured-img":"","footer-sml-layout":"","ast-disable-related-posts":"","theme-transparent-header-meta":"","adv-header-id-meta":"","stick-header-meta":"","header-above-stick-meta":"","header-main-stick-meta":"","header-below-stick-meta":"","astra-migrate-meta-layouts":"default","ast-page-background-enabled":"default","ast-page-background-meta":{"desktop":{"background-color":"var(--ast-global-color-5)","background-image":"","background-repeat":"repeat","background-position":"center center","background-size":"auto","background-attachment":"scroll","background-type":"","background-media":"","overlay-type":"","overlay-color":"","overlay-opacity":"","overlay-gradient":""},"tablet":{"background-color":"","background-image":"","background-repeat":"repeat","background-position":"center center","background-size":"auto","background-attachment":"scroll","background-type":"","background-media":"","overlay-type":"","overlay-color":"","overlay-opacity":"","overlay-gradient":""},"mobile":{"background-color":"","background-image":"","background-repeat":"repeat","background-position":"center center","background-size":"auto","background-attachment":"scroll","background-type":"","background-media":"","overlay-type":"","overlay-color":"","overlay-opacity":"","overlay-gradient":""}},"ast-content-background-meta":{"desktop":{"background-color":"var(--ast-global-color-4)","background-image":"","background-repeat":"repeat","background-position":"center center","background-size":"auto","background-attachment":"scroll","background-type":"","background-media":"","overlay-type":"","overlay-color":"","overlay-opacity":"","overlay-gradient":""},"tablet":{"background-color":"var(--ast-global-color-4)","background-image":"","background-repeat":"repeat","background-position":"center center","background-size":"auto","background-attachment":"scroll","background-type":"","background-media":"","overlay-type":"","overlay-color":"","overlay-opacity":"","overlay-gradient":""},"mobile":{"background-color":"var(--ast-global-color-4)","background-image":"","background-repeat":"repeat","background-position":"center center","background-size":"auto","background-attachment":"scroll","background-type":"","background-media":"","overlay-type":"","overlay-color":"","overlay-opacity":"","overlay-gradient":""}},"footnotes":""},"categories":[1],"tags":[],"class_list":["post-105716","post","type-post","status-publish","format-standard","hentry","category-sem-categoria"],"yoast_head":"<!-- This site is optimized with the Yoast SEO plugin v26.6 - https:\/\/yoast.com\/wordpress\/plugins\/seo\/ -->\n<title>Promotora de Justi\u00e7a visita Centro de Refer\u00eancia Especializado de Aten\u00e7\u00e3o Integral \u00e0 Pessoa Idosa - Daniel Matos<\/title>\n<meta name=\"robots\" content=\"index, follow, max-snippet:-1, max-image-preview:large, max-video-preview:-1\" \/>\n<link rel=\"canonical\" href=\"https:\/\/www.blogsoestado.com\/danielmatos\/promotora-de-justica-visita-centro-de-referencia-especializado-de-atencao-integral-a-pessoa-idosa\/\" \/>\n<meta property=\"og:locale\" content=\"pt_BR\" \/>\n<meta property=\"og:type\" content=\"article\" \/>\n<meta property=\"og:title\" content=\"Promotora de Justi\u00e7a visita Centro de Refer\u00eancia Especializado de Aten\u00e7\u00e3o Integral \u00e0 Pessoa Idosa - Daniel Matos\" \/>\n<meta property=\"og:description\" content=\"O Centro de Refer\u00eancia Especializado de Aten\u00e7\u00e3o Integral \u00e0 Sa\u00fade da Pessoa Idosa do Maranh\u00e3o (Creaispi), da rede da Secretaria [&hellip;]\" \/>\n<meta property=\"og:url\" content=\"https:\/\/www.blogsoestado.com\/danielmatos\/promotora-de-justica-visita-centro-de-referencia-especializado-de-atencao-integral-a-pessoa-idosa\/\" \/>\n<meta property=\"og:site_name\" content=\"Daniel Matos\" \/>\n<meta property=\"article:published_time\" content=\"2023-02-03T19:59:15+00:00\" \/>\n<meta property=\"og:image\" content=\"https:\/\/www.blogsoestado.com\/danielmatos\/files\/2023\/02\/Screenshot_20230203-1655162.png\" \/>\n<meta name=\"twitter:card\" content=\"summary_large_image\" \/>\n<meta name=\"twitter:label1\" content=\"Est. tempo de leitura\" \/>\n\t<meta name=\"twitter:data1\" content=\"3 minutos\" \/>\n<script type=\"application\/ld+json\" class=\"yoast-schema-graph\">{\"@context\":\"https:\/\/schema.org\",\"@graph\":[{\"@type\":\"WebPage\",\"@id\":\"https:\/\/www.blogsoestado.com\/danielmatos\/promotora-de-justica-visita-centro-de-referencia-especializado-de-atencao-integral-a-pessoa-idosa\/\",\"url\":\"https:\/\/www.blogsoestado.com\/danielmatos\/promotora-de-justica-visita-centro-de-referencia-especializado-de-atencao-integral-a-pessoa-idosa\/\",\"name\":\"Promotora de Justi\u00e7a visita Centro de Refer\u00eancia Especializado de Aten\u00e7\u00e3o Integral \u00e0 Pessoa Idosa - Daniel Matos\",\"isPartOf\":{\"@id\":\"https:\/\/www.blogsoestado.com\/danielmatos\/#website\"},\"primaryImageOfPage\":{\"@id\":\"https:\/\/www.blogsoestado.com\/danielmatos\/promotora-de-justica-visita-centro-de-referencia-especializado-de-atencao-integral-a-pessoa-idosa\/#primaryimage\"},\"image\":{\"@id\":\"https:\/\/www.blogsoestado.com\/danielmatos\/promotora-de-justica-visita-centro-de-referencia-especializado-de-atencao-integral-a-pessoa-idosa\/#primaryimage\"},\"thumbnailUrl\":\"https:\/\/www.blogsoestado.com\/danielmatos\/files\/2023\/02\/Screenshot_20230203-1655162.png\",\"datePublished\":\"2023-02-03T19:59:15+00:00\",\"author\":{\"@id\":\"\"},\"breadcrumb\":{\"@id\":\"https:\/\/www.blogsoestado.com\/danielmatos\/promotora-de-justica-visita-centro-de-referencia-especializado-de-atencao-integral-a-pessoa-idosa\/#breadcrumb\"},\"inLanguage\":\"pt-BR\",\"potentialAction\":[{\"@type\":\"ReadAction\",\"target\":[\"https:\/\/www.blogsoestado.com\/danielmatos\/promotora-de-justica-visita-centro-de-referencia-especializado-de-atencao-integral-a-pessoa-idosa\/\"]}]},{\"@type\":\"ImageObject\",\"inLanguage\":\"pt-BR\",\"@id\":\"https:\/\/www.blogsoestado.com\/danielmatos\/promotora-de-justica-visita-centro-de-referencia-especializado-de-atencao-integral-a-pessoa-idosa\/#primaryimage\",\"url\":\"https:\/\/www.blogsoestado.com\/danielmatos\/files\/2023\/02\/Screenshot_20230203-1655162.png\",\"contentUrl\":\"https:\/\/www.blogsoestado.com\/danielmatos\/files\/2023\/02\/Screenshot_20230203-1655162.png\"},{\"@type\":\"BreadcrumbList\",\"@id\":\"https:\/\/www.blogsoestado.com\/danielmatos\/promotora-de-justica-visita-centro-de-referencia-especializado-de-atencao-integral-a-pessoa-idosa\/#breadcrumb\",\"itemListElement\":[{\"@type\":\"ListItem\",\"position\":1,\"name\":\"In\u00edcio\",\"item\":\"https:\/\/www.blogsoestado.com\/danielmatos\/\"},{\"@type\":\"ListItem\",\"position\":2,\"name\":\"Promotora de Justi\u00e7a visita Centro de Refer\u00eancia Especializado de Aten\u00e7\u00e3o Integral \u00e0 Pessoa Idosa\"}]},{\"@type\":\"WebSite\",\"@id\":\"https:\/\/www.blogsoestado.com\/danielmatos\/#website\",\"url\":\"https:\/\/www.blogsoestado.com\/danielmatos\/\",\"name\":\"Daniel Matos\",\"description\":\"\",\"potentialAction\":[{\"@type\":\"SearchAction\",\"target\":{\"@type\":\"EntryPoint\",\"urlTemplate\":\"https:\/\/www.blogsoestado.com\/danielmatos\/?s={search_term_string}\"},\"query-input\":{\"@type\":\"PropertyValueSpecification\",\"valueRequired\":true,\"valueName\":\"search_term_string\"}}],\"inLanguage\":\"pt-BR\"}]}<\/script>\n<!-- \/ Yoast SEO plugin. -->","yoast_head_json":{"title":"Promotora de Justi\u00e7a visita Centro de Refer\u00eancia Especializado de Aten\u00e7\u00e3o Integral \u00e0 Pessoa Idosa - Daniel Matos","robots":{"index":"index","follow":"follow","max-snippet":"max-snippet:-1","max-image-preview":"max-image-preview:large","max-video-preview":"max-video-preview:-1"},"canonical":"https:\/\/www.blogsoestado.com\/danielmatos\/promotora-de-justica-visita-centro-de-referencia-especializado-de-atencao-integral-a-pessoa-idosa\/","og_locale":"pt_BR","og_type":"article","og_title":"Promotora de Justi\u00e7a visita Centro de Refer\u00eancia Especializado de Aten\u00e7\u00e3o Integral \u00e0 Pessoa Idosa - Daniel Matos","og_description":"O Centro de Refer\u00eancia Especializado de Aten\u00e7\u00e3o Integral \u00e0 Sa\u00fade da Pessoa Idosa do Maranh\u00e3o (Creaispi), da rede da Secretaria [&hellip;]","og_url":"https:\/\/www.blogsoestado.com\/danielmatos\/promotora-de-justica-visita-centro-de-referencia-especializado-de-atencao-integral-a-pessoa-idosa\/","og_site_name":"Daniel Matos","article_published_time":"2023-02-03T19:59:15+00:00","og_image":[{"url":"https:\/\/www.blogsoestado.com\/danielmatos\/files\/2023\/02\/Screenshot_20230203-1655162.png","type":"","width":"","height":""}],"twitter_card":"summary_large_image","twitter_misc":{"Est. tempo de leitura":"3 minutos"},"schema":{"@context":"https:\/\/schema.org","@graph":[{"@type":"WebPage","@id":"https:\/\/www.blogsoestado.com\/danielmatos\/promotora-de-justica-visita-centro-de-referencia-especializado-de-atencao-integral-a-pessoa-idosa\/","url":"https:\/\/www.blogsoestado.com\/danielmatos\/promotora-de-justica-visita-centro-de-referencia-especializado-de-atencao-integral-a-pessoa-idosa\/","name":"Promotora de Justi\u00e7a visita Centro de Refer\u00eancia Especializado de Aten\u00e7\u00e3o Integral \u00e0 Pessoa Idosa - Daniel Matos","isPartOf":{"@id":"https:\/\/www.blogsoestado.com\/danielmatos\/#website"},"primaryImageOfPage":{"@id":"https:\/\/www.blogsoestado.com\/danielmatos\/promotora-de-justica-visita-centro-de-referencia-especializado-de-atencao-integral-a-pessoa-idosa\/#primaryimage"},"image":{"@id":"https:\/\/www.blogsoestado.com\/danielmatos\/promotora-de-justica-visita-centro-de-referencia-especializado-de-atencao-integral-a-pessoa-idosa\/#primaryimage"},"thumbnailUrl":"https:\/\/www.blogsoestado.com\/danielmatos\/files\/2023\/02\/Screenshot_20230203-1655162.png","datePublished":"2023-02-03T19:59:15+00:00","author":{"@id":""},"breadcrumb":{"@id":"https:\/\/www.blogsoestado.com\/danielmatos\/promotora-de-justica-visita-centro-de-referencia-especializado-de-atencao-integral-a-pessoa-idosa\/#breadcrumb"},"inLanguage":"pt-BR","potentialAction":[{"@type":"ReadAction","target":["https:\/\/www.blogsoestado.com\/danielmatos\/promotora-de-justica-visita-centro-de-referencia-especializado-de-atencao-integral-a-pessoa-idosa\/"]}]},{"@type":"ImageObject","inLanguage":"pt-BR","@id":"https:\/\/www.blogsoestado.com\/danielmatos\/promotora-de-justica-visita-centro-de-referencia-especializado-de-atencao-integral-a-pessoa-idosa\/#primaryimage","url":"https:\/\/www.blogsoestado.com\/danielmatos\/files\/2023\/02\/Screenshot_20230203-1655162.png","contentUrl":"https:\/\/www.blogsoestado.com\/danielmatos\/files\/2023\/02\/Screenshot_20230203-1655162.png"},{"@type":"BreadcrumbList","@id":"https:\/\/www.blogsoestado.com\/danielmatos\/promotora-de-justica-visita-centro-de-referencia-especializado-de-atencao-integral-a-pessoa-idosa\/#breadcrumb","itemListElement":[{"@type":"ListItem","position":1,"name":"In\u00edcio","item":"https:\/\/www.blogsoestado.com\/danielmatos\/"},{"@type":"ListItem","position":2,"name":"Promotora de Justi\u00e7a visita Centro de Refer\u00eancia Especializado de Aten\u00e7\u00e3o Integral \u00e0 Pessoa Idosa"}]},{"@type":"WebSite","@id":"https:\/\/www.blogsoestado.com\/danielmatos\/#website","url":"https:\/\/www.blogsoestado.com\/danielmatos\/","name":"Daniel Matos","description":"","potentialAction":[{"@type":"SearchAction","target":{"@type":"EntryPoint","urlTemplate":"https:\/\/www.blogsoestado.com\/danielmatos\/?s={search_term_string}"},"query-input":{"@type":"PropertyValueSpecification","valueRequired":true,"valueName":"search_term_string"}}],"inLanguage":"pt-BR"}]}},"jetpack_featured_media_url":"","_links":{"self":[{"href":"https:\/\/www.blogsoestado.com\/danielmatos\/wp-json\/wp\/v2\/posts\/105716","targetHints":{"allow":["GET"]}}],"collection":[{"href":"https:\/\/www.blogsoestado.com\/danielmatos\/wp-json\/wp\/v2\/posts"}],"about":[{"href":"https:\/\/www.blogsoestado.com\/danielmatos\/wp-json\/wp\/v2\/types\/post"}],"replies":[{"embeddable":true,"href":"https:\/\/www.blogsoestado.com\/danielmatos\/wp-json\/wp\/v2\/comments?post=105716"}],"version-history":[{"count":0,"href":"https:\/\/www.blogsoestado.com\/danielmatos\/wp-json\/wp\/v2\/posts\/105716\/revisions"}],"wp:attachment":[{"href":"https:\/\/www.blogsoestado.com\/danielmatos\/wp-json\/wp\/v2\/media?parent=105716"}],"wp:term":[{"taxonomy":"category","embeddable":true,"href":"https:\/\/www.blogsoestado.com\/danielmatos\/wp-json\/wp\/v2\/categories?post=105716"},{"taxonomy":"post_tag","embeddable":true,"href":"https:\/\/www.blogsoestado.com\/danielmatos\/wp-json\/wp\/v2\/tags?post=105716"}],"curies":[{"name":"wp","href":"https:\/\/api.w.org\/{rel}","templated":true}]}}