{"id":105719,"date":"2023-02-03T17:40:20","date_gmt":"2023-02-03T20:40:20","guid":{"rendered":"https:\/\/www.blogsoestado.com\/danielmatos\/?p=105719"},"modified":"2023-02-03T17:40:20","modified_gmt":"2023-02-03T20:40:20","slug":"na-alema-brandao-garante-mais-investimentos-para-desenvolvimento-economico-e-social-do-maranhao","status":"publish","type":"post","link":"https:\/\/www.blogsoestado.com\/danielmatos\/na-alema-brandao-garante-mais-investimentos-para-desenvolvimento-economico-e-social-do-maranhao\/","title":{"rendered":"Na Alema, Brand\u00e3o garante mais investimentos para desenvolvimento econ\u00f4mico e social do Maranh\u00e3o"},"content":{"rendered":"\n<div class=\"wp-block-image\"><figure class=\"aligncenter size-large\"><a href=\"https:\/\/www.blogsoestado.com\/danielmatos\/files\/2023\/02\/Screenshot_20230203-1724142.png\"><img decoding=\"async\" src=\"https:\/\/www.blogsoestado.com\/danielmatos\/files\/2023\/02\/Screenshot_20230203-1724142.png\" alt=\"\" class=\"wp-image-105720\"\/><\/a><figcaption>O governador Carlos Brand\u00e3o na abertura dos trabalhos legislativos com a presidente da Assembleia, Iracema Vale; e os deputados estaduais Ant\u00f4nio Pereira e Roberto Costa <\/figcaption><\/figure><\/div>\n\n\n\n<p>O governador Carlos Brand\u00e3o participou, na manh\u00e3 desta quinta-feira (2), da sess\u00e3o solene de abertura dos trabalhos da 20\u00aa Legislatura da Assembleia Legislativa do Maranh\u00e3o. Na solenidade, realizada no Plen\u00e1rio Deputado Nagib Haickel, Brand\u00e3o fez a leitura da Mensagem Governamental, encaminhada ao Parlamento Estadual, e reiterou que vai garantir ainda mais investimentos nos pr\u00f3ximos quatro anos para o desenvolvimento econ\u00f4mico e social do Estado. O documento cont\u00e9m o relato do conjunto de a\u00e7\u00f5es que dever\u00e3o ser realizadas pelo governo estadual ao longo dos pr\u00f3ximos anos.<\/p>\n\n\n\n<p>O governador proferiu sauda\u00e7\u00e3o aos deputados e deputadas empossados na quarta-feira (1) e fez uma refer\u00eancia especial \u00e0 nova presidente da Casa, deputada Iracema Vale (PSB). \u201c\u00c9 hist\u00f3rico e significativo que o Maranh\u00e3o tenha, pela primeira vez, uma mulher presidente da Assembleia Legislativa, a deputada estadual mais bem votada na hist\u00f3ria do nosso Estado. Essa representatividade \u00e9 fundamental para a democracia e para garantir que as necessidades e as preocupa\u00e7\u00f5es de todos sejam levadas em conta. Sua elei\u00e7\u00e3o, certamente, ter\u00e1 um impacto positivo na pol\u00edtica e na sociedade\u201d, afirmou Brand\u00e3o.<\/p>\n\n\n\n<p>Em seu discurso, o governador disse que fez quest\u00e3o de participar da abertura dos trabalhos legislativos para reafirmar a marca do di\u00e1logo e da parceria que o governo tem com os munic\u00edpios, com os demais Estados e com a Uni\u00e3o. Ele informou que j\u00e1 apresentou ao Governo Federal uma agenda de temas e a\u00e7\u00f5es que s\u00e3o priorit\u00e1rias ao Maranh\u00e3o.<\/p>\n\n\n\n<p>\u201cTrago a grata not\u00edcia: as nossas demandas foram ouvidas\u201d, frisou Brand\u00e3o, lembrando o mote de seu discurso de posse, proferido no dia 1\u00ba de janeiro passado: \u201cNosso governo ser\u00e1 baseado em quatro pilares fundamentais: o desenvolvimento, a educa\u00e7\u00e3o, o combate \u00e0 fome e a paz no campo. Acreditamos que o desenvolvimento com gera\u00e7\u00e3o de emprego e renda \u00e9 a principal chave para que possamos mudar a nossa realidade\u201d, enfatizou Carlos Brand\u00e3o.<\/p>\n\n\n\n<div class=\"wp-block-image\"><figure class=\"aligncenter size-large\"><a href=\"https:\/\/www.blogsoestado.com\/danielmatos\/files\/2023\/02\/Screenshot_20230203-1724382.png\"><img decoding=\"async\" src=\"https:\/\/www.blogsoestado.com\/danielmatos\/files\/2023\/02\/Screenshot_20230203-1724382.png\" alt=\"\" class=\"wp-image-105721\"\/><\/a><figcaption>Carlos Brand\u00e3o reafirmou que o governo ser\u00e1 baseado em quatro pilares fundamentais: o desenvolvimento, a educa\u00e7\u00e3o, o combate \u00e0 fome e a paz no campo<\/figcaption><\/figure><\/div>\n\n\n\n<p><strong>Dignidade<\/strong><\/p>\n\n\n\n<p>O governador declarou que a cada dia fica mais convencido de que n\u00e3o se pode pensar em desenvolvimento sem que haja seguran\u00e7a alimentar garantida.<\/p>\n\n\n\n<p>\u201cComo governante, me vejo na obriga\u00e7\u00e3o de enfrentar a cruel realidade com a qual ainda convivemos. A fome n\u00e3o \u00e9 apenas um problema de escassez de comida, mas tamb\u00e9m um problema de desigualdade e injusti\u00e7a social. No Maranh\u00e3o, ampliaremos a nossa luta com o claro objetivo de fazer com que a nossa gente se sinta tratada com mais dignidade e acredite que possa ocupar espa\u00e7os que lhe garanta melhoria na qualidade de vida\u201d.<\/p>\n\n\n\n<p>Brand\u00e3o ressaltou ainda que a Mensagem Governamental traz para a Casa Legislativas \u00e9 de esperan\u00e7a, de confian\u00e7a nos trabalhos que v\u00e3o desenvolver juntos. \u201cN\u00e3o temos e n\u00e3o teremos nenhum temor em reconhecer os nossos desafios e nossas dificuldades como gestores do bem p\u00fablico\u201d, disse.<\/p>\n\n\n\n<p><strong>Desenvolvimento<\/strong><\/p>\n\n\n\n<p>O governador foi enf\u00e1tico ao frisar que, nos pr\u00f3ximos quatro anos, o Governo do Estado vai avan\u00e7ar cada vez mais, preparando o Maranh\u00e3o e os maranhenses para que possam alcan\u00e7ar o desenvolvimento econ\u00f4mico e social. \u201cVamos investir ainda mais em seguran\u00e7a alimentar para todos, na amplia\u00e7\u00e3o das redes de ensino e de sa\u00fade, em obras de infraestrutura e no apoio \u00e0 agricultura familiar e \u00e0s comunidades tradicionais\u201d, declarou Brand\u00e3o.<\/p>\n\n\n\n<p>Ele tamb\u00e9m afirmou que far\u00e1 o maior programa de regulariza\u00e7\u00e3o fundi\u00e1ria do Maranh\u00e3o em um per\u00edodo de quatro anos. \u201cVamos trabalhar muito para ver sonhos serem realizados, e um desses sonhos \u00e9 garantir paz no campo\u201d, disse ele, acrescentando ainda que ser\u00e3o dispensadas tamb\u00e9m s nossas aten\u00e7\u00f5es tamb\u00e9m aos pequenos empreendedores maranhenses que acreditam no seu trabalho e s\u00e3o a grande for\u00e7a na nossa economia\u201d.<\/p>\n","protected":false},"excerpt":{"rendered":"<p>O governador Carlos Brand\u00e3o participou, na manh\u00e3 desta quinta-feira (2), da sess\u00e3o solene de abertura dos trabalhos da 20\u00aa Legislatura [&hellip;]<\/p>\n","protected":false},"author":0,"featured_media":0,"comment_status":"open","ping_status":"open","sticky":false,"template":"","format":"standard","meta":{"site-sidebar-layout":"default","site-content-layout":"","ast-site-content-layout":"default","site-content-style":"default","site-sidebar-style":"default","ast-global-header-display":"","ast-banner-title-visibility":"","ast-main-header-display":"","ast-hfb-above-header-display":"","ast-hfb-below-header-display":"","ast-hfb-mobile-header-display":"","site-post-title":"","ast-breadcrumbs-content":"","ast-featured-img":"","footer-sml-layout":"","ast-disable-related-posts":"","theme-transparent-header-meta":"","adv-header-id-meta":"","stick-header-meta":"","header-above-stick-meta":"","header-main-stick-meta":"","header-below-stick-meta":"","astra-migrate-meta-layouts":"default","ast-page-background-enabled":"default","ast-page-background-meta":{"desktop":{"background-color":"var(--ast-global-color-5)","background-image":"","background-repeat":"repeat","background-position":"center center","background-size":"auto","background-attachment":"scroll","background-type":"","background-media":"","overlay-type":"","overlay-color":"","overlay-opacity":"","overlay-gradient":""},"tablet":{"background-color":"","background-image":"","background-repeat":"repeat","background-position":"center center","background-size":"auto","background-attachment":"scroll","background-type":"","background-media":"","overlay-type":"","overlay-color":"","overlay-opacity":"","overlay-gradient":""},"mobile":{"background-color":"","background-image":"","background-repeat":"repeat","background-position":"center center","background-size":"auto","background-attachment":"scroll","background-type":"","background-media":"","overlay-type":"","overlay-color":"","overlay-opacity":"","overlay-gradient":""}},"ast-content-background-meta":{"desktop":{"background-color":"var(--ast-global-color-4)","background-image":"","background-repeat":"repeat","background-position":"center center","background-size":"auto","background-attachment":"scroll","background-type":"","background-media":"","overlay-type":"","overlay-color":"","overlay-opacity":"","overlay-gradient":""},"tablet":{"background-color":"var(--ast-global-color-4)","background-image":"","background-repeat":"repeat","background-position":"center center","background-size":"auto","background-attachment":"scroll","background-type":"","background-media":"","overlay-type":"","overlay-color":"","overlay-opacity":"","overlay-gradient":""},"mobile":{"background-color":"var(--ast-global-color-4)","background-image":"","background-repeat":"repeat","background-position":"center center","background-size":"auto","background-attachment":"scroll","background-type":"","background-media":"","overlay-type":"","overlay-color":"","overlay-opacity":"","overlay-gradient":""}},"footnotes":""},"categories":[1],"tags":[],"class_list":["post-105719","post","type-post","status-publish","format-standard","hentry","category-sem-categoria"],"yoast_head":"<!-- This site is optimized with the Yoast SEO plugin v26.6 - https:\/\/yoast.com\/wordpress\/plugins\/seo\/ -->\n<title>Na Alema, Brand\u00e3o garante mais investimentos para desenvolvimento econ\u00f4mico e social do Maranh\u00e3o - Daniel Matos<\/title>\n<meta name=\"robots\" content=\"index, follow, max-snippet:-1, max-image-preview:large, max-video-preview:-1\" \/>\n<link rel=\"canonical\" href=\"https:\/\/www.blogsoestado.com\/danielmatos\/na-alema-brandao-garante-mais-investimentos-para-desenvolvimento-economico-e-social-do-maranhao\/\" \/>\n<meta property=\"og:locale\" content=\"pt_BR\" \/>\n<meta property=\"og:type\" content=\"article\" \/>\n<meta property=\"og:title\" content=\"Na Alema, Brand\u00e3o garante mais investimentos para desenvolvimento econ\u00f4mico e social do Maranh\u00e3o - Daniel Matos\" \/>\n<meta property=\"og:description\" content=\"O governador Carlos Brand\u00e3o participou, na manh\u00e3 desta quinta-feira (2), da sess\u00e3o solene de abertura dos trabalhos da 20\u00aa Legislatura [&hellip;]\" \/>\n<meta property=\"og:url\" content=\"https:\/\/www.blogsoestado.com\/danielmatos\/na-alema-brandao-garante-mais-investimentos-para-desenvolvimento-economico-e-social-do-maranhao\/\" \/>\n<meta property=\"og:site_name\" content=\"Daniel Matos\" \/>\n<meta property=\"article:published_time\" content=\"2023-02-03T20:40:20+00:00\" \/>\n<meta property=\"og:image\" content=\"https:\/\/www.blogsoestado.com\/danielmatos\/files\/2023\/02\/Screenshot_20230203-1724142.png\" \/>\n<meta name=\"twitter:card\" content=\"summary_large_image\" \/>\n<meta name=\"twitter:label1\" content=\"Est. tempo de leitura\" \/>\n\t<meta name=\"twitter:data1\" content=\"4 minutos\" \/>\n<script type=\"application\/ld+json\" class=\"yoast-schema-graph\">{\"@context\":\"https:\/\/schema.org\",\"@graph\":[{\"@type\":\"WebPage\",\"@id\":\"https:\/\/www.blogsoestado.com\/danielmatos\/na-alema-brandao-garante-mais-investimentos-para-desenvolvimento-economico-e-social-do-maranhao\/\",\"url\":\"https:\/\/www.blogsoestado.com\/danielmatos\/na-alema-brandao-garante-mais-investimentos-para-desenvolvimento-economico-e-social-do-maranhao\/\",\"name\":\"Na Alema, Brand\u00e3o garante mais investimentos para desenvolvimento econ\u00f4mico e social do Maranh\u00e3o - Daniel Matos\",\"isPartOf\":{\"@id\":\"https:\/\/www.blogsoestado.com\/danielmatos\/#website\"},\"primaryImageOfPage\":{\"@id\":\"https:\/\/www.blogsoestado.com\/danielmatos\/na-alema-brandao-garante-mais-investimentos-para-desenvolvimento-economico-e-social-do-maranhao\/#primaryimage\"},\"image\":{\"@id\":\"https:\/\/www.blogsoestado.com\/danielmatos\/na-alema-brandao-garante-mais-investimentos-para-desenvolvimento-economico-e-social-do-maranhao\/#primaryimage\"},\"thumbnailUrl\":\"https:\/\/www.blogsoestado.com\/danielmatos\/files\/2023\/02\/Screenshot_20230203-1724142.png\",\"datePublished\":\"2023-02-03T20:40:20+00:00\",\"author\":{\"@id\":\"\"},\"breadcrumb\":{\"@id\":\"https:\/\/www.blogsoestado.com\/danielmatos\/na-alema-brandao-garante-mais-investimentos-para-desenvolvimento-economico-e-social-do-maranhao\/#breadcrumb\"},\"inLanguage\":\"pt-BR\",\"potentialAction\":[{\"@type\":\"ReadAction\",\"target\":[\"https:\/\/www.blogsoestado.com\/danielmatos\/na-alema-brandao-garante-mais-investimentos-para-desenvolvimento-economico-e-social-do-maranhao\/\"]}]},{\"@type\":\"ImageObject\",\"inLanguage\":\"pt-BR\",\"@id\":\"https:\/\/www.blogsoestado.com\/danielmatos\/na-alema-brandao-garante-mais-investimentos-para-desenvolvimento-economico-e-social-do-maranhao\/#primaryimage\",\"url\":\"https:\/\/www.blogsoestado.com\/danielmatos\/files\/2023\/02\/Screenshot_20230203-1724142.png\",\"contentUrl\":\"https:\/\/www.blogsoestado.com\/danielmatos\/files\/2023\/02\/Screenshot_20230203-1724142.png\"},{\"@type\":\"BreadcrumbList\",\"@id\":\"https:\/\/www.blogsoestado.com\/danielmatos\/na-alema-brandao-garante-mais-investimentos-para-desenvolvimento-economico-e-social-do-maranhao\/#breadcrumb\",\"itemListElement\":[{\"@type\":\"ListItem\",\"position\":1,\"name\":\"In\u00edcio\",\"item\":\"https:\/\/www.blogsoestado.com\/danielmatos\/\"},{\"@type\":\"ListItem\",\"position\":2,\"name\":\"Na Alema, Brand\u00e3o garante mais investimentos para desenvolvimento econ\u00f4mico e social do Maranh\u00e3o\"}]},{\"@type\":\"WebSite\",\"@id\":\"https:\/\/www.blogsoestado.com\/danielmatos\/#website\",\"url\":\"https:\/\/www.blogsoestado.com\/danielmatos\/\",\"name\":\"Daniel Matos\",\"description\":\"\",\"potentialAction\":[{\"@type\":\"SearchAction\",\"target\":{\"@type\":\"EntryPoint\",\"urlTemplate\":\"https:\/\/www.blogsoestado.com\/danielmatos\/?s={search_term_string}\"},\"query-input\":{\"@type\":\"PropertyValueSpecification\",\"valueRequired\":true,\"valueName\":\"search_term_string\"}}],\"inLanguage\":\"pt-BR\"}]}<\/script>\n<!-- \/ Yoast SEO plugin. -->","yoast_head_json":{"title":"Na Alema, Brand\u00e3o garante mais investimentos para desenvolvimento econ\u00f4mico e social do Maranh\u00e3o - Daniel Matos","robots":{"index":"index","follow":"follow","max-snippet":"max-snippet:-1","max-image-preview":"max-image-preview:large","max-video-preview":"max-video-preview:-1"},"canonical":"https:\/\/www.blogsoestado.com\/danielmatos\/na-alema-brandao-garante-mais-investimentos-para-desenvolvimento-economico-e-social-do-maranhao\/","og_locale":"pt_BR","og_type":"article","og_title":"Na Alema, Brand\u00e3o garante mais investimentos para desenvolvimento econ\u00f4mico e social do Maranh\u00e3o - Daniel Matos","og_description":"O governador Carlos Brand\u00e3o participou, na manh\u00e3 desta quinta-feira (2), da sess\u00e3o solene de abertura dos trabalhos da 20\u00aa Legislatura [&hellip;]","og_url":"https:\/\/www.blogsoestado.com\/danielmatos\/na-alema-brandao-garante-mais-investimentos-para-desenvolvimento-economico-e-social-do-maranhao\/","og_site_name":"Daniel Matos","article_published_time":"2023-02-03T20:40:20+00:00","og_image":[{"url":"https:\/\/www.blogsoestado.com\/danielmatos\/files\/2023\/02\/Screenshot_20230203-1724142.png","type":"","width":"","height":""}],"twitter_card":"summary_large_image","twitter_misc":{"Est. tempo de leitura":"4 minutos"},"schema":{"@context":"https:\/\/schema.org","@graph":[{"@type":"WebPage","@id":"https:\/\/www.blogsoestado.com\/danielmatos\/na-alema-brandao-garante-mais-investimentos-para-desenvolvimento-economico-e-social-do-maranhao\/","url":"https:\/\/www.blogsoestado.com\/danielmatos\/na-alema-brandao-garante-mais-investimentos-para-desenvolvimento-economico-e-social-do-maranhao\/","name":"Na Alema, Brand\u00e3o garante mais investimentos para desenvolvimento econ\u00f4mico e social do Maranh\u00e3o - Daniel Matos","isPartOf":{"@id":"https:\/\/www.blogsoestado.com\/danielmatos\/#website"},"primaryImageOfPage":{"@id":"https:\/\/www.blogsoestado.com\/danielmatos\/na-alema-brandao-garante-mais-investimentos-para-desenvolvimento-economico-e-social-do-maranhao\/#primaryimage"},"image":{"@id":"https:\/\/www.blogsoestado.com\/danielmatos\/na-alema-brandao-garante-mais-investimentos-para-desenvolvimento-economico-e-social-do-maranhao\/#primaryimage"},"thumbnailUrl":"https:\/\/www.blogsoestado.com\/danielmatos\/files\/2023\/02\/Screenshot_20230203-1724142.png","datePublished":"2023-02-03T20:40:20+00:00","author":{"@id":""},"breadcrumb":{"@id":"https:\/\/www.blogsoestado.com\/danielmatos\/na-alema-brandao-garante-mais-investimentos-para-desenvolvimento-economico-e-social-do-maranhao\/#breadcrumb"},"inLanguage":"pt-BR","potentialAction":[{"@type":"ReadAction","target":["https:\/\/www.blogsoestado.com\/danielmatos\/na-alema-brandao-garante-mais-investimentos-para-desenvolvimento-economico-e-social-do-maranhao\/"]}]},{"@type":"ImageObject","inLanguage":"pt-BR","@id":"https:\/\/www.blogsoestado.com\/danielmatos\/na-alema-brandao-garante-mais-investimentos-para-desenvolvimento-economico-e-social-do-maranhao\/#primaryimage","url":"https:\/\/www.blogsoestado.com\/danielmatos\/files\/2023\/02\/Screenshot_20230203-1724142.png","contentUrl":"https:\/\/www.blogsoestado.com\/danielmatos\/files\/2023\/02\/Screenshot_20230203-1724142.png"},{"@type":"BreadcrumbList","@id":"https:\/\/www.blogsoestado.com\/danielmatos\/na-alema-brandao-garante-mais-investimentos-para-desenvolvimento-economico-e-social-do-maranhao\/#breadcrumb","itemListElement":[{"@type":"ListItem","position":1,"name":"In\u00edcio","item":"https:\/\/www.blogsoestado.com\/danielmatos\/"},{"@type":"ListItem","position":2,"name":"Na Alema, Brand\u00e3o garante mais investimentos para desenvolvimento econ\u00f4mico e social do Maranh\u00e3o"}]},{"@type":"WebSite","@id":"https:\/\/www.blogsoestado.com\/danielmatos\/#website","url":"https:\/\/www.blogsoestado.com\/danielmatos\/","name":"Daniel Matos","description":"","potentialAction":[{"@type":"SearchAction","target":{"@type":"EntryPoint","urlTemplate":"https:\/\/www.blogsoestado.com\/danielmatos\/?s={search_term_string}"},"query-input":{"@type":"PropertyValueSpecification","valueRequired":true,"valueName":"search_term_string"}}],"inLanguage":"pt-BR"}]}},"jetpack_featured_media_url":"","_links":{"self":[{"href":"https:\/\/www.blogsoestado.com\/danielmatos\/wp-json\/wp\/v2\/posts\/105719","targetHints":{"allow":["GET"]}}],"collection":[{"href":"https:\/\/www.blogsoestado.com\/danielmatos\/wp-json\/wp\/v2\/posts"}],"about":[{"href":"https:\/\/www.blogsoestado.com\/danielmatos\/wp-json\/wp\/v2\/types\/post"}],"replies":[{"embeddable":true,"href":"https:\/\/www.blogsoestado.com\/danielmatos\/wp-json\/wp\/v2\/comments?post=105719"}],"version-history":[{"count":0,"href":"https:\/\/www.blogsoestado.com\/danielmatos\/wp-json\/wp\/v2\/posts\/105719\/revisions"}],"wp:attachment":[{"href":"https:\/\/www.blogsoestado.com\/danielmatos\/wp-json\/wp\/v2\/media?parent=105719"}],"wp:term":[{"taxonomy":"category","embeddable":true,"href":"https:\/\/www.blogsoestado.com\/danielmatos\/wp-json\/wp\/v2\/categories?post=105719"},{"taxonomy":"post_tag","embeddable":true,"href":"https:\/\/www.blogsoestado.com\/danielmatos\/wp-json\/wp\/v2\/tags?post=105719"}],"curies":[{"name":"wp","href":"https:\/\/api.w.org\/{rel}","templated":true}]}}