{"id":105727,"date":"2023-02-03T23:43:57","date_gmt":"2023-02-04T02:43:57","guid":{"rendered":"https:\/\/www.blogsoestado.com\/danielmatos\/?p=105727"},"modified":"2023-02-03T23:43:57","modified_gmt":"2023-02-04T02:43:57","slug":"pavao-filho-toma-posse-como-vereador-de-sao-luis","status":"publish","type":"post","link":"https:\/\/www.blogsoestado.com\/danielmatos\/pavao-filho-toma-posse-como-vereador-de-sao-luis\/","title":{"rendered":"Pav\u00e3o Filho toma posse como vereador de S\u00e3o Lu\u00eds"},"content":{"rendered":"\n<div class=\"wp-block-image\"><figure class=\"aligncenter size-large\"><a href=\"https:\/\/www.blogsoestado.com\/danielmatos\/files\/2023\/02\/Screenshot_20230204-0430102.png\"><img decoding=\"async\" src=\"https:\/\/www.blogsoestado.com\/danielmatos\/files\/2023\/02\/Screenshot_20230204-0430102.png\" alt=\"\" class=\"wp-image-105731\"\/><\/a><figcaption>Pav\u00e3o Filho assumiu o mandato de vereador de S\u00e3o Lu\u00eds pela segunda vez na atual legislatura<\/figcaption><\/figure><\/div>\n\n\n\n<p>Em sess\u00e3o solene realizada na manh\u00e3 desta sexta-feira, 3, na C\u00e2mara Municipal de S\u00e3o Lu\u00eds, ocorreu a posse de Pav\u00e3o Filho (PDT) no cargo de vereador da capital maranhense. O parlamentar assumiu a vaga do ex-vereador e ex-presidente da C\u00e2mara, Osmar Filho (PDT), que se elegeu deputado estadual nas \u00faltimas elei\u00e7\u00f5es.<\/p>\n\n\n\n<p>Esta \u00e9 a segunda oportunidade na atual legislatura que Pav\u00e3o Filho assume o cargo de vereador. Na primeira ocasi\u00e3o, que ocorreu em julho do ano passado, o parlamentar assumiu a vaga de Nato J\u00fanior (PDT), que havia solicitado uma licen\u00e7a para tratar de assuntos particulares. Com mais essa atua\u00e7\u00e3o, Pav\u00e3o Filho chega ao sexto mandato como vereador de S\u00e3o Lu\u00eds.<\/p>\n\n\n\n<p>Conv\u00e9m lembrar que, no curr\u00edculo do experiente parlamentar ainda constam dois mandatos de deputado estadual, inclusive Pav\u00e3o presidiu o Legislativo Estadual por ocasi\u00e3o necess\u00e1ria para conduzir a Assembleia Legislativa.<\/p>\n\n\n\n<p>A solenidade foi conduzida pelo vice-presidente da c\u00e2mara, vereador Chaguinhas (Podemos), que parabenizou Pav\u00e3o Filho pela posse e destacou sua trajet\u00f3ria de trabalho na vida pol\u00edtica.<\/p>\n\n\n\n<p>Em seu discurso de posse, Pav\u00e3o Filho relatou um breve hist\u00f3rico da sua vida pol\u00edtica, que teve origem na d\u00e9cada de 70 com a participa\u00e7\u00e3o em movimentos estudantis e esportivos. O vereador empossado tamb\u00e9m agradeceu aos votos recebidos e falou sobre a satisfa\u00e7\u00e3o de poder atuar mais uma vez no legislativo.<\/p>\n\n\n\n<p>\u201cHoje, eu estou assumindo, pela ben\u00e7\u00e3o de Deus, mais um mandato como vereador na C\u00e2mara Municipal de S\u00e3o Lu\u00eds, que para mim \u00e9 uma honra muito grande. A responsabilidade \u00e9 muito maior dessa vez, quando voc\u00ea tem experi\u00eancia n\u00e3o tem o direito de errar muito. Eu tenho de voltar melhor, mais experiente, mais maduro, para errar menos e acertar mais. Eu chego aqui para servir a Deus e ao povo de S\u00e3o Lu\u00eds\u201d, disse Pav\u00e3o Filho.<\/p>\n\n\n\n<p>O vereador Dr Gutemberg (PSC) tamb\u00e9m prestigiou a posse e comentou sobre o momento. \u201cMeu cora\u00e7\u00e3o est\u00e1 cheio de alegria, porque a gente recebe neste momento, al\u00e9m de um grande parlamentar, um grande amigo. Pav\u00e3o \u00e9 uma pessoa experiente e tem uma viv\u00eancia gigantesca. \u00c9 um homem que tem uma vis\u00e3o perif\u00e9rica e vis\u00e3o central, olha perto e \u00e0 dist\u00e2ncia, e consegue trocar ideias e dar sugest\u00f5es em benef\u00edcio das pessoas. Pav\u00e3o \u00e9 tamb\u00e9m um homem conciliador, o que estamos precisando no pa\u00eds, no mundo, no estado e nesta Casa Legislativa \u00e9 realmente de uni\u00e3o\u201d, frisou.<\/p>\n\n\n\n<p>Tamb\u00e9m participaram da sess\u00e3o solene a vice-prefeita de S\u00e3o Lu\u00eds, Esm\u00eania Miranda, o secret\u00e1rio de assuntos pol\u00edticos da prefeitura de S\u00e3o Lu\u00eds, M\u00e1rcio Andrade e os vereadores Marquinhos (PSC), Nato J\u00fanior (PDT) e \u00c1lvaro Pires (PMN).<\/p>\n","protected":false},"excerpt":{"rendered":"<p>Em sess\u00e3o solene realizada na manh\u00e3 desta sexta-feira, 3, na C\u00e2mara Municipal de S\u00e3o Lu\u00eds, ocorreu a posse de Pav\u00e3o [&hellip;]<\/p>\n","protected":false},"author":0,"featured_media":0,"comment_status":"open","ping_status":"open","sticky":false,"template":"","format":"standard","meta":{"site-sidebar-layout":"default","site-content-layout":"","ast-site-content-layout":"default","site-content-style":"default","site-sidebar-style":"default","ast-global-header-display":"","ast-banner-title-visibility":"","ast-main-header-display":"","ast-hfb-above-header-display":"","ast-hfb-below-header-display":"","ast-hfb-mobile-header-display":"","site-post-title":"","ast-breadcrumbs-content":"","ast-featured-img":"","footer-sml-layout":"","ast-disable-related-posts":"","theme-transparent-header-meta":"","adv-header-id-meta":"","stick-header-meta":"","header-above-stick-meta":"","header-main-stick-meta":"","header-below-stick-meta":"","astra-migrate-meta-layouts":"default","ast-page-background-enabled":"default","ast-page-background-meta":{"desktop":{"background-color":"var(--ast-global-color-5)","background-image":"","background-repeat":"repeat","background-position":"center center","background-size":"auto","background-attachment":"scroll","background-type":"","background-media":"","overlay-type":"","overlay-color":"","overlay-opacity":"","overlay-gradient":""},"tablet":{"background-color":"","background-image":"","background-repeat":"repeat","background-position":"center center","background-size":"auto","background-attachment":"scroll","background-type":"","background-media":"","overlay-type":"","overlay-color":"","overlay-opacity":"","overlay-gradient":""},"mobile":{"background-color":"","background-image":"","background-repeat":"repeat","background-position":"center center","background-size":"auto","background-attachment":"scroll","background-type":"","background-media":"","overlay-type":"","overlay-color":"","overlay-opacity":"","overlay-gradient":""}},"ast-content-background-meta":{"desktop":{"background-color":"var(--ast-global-color-4)","background-image":"","background-repeat":"repeat","background-position":"center center","background-size":"auto","background-attachment":"scroll","background-type":"","background-media":"","overlay-type":"","overlay-color":"","overlay-opacity":"","overlay-gradient":""},"tablet":{"background-color":"var(--ast-global-color-4)","background-image":"","background-repeat":"repeat","background-position":"center center","background-size":"auto","background-attachment":"scroll","background-type":"","background-media":"","overlay-type":"","overlay-color":"","overlay-opacity":"","overlay-gradient":""},"mobile":{"background-color":"var(--ast-global-color-4)","background-image":"","background-repeat":"repeat","background-position":"center center","background-size":"auto","background-attachment":"scroll","background-type":"","background-media":"","overlay-type":"","overlay-color":"","overlay-opacity":"","overlay-gradient":""}},"footnotes":""},"categories":[1],"tags":[],"class_list":["post-105727","post","type-post","status-publish","format-standard","hentry","category-sem-categoria"],"yoast_head":"<!-- This site is optimized with the Yoast SEO plugin v26.6 - https:\/\/yoast.com\/wordpress\/plugins\/seo\/ -->\n<title>Pav\u00e3o Filho toma posse como vereador de S\u00e3o Lu\u00eds - Daniel Matos<\/title>\n<meta name=\"robots\" content=\"index, follow, max-snippet:-1, max-image-preview:large, max-video-preview:-1\" \/>\n<link rel=\"canonical\" href=\"https:\/\/www.blogsoestado.com\/danielmatos\/pavao-filho-toma-posse-como-vereador-de-sao-luis\/\" \/>\n<meta property=\"og:locale\" content=\"pt_BR\" \/>\n<meta property=\"og:type\" content=\"article\" \/>\n<meta property=\"og:title\" content=\"Pav\u00e3o Filho toma posse como vereador de S\u00e3o Lu\u00eds - Daniel Matos\" \/>\n<meta property=\"og:description\" content=\"Em sess\u00e3o solene realizada na manh\u00e3 desta sexta-feira, 3, na C\u00e2mara Municipal de S\u00e3o Lu\u00eds, ocorreu a posse de Pav\u00e3o [&hellip;]\" \/>\n<meta property=\"og:url\" content=\"https:\/\/www.blogsoestado.com\/danielmatos\/pavao-filho-toma-posse-como-vereador-de-sao-luis\/\" \/>\n<meta property=\"og:site_name\" content=\"Daniel Matos\" \/>\n<meta property=\"article:published_time\" content=\"2023-02-04T02:43:57+00:00\" \/>\n<meta property=\"og:image\" content=\"https:\/\/www.blogsoestado.com\/danielmatos\/files\/2023\/02\/Screenshot_20230204-0430102.png\" \/>\n<meta name=\"twitter:card\" content=\"summary_large_image\" \/>\n<meta name=\"twitter:label1\" content=\"Est. tempo de leitura\" \/>\n\t<meta name=\"twitter:data1\" content=\"3 minutos\" \/>\n<script type=\"application\/ld+json\" class=\"yoast-schema-graph\">{\"@context\":\"https:\/\/schema.org\",\"@graph\":[{\"@type\":\"WebPage\",\"@id\":\"https:\/\/www.blogsoestado.com\/danielmatos\/pavao-filho-toma-posse-como-vereador-de-sao-luis\/\",\"url\":\"https:\/\/www.blogsoestado.com\/danielmatos\/pavao-filho-toma-posse-como-vereador-de-sao-luis\/\",\"name\":\"Pav\u00e3o Filho toma posse como vereador de S\u00e3o Lu\u00eds - Daniel Matos\",\"isPartOf\":{\"@id\":\"https:\/\/www.blogsoestado.com\/danielmatos\/#website\"},\"primaryImageOfPage\":{\"@id\":\"https:\/\/www.blogsoestado.com\/danielmatos\/pavao-filho-toma-posse-como-vereador-de-sao-luis\/#primaryimage\"},\"image\":{\"@id\":\"https:\/\/www.blogsoestado.com\/danielmatos\/pavao-filho-toma-posse-como-vereador-de-sao-luis\/#primaryimage\"},\"thumbnailUrl\":\"https:\/\/www.blogsoestado.com\/danielmatos\/files\/2023\/02\/Screenshot_20230204-0430102.png\",\"datePublished\":\"2023-02-04T02:43:57+00:00\",\"author\":{\"@id\":\"\"},\"breadcrumb\":{\"@id\":\"https:\/\/www.blogsoestado.com\/danielmatos\/pavao-filho-toma-posse-como-vereador-de-sao-luis\/#breadcrumb\"},\"inLanguage\":\"pt-BR\",\"potentialAction\":[{\"@type\":\"ReadAction\",\"target\":[\"https:\/\/www.blogsoestado.com\/danielmatos\/pavao-filho-toma-posse-como-vereador-de-sao-luis\/\"]}]},{\"@type\":\"ImageObject\",\"inLanguage\":\"pt-BR\",\"@id\":\"https:\/\/www.blogsoestado.com\/danielmatos\/pavao-filho-toma-posse-como-vereador-de-sao-luis\/#primaryimage\",\"url\":\"https:\/\/www.blogsoestado.com\/danielmatos\/files\/2023\/02\/Screenshot_20230204-0430102.png\",\"contentUrl\":\"https:\/\/www.blogsoestado.com\/danielmatos\/files\/2023\/02\/Screenshot_20230204-0430102.png\"},{\"@type\":\"BreadcrumbList\",\"@id\":\"https:\/\/www.blogsoestado.com\/danielmatos\/pavao-filho-toma-posse-como-vereador-de-sao-luis\/#breadcrumb\",\"itemListElement\":[{\"@type\":\"ListItem\",\"position\":1,\"name\":\"In\u00edcio\",\"item\":\"https:\/\/www.blogsoestado.com\/danielmatos\/\"},{\"@type\":\"ListItem\",\"position\":2,\"name\":\"Pav\u00e3o Filho toma posse como vereador de S\u00e3o Lu\u00eds\"}]},{\"@type\":\"WebSite\",\"@id\":\"https:\/\/www.blogsoestado.com\/danielmatos\/#website\",\"url\":\"https:\/\/www.blogsoestado.com\/danielmatos\/\",\"name\":\"Daniel Matos\",\"description\":\"\",\"potentialAction\":[{\"@type\":\"SearchAction\",\"target\":{\"@type\":\"EntryPoint\",\"urlTemplate\":\"https:\/\/www.blogsoestado.com\/danielmatos\/?s={search_term_string}\"},\"query-input\":{\"@type\":\"PropertyValueSpecification\",\"valueRequired\":true,\"valueName\":\"search_term_string\"}}],\"inLanguage\":\"pt-BR\"}]}<\/script>\n<!-- \/ Yoast SEO plugin. -->","yoast_head_json":{"title":"Pav\u00e3o Filho toma posse como vereador de S\u00e3o Lu\u00eds - Daniel Matos","robots":{"index":"index","follow":"follow","max-snippet":"max-snippet:-1","max-image-preview":"max-image-preview:large","max-video-preview":"max-video-preview:-1"},"canonical":"https:\/\/www.blogsoestado.com\/danielmatos\/pavao-filho-toma-posse-como-vereador-de-sao-luis\/","og_locale":"pt_BR","og_type":"article","og_title":"Pav\u00e3o Filho toma posse como vereador de S\u00e3o Lu\u00eds - Daniel Matos","og_description":"Em sess\u00e3o solene realizada na manh\u00e3 desta sexta-feira, 3, na C\u00e2mara Municipal de S\u00e3o Lu\u00eds, ocorreu a posse de Pav\u00e3o [&hellip;]","og_url":"https:\/\/www.blogsoestado.com\/danielmatos\/pavao-filho-toma-posse-como-vereador-de-sao-luis\/","og_site_name":"Daniel Matos","article_published_time":"2023-02-04T02:43:57+00:00","og_image":[{"url":"https:\/\/www.blogsoestado.com\/danielmatos\/files\/2023\/02\/Screenshot_20230204-0430102.png","type":"","width":"","height":""}],"twitter_card":"summary_large_image","twitter_misc":{"Est. tempo de leitura":"3 minutos"},"schema":{"@context":"https:\/\/schema.org","@graph":[{"@type":"WebPage","@id":"https:\/\/www.blogsoestado.com\/danielmatos\/pavao-filho-toma-posse-como-vereador-de-sao-luis\/","url":"https:\/\/www.blogsoestado.com\/danielmatos\/pavao-filho-toma-posse-como-vereador-de-sao-luis\/","name":"Pav\u00e3o Filho toma posse como vereador de S\u00e3o Lu\u00eds - Daniel Matos","isPartOf":{"@id":"https:\/\/www.blogsoestado.com\/danielmatos\/#website"},"primaryImageOfPage":{"@id":"https:\/\/www.blogsoestado.com\/danielmatos\/pavao-filho-toma-posse-como-vereador-de-sao-luis\/#primaryimage"},"image":{"@id":"https:\/\/www.blogsoestado.com\/danielmatos\/pavao-filho-toma-posse-como-vereador-de-sao-luis\/#primaryimage"},"thumbnailUrl":"https:\/\/www.blogsoestado.com\/danielmatos\/files\/2023\/02\/Screenshot_20230204-0430102.png","datePublished":"2023-02-04T02:43:57+00:00","author":{"@id":""},"breadcrumb":{"@id":"https:\/\/www.blogsoestado.com\/danielmatos\/pavao-filho-toma-posse-como-vereador-de-sao-luis\/#breadcrumb"},"inLanguage":"pt-BR","potentialAction":[{"@type":"ReadAction","target":["https:\/\/www.blogsoestado.com\/danielmatos\/pavao-filho-toma-posse-como-vereador-de-sao-luis\/"]}]},{"@type":"ImageObject","inLanguage":"pt-BR","@id":"https:\/\/www.blogsoestado.com\/danielmatos\/pavao-filho-toma-posse-como-vereador-de-sao-luis\/#primaryimage","url":"https:\/\/www.blogsoestado.com\/danielmatos\/files\/2023\/02\/Screenshot_20230204-0430102.png","contentUrl":"https:\/\/www.blogsoestado.com\/danielmatos\/files\/2023\/02\/Screenshot_20230204-0430102.png"},{"@type":"BreadcrumbList","@id":"https:\/\/www.blogsoestado.com\/danielmatos\/pavao-filho-toma-posse-como-vereador-de-sao-luis\/#breadcrumb","itemListElement":[{"@type":"ListItem","position":1,"name":"In\u00edcio","item":"https:\/\/www.blogsoestado.com\/danielmatos\/"},{"@type":"ListItem","position":2,"name":"Pav\u00e3o Filho toma posse como vereador de S\u00e3o Lu\u00eds"}]},{"@type":"WebSite","@id":"https:\/\/www.blogsoestado.com\/danielmatos\/#website","url":"https:\/\/www.blogsoestado.com\/danielmatos\/","name":"Daniel Matos","description":"","potentialAction":[{"@type":"SearchAction","target":{"@type":"EntryPoint","urlTemplate":"https:\/\/www.blogsoestado.com\/danielmatos\/?s={search_term_string}"},"query-input":{"@type":"PropertyValueSpecification","valueRequired":true,"valueName":"search_term_string"}}],"inLanguage":"pt-BR"}]}},"jetpack_featured_media_url":"","_links":{"self":[{"href":"https:\/\/www.blogsoestado.com\/danielmatos\/wp-json\/wp\/v2\/posts\/105727","targetHints":{"allow":["GET"]}}],"collection":[{"href":"https:\/\/www.blogsoestado.com\/danielmatos\/wp-json\/wp\/v2\/posts"}],"about":[{"href":"https:\/\/www.blogsoestado.com\/danielmatos\/wp-json\/wp\/v2\/types\/post"}],"replies":[{"embeddable":true,"href":"https:\/\/www.blogsoestado.com\/danielmatos\/wp-json\/wp\/v2\/comments?post=105727"}],"version-history":[{"count":0,"href":"https:\/\/www.blogsoestado.com\/danielmatos\/wp-json\/wp\/v2\/posts\/105727\/revisions"}],"wp:attachment":[{"href":"https:\/\/www.blogsoestado.com\/danielmatos\/wp-json\/wp\/v2\/media?parent=105727"}],"wp:term":[{"taxonomy":"category","embeddable":true,"href":"https:\/\/www.blogsoestado.com\/danielmatos\/wp-json\/wp\/v2\/categories?post=105727"},{"taxonomy":"post_tag","embeddable":true,"href":"https:\/\/www.blogsoestado.com\/danielmatos\/wp-json\/wp\/v2\/tags?post=105727"}],"curies":[{"name":"wp","href":"https:\/\/api.w.org\/{rel}","templated":true}]}}