{"id":105733,"date":"2023-02-04T15:52:00","date_gmt":"2023-02-04T18:52:00","guid":{"rendered":"https:\/\/www.blogsoestado.com\/danielmatos\/?p=105733"},"modified":"2023-02-04T15:52:00","modified_gmt":"2023-02-04T18:52:00","slug":"mpf-propoe-acao-para-que-municipio-de-mata-roma-devolva-r-729-mil-recebidos-irregularmente-na-pandemia","status":"publish","type":"post","link":"https:\/\/www.blogsoestado.com\/danielmatos\/mpf-propoe-acao-para-que-municipio-de-mata-roma-devolva-r-729-mil-recebidos-irregularmente-na-pandemia\/","title":{"rendered":"MPF prop\u00f5e a\u00e7\u00e3o para que munic\u00edpio de Mata Roma devolva R$ 729 mil recebidos irregularmente na pandemia"},"content":{"rendered":"\n<p><strong><span class=\"has-inline-color has-vivid-red-color\">Prefeitura recebeu o valor para reabilita\u00e7\u00e3o de pacientes p\u00f3s Covid-19 ap\u00f3s terem sido inseridos dados fict\u00edcios nos sistemas do SUS<\/span><\/strong><\/p>\n\n\n\n<div class=\"wp-block-image\"><figure class=\"aligncenter size-large\"><a href=\"https:\/\/www.blogsoestado.com\/danielmatos\/files\/2023\/02\/Screenshot_20230204-1548263.png\"><img decoding=\"async\" src=\"https:\/\/www.blogsoestado.com\/danielmatos\/files\/2023\/02\/Screenshot_20230204-1548263.png\" alt=\"\" class=\"wp-image-105735\"\/><\/a><\/figure><\/div>\n\n\n\n<p>O Minist\u00e9rio P\u00fablico Federal (MPF) entrou com a\u00e7\u00e3o civil p\u00fablica na Justi\u00e7a Federal no Maranh\u00e3o contra o munic\u00edpio de Mata Roma (MA) pedindo a restitui\u00e7\u00e3o do montante de R$ 729.326,25 \u00e0 Uni\u00e3o, por suposta inser\u00e7\u00e3o de dados fraudulentos para financiar procedimentos de Reabilita\u00e7\u00e3o do P\u00f3s-Covid-19. Dos R$ 743 mil reais recebidos para esta finalidade, o munic\u00edpio comprovou apenas o valor de R$ 14 mil em atendimentos efetivamente realizados em 2022.<\/p>\n\n\n\n<p>Em nota t\u00e9cnica, o Minist\u00e9rio da Sa\u00fade relatou poss\u00edveis distor\u00e7\u00f5es na produ\u00e7\u00e3o ambulatorial dos procedimentos relacionados \u00e0 reabilita\u00e7\u00e3o do P\u00f3s-Covid-19 financiados pelo Fundo de A\u00e7\u00f5es Estrat\u00e9gicas e Compensa\u00e7\u00e3o (FAEC) relativo \u00e0 33 munic\u00edpios do Estado do Maranh\u00e3o, no per\u00edodo de janeiro a maio de 2022, dentre os quais, consta Mata Roma.<\/p>\n\n\n\n<p>Em novembro do mesmo ano, o MPF obteve judicialmente o bloqueio de R$ 688 mil do Fundo Municipal de Sa\u00fade de Mata Roma. No per\u00edodo, a Controladoria Geral da Uni\u00e3o (CGU) informou que o valor esperado aproximado de produ\u00e7\u00e3o no munic\u00edpio, em rela\u00e7\u00e3o ao procedimento de reabilita\u00e7\u00e3o de paciente p\u00f3s-covid, seria de R$ 55 mil. Entretanto, foram transferidos R$ 743 mil ap\u00f3s terem sido inseridos dados supostamente fict\u00edcios nos sistemas do Sistema \u00danico de Sa\u00fade (SUS).<\/p>\n\n\n\n<p>O munic\u00edpio de Mata Roma tem uma popula\u00e7\u00e3o de 17.122 habitantes e teve 652 casos de covid-19 registrados, mas foram informados no Sistema de Informa\u00e7\u00e3o Ambulatorial (SIA) do SUS, entre os meses de janeiro a abril de 2022, 34 mil procedimentos de reabilita\u00e7\u00e3o de pacientes p\u00f3s-covid. No mesmo per\u00edodo, havia apenas 2 fisioterapeutas no munic\u00edpio, o que faria com que cada um desses profissionais tivessem realizado 258 consultas por dia, considerando s\u00e1bado, domingo e feriado. Dessa forma, considerando 655 atendimentos efetivamente comprovados nesta modalidade, o valor m\u00e1ximo da produ\u00e7\u00e3o teria sido de apenas de R$ 14 mil.<\/p>\n\n\n\n<p>Portanto, ap\u00f3s a evidente discrep\u00e2ncia entre a produ\u00e7\u00e3o informada no sistema e a efetivamente realizada, a fim de resguardar o patrim\u00f4nio p\u00fablico, o MPF requer que a Justi\u00e7a Federal determine ao munic\u00edpio de Mata Roma a devolu\u00e7\u00e3o, ao Fundo Nacional de Sa\u00fade, do valor de R$ 729 mil recebidos irregularmente.<br \/><br \/>N\u00famero do processo para consulta na Justi\u00e7a Federal:&nbsp;1061413-18.2022.4.01.3700<\/p>\n","protected":false},"excerpt":{"rendered":"<p>Prefeitura recebeu o valor para reabilita\u00e7\u00e3o de pacientes p\u00f3s Covid-19 ap\u00f3s terem sido inseridos dados fict\u00edcios nos sistemas do SUS [&hellip;]<\/p>\n","protected":false},"author":0,"featured_media":0,"comment_status":"open","ping_status":"open","sticky":false,"template":"","format":"standard","meta":{"site-sidebar-layout":"default","site-content-layout":"","ast-site-content-layout":"default","site-content-style":"default","site-sidebar-style":"default","ast-global-header-display":"","ast-banner-title-visibility":"","ast-main-header-display":"","ast-hfb-above-header-display":"","ast-hfb-below-header-display":"","ast-hfb-mobile-header-display":"","site-post-title":"","ast-breadcrumbs-content":"","ast-featured-img":"","footer-sml-layout":"","ast-disable-related-posts":"","theme-transparent-header-meta":"","adv-header-id-meta":"","stick-header-meta":"","header-above-stick-meta":"","header-main-stick-meta":"","header-below-stick-meta":"","astra-migrate-meta-layouts":"default","ast-page-background-enabled":"default","ast-page-background-meta":{"desktop":{"background-color":"var(--ast-global-color-5)","background-image":"","background-repeat":"repeat","background-position":"center center","background-size":"auto","background-attachment":"scroll","background-type":"","background-media":"","overlay-type":"","overlay-color":"","overlay-opacity":"","overlay-gradient":""},"tablet":{"background-color":"","background-image":"","background-repeat":"repeat","background-position":"center center","background-size":"auto","background-attachment":"scroll","background-type":"","background-media":"","overlay-type":"","overlay-color":"","overlay-opacity":"","overlay-gradient":""},"mobile":{"background-color":"","background-image":"","background-repeat":"repeat","background-position":"center center","background-size":"auto","background-attachment":"scroll","background-type":"","background-media":"","overlay-type":"","overlay-color":"","overlay-opacity":"","overlay-gradient":""}},"ast-content-background-meta":{"desktop":{"background-color":"var(--ast-global-color-4)","background-image":"","background-repeat":"repeat","background-position":"center center","background-size":"auto","background-attachment":"scroll","background-type":"","background-media":"","overlay-type":"","overlay-color":"","overlay-opacity":"","overlay-gradient":""},"tablet":{"background-color":"var(--ast-global-color-4)","background-image":"","background-repeat":"repeat","background-position":"center center","background-size":"auto","background-attachment":"scroll","background-type":"","background-media":"","overlay-type":"","overlay-color":"","overlay-opacity":"","overlay-gradient":""},"mobile":{"background-color":"var(--ast-global-color-4)","background-image":"","background-repeat":"repeat","background-position":"center center","background-size":"auto","background-attachment":"scroll","background-type":"","background-media":"","overlay-type":"","overlay-color":"","overlay-opacity":"","overlay-gradient":""}},"footnotes":""},"categories":[1],"tags":[],"class_list":["post-105733","post","type-post","status-publish","format-standard","hentry","category-sem-categoria"],"yoast_head":"<!-- This site is optimized with the Yoast SEO plugin v26.6 - https:\/\/yoast.com\/wordpress\/plugins\/seo\/ -->\n<title>MPF prop\u00f5e a\u00e7\u00e3o para que munic\u00edpio de Mata Roma devolva R$ 729 mil recebidos irregularmente na pandemia - Daniel Matos<\/title>\n<meta name=\"robots\" content=\"index, follow, max-snippet:-1, max-image-preview:large, max-video-preview:-1\" \/>\n<link rel=\"canonical\" href=\"https:\/\/www.blogsoestado.com\/danielmatos\/mpf-propoe-acao-para-que-municipio-de-mata-roma-devolva-r-729-mil-recebidos-irregularmente-na-pandemia\/\" \/>\n<meta property=\"og:locale\" content=\"pt_BR\" \/>\n<meta property=\"og:type\" content=\"article\" \/>\n<meta property=\"og:title\" content=\"MPF prop\u00f5e a\u00e7\u00e3o para que munic\u00edpio de Mata Roma devolva R$ 729 mil recebidos irregularmente na pandemia - Daniel Matos\" \/>\n<meta property=\"og:description\" content=\"Prefeitura recebeu o valor para reabilita\u00e7\u00e3o de pacientes p\u00f3s Covid-19 ap\u00f3s terem sido inseridos dados fict\u00edcios nos sistemas do SUS [&hellip;]\" \/>\n<meta property=\"og:url\" content=\"https:\/\/www.blogsoestado.com\/danielmatos\/mpf-propoe-acao-para-que-municipio-de-mata-roma-devolva-r-729-mil-recebidos-irregularmente-na-pandemia\/\" \/>\n<meta property=\"og:site_name\" content=\"Daniel Matos\" \/>\n<meta property=\"article:published_time\" content=\"2023-02-04T18:52:00+00:00\" \/>\n<meta property=\"og:image\" content=\"https:\/\/www.blogsoestado.com\/danielmatos\/files\/2023\/02\/Screenshot_20230204-1548263.png\" \/>\n<meta name=\"twitter:card\" content=\"summary_large_image\" \/>\n<meta name=\"twitter:label1\" content=\"Est. tempo de leitura\" \/>\n\t<meta name=\"twitter:data1\" content=\"2 minutos\" \/>\n<script type=\"application\/ld+json\" class=\"yoast-schema-graph\">{\"@context\":\"https:\/\/schema.org\",\"@graph\":[{\"@type\":\"WebPage\",\"@id\":\"https:\/\/www.blogsoestado.com\/danielmatos\/mpf-propoe-acao-para-que-municipio-de-mata-roma-devolva-r-729-mil-recebidos-irregularmente-na-pandemia\/\",\"url\":\"https:\/\/www.blogsoestado.com\/danielmatos\/mpf-propoe-acao-para-que-municipio-de-mata-roma-devolva-r-729-mil-recebidos-irregularmente-na-pandemia\/\",\"name\":\"MPF prop\u00f5e a\u00e7\u00e3o para que munic\u00edpio de Mata Roma devolva R$ 729 mil recebidos irregularmente na pandemia - Daniel Matos\",\"isPartOf\":{\"@id\":\"https:\/\/www.blogsoestado.com\/danielmatos\/#website\"},\"primaryImageOfPage\":{\"@id\":\"https:\/\/www.blogsoestado.com\/danielmatos\/mpf-propoe-acao-para-que-municipio-de-mata-roma-devolva-r-729-mil-recebidos-irregularmente-na-pandemia\/#primaryimage\"},\"image\":{\"@id\":\"https:\/\/www.blogsoestado.com\/danielmatos\/mpf-propoe-acao-para-que-municipio-de-mata-roma-devolva-r-729-mil-recebidos-irregularmente-na-pandemia\/#primaryimage\"},\"thumbnailUrl\":\"https:\/\/www.blogsoestado.com\/danielmatos\/files\/2023\/02\/Screenshot_20230204-1548263.png\",\"datePublished\":\"2023-02-04T18:52:00+00:00\",\"author\":{\"@id\":\"\"},\"breadcrumb\":{\"@id\":\"https:\/\/www.blogsoestado.com\/danielmatos\/mpf-propoe-acao-para-que-municipio-de-mata-roma-devolva-r-729-mil-recebidos-irregularmente-na-pandemia\/#breadcrumb\"},\"inLanguage\":\"pt-BR\",\"potentialAction\":[{\"@type\":\"ReadAction\",\"target\":[\"https:\/\/www.blogsoestado.com\/danielmatos\/mpf-propoe-acao-para-que-municipio-de-mata-roma-devolva-r-729-mil-recebidos-irregularmente-na-pandemia\/\"]}]},{\"@type\":\"ImageObject\",\"inLanguage\":\"pt-BR\",\"@id\":\"https:\/\/www.blogsoestado.com\/danielmatos\/mpf-propoe-acao-para-que-municipio-de-mata-roma-devolva-r-729-mil-recebidos-irregularmente-na-pandemia\/#primaryimage\",\"url\":\"https:\/\/www.blogsoestado.com\/danielmatos\/files\/2023\/02\/Screenshot_20230204-1548263.png\",\"contentUrl\":\"https:\/\/www.blogsoestado.com\/danielmatos\/files\/2023\/02\/Screenshot_20230204-1548263.png\"},{\"@type\":\"BreadcrumbList\",\"@id\":\"https:\/\/www.blogsoestado.com\/danielmatos\/mpf-propoe-acao-para-que-municipio-de-mata-roma-devolva-r-729-mil-recebidos-irregularmente-na-pandemia\/#breadcrumb\",\"itemListElement\":[{\"@type\":\"ListItem\",\"position\":1,\"name\":\"In\u00edcio\",\"item\":\"https:\/\/www.blogsoestado.com\/danielmatos\/\"},{\"@type\":\"ListItem\",\"position\":2,\"name\":\"MPF prop\u00f5e a\u00e7\u00e3o para que munic\u00edpio de Mata Roma devolva R$ 729 mil recebidos irregularmente na pandemia\"}]},{\"@type\":\"WebSite\",\"@id\":\"https:\/\/www.blogsoestado.com\/danielmatos\/#website\",\"url\":\"https:\/\/www.blogsoestado.com\/danielmatos\/\",\"name\":\"Daniel Matos\",\"description\":\"\",\"potentialAction\":[{\"@type\":\"SearchAction\",\"target\":{\"@type\":\"EntryPoint\",\"urlTemplate\":\"https:\/\/www.blogsoestado.com\/danielmatos\/?s={search_term_string}\"},\"query-input\":{\"@type\":\"PropertyValueSpecification\",\"valueRequired\":true,\"valueName\":\"search_term_string\"}}],\"inLanguage\":\"pt-BR\"}]}<\/script>\n<!-- \/ Yoast SEO plugin. -->","yoast_head_json":{"title":"MPF prop\u00f5e a\u00e7\u00e3o para que munic\u00edpio de Mata Roma devolva R$ 729 mil recebidos irregularmente na pandemia - Daniel Matos","robots":{"index":"index","follow":"follow","max-snippet":"max-snippet:-1","max-image-preview":"max-image-preview:large","max-video-preview":"max-video-preview:-1"},"canonical":"https:\/\/www.blogsoestado.com\/danielmatos\/mpf-propoe-acao-para-que-municipio-de-mata-roma-devolva-r-729-mil-recebidos-irregularmente-na-pandemia\/","og_locale":"pt_BR","og_type":"article","og_title":"MPF prop\u00f5e a\u00e7\u00e3o para que munic\u00edpio de Mata Roma devolva R$ 729 mil recebidos irregularmente na pandemia - Daniel Matos","og_description":"Prefeitura recebeu o valor para reabilita\u00e7\u00e3o de pacientes p\u00f3s Covid-19 ap\u00f3s terem sido inseridos dados fict\u00edcios nos sistemas do SUS [&hellip;]","og_url":"https:\/\/www.blogsoestado.com\/danielmatos\/mpf-propoe-acao-para-que-municipio-de-mata-roma-devolva-r-729-mil-recebidos-irregularmente-na-pandemia\/","og_site_name":"Daniel Matos","article_published_time":"2023-02-04T18:52:00+00:00","og_image":[{"url":"https:\/\/www.blogsoestado.com\/danielmatos\/files\/2023\/02\/Screenshot_20230204-1548263.png","type":"","width":"","height":""}],"twitter_card":"summary_large_image","twitter_misc":{"Est. tempo de leitura":"2 minutos"},"schema":{"@context":"https:\/\/schema.org","@graph":[{"@type":"WebPage","@id":"https:\/\/www.blogsoestado.com\/danielmatos\/mpf-propoe-acao-para-que-municipio-de-mata-roma-devolva-r-729-mil-recebidos-irregularmente-na-pandemia\/","url":"https:\/\/www.blogsoestado.com\/danielmatos\/mpf-propoe-acao-para-que-municipio-de-mata-roma-devolva-r-729-mil-recebidos-irregularmente-na-pandemia\/","name":"MPF prop\u00f5e a\u00e7\u00e3o para que munic\u00edpio de Mata Roma devolva R$ 729 mil recebidos irregularmente na pandemia - Daniel Matos","isPartOf":{"@id":"https:\/\/www.blogsoestado.com\/danielmatos\/#website"},"primaryImageOfPage":{"@id":"https:\/\/www.blogsoestado.com\/danielmatos\/mpf-propoe-acao-para-que-municipio-de-mata-roma-devolva-r-729-mil-recebidos-irregularmente-na-pandemia\/#primaryimage"},"image":{"@id":"https:\/\/www.blogsoestado.com\/danielmatos\/mpf-propoe-acao-para-que-municipio-de-mata-roma-devolva-r-729-mil-recebidos-irregularmente-na-pandemia\/#primaryimage"},"thumbnailUrl":"https:\/\/www.blogsoestado.com\/danielmatos\/files\/2023\/02\/Screenshot_20230204-1548263.png","datePublished":"2023-02-04T18:52:00+00:00","author":{"@id":""},"breadcrumb":{"@id":"https:\/\/www.blogsoestado.com\/danielmatos\/mpf-propoe-acao-para-que-municipio-de-mata-roma-devolva-r-729-mil-recebidos-irregularmente-na-pandemia\/#breadcrumb"},"inLanguage":"pt-BR","potentialAction":[{"@type":"ReadAction","target":["https:\/\/www.blogsoestado.com\/danielmatos\/mpf-propoe-acao-para-que-municipio-de-mata-roma-devolva-r-729-mil-recebidos-irregularmente-na-pandemia\/"]}]},{"@type":"ImageObject","inLanguage":"pt-BR","@id":"https:\/\/www.blogsoestado.com\/danielmatos\/mpf-propoe-acao-para-que-municipio-de-mata-roma-devolva-r-729-mil-recebidos-irregularmente-na-pandemia\/#primaryimage","url":"https:\/\/www.blogsoestado.com\/danielmatos\/files\/2023\/02\/Screenshot_20230204-1548263.png","contentUrl":"https:\/\/www.blogsoestado.com\/danielmatos\/files\/2023\/02\/Screenshot_20230204-1548263.png"},{"@type":"BreadcrumbList","@id":"https:\/\/www.blogsoestado.com\/danielmatos\/mpf-propoe-acao-para-que-municipio-de-mata-roma-devolva-r-729-mil-recebidos-irregularmente-na-pandemia\/#breadcrumb","itemListElement":[{"@type":"ListItem","position":1,"name":"In\u00edcio","item":"https:\/\/www.blogsoestado.com\/danielmatos\/"},{"@type":"ListItem","position":2,"name":"MPF prop\u00f5e a\u00e7\u00e3o para que munic\u00edpio de Mata Roma devolva R$ 729 mil recebidos irregularmente na pandemia"}]},{"@type":"WebSite","@id":"https:\/\/www.blogsoestado.com\/danielmatos\/#website","url":"https:\/\/www.blogsoestado.com\/danielmatos\/","name":"Daniel Matos","description":"","potentialAction":[{"@type":"SearchAction","target":{"@type":"EntryPoint","urlTemplate":"https:\/\/www.blogsoestado.com\/danielmatos\/?s={search_term_string}"},"query-input":{"@type":"PropertyValueSpecification","valueRequired":true,"valueName":"search_term_string"}}],"inLanguage":"pt-BR"}]}},"jetpack_featured_media_url":"","_links":{"self":[{"href":"https:\/\/www.blogsoestado.com\/danielmatos\/wp-json\/wp\/v2\/posts\/105733","targetHints":{"allow":["GET"]}}],"collection":[{"href":"https:\/\/www.blogsoestado.com\/danielmatos\/wp-json\/wp\/v2\/posts"}],"about":[{"href":"https:\/\/www.blogsoestado.com\/danielmatos\/wp-json\/wp\/v2\/types\/post"}],"replies":[{"embeddable":true,"href":"https:\/\/www.blogsoestado.com\/danielmatos\/wp-json\/wp\/v2\/comments?post=105733"}],"version-history":[{"count":0,"href":"https:\/\/www.blogsoestado.com\/danielmatos\/wp-json\/wp\/v2\/posts\/105733\/revisions"}],"wp:attachment":[{"href":"https:\/\/www.blogsoestado.com\/danielmatos\/wp-json\/wp\/v2\/media?parent=105733"}],"wp:term":[{"taxonomy":"category","embeddable":true,"href":"https:\/\/www.blogsoestado.com\/danielmatos\/wp-json\/wp\/v2\/categories?post=105733"},{"taxonomy":"post_tag","embeddable":true,"href":"https:\/\/www.blogsoestado.com\/danielmatos\/wp-json\/wp\/v2\/tags?post=105733"}],"curies":[{"name":"wp","href":"https:\/\/api.w.org\/{rel}","templated":true}]}}