{"id":105737,"date":"2023-02-05T07:00:00","date_gmt":"2023-02-05T10:00:00","guid":{"rendered":"https:\/\/www.blogsoestado.com\/danielmatos\/?p=105737"},"modified":"2023-02-05T07:00:00","modified_gmt":"2023-02-05T10:00:00","slug":"reitor-natalino-salgado-fortalece-parceria-cientifica-entre-ufma-e-embrapa","status":"publish","type":"post","link":"https:\/\/www.blogsoestado.com\/danielmatos\/reitor-natalino-salgado-fortalece-parceria-cientifica-entre-ufma-e-embrapa\/","title":{"rendered":"Reitor Natalino Salgado fortalece parceria cient\u00edfica entre UFMA e Embrapa Cocais"},"content":{"rendered":"\n<div class=\"wp-block-image\"><figure class=\"aligncenter size-large\"><a href=\"https:\/\/www.blogsoestado.com\/danielmatos\/files\/2023\/02\/Screenshot_20230205-0854402.png\"><img decoding=\"async\" src=\"https:\/\/www.blogsoestado.com\/danielmatos\/files\/2023\/02\/Screenshot_20230205-0854402.png\" alt=\"\" class=\"wp-image-105742\"\/><\/a><figcaption>Reitor da UFMA, Natalino Salgado, e o chefe da Embrapa Cocais, Marco Aur\u00e9lio Bonfim, destacaram a parceria como vetor de desenvolvimento cient\u00edfico para o Maranh\u00e3o<\/figcaption><\/figure><\/div>\n\n\n\n<p>O reitor da Universidade Federal do Maranh\u00e3o (UFMA), Natalino Salgado, recebeu a agrad\u00e1vel visita de cortesia do novo chefe-geral da Embrapa Cocais, Marco Aur\u00e9lio Bomfim.<\/p>\n\n\n\n<p>Os dois gestores dialogaram sobre o fortalecimento da parceria que a organiza\u00e7\u00e3o j\u00e1 desenvolve com a UFMA e sobre novas a\u00e7\u00f5es conjuntas entre a Embrapa e a universidade.<\/p>\n\n\n\n<div class=\"wp-block-image\"><figure class=\"aligncenter size-large\"><a href=\"https:\/\/www.blogsoestado.com\/danielmatos\/files\/2023\/02\/Screenshot_20230205-0855232.png\"><img decoding=\"async\" src=\"https:\/\/www.blogsoestado.com\/danielmatos\/files\/2023\/02\/Screenshot_20230205-0855232.png\" alt=\"\" class=\"wp-image-105744\"\/><\/a><figcaption>Natalino Salgado apresentou algumas a\u00e7\u00f5es j\u00e1 realizadas em parceria entre a UFMA e a Embrapa Cocais em prol da ci\u00eancia<\/figcaption><\/figure><\/div>\n\n\n\n<p>&#8220;Essa coopera\u00e7\u00e3o \u00e9 fundamental para o desenvolvimento cient\u00edfico e de extrema import\u00e2ncia para a expans\u00e3o da ci\u00eancia e crescimento do estado&#8221;, destacou Natalino Salgado <\/p>\n","protected":false},"excerpt":{"rendered":"<p>O reitor da Universidade Federal do Maranh\u00e3o (UFMA), Natalino Salgado, recebeu a agrad\u00e1vel visita de cortesia do novo chefe-geral da [&hellip;]<\/p>\n","protected":false},"author":0,"featured_media":0,"comment_status":"open","ping_status":"open","sticky":false,"template":"","format":"standard","meta":{"site-sidebar-layout":"default","site-content-layout":"","ast-site-content-layout":"default","site-content-style":"default","site-sidebar-style":"default","ast-global-header-display":"","ast-banner-title-visibility":"","ast-main-header-display":"","ast-hfb-above-header-display":"","ast-hfb-below-header-display":"","ast-hfb-mobile-header-display":"","site-post-title":"","ast-breadcrumbs-content":"","ast-featured-img":"","footer-sml-layout":"","ast-disable-related-posts":"","theme-transparent-header-meta":"","adv-header-id-meta":"","stick-header-meta":"","header-above-stick-meta":"","header-main-stick-meta":"","header-below-stick-meta":"","astra-migrate-meta-layouts":"default","ast-page-background-enabled":"default","ast-page-background-meta":{"desktop":{"background-color":"var(--ast-global-color-5)","background-image":"","background-repeat":"repeat","background-position":"center center","background-size":"auto","background-attachment":"scroll","background-type":"","background-media":"","overlay-type":"","overlay-color":"","overlay-opacity":"","overlay-gradient":""},"tablet":{"background-color":"","background-image":"","background-repeat":"repeat","background-position":"center center","background-size":"auto","background-attachment":"scroll","background-type":"","background-media":"","overlay-type":"","overlay-color":"","overlay-opacity":"","overlay-gradient":""},"mobile":{"background-color":"","background-image":"","background-repeat":"repeat","background-position":"center center","background-size":"auto","background-attachment":"scroll","background-type":"","background-media":"","overlay-type":"","overlay-color":"","overlay-opacity":"","overlay-gradient":""}},"ast-content-background-meta":{"desktop":{"background-color":"var(--ast-global-color-4)","background-image":"","background-repeat":"repeat","background-position":"center center","background-size":"auto","background-attachment":"scroll","background-type":"","background-media":"","overlay-type":"","overlay-color":"","overlay-opacity":"","overlay-gradient":""},"tablet":{"background-color":"var(--ast-global-color-4)","background-image":"","background-repeat":"repeat","background-position":"center center","background-size":"auto","background-attachment":"scroll","background-type":"","background-media":"","overlay-type":"","overlay-color":"","overlay-opacity":"","overlay-gradient":""},"mobile":{"background-color":"var(--ast-global-color-4)","background-image":"","background-repeat":"repeat","background-position":"center center","background-size":"auto","background-attachment":"scroll","background-type":"","background-media":"","overlay-type":"","overlay-color":"","overlay-opacity":"","overlay-gradient":""}},"footnotes":""},"categories":[1],"tags":[],"class_list":["post-105737","post","type-post","status-publish","format-standard","hentry","category-sem-categoria"],"yoast_head":"<!-- This site is optimized with the Yoast SEO plugin v26.6 - https:\/\/yoast.com\/wordpress\/plugins\/seo\/ -->\n<title>Reitor Natalino Salgado fortalece parceria cient\u00edfica entre UFMA e Embrapa Cocais - Daniel Matos<\/title>\n<meta name=\"robots\" content=\"index, follow, max-snippet:-1, max-image-preview:large, max-video-preview:-1\" \/>\n<link rel=\"canonical\" href=\"https:\/\/www.blogsoestado.com\/danielmatos\/reitor-natalino-salgado-fortalece-parceria-cientifica-entre-ufma-e-embrapa\/\" \/>\n<meta property=\"og:locale\" content=\"pt_BR\" \/>\n<meta property=\"og:type\" content=\"article\" \/>\n<meta property=\"og:title\" content=\"Reitor Natalino Salgado fortalece parceria cient\u00edfica entre UFMA e Embrapa Cocais - Daniel Matos\" \/>\n<meta property=\"og:description\" content=\"O reitor da Universidade Federal do Maranh\u00e3o (UFMA), Natalino Salgado, recebeu a agrad\u00e1vel visita de cortesia do novo chefe-geral da [&hellip;]\" \/>\n<meta property=\"og:url\" content=\"https:\/\/www.blogsoestado.com\/danielmatos\/reitor-natalino-salgado-fortalece-parceria-cientifica-entre-ufma-e-embrapa\/\" \/>\n<meta property=\"og:site_name\" content=\"Daniel Matos\" \/>\n<meta property=\"article:published_time\" content=\"2023-02-05T10:00:00+00:00\" \/>\n<meta property=\"og:image\" content=\"https:\/\/www.blogsoestado.com\/danielmatos\/files\/2023\/02\/Screenshot_20230205-0854402.png\" \/>\n<meta name=\"twitter:card\" content=\"summary_large_image\" \/>\n<meta name=\"twitter:label1\" content=\"Est. tempo de leitura\" \/>\n\t<meta name=\"twitter:data1\" content=\"1 minuto\" \/>\n<script type=\"application\/ld+json\" class=\"yoast-schema-graph\">{\"@context\":\"https:\/\/schema.org\",\"@graph\":[{\"@type\":\"WebPage\",\"@id\":\"https:\/\/www.blogsoestado.com\/danielmatos\/reitor-natalino-salgado-fortalece-parceria-cientifica-entre-ufma-e-embrapa\/\",\"url\":\"https:\/\/www.blogsoestado.com\/danielmatos\/reitor-natalino-salgado-fortalece-parceria-cientifica-entre-ufma-e-embrapa\/\",\"name\":\"Reitor Natalino Salgado fortalece parceria cient\u00edfica entre UFMA e Embrapa Cocais - Daniel Matos\",\"isPartOf\":{\"@id\":\"https:\/\/www.blogsoestado.com\/danielmatos\/#website\"},\"primaryImageOfPage\":{\"@id\":\"https:\/\/www.blogsoestado.com\/danielmatos\/reitor-natalino-salgado-fortalece-parceria-cientifica-entre-ufma-e-embrapa\/#primaryimage\"},\"image\":{\"@id\":\"https:\/\/www.blogsoestado.com\/danielmatos\/reitor-natalino-salgado-fortalece-parceria-cientifica-entre-ufma-e-embrapa\/#primaryimage\"},\"thumbnailUrl\":\"https:\/\/www.blogsoestado.com\/danielmatos\/files\/2023\/02\/Screenshot_20230205-0854402.png\",\"datePublished\":\"2023-02-05T10:00:00+00:00\",\"author\":{\"@id\":\"\"},\"breadcrumb\":{\"@id\":\"https:\/\/www.blogsoestado.com\/danielmatos\/reitor-natalino-salgado-fortalece-parceria-cientifica-entre-ufma-e-embrapa\/#breadcrumb\"},\"inLanguage\":\"pt-BR\",\"potentialAction\":[{\"@type\":\"ReadAction\",\"target\":[\"https:\/\/www.blogsoestado.com\/danielmatos\/reitor-natalino-salgado-fortalece-parceria-cientifica-entre-ufma-e-embrapa\/\"]}]},{\"@type\":\"ImageObject\",\"inLanguage\":\"pt-BR\",\"@id\":\"https:\/\/www.blogsoestado.com\/danielmatos\/reitor-natalino-salgado-fortalece-parceria-cientifica-entre-ufma-e-embrapa\/#primaryimage\",\"url\":\"https:\/\/www.blogsoestado.com\/danielmatos\/files\/2023\/02\/Screenshot_20230205-0854402.png\",\"contentUrl\":\"https:\/\/www.blogsoestado.com\/danielmatos\/files\/2023\/02\/Screenshot_20230205-0854402.png\"},{\"@type\":\"BreadcrumbList\",\"@id\":\"https:\/\/www.blogsoestado.com\/danielmatos\/reitor-natalino-salgado-fortalece-parceria-cientifica-entre-ufma-e-embrapa\/#breadcrumb\",\"itemListElement\":[{\"@type\":\"ListItem\",\"position\":1,\"name\":\"In\u00edcio\",\"item\":\"https:\/\/www.blogsoestado.com\/danielmatos\/\"},{\"@type\":\"ListItem\",\"position\":2,\"name\":\"Reitor Natalino Salgado fortalece parceria cient\u00edfica entre UFMA e Embrapa Cocais\"}]},{\"@type\":\"WebSite\",\"@id\":\"https:\/\/www.blogsoestado.com\/danielmatos\/#website\",\"url\":\"https:\/\/www.blogsoestado.com\/danielmatos\/\",\"name\":\"Daniel Matos\",\"description\":\"\",\"potentialAction\":[{\"@type\":\"SearchAction\",\"target\":{\"@type\":\"EntryPoint\",\"urlTemplate\":\"https:\/\/www.blogsoestado.com\/danielmatos\/?s={search_term_string}\"},\"query-input\":{\"@type\":\"PropertyValueSpecification\",\"valueRequired\":true,\"valueName\":\"search_term_string\"}}],\"inLanguage\":\"pt-BR\"}]}<\/script>\n<!-- \/ Yoast SEO plugin. -->","yoast_head_json":{"title":"Reitor Natalino Salgado fortalece parceria cient\u00edfica entre UFMA e Embrapa Cocais - Daniel Matos","robots":{"index":"index","follow":"follow","max-snippet":"max-snippet:-1","max-image-preview":"max-image-preview:large","max-video-preview":"max-video-preview:-1"},"canonical":"https:\/\/www.blogsoestado.com\/danielmatos\/reitor-natalino-salgado-fortalece-parceria-cientifica-entre-ufma-e-embrapa\/","og_locale":"pt_BR","og_type":"article","og_title":"Reitor Natalino Salgado fortalece parceria cient\u00edfica entre UFMA e Embrapa Cocais - Daniel Matos","og_description":"O reitor da Universidade Federal do Maranh\u00e3o (UFMA), Natalino Salgado, recebeu a agrad\u00e1vel visita de cortesia do novo chefe-geral da [&hellip;]","og_url":"https:\/\/www.blogsoestado.com\/danielmatos\/reitor-natalino-salgado-fortalece-parceria-cientifica-entre-ufma-e-embrapa\/","og_site_name":"Daniel Matos","article_published_time":"2023-02-05T10:00:00+00:00","og_image":[{"url":"https:\/\/www.blogsoestado.com\/danielmatos\/files\/2023\/02\/Screenshot_20230205-0854402.png","type":"","width":"","height":""}],"twitter_card":"summary_large_image","twitter_misc":{"Est. tempo de leitura":"1 minuto"},"schema":{"@context":"https:\/\/schema.org","@graph":[{"@type":"WebPage","@id":"https:\/\/www.blogsoestado.com\/danielmatos\/reitor-natalino-salgado-fortalece-parceria-cientifica-entre-ufma-e-embrapa\/","url":"https:\/\/www.blogsoestado.com\/danielmatos\/reitor-natalino-salgado-fortalece-parceria-cientifica-entre-ufma-e-embrapa\/","name":"Reitor Natalino Salgado fortalece parceria cient\u00edfica entre UFMA e Embrapa Cocais - Daniel Matos","isPartOf":{"@id":"https:\/\/www.blogsoestado.com\/danielmatos\/#website"},"primaryImageOfPage":{"@id":"https:\/\/www.blogsoestado.com\/danielmatos\/reitor-natalino-salgado-fortalece-parceria-cientifica-entre-ufma-e-embrapa\/#primaryimage"},"image":{"@id":"https:\/\/www.blogsoestado.com\/danielmatos\/reitor-natalino-salgado-fortalece-parceria-cientifica-entre-ufma-e-embrapa\/#primaryimage"},"thumbnailUrl":"https:\/\/www.blogsoestado.com\/danielmatos\/files\/2023\/02\/Screenshot_20230205-0854402.png","datePublished":"2023-02-05T10:00:00+00:00","author":{"@id":""},"breadcrumb":{"@id":"https:\/\/www.blogsoestado.com\/danielmatos\/reitor-natalino-salgado-fortalece-parceria-cientifica-entre-ufma-e-embrapa\/#breadcrumb"},"inLanguage":"pt-BR","potentialAction":[{"@type":"ReadAction","target":["https:\/\/www.blogsoestado.com\/danielmatos\/reitor-natalino-salgado-fortalece-parceria-cientifica-entre-ufma-e-embrapa\/"]}]},{"@type":"ImageObject","inLanguage":"pt-BR","@id":"https:\/\/www.blogsoestado.com\/danielmatos\/reitor-natalino-salgado-fortalece-parceria-cientifica-entre-ufma-e-embrapa\/#primaryimage","url":"https:\/\/www.blogsoestado.com\/danielmatos\/files\/2023\/02\/Screenshot_20230205-0854402.png","contentUrl":"https:\/\/www.blogsoestado.com\/danielmatos\/files\/2023\/02\/Screenshot_20230205-0854402.png"},{"@type":"BreadcrumbList","@id":"https:\/\/www.blogsoestado.com\/danielmatos\/reitor-natalino-salgado-fortalece-parceria-cientifica-entre-ufma-e-embrapa\/#breadcrumb","itemListElement":[{"@type":"ListItem","position":1,"name":"In\u00edcio","item":"https:\/\/www.blogsoestado.com\/danielmatos\/"},{"@type":"ListItem","position":2,"name":"Reitor Natalino Salgado fortalece parceria cient\u00edfica entre UFMA e Embrapa Cocais"}]},{"@type":"WebSite","@id":"https:\/\/www.blogsoestado.com\/danielmatos\/#website","url":"https:\/\/www.blogsoestado.com\/danielmatos\/","name":"Daniel Matos","description":"","potentialAction":[{"@type":"SearchAction","target":{"@type":"EntryPoint","urlTemplate":"https:\/\/www.blogsoestado.com\/danielmatos\/?s={search_term_string}"},"query-input":{"@type":"PropertyValueSpecification","valueRequired":true,"valueName":"search_term_string"}}],"inLanguage":"pt-BR"}]}},"jetpack_featured_media_url":"","_links":{"self":[{"href":"https:\/\/www.blogsoestado.com\/danielmatos\/wp-json\/wp\/v2\/posts\/105737","targetHints":{"allow":["GET"]}}],"collection":[{"href":"https:\/\/www.blogsoestado.com\/danielmatos\/wp-json\/wp\/v2\/posts"}],"about":[{"href":"https:\/\/www.blogsoestado.com\/danielmatos\/wp-json\/wp\/v2\/types\/post"}],"replies":[{"embeddable":true,"href":"https:\/\/www.blogsoestado.com\/danielmatos\/wp-json\/wp\/v2\/comments?post=105737"}],"version-history":[{"count":0,"href":"https:\/\/www.blogsoestado.com\/danielmatos\/wp-json\/wp\/v2\/posts\/105737\/revisions"}],"wp:attachment":[{"href":"https:\/\/www.blogsoestado.com\/danielmatos\/wp-json\/wp\/v2\/media?parent=105737"}],"wp:term":[{"taxonomy":"category","embeddable":true,"href":"https:\/\/www.blogsoestado.com\/danielmatos\/wp-json\/wp\/v2\/categories?post=105737"},{"taxonomy":"post_tag","embeddable":true,"href":"https:\/\/www.blogsoestado.com\/danielmatos\/wp-json\/wp\/v2\/tags?post=105737"}],"curies":[{"name":"wp","href":"https:\/\/api.w.org\/{rel}","templated":true}]}}