{"id":105747,"date":"2023-02-05T10:08:14","date_gmt":"2023-02-05T13:08:14","guid":{"rendered":"https:\/\/www.blogsoestado.com\/danielmatos\/?p=105747"},"modified":"2023-02-05T10:08:14","modified_gmt":"2023-02-05T13:08:14","slug":"so-maranhao-e-outros-2-estados-registram-avanco-da-sindrome-respiratoria-aguda-grave-aponta-fiocruz","status":"publish","type":"post","link":"https:\/\/www.blogsoestado.com\/danielmatos\/so-maranhao-e-outros-2-estados-registram-avanco-da-sindrome-respiratoria-aguda-grave-aponta-fiocruz\/","title":{"rendered":"S\u00f3 Maranh\u00e3o e outros 2 estados registram avan\u00e7o da S\u00edndrome Respirat\u00f3ria Aguda Grave, aponta Fiocruz"},"content":{"rendered":"\n<div class=\"wp-block-image\"><figure class=\"aligncenter size-large\"><a href=\"https:\/\/www.blogsoestado.com\/danielmatos\/files\/2023\/02\/Screenshot_20230205-1003232.png\"><img decoding=\"async\" src=\"https:\/\/www.blogsoestado.com\/danielmatos\/files\/2023\/02\/Screenshot_20230205-1003232.png\" alt=\"\" class=\"wp-image-105748\"\/><\/a><figcaption>Equipe m\u00e9dica atende paciente com S\u00edndrome Respirat\u00f3ria Aguda Grave (SRAG) em confinamento <\/figcaption><\/figure><\/div>\n\n\n\n<p>Divulgado na \u00faltima sexta-feira (3), o novo\u00a0<a href=\"https:\/\/portal.fiocruz.br\/sites\/portal.fiocruz.br\/files\/documentos_2\/resumo_infogripe_2023_04.pdf\" target=\"_blank\" rel=\"noreferrer noopener\"><strong>Boletim InfoGripe Fiocruz<\/strong><\/a>\u00a0indica que das 27 unidades da federa\u00e7\u00e3o, apenas Acre, Amazonas e <strong>Maranh\u00e3o<\/strong> apresentam crescimento de casos da S\u00edndrome Respirat\u00f3ria Aguda Grave (SRAG) na tend\u00eancia de longo prazo at\u00e9 a quarta semana de 2023, que corresponde ao per\u00edodo entre 22 e 28 de janeiro.<\/p>\n\n\n\n<p>O levantamento aponta que no Amazonas e no Maranh\u00e3o, o volume de casos semanais ainda \u00e9 baixo em rela\u00e7\u00e3o ao hist\u00f3rico, e os dados por faixa et\u00e1ria s\u00e3o compat\u00edveis com um cen\u00e1rio de oscila\u00e7\u00e3o. No Acre, h\u00e1 aumento entre as crian\u00e7as e a popula\u00e7\u00e3o adulta.<\/p>\n\n\n\n<p>No geral, a nova vers\u00e3o do Boletim Infogripe mostra a manuten\u00e7\u00e3o de um cen\u00e1rio positivo para casos de S\u00edndrome Respirat\u00f3ria Aguda Grave (SRAG) pelo pa\u00eds. A maioria das unidades da Federa\u00e7\u00e3o (UF) mant\u00e9m queda ou estabilidade em um patamar relativamente baixo quando comparado com o hist\u00f3rico dos \u00faltimos anos.\u00a0<\/p>\n\n\n\n<p>O estudo aponta, ainda, para sinal de queda nas tend\u00eancias de longo (\u00faltimas seis semanas) e curto prazo (\u00faltimas tr\u00eas semanas). Referente \u00e0 Semana Epidemiol\u00f3gica (SE) 4, per\u00edodo de 22 a 28 de janeiro, a an\u00e1lise tem como base os dados inseridos no Sistema de Vigil\u00e2ncia Epidemiol\u00f3gica da Gripe (Sivep-Gripe) at\u00e9 30 de janeiro.<\/p>\n\n\n\n<p>Os dados indicam predom\u00ednio dos casos positivos para Sars-CoV-2 (Covid-19) em todas as faixas et\u00e1rias a partir de 5 anos, com maior destaque na popula\u00e7\u00e3o adulta. J\u00e1 entre crian\u00e7as de 0 a 4 anos o v\u00edrus sincicial respirat\u00f3rio (VSR) mant\u00e9m presen\u00e7a expressiva especialmente no Esp\u00edrito Santo, Distrito Federal, Minas Gerais, S\u00e3o Paulo e nos tr\u00eas estados da Regi\u00e3o Sul. Desses, apenas o DF aponta manuten\u00e7\u00e3o de patamar elevado de casos de SRAG nessa faixa et\u00e1ria. Os demais j\u00e1 apontam para redu\u00e7\u00e3o nas semanas recentes.<\/p>\n\n\n\n<p>De acordo com o pesquisador Marcelo Gomes, os poucos estados com crescimento de SRAG nas \u00faltimas semanas mostram um cen\u00e1rio compat\u00edvel com a oscila\u00e7\u00e3o observada em per\u00edodo de baixa. \u201cEventualmente, temos uma pequena eleva\u00e7\u00e3o em uma semana ou outra \u2013 isso faz com que a tend\u00eancia aponte para um poss\u00edvel crescimento, mas dentro de um cen\u00e1rio compat\u00edvel com, simplesmente, uma flutua\u00e7\u00e3o natural\u201d, comentou o coordenador do InfoGripe.<\/p>\n\n\n\n<p>Nas \u00faltimas quatro semanas epidemiol\u00f3gicas, a preval\u00eancia entre os casos como resultado positivo para v\u00edrus respirat\u00f3rios foi de 0,9% para influenza A, 0,7% para influenza B, 18,8% para v\u00edrus sincicial respirat\u00f3rio e 71,3% para Sars-CoV-2 (Covid-19). Entre os \u00f3bitos, a presen\u00e7a destes mesmos v\u00edrus entre os positivos foi de 1,1% para influenza A, 0,0% para influenza B, 1,5% para v\u00edrus sincicial respirat\u00f3rio e 94,7% para Sars-CoV-2.<\/p>\n\n\n\n<p><strong>Capitais<\/strong><\/p>\n\n\n\n<p>Cinco das 27 capitais apresentam crescimento na tend\u00eancia de longo prazo at\u00e9 o mesmo per\u00edodo: Macap\u00e1 (AP), Manaus (AM), Palmas (TO), Rio Branco (AC) e Vit\u00f3ria (ES). Em Rio Branco, o crescimento se concentra principalmente entre crian\u00e7as pequenas. Nas demais quatro capitais, os dados por faixa et\u00e1ria sugerem que o crescimento se trata de oscila\u00e7\u00e3o em torno de patamar baixo.<\/p>\n","protected":false},"excerpt":{"rendered":"<p>Divulgado na \u00faltima sexta-feira (3), o novo\u00a0Boletim InfoGripe Fiocruz\u00a0indica que das 27 unidades da federa\u00e7\u00e3o, apenas Acre, Amazonas e Maranh\u00e3o [&hellip;]<\/p>\n","protected":false},"author":0,"featured_media":0,"comment_status":"open","ping_status":"open","sticky":false,"template":"","format":"standard","meta":{"site-sidebar-layout":"default","site-content-layout":"","ast-site-content-layout":"default","site-content-style":"default","site-sidebar-style":"default","ast-global-header-display":"","ast-banner-title-visibility":"","ast-main-header-display":"","ast-hfb-above-header-display":"","ast-hfb-below-header-display":"","ast-hfb-mobile-header-display":"","site-post-title":"","ast-breadcrumbs-content":"","ast-featured-img":"","footer-sml-layout":"","ast-disable-related-posts":"","theme-transparent-header-meta":"","adv-header-id-meta":"","stick-header-meta":"","header-above-stick-meta":"","header-main-stick-meta":"","header-below-stick-meta":"","astra-migrate-meta-layouts":"default","ast-page-background-enabled":"default","ast-page-background-meta":{"desktop":{"background-color":"var(--ast-global-color-5)","background-image":"","background-repeat":"repeat","background-position":"center center","background-size":"auto","background-attachment":"scroll","background-type":"","background-media":"","overlay-type":"","overlay-color":"","overlay-opacity":"","overlay-gradient":""},"tablet":{"background-color":"","background-image":"","background-repeat":"repeat","background-position":"center center","background-size":"auto","background-attachment":"scroll","background-type":"","background-media":"","overlay-type":"","overlay-color":"","overlay-opacity":"","overlay-gradient":""},"mobile":{"background-color":"","background-image":"","background-repeat":"repeat","background-position":"center center","background-size":"auto","background-attachment":"scroll","background-type":"","background-media":"","overlay-type":"","overlay-color":"","overlay-opacity":"","overlay-gradient":""}},"ast-content-background-meta":{"desktop":{"background-color":"var(--ast-global-color-4)","background-image":"","background-repeat":"repeat","background-position":"center center","background-size":"auto","background-attachment":"scroll","background-type":"","background-media":"","overlay-type":"","overlay-color":"","overlay-opacity":"","overlay-gradient":""},"tablet":{"background-color":"var(--ast-global-color-4)","background-image":"","background-repeat":"repeat","background-position":"center center","background-size":"auto","background-attachment":"scroll","background-type":"","background-media":"","overlay-type":"","overlay-color":"","overlay-opacity":"","overlay-gradient":""},"mobile":{"background-color":"var(--ast-global-color-4)","background-image":"","background-repeat":"repeat","background-position":"center center","background-size":"auto","background-attachment":"scroll","background-type":"","background-media":"","overlay-type":"","overlay-color":"","overlay-opacity":"","overlay-gradient":""}},"footnotes":""},"categories":[1],"tags":[],"class_list":["post-105747","post","type-post","status-publish","format-standard","hentry","category-sem-categoria"],"yoast_head":"<!-- This site is optimized with the Yoast SEO plugin v26.6 - https:\/\/yoast.com\/wordpress\/plugins\/seo\/ -->\n<title>S\u00f3 Maranh\u00e3o e outros 2 estados registram avan\u00e7o da S\u00edndrome Respirat\u00f3ria Aguda Grave, aponta Fiocruz - Daniel Matos<\/title>\n<meta name=\"robots\" content=\"index, follow, max-snippet:-1, max-image-preview:large, max-video-preview:-1\" \/>\n<link rel=\"canonical\" href=\"https:\/\/www.blogsoestado.com\/danielmatos\/so-maranhao-e-outros-2-estados-registram-avanco-da-sindrome-respiratoria-aguda-grave-aponta-fiocruz\/\" \/>\n<meta property=\"og:locale\" content=\"pt_BR\" \/>\n<meta property=\"og:type\" content=\"article\" \/>\n<meta property=\"og:title\" content=\"S\u00f3 Maranh\u00e3o e outros 2 estados registram avan\u00e7o da S\u00edndrome Respirat\u00f3ria Aguda Grave, aponta Fiocruz - Daniel Matos\" \/>\n<meta property=\"og:description\" content=\"Divulgado na \u00faltima sexta-feira (3), o novo\u00a0Boletim InfoGripe Fiocruz\u00a0indica que das 27 unidades da federa\u00e7\u00e3o, apenas Acre, Amazonas e Maranh\u00e3o [&hellip;]\" \/>\n<meta property=\"og:url\" content=\"https:\/\/www.blogsoestado.com\/danielmatos\/so-maranhao-e-outros-2-estados-registram-avanco-da-sindrome-respiratoria-aguda-grave-aponta-fiocruz\/\" \/>\n<meta property=\"og:site_name\" content=\"Daniel Matos\" \/>\n<meta property=\"article:published_time\" content=\"2023-02-05T13:08:14+00:00\" \/>\n<meta property=\"og:image\" content=\"https:\/\/www.blogsoestado.com\/danielmatos\/files\/2023\/02\/Screenshot_20230205-1003232.png\" \/>\n<meta name=\"twitter:card\" content=\"summary_large_image\" \/>\n<meta name=\"twitter:label1\" content=\"Est. tempo de leitura\" \/>\n\t<meta name=\"twitter:data1\" content=\"3 minutos\" \/>\n<script type=\"application\/ld+json\" class=\"yoast-schema-graph\">{\"@context\":\"https:\/\/schema.org\",\"@graph\":[{\"@type\":\"WebPage\",\"@id\":\"https:\/\/www.blogsoestado.com\/danielmatos\/so-maranhao-e-outros-2-estados-registram-avanco-da-sindrome-respiratoria-aguda-grave-aponta-fiocruz\/\",\"url\":\"https:\/\/www.blogsoestado.com\/danielmatos\/so-maranhao-e-outros-2-estados-registram-avanco-da-sindrome-respiratoria-aguda-grave-aponta-fiocruz\/\",\"name\":\"S\u00f3 Maranh\u00e3o e outros 2 estados registram avan\u00e7o da S\u00edndrome Respirat\u00f3ria Aguda Grave, aponta Fiocruz - Daniel Matos\",\"isPartOf\":{\"@id\":\"https:\/\/www.blogsoestado.com\/danielmatos\/#website\"},\"primaryImageOfPage\":{\"@id\":\"https:\/\/www.blogsoestado.com\/danielmatos\/so-maranhao-e-outros-2-estados-registram-avanco-da-sindrome-respiratoria-aguda-grave-aponta-fiocruz\/#primaryimage\"},\"image\":{\"@id\":\"https:\/\/www.blogsoestado.com\/danielmatos\/so-maranhao-e-outros-2-estados-registram-avanco-da-sindrome-respiratoria-aguda-grave-aponta-fiocruz\/#primaryimage\"},\"thumbnailUrl\":\"https:\/\/www.blogsoestado.com\/danielmatos\/files\/2023\/02\/Screenshot_20230205-1003232.png\",\"datePublished\":\"2023-02-05T13:08:14+00:00\",\"author\":{\"@id\":\"\"},\"breadcrumb\":{\"@id\":\"https:\/\/www.blogsoestado.com\/danielmatos\/so-maranhao-e-outros-2-estados-registram-avanco-da-sindrome-respiratoria-aguda-grave-aponta-fiocruz\/#breadcrumb\"},\"inLanguage\":\"pt-BR\",\"potentialAction\":[{\"@type\":\"ReadAction\",\"target\":[\"https:\/\/www.blogsoestado.com\/danielmatos\/so-maranhao-e-outros-2-estados-registram-avanco-da-sindrome-respiratoria-aguda-grave-aponta-fiocruz\/\"]}]},{\"@type\":\"ImageObject\",\"inLanguage\":\"pt-BR\",\"@id\":\"https:\/\/www.blogsoestado.com\/danielmatos\/so-maranhao-e-outros-2-estados-registram-avanco-da-sindrome-respiratoria-aguda-grave-aponta-fiocruz\/#primaryimage\",\"url\":\"https:\/\/www.blogsoestado.com\/danielmatos\/files\/2023\/02\/Screenshot_20230205-1003232.png\",\"contentUrl\":\"https:\/\/www.blogsoestado.com\/danielmatos\/files\/2023\/02\/Screenshot_20230205-1003232.png\"},{\"@type\":\"BreadcrumbList\",\"@id\":\"https:\/\/www.blogsoestado.com\/danielmatos\/so-maranhao-e-outros-2-estados-registram-avanco-da-sindrome-respiratoria-aguda-grave-aponta-fiocruz\/#breadcrumb\",\"itemListElement\":[{\"@type\":\"ListItem\",\"position\":1,\"name\":\"In\u00edcio\",\"item\":\"https:\/\/www.blogsoestado.com\/danielmatos\/\"},{\"@type\":\"ListItem\",\"position\":2,\"name\":\"S\u00f3 Maranh\u00e3o e outros 2 estados registram avan\u00e7o da S\u00edndrome Respirat\u00f3ria Aguda Grave, aponta Fiocruz\"}]},{\"@type\":\"WebSite\",\"@id\":\"https:\/\/www.blogsoestado.com\/danielmatos\/#website\",\"url\":\"https:\/\/www.blogsoestado.com\/danielmatos\/\",\"name\":\"Daniel Matos\",\"description\":\"\",\"potentialAction\":[{\"@type\":\"SearchAction\",\"target\":{\"@type\":\"EntryPoint\",\"urlTemplate\":\"https:\/\/www.blogsoestado.com\/danielmatos\/?s={search_term_string}\"},\"query-input\":{\"@type\":\"PropertyValueSpecification\",\"valueRequired\":true,\"valueName\":\"search_term_string\"}}],\"inLanguage\":\"pt-BR\"}]}<\/script>\n<!-- \/ Yoast SEO plugin. -->","yoast_head_json":{"title":"S\u00f3 Maranh\u00e3o e outros 2 estados registram avan\u00e7o da S\u00edndrome Respirat\u00f3ria Aguda Grave, aponta Fiocruz - Daniel Matos","robots":{"index":"index","follow":"follow","max-snippet":"max-snippet:-1","max-image-preview":"max-image-preview:large","max-video-preview":"max-video-preview:-1"},"canonical":"https:\/\/www.blogsoestado.com\/danielmatos\/so-maranhao-e-outros-2-estados-registram-avanco-da-sindrome-respiratoria-aguda-grave-aponta-fiocruz\/","og_locale":"pt_BR","og_type":"article","og_title":"S\u00f3 Maranh\u00e3o e outros 2 estados registram avan\u00e7o da S\u00edndrome Respirat\u00f3ria Aguda Grave, aponta Fiocruz - Daniel Matos","og_description":"Divulgado na \u00faltima sexta-feira (3), o novo\u00a0Boletim InfoGripe Fiocruz\u00a0indica que das 27 unidades da federa\u00e7\u00e3o, apenas Acre, Amazonas e Maranh\u00e3o [&hellip;]","og_url":"https:\/\/www.blogsoestado.com\/danielmatos\/so-maranhao-e-outros-2-estados-registram-avanco-da-sindrome-respiratoria-aguda-grave-aponta-fiocruz\/","og_site_name":"Daniel Matos","article_published_time":"2023-02-05T13:08:14+00:00","og_image":[{"url":"https:\/\/www.blogsoestado.com\/danielmatos\/files\/2023\/02\/Screenshot_20230205-1003232.png","type":"","width":"","height":""}],"twitter_card":"summary_large_image","twitter_misc":{"Est. tempo de leitura":"3 minutos"},"schema":{"@context":"https:\/\/schema.org","@graph":[{"@type":"WebPage","@id":"https:\/\/www.blogsoestado.com\/danielmatos\/so-maranhao-e-outros-2-estados-registram-avanco-da-sindrome-respiratoria-aguda-grave-aponta-fiocruz\/","url":"https:\/\/www.blogsoestado.com\/danielmatos\/so-maranhao-e-outros-2-estados-registram-avanco-da-sindrome-respiratoria-aguda-grave-aponta-fiocruz\/","name":"S\u00f3 Maranh\u00e3o e outros 2 estados registram avan\u00e7o da S\u00edndrome Respirat\u00f3ria Aguda Grave, aponta Fiocruz - Daniel Matos","isPartOf":{"@id":"https:\/\/www.blogsoestado.com\/danielmatos\/#website"},"primaryImageOfPage":{"@id":"https:\/\/www.blogsoestado.com\/danielmatos\/so-maranhao-e-outros-2-estados-registram-avanco-da-sindrome-respiratoria-aguda-grave-aponta-fiocruz\/#primaryimage"},"image":{"@id":"https:\/\/www.blogsoestado.com\/danielmatos\/so-maranhao-e-outros-2-estados-registram-avanco-da-sindrome-respiratoria-aguda-grave-aponta-fiocruz\/#primaryimage"},"thumbnailUrl":"https:\/\/www.blogsoestado.com\/danielmatos\/files\/2023\/02\/Screenshot_20230205-1003232.png","datePublished":"2023-02-05T13:08:14+00:00","author":{"@id":""},"breadcrumb":{"@id":"https:\/\/www.blogsoestado.com\/danielmatos\/so-maranhao-e-outros-2-estados-registram-avanco-da-sindrome-respiratoria-aguda-grave-aponta-fiocruz\/#breadcrumb"},"inLanguage":"pt-BR","potentialAction":[{"@type":"ReadAction","target":["https:\/\/www.blogsoestado.com\/danielmatos\/so-maranhao-e-outros-2-estados-registram-avanco-da-sindrome-respiratoria-aguda-grave-aponta-fiocruz\/"]}]},{"@type":"ImageObject","inLanguage":"pt-BR","@id":"https:\/\/www.blogsoestado.com\/danielmatos\/so-maranhao-e-outros-2-estados-registram-avanco-da-sindrome-respiratoria-aguda-grave-aponta-fiocruz\/#primaryimage","url":"https:\/\/www.blogsoestado.com\/danielmatos\/files\/2023\/02\/Screenshot_20230205-1003232.png","contentUrl":"https:\/\/www.blogsoestado.com\/danielmatos\/files\/2023\/02\/Screenshot_20230205-1003232.png"},{"@type":"BreadcrumbList","@id":"https:\/\/www.blogsoestado.com\/danielmatos\/so-maranhao-e-outros-2-estados-registram-avanco-da-sindrome-respiratoria-aguda-grave-aponta-fiocruz\/#breadcrumb","itemListElement":[{"@type":"ListItem","position":1,"name":"In\u00edcio","item":"https:\/\/www.blogsoestado.com\/danielmatos\/"},{"@type":"ListItem","position":2,"name":"S\u00f3 Maranh\u00e3o e outros 2 estados registram avan\u00e7o da S\u00edndrome Respirat\u00f3ria Aguda Grave, aponta Fiocruz"}]},{"@type":"WebSite","@id":"https:\/\/www.blogsoestado.com\/danielmatos\/#website","url":"https:\/\/www.blogsoestado.com\/danielmatos\/","name":"Daniel Matos","description":"","potentialAction":[{"@type":"SearchAction","target":{"@type":"EntryPoint","urlTemplate":"https:\/\/www.blogsoestado.com\/danielmatos\/?s={search_term_string}"},"query-input":{"@type":"PropertyValueSpecification","valueRequired":true,"valueName":"search_term_string"}}],"inLanguage":"pt-BR"}]}},"jetpack_featured_media_url":"","_links":{"self":[{"href":"https:\/\/www.blogsoestado.com\/danielmatos\/wp-json\/wp\/v2\/posts\/105747","targetHints":{"allow":["GET"]}}],"collection":[{"href":"https:\/\/www.blogsoestado.com\/danielmatos\/wp-json\/wp\/v2\/posts"}],"about":[{"href":"https:\/\/www.blogsoestado.com\/danielmatos\/wp-json\/wp\/v2\/types\/post"}],"replies":[{"embeddable":true,"href":"https:\/\/www.blogsoestado.com\/danielmatos\/wp-json\/wp\/v2\/comments?post=105747"}],"version-history":[{"count":0,"href":"https:\/\/www.blogsoestado.com\/danielmatos\/wp-json\/wp\/v2\/posts\/105747\/revisions"}],"wp:attachment":[{"href":"https:\/\/www.blogsoestado.com\/danielmatos\/wp-json\/wp\/v2\/media?parent=105747"}],"wp:term":[{"taxonomy":"category","embeddable":true,"href":"https:\/\/www.blogsoestado.com\/danielmatos\/wp-json\/wp\/v2\/categories?post=105747"},{"taxonomy":"post_tag","embeddable":true,"href":"https:\/\/www.blogsoestado.com\/danielmatos\/wp-json\/wp\/v2\/tags?post=105747"}],"curies":[{"name":"wp","href":"https:\/\/api.w.org\/{rel}","templated":true}]}}