{"id":105813,"date":"2023-02-07T10:38:16","date_gmt":"2023-02-07T13:38:16","guid":{"rendered":"https:\/\/www.blogsoestado.com\/danielmatos\/?p=105813"},"modified":"2023-02-07T10:38:16","modified_gmt":"2023-02-07T13:38:16","slug":"famem-realiza-primeira-reuniao-de-diretoria","status":"publish","type":"post","link":"https:\/\/www.blogsoestado.com\/danielmatos\/famem-realiza-primeira-reuniao-de-diretoria\/","title":{"rendered":"Famem realiza primeira reuni\u00e3o de diretoria"},"content":{"rendered":"\n<div class=\"wp-block-image\"><figure class=\"aligncenter size-large\"><a href=\"https:\/\/www.blogsoestado.com\/danielmatos\/files\/2023\/02\/Screenshot_20230207-1021532.png\"><img decoding=\"async\" src=\"https:\/\/www.blogsoestado.com\/danielmatos\/files\/2023\/02\/Screenshot_20230207-1021532.png\" alt=\"\" class=\"wp-image-105814\"\/><\/a><figcaption>Dirigentes da Famem discutiram uma s\u00e9rie de pautas de extrema relev\u00e2ncia para a entidade municipalista <\/figcaption><\/figure><\/div>\n\n\n\n<p>\u00a0A Federa\u00e7\u00e3o dos Munic\u00edpios do Estado do Maranh\u00e3o &#8211; Famem -, realizou, na tarde desta segunda, 6, a primeira reuni\u00e3o ordin\u00e1ria da nova diretoria. Sob o comando do presidente Ivo Rezende, a diretoria discutiu diversos assuntos de interesse dos munic\u00edpios e anunciou a realiza\u00e7\u00e3o do primeiro Congresso Estadual do Municipalismo Maranhense, que acontece dias 13 e 14 de mar\u00e7o, como prepara\u00e7\u00e3o para a participa\u00e7\u00e3o do Maranh\u00e3o na Marcha Nacional dos Prefeitos, no fim do m\u00eas de mar\u00e7o.<\/p>\n\n\n\n<p>Os diretores falaram ainda sobre a constru\u00e7\u00e3o de parcerias que possam facilitar o atendimento de demandas dos munic\u00edpios; a implanta\u00e7\u00e3o da Comiss\u00e3o de Prerrogativas e a possibilidade de se criar um cons\u00f3rcio estadual que agregue todos os munic\u00edpios, o que pode baratear obras, servi\u00e7os e facilitar a assinatura de futuros conv\u00eanios com os governos federal e estadual.<\/p>\n\n\n\n<p>A abertura de espa\u00e7os na sede da federa\u00e7\u00e3o para as entidades que re\u00fanem os vereadores e os vice-prefeitos, tamb\u00e9m esteve na pauta.\u00a0A inten\u00e7\u00e3o \u00e9 aproximar as institui\u00e7\u00f5es para fortalecer o municipalismo junto aos \u00f3rg\u00e3os e \u00e0 sociedade. Tamb\u00e9m foi anunciada a abertura de um escrit\u00f3rio da entidade em Bras\u00edlia, funcionando a partir de abril.<\/p>\n\n\n\n<p>O diretor Miltinho Arag\u00e3o citou o apoio que o governador Carlos Brand\u00e3o est\u00e1 dando \u00e0 nova diretoria. \u201cO governador j\u00e1 nos disse que nosso trabalho \u00e9 muito importante, por ser o \u00f3rg\u00e3o interlocutor dos entes administrativos municipais com o governo do estado\u201d, falou o diretor geral Miltinho.<br \/>Para o presidente Ivo, a unidade em torno do trabalho ser\u00e1 essencial nesse novo momento. \u201cQueremos fazer uma Famem mais forte, onde todos possam contribuir, levando em conta as necessidades de cada munic\u00edpio \u201c, afirmou.<\/p>\n\n\n\n<p>A reuni\u00e3o foi prestigiada por grande parte dos diretores, que ainda receberam a visita surpresa do deputado federal Cl\u00e9ber Verde, que se colocou \u00e0 total disposi\u00e7\u00e3o dos prefeitos, principalmente em Bras\u00edlia.<br \/>Encerrando a reuni\u00e3o, o presidente Ivo fez quest\u00e3o de ressaltar a vit\u00f3ria que a entidade teve, como primeira federa\u00e7\u00e3o de munic\u00edpios do pa\u00eds, a solicitar que a normativa do Tribunal de Contas da Uni\u00e3o (TCU), relativa \u00e0 ado\u00e7\u00e3o de um Censo pr\u00e9vio, que prejudicava 66 munic\u00edpios maranhenses, fosse anulada.\u00a0<\/p>\n\n\n\n<p>A luta da Famem chegou ao Supremo Tribunal Federal, que determinou que os \u00edndices adotados para a distribui\u00e7\u00e3o dos recursos do FPM continuem os mesmos. A decis\u00e3o foi comemorada pelos munic\u00edpios\u00a0 brasileiros que, n\u00e3o fosse a defesa iniciada pela Famem, sofreriam uma grande perda em suas receitas.As aten\u00e7\u00f5es agora se voltam para a organiza\u00e7\u00e3o do I Congresso Estadual do Municipalismo Maranhense.<\/p>\n","protected":false},"excerpt":{"rendered":"<p>\u00a0A Federa\u00e7\u00e3o dos Munic\u00edpios do Estado do Maranh\u00e3o &#8211; Famem -, realizou, na tarde desta segunda, 6, a primeira reuni\u00e3o [&hellip;]<\/p>\n","protected":false},"author":0,"featured_media":0,"comment_status":"open","ping_status":"open","sticky":false,"template":"","format":"standard","meta":{"site-sidebar-layout":"default","site-content-layout":"","ast-site-content-layout":"default","site-content-style":"default","site-sidebar-style":"default","ast-global-header-display":"","ast-banner-title-visibility":"","ast-main-header-display":"","ast-hfb-above-header-display":"","ast-hfb-below-header-display":"","ast-hfb-mobile-header-display":"","site-post-title":"","ast-breadcrumbs-content":"","ast-featured-img":"","footer-sml-layout":"","ast-disable-related-posts":"","theme-transparent-header-meta":"","adv-header-id-meta":"","stick-header-meta":"","header-above-stick-meta":"","header-main-stick-meta":"","header-below-stick-meta":"","astra-migrate-meta-layouts":"default","ast-page-background-enabled":"default","ast-page-background-meta":{"desktop":{"background-color":"var(--ast-global-color-5)","background-image":"","background-repeat":"repeat","background-position":"center center","background-size":"auto","background-attachment":"scroll","background-type":"","background-media":"","overlay-type":"","overlay-color":"","overlay-opacity":"","overlay-gradient":""},"tablet":{"background-color":"","background-image":"","background-repeat":"repeat","background-position":"center center","background-size":"auto","background-attachment":"scroll","background-type":"","background-media":"","overlay-type":"","overlay-color":"","overlay-opacity":"","overlay-gradient":""},"mobile":{"background-color":"","background-image":"","background-repeat":"repeat","background-position":"center center","background-size":"auto","background-attachment":"scroll","background-type":"","background-media":"","overlay-type":"","overlay-color":"","overlay-opacity":"","overlay-gradient":""}},"ast-content-background-meta":{"desktop":{"background-color":"var(--ast-global-color-4)","background-image":"","background-repeat":"repeat","background-position":"center center","background-size":"auto","background-attachment":"scroll","background-type":"","background-media":"","overlay-type":"","overlay-color":"","overlay-opacity":"","overlay-gradient":""},"tablet":{"background-color":"var(--ast-global-color-4)","background-image":"","background-repeat":"repeat","background-position":"center center","background-size":"auto","background-attachment":"scroll","background-type":"","background-media":"","overlay-type":"","overlay-color":"","overlay-opacity":"","overlay-gradient":""},"mobile":{"background-color":"var(--ast-global-color-4)","background-image":"","background-repeat":"repeat","background-position":"center center","background-size":"auto","background-attachment":"scroll","background-type":"","background-media":"","overlay-type":"","overlay-color":"","overlay-opacity":"","overlay-gradient":""}},"footnotes":""},"categories":[1],"tags":[],"class_list":["post-105813","post","type-post","status-publish","format-standard","hentry","category-sem-categoria"],"yoast_head":"<!-- This site is optimized with the Yoast SEO plugin v26.6 - https:\/\/yoast.com\/wordpress\/plugins\/seo\/ -->\n<title>Famem realiza primeira reuni\u00e3o de diretoria - Daniel Matos<\/title>\n<meta name=\"robots\" content=\"index, follow, max-snippet:-1, max-image-preview:large, max-video-preview:-1\" \/>\n<link rel=\"canonical\" href=\"https:\/\/www.blogsoestado.com\/danielmatos\/famem-realiza-primeira-reuniao-de-diretoria\/\" \/>\n<meta property=\"og:locale\" content=\"pt_BR\" \/>\n<meta property=\"og:type\" content=\"article\" \/>\n<meta property=\"og:title\" content=\"Famem realiza primeira reuni\u00e3o de diretoria - Daniel Matos\" \/>\n<meta property=\"og:description\" content=\"\u00a0A Federa\u00e7\u00e3o dos Munic\u00edpios do Estado do Maranh\u00e3o &#8211; Famem -, realizou, na tarde desta segunda, 6, a primeira reuni\u00e3o [&hellip;]\" \/>\n<meta property=\"og:url\" content=\"https:\/\/www.blogsoestado.com\/danielmatos\/famem-realiza-primeira-reuniao-de-diretoria\/\" \/>\n<meta property=\"og:site_name\" content=\"Daniel Matos\" \/>\n<meta property=\"article:published_time\" content=\"2023-02-07T13:38:16+00:00\" \/>\n<meta property=\"og:image\" content=\"https:\/\/www.blogsoestado.com\/danielmatos\/files\/2023\/02\/Screenshot_20230207-1021532.png\" \/>\n<meta name=\"twitter:card\" content=\"summary_large_image\" \/>\n<meta name=\"twitter:label1\" content=\"Est. tempo de leitura\" \/>\n\t<meta name=\"twitter:data1\" content=\"3 minutos\" \/>\n<script type=\"application\/ld+json\" class=\"yoast-schema-graph\">{\"@context\":\"https:\/\/schema.org\",\"@graph\":[{\"@type\":\"WebPage\",\"@id\":\"https:\/\/www.blogsoestado.com\/danielmatos\/famem-realiza-primeira-reuniao-de-diretoria\/\",\"url\":\"https:\/\/www.blogsoestado.com\/danielmatos\/famem-realiza-primeira-reuniao-de-diretoria\/\",\"name\":\"Famem realiza primeira reuni\u00e3o de diretoria - Daniel Matos\",\"isPartOf\":{\"@id\":\"https:\/\/www.blogsoestado.com\/danielmatos\/#website\"},\"primaryImageOfPage\":{\"@id\":\"https:\/\/www.blogsoestado.com\/danielmatos\/famem-realiza-primeira-reuniao-de-diretoria\/#primaryimage\"},\"image\":{\"@id\":\"https:\/\/www.blogsoestado.com\/danielmatos\/famem-realiza-primeira-reuniao-de-diretoria\/#primaryimage\"},\"thumbnailUrl\":\"https:\/\/www.blogsoestado.com\/danielmatos\/files\/2023\/02\/Screenshot_20230207-1021532.png\",\"datePublished\":\"2023-02-07T13:38:16+00:00\",\"author\":{\"@id\":\"\"},\"breadcrumb\":{\"@id\":\"https:\/\/www.blogsoestado.com\/danielmatos\/famem-realiza-primeira-reuniao-de-diretoria\/#breadcrumb\"},\"inLanguage\":\"pt-BR\",\"potentialAction\":[{\"@type\":\"ReadAction\",\"target\":[\"https:\/\/www.blogsoestado.com\/danielmatos\/famem-realiza-primeira-reuniao-de-diretoria\/\"]}]},{\"@type\":\"ImageObject\",\"inLanguage\":\"pt-BR\",\"@id\":\"https:\/\/www.blogsoestado.com\/danielmatos\/famem-realiza-primeira-reuniao-de-diretoria\/#primaryimage\",\"url\":\"https:\/\/www.blogsoestado.com\/danielmatos\/files\/2023\/02\/Screenshot_20230207-1021532.png\",\"contentUrl\":\"https:\/\/www.blogsoestado.com\/danielmatos\/files\/2023\/02\/Screenshot_20230207-1021532.png\"},{\"@type\":\"BreadcrumbList\",\"@id\":\"https:\/\/www.blogsoestado.com\/danielmatos\/famem-realiza-primeira-reuniao-de-diretoria\/#breadcrumb\",\"itemListElement\":[{\"@type\":\"ListItem\",\"position\":1,\"name\":\"In\u00edcio\",\"item\":\"https:\/\/www.blogsoestado.com\/danielmatos\/\"},{\"@type\":\"ListItem\",\"position\":2,\"name\":\"Famem realiza primeira reuni\u00e3o de diretoria\"}]},{\"@type\":\"WebSite\",\"@id\":\"https:\/\/www.blogsoestado.com\/danielmatos\/#website\",\"url\":\"https:\/\/www.blogsoestado.com\/danielmatos\/\",\"name\":\"Daniel Matos\",\"description\":\"\",\"potentialAction\":[{\"@type\":\"SearchAction\",\"target\":{\"@type\":\"EntryPoint\",\"urlTemplate\":\"https:\/\/www.blogsoestado.com\/danielmatos\/?s={search_term_string}\"},\"query-input\":{\"@type\":\"PropertyValueSpecification\",\"valueRequired\":true,\"valueName\":\"search_term_string\"}}],\"inLanguage\":\"pt-BR\"}]}<\/script>\n<!-- \/ Yoast SEO plugin. -->","yoast_head_json":{"title":"Famem realiza primeira reuni\u00e3o de diretoria - Daniel Matos","robots":{"index":"index","follow":"follow","max-snippet":"max-snippet:-1","max-image-preview":"max-image-preview:large","max-video-preview":"max-video-preview:-1"},"canonical":"https:\/\/www.blogsoestado.com\/danielmatos\/famem-realiza-primeira-reuniao-de-diretoria\/","og_locale":"pt_BR","og_type":"article","og_title":"Famem realiza primeira reuni\u00e3o de diretoria - Daniel Matos","og_description":"\u00a0A Federa\u00e7\u00e3o dos Munic\u00edpios do Estado do Maranh\u00e3o &#8211; Famem -, realizou, na tarde desta segunda, 6, a primeira reuni\u00e3o [&hellip;]","og_url":"https:\/\/www.blogsoestado.com\/danielmatos\/famem-realiza-primeira-reuniao-de-diretoria\/","og_site_name":"Daniel Matos","article_published_time":"2023-02-07T13:38:16+00:00","og_image":[{"url":"https:\/\/www.blogsoestado.com\/danielmatos\/files\/2023\/02\/Screenshot_20230207-1021532.png","type":"","width":"","height":""}],"twitter_card":"summary_large_image","twitter_misc":{"Est. tempo de leitura":"3 minutos"},"schema":{"@context":"https:\/\/schema.org","@graph":[{"@type":"WebPage","@id":"https:\/\/www.blogsoestado.com\/danielmatos\/famem-realiza-primeira-reuniao-de-diretoria\/","url":"https:\/\/www.blogsoestado.com\/danielmatos\/famem-realiza-primeira-reuniao-de-diretoria\/","name":"Famem realiza primeira reuni\u00e3o de diretoria - Daniel Matos","isPartOf":{"@id":"https:\/\/www.blogsoestado.com\/danielmatos\/#website"},"primaryImageOfPage":{"@id":"https:\/\/www.blogsoestado.com\/danielmatos\/famem-realiza-primeira-reuniao-de-diretoria\/#primaryimage"},"image":{"@id":"https:\/\/www.blogsoestado.com\/danielmatos\/famem-realiza-primeira-reuniao-de-diretoria\/#primaryimage"},"thumbnailUrl":"https:\/\/www.blogsoestado.com\/danielmatos\/files\/2023\/02\/Screenshot_20230207-1021532.png","datePublished":"2023-02-07T13:38:16+00:00","author":{"@id":""},"breadcrumb":{"@id":"https:\/\/www.blogsoestado.com\/danielmatos\/famem-realiza-primeira-reuniao-de-diretoria\/#breadcrumb"},"inLanguage":"pt-BR","potentialAction":[{"@type":"ReadAction","target":["https:\/\/www.blogsoestado.com\/danielmatos\/famem-realiza-primeira-reuniao-de-diretoria\/"]}]},{"@type":"ImageObject","inLanguage":"pt-BR","@id":"https:\/\/www.blogsoestado.com\/danielmatos\/famem-realiza-primeira-reuniao-de-diretoria\/#primaryimage","url":"https:\/\/www.blogsoestado.com\/danielmatos\/files\/2023\/02\/Screenshot_20230207-1021532.png","contentUrl":"https:\/\/www.blogsoestado.com\/danielmatos\/files\/2023\/02\/Screenshot_20230207-1021532.png"},{"@type":"BreadcrumbList","@id":"https:\/\/www.blogsoestado.com\/danielmatos\/famem-realiza-primeira-reuniao-de-diretoria\/#breadcrumb","itemListElement":[{"@type":"ListItem","position":1,"name":"In\u00edcio","item":"https:\/\/www.blogsoestado.com\/danielmatos\/"},{"@type":"ListItem","position":2,"name":"Famem realiza primeira reuni\u00e3o de diretoria"}]},{"@type":"WebSite","@id":"https:\/\/www.blogsoestado.com\/danielmatos\/#website","url":"https:\/\/www.blogsoestado.com\/danielmatos\/","name":"Daniel Matos","description":"","potentialAction":[{"@type":"SearchAction","target":{"@type":"EntryPoint","urlTemplate":"https:\/\/www.blogsoestado.com\/danielmatos\/?s={search_term_string}"},"query-input":{"@type":"PropertyValueSpecification","valueRequired":true,"valueName":"search_term_string"}}],"inLanguage":"pt-BR"}]}},"jetpack_featured_media_url":"","_links":{"self":[{"href":"https:\/\/www.blogsoestado.com\/danielmatos\/wp-json\/wp\/v2\/posts\/105813","targetHints":{"allow":["GET"]}}],"collection":[{"href":"https:\/\/www.blogsoestado.com\/danielmatos\/wp-json\/wp\/v2\/posts"}],"about":[{"href":"https:\/\/www.blogsoestado.com\/danielmatos\/wp-json\/wp\/v2\/types\/post"}],"replies":[{"embeddable":true,"href":"https:\/\/www.blogsoestado.com\/danielmatos\/wp-json\/wp\/v2\/comments?post=105813"}],"version-history":[{"count":0,"href":"https:\/\/www.blogsoestado.com\/danielmatos\/wp-json\/wp\/v2\/posts\/105813\/revisions"}],"wp:attachment":[{"href":"https:\/\/www.blogsoestado.com\/danielmatos\/wp-json\/wp\/v2\/media?parent=105813"}],"wp:term":[{"taxonomy":"category","embeddable":true,"href":"https:\/\/www.blogsoestado.com\/danielmatos\/wp-json\/wp\/v2\/categories?post=105813"},{"taxonomy":"post_tag","embeddable":true,"href":"https:\/\/www.blogsoestado.com\/danielmatos\/wp-json\/wp\/v2\/tags?post=105813"}],"curies":[{"name":"wp","href":"https:\/\/api.w.org\/{rel}","templated":true}]}}