{"id":105819,"date":"2023-02-07T23:12:34","date_gmt":"2023-02-08T02:12:34","guid":{"rendered":"https:\/\/www.blogsoestado.com\/danielmatos\/?p=105819"},"modified":"2023-02-07T23:12:34","modified_gmt":"2023-02-08T02:12:34","slug":"prefeitura-de-sao-jose-de-ribamar-e-sebrae-lancam-projeto-de-fortalecimento-ao-empreendedorismo-no-parque-vitoria","status":"publish","type":"post","link":"https:\/\/www.blogsoestado.com\/danielmatos\/prefeitura-de-sao-jose-de-ribamar-e-sebrae-lancam-projeto-de-fortalecimento-ao-empreendedorismo-no-parque-vitoria\/","title":{"rendered":"Prefeitura de S\u00e3o Jos\u00e9 de Ribamar e Sebrae lan\u00e7am projeto de fortalecimento ao empreendedorismo no Parque Vit\u00f3ria"},"content":{"rendered":"\n<div class=\"wp-block-image\"><figure class=\"aligncenter size-large\"><a href=\"https:\/\/www.blogsoestado.com\/danielmatos\/files\/2023\/02\/Screenshot_20230207-2303422.png\"><img decoding=\"async\" src=\"https:\/\/www.blogsoestado.com\/danielmatos\/files\/2023\/02\/Screenshot_20230207-2303422.png\" alt=\"\" class=\"wp-image-105820\"\/><\/a><figcaption>A Prefeitura de S\u00e3o Jos\u00e9 de Ribamar vem desenvolvendo um \u00e1rduo trabalho no fortalecimento do empresariado do munic\u00edpio<\/figcaption><\/figure><\/div>\n\n\n\n<p>A Prefeitura de S\u00e3o Jos\u00e9 de Ribamar e o Servi\u00e7o de Apoio \u00e0s Micro e Pequenas Empresas (Sebrae) lan\u00e7ar\u00e3o, nesta quarta-feira (8), o projeto Movimenta Parque Vit\u00f3ria. O objetivo \u00e9 fortalecer o empresariado do bairro por meio do protagonismo local, fundamentado na sustentabilidade, entre 2023 e 2024.<\/p>\n\n\n\n<p>O evento est\u00e1 marcado para acontecer \u00e0s 19h, na Pra\u00e7a da Juventude, localizada na Avenida Vit\u00f3ria, Rua Um, Residencial Terra Livre e a expectativa \u00e9 que cerca de 400 comerciantes e pessoas ligadas ao universo empresarial do Parque Vit\u00f3ria participem da iniciativa.<\/p>\n\n\n\n<p>Para a Secret\u00e1ria Municipal de Assist\u00eancia Social, Trabalho e Renda de S\u00e3o Jos\u00e9 de Ribamar, Gilvana Duailibe, o programa Movimenta Parque Vit\u00f3ria est\u00e1 de acordo com a orienta\u00e7\u00e3o estrat\u00e9gica adotada pelo executivo municipal.<\/p>\n\n\n\n<p>\u201cA Prefeitura de S\u00e3o Jos\u00e9 de Ribamar vem desenvolvendo no munic\u00edpio um \u00e1rduo trabalho no fortalecimento do empresariado local. Sabemos que a falta de trabalho rouba a dignidade, pois retira do trabalhador a fonte de sustento de si mesmo e de sua fam\u00edlia, o que tamb\u00e9m impacta fortemente a autoimagem e a autoestima. Diante disso, firmamos uma parceria com o Sebrae para a elabora\u00e7\u00e3o do plano de desenvolvimento do bairro. Iniciaremos o projeto no Parque Vit\u00f3ria por ser um bairro com grande potencial de crescimento e, muitas vezes, por ser um bairro esquecido pelo poder p\u00fablico por localizar-se em \u00e1rea lim\u00edtrofe\u201d, afirmou a secret\u00e1ria.<\/p>\n\n\n\n<p>\u201cVamos construir um diagn\u00f3stico sobre a caracteriza\u00e7\u00e3o do bairro e todos os aspectos pertinentes que geram impactos diretamente na realidade socioecon\u00f4mica, pol\u00edtica institucional, cultural e ambiental. Temos a certeza de que o Movimenta Parque Vit\u00f3ria nos auxiliar\u00e1 a chegar mais r\u00e1pido aos nossos objetivos, pois teremos a participa\u00e7\u00e3o dos atores locais como protagonistas na constru\u00e7\u00e3o do cen\u00e1rio desejado para o bairro\u201d, completou Gilvana Duailibe.<\/p>\n\n\n\n<p>PROJETO<\/p>\n\n\n\n<p>O lan\u00e7amento ser\u00e1 o primeiro passo do projeto, que ter\u00e1 dura\u00e7\u00e3o de dois anos. Dentre os objetivos iniciais est\u00e1 a cria\u00e7\u00e3o do F\u00f3rum de Desenvolvimento Local e a elabora\u00e7\u00e3o de um plano de desenvolvimento para o bairro. Segundo o gerente da Unidade Regional da Regi\u00e3o Metropolitana de S\u00e3o Lu\u00eds do Sebrae, Mauro Formiga, o Movimenta Parque Vit\u00f3ria \u00e9 um projeto piloto.<\/p>\n\n\n\n<p>\u201cTodo o esfor\u00e7o ser\u00e1 para desenvolver as micro e pequenas empresas do Parque Vit\u00f3ria por meio do protagonismo local, fundamentado na sustentabilidade. Para isso, aplicaremos v\u00e1rias solu\u00e7\u00f5es Sebrae em gest\u00e3o de pequenos neg\u00f3cios, mapeamento de potencialidades e inova\u00e7\u00e3o por meio de capacita\u00e7\u00e3o, consultorias e a\u00e7\u00f5es de mercado\u201d, explicou.<\/p>\n\n\n\n<p>As atividades do projeto estar\u00e3o concentradas no levantamento das potencialidades do bairro, na forma\u00e7\u00e3o de grupos setoriais empresariais, em capacita\u00e7\u00f5es e consultorias em gest\u00e3o, compras coletivas e participa\u00e7\u00e3o em miss\u00f5es e caravanas. Todas essas atividades visam o fortalecimento dos empreendimentos locais e a melhoria do capital humano e empresarial do Parque Vit\u00f3ria.<\/p>\n\n\n\n<p>\u201cO que estamos fazendo \u00e9 aplicando uma nova abordagem de desenvolvimento territorial focado em grandes bairros como o Parque Vit\u00f3ria e aproveitando o mix de produto e solu\u00e7\u00f5es que o Sebrae j\u00e1 aplica no mercado maranhense. Assim, poderemos replicar a iniciativa, que re\u00fane v\u00e1rias de nossas solu\u00e7\u00f5es, nos outros munic\u00edpios da Grande S\u00e3o Lu\u00eds\u201d, finalizou Formiga.<\/p>\n","protected":false},"excerpt":{"rendered":"<p>A Prefeitura de S\u00e3o Jos\u00e9 de Ribamar e o Servi\u00e7o de Apoio \u00e0s Micro e Pequenas Empresas (Sebrae) lan\u00e7ar\u00e3o, nesta [&hellip;]<\/p>\n","protected":false},"author":0,"featured_media":0,"comment_status":"open","ping_status":"open","sticky":false,"template":"","format":"standard","meta":{"site-sidebar-layout":"default","site-content-layout":"","ast-site-content-layout":"default","site-content-style":"default","site-sidebar-style":"default","ast-global-header-display":"","ast-banner-title-visibility":"","ast-main-header-display":"","ast-hfb-above-header-display":"","ast-hfb-below-header-display":"","ast-hfb-mobile-header-display":"","site-post-title":"","ast-breadcrumbs-content":"","ast-featured-img":"","footer-sml-layout":"","ast-disable-related-posts":"","theme-transparent-header-meta":"","adv-header-id-meta":"","stick-header-meta":"","header-above-stick-meta":"","header-main-stick-meta":"","header-below-stick-meta":"","astra-migrate-meta-layouts":"default","ast-page-background-enabled":"default","ast-page-background-meta":{"desktop":{"background-color":"var(--ast-global-color-5)","background-image":"","background-repeat":"repeat","background-position":"center center","background-size":"auto","background-attachment":"scroll","background-type":"","background-media":"","overlay-type":"","overlay-color":"","overlay-opacity":"","overlay-gradient":""},"tablet":{"background-color":"","background-image":"","background-repeat":"repeat","background-position":"center center","background-size":"auto","background-attachment":"scroll","background-type":"","background-media":"","overlay-type":"","overlay-color":"","overlay-opacity":"","overlay-gradient":""},"mobile":{"background-color":"","background-image":"","background-repeat":"repeat","background-position":"center center","background-size":"auto","background-attachment":"scroll","background-type":"","background-media":"","overlay-type":"","overlay-color":"","overlay-opacity":"","overlay-gradient":""}},"ast-content-background-meta":{"desktop":{"background-color":"var(--ast-global-color-4)","background-image":"","background-repeat":"repeat","background-position":"center center","background-size":"auto","background-attachment":"scroll","background-type":"","background-media":"","overlay-type":"","overlay-color":"","overlay-opacity":"","overlay-gradient":""},"tablet":{"background-color":"var(--ast-global-color-4)","background-image":"","background-repeat":"repeat","background-position":"center center","background-size":"auto","background-attachment":"scroll","background-type":"","background-media":"","overlay-type":"","overlay-color":"","overlay-opacity":"","overlay-gradient":""},"mobile":{"background-color":"var(--ast-global-color-4)","background-image":"","background-repeat":"repeat","background-position":"center center","background-size":"auto","background-attachment":"scroll","background-type":"","background-media":"","overlay-type":"","overlay-color":"","overlay-opacity":"","overlay-gradient":""}},"footnotes":""},"categories":[1],"tags":[],"class_list":["post-105819","post","type-post","status-publish","format-standard","hentry","category-sem-categoria"],"yoast_head":"<!-- This site is optimized with the Yoast SEO plugin v26.6 - https:\/\/yoast.com\/wordpress\/plugins\/seo\/ -->\n<title>Prefeitura de S\u00e3o Jos\u00e9 de Ribamar e Sebrae lan\u00e7am projeto de fortalecimento ao empreendedorismo no Parque Vit\u00f3ria - Daniel Matos<\/title>\n<meta name=\"robots\" content=\"index, follow, max-snippet:-1, max-image-preview:large, max-video-preview:-1\" \/>\n<link rel=\"canonical\" href=\"https:\/\/www.blogsoestado.com\/danielmatos\/prefeitura-de-sao-jose-de-ribamar-e-sebrae-lancam-projeto-de-fortalecimento-ao-empreendedorismo-no-parque-vitoria\/\" \/>\n<meta property=\"og:locale\" content=\"pt_BR\" \/>\n<meta property=\"og:type\" content=\"article\" \/>\n<meta property=\"og:title\" content=\"Prefeitura de S\u00e3o Jos\u00e9 de Ribamar e Sebrae lan\u00e7am projeto de fortalecimento ao empreendedorismo no Parque Vit\u00f3ria - Daniel Matos\" \/>\n<meta property=\"og:description\" content=\"A Prefeitura de S\u00e3o Jos\u00e9 de Ribamar e o Servi\u00e7o de Apoio \u00e0s Micro e Pequenas Empresas (Sebrae) lan\u00e7ar\u00e3o, nesta [&hellip;]\" \/>\n<meta property=\"og:url\" content=\"https:\/\/www.blogsoestado.com\/danielmatos\/prefeitura-de-sao-jose-de-ribamar-e-sebrae-lancam-projeto-de-fortalecimento-ao-empreendedorismo-no-parque-vitoria\/\" \/>\n<meta property=\"og:site_name\" content=\"Daniel Matos\" \/>\n<meta property=\"article:published_time\" content=\"2023-02-08T02:12:34+00:00\" \/>\n<meta property=\"og:image\" content=\"https:\/\/www.blogsoestado.com\/danielmatos\/files\/2023\/02\/Screenshot_20230207-2303422.png\" \/>\n<meta name=\"twitter:card\" content=\"summary_large_image\" \/>\n<meta name=\"twitter:label1\" content=\"Est. tempo de leitura\" \/>\n\t<meta name=\"twitter:data1\" content=\"3 minutos\" \/>\n<script type=\"application\/ld+json\" class=\"yoast-schema-graph\">{\"@context\":\"https:\/\/schema.org\",\"@graph\":[{\"@type\":\"WebPage\",\"@id\":\"https:\/\/www.blogsoestado.com\/danielmatos\/prefeitura-de-sao-jose-de-ribamar-e-sebrae-lancam-projeto-de-fortalecimento-ao-empreendedorismo-no-parque-vitoria\/\",\"url\":\"https:\/\/www.blogsoestado.com\/danielmatos\/prefeitura-de-sao-jose-de-ribamar-e-sebrae-lancam-projeto-de-fortalecimento-ao-empreendedorismo-no-parque-vitoria\/\",\"name\":\"Prefeitura de S\u00e3o Jos\u00e9 de Ribamar e Sebrae lan\u00e7am projeto de fortalecimento ao empreendedorismo no Parque Vit\u00f3ria - Daniel Matos\",\"isPartOf\":{\"@id\":\"https:\/\/www.blogsoestado.com\/danielmatos\/#website\"},\"primaryImageOfPage\":{\"@id\":\"https:\/\/www.blogsoestado.com\/danielmatos\/prefeitura-de-sao-jose-de-ribamar-e-sebrae-lancam-projeto-de-fortalecimento-ao-empreendedorismo-no-parque-vitoria\/#primaryimage\"},\"image\":{\"@id\":\"https:\/\/www.blogsoestado.com\/danielmatos\/prefeitura-de-sao-jose-de-ribamar-e-sebrae-lancam-projeto-de-fortalecimento-ao-empreendedorismo-no-parque-vitoria\/#primaryimage\"},\"thumbnailUrl\":\"https:\/\/www.blogsoestado.com\/danielmatos\/files\/2023\/02\/Screenshot_20230207-2303422.png\",\"datePublished\":\"2023-02-08T02:12:34+00:00\",\"author\":{\"@id\":\"\"},\"breadcrumb\":{\"@id\":\"https:\/\/www.blogsoestado.com\/danielmatos\/prefeitura-de-sao-jose-de-ribamar-e-sebrae-lancam-projeto-de-fortalecimento-ao-empreendedorismo-no-parque-vitoria\/#breadcrumb\"},\"inLanguage\":\"pt-BR\",\"potentialAction\":[{\"@type\":\"ReadAction\",\"target\":[\"https:\/\/www.blogsoestado.com\/danielmatos\/prefeitura-de-sao-jose-de-ribamar-e-sebrae-lancam-projeto-de-fortalecimento-ao-empreendedorismo-no-parque-vitoria\/\"]}]},{\"@type\":\"ImageObject\",\"inLanguage\":\"pt-BR\",\"@id\":\"https:\/\/www.blogsoestado.com\/danielmatos\/prefeitura-de-sao-jose-de-ribamar-e-sebrae-lancam-projeto-de-fortalecimento-ao-empreendedorismo-no-parque-vitoria\/#primaryimage\",\"url\":\"https:\/\/www.blogsoestado.com\/danielmatos\/files\/2023\/02\/Screenshot_20230207-2303422.png\",\"contentUrl\":\"https:\/\/www.blogsoestado.com\/danielmatos\/files\/2023\/02\/Screenshot_20230207-2303422.png\"},{\"@type\":\"BreadcrumbList\",\"@id\":\"https:\/\/www.blogsoestado.com\/danielmatos\/prefeitura-de-sao-jose-de-ribamar-e-sebrae-lancam-projeto-de-fortalecimento-ao-empreendedorismo-no-parque-vitoria\/#breadcrumb\",\"itemListElement\":[{\"@type\":\"ListItem\",\"position\":1,\"name\":\"In\u00edcio\",\"item\":\"https:\/\/www.blogsoestado.com\/danielmatos\/\"},{\"@type\":\"ListItem\",\"position\":2,\"name\":\"Prefeitura de S\u00e3o Jos\u00e9 de Ribamar e Sebrae lan\u00e7am projeto de fortalecimento ao empreendedorismo no Parque Vit\u00f3ria\"}]},{\"@type\":\"WebSite\",\"@id\":\"https:\/\/www.blogsoestado.com\/danielmatos\/#website\",\"url\":\"https:\/\/www.blogsoestado.com\/danielmatos\/\",\"name\":\"Daniel Matos\",\"description\":\"\",\"potentialAction\":[{\"@type\":\"SearchAction\",\"target\":{\"@type\":\"EntryPoint\",\"urlTemplate\":\"https:\/\/www.blogsoestado.com\/danielmatos\/?s={search_term_string}\"},\"query-input\":{\"@type\":\"PropertyValueSpecification\",\"valueRequired\":true,\"valueName\":\"search_term_string\"}}],\"inLanguage\":\"pt-BR\"}]}<\/script>\n<!-- \/ Yoast SEO plugin. -->","yoast_head_json":{"title":"Prefeitura de S\u00e3o Jos\u00e9 de Ribamar e Sebrae lan\u00e7am projeto de fortalecimento ao empreendedorismo no Parque Vit\u00f3ria - Daniel Matos","robots":{"index":"index","follow":"follow","max-snippet":"max-snippet:-1","max-image-preview":"max-image-preview:large","max-video-preview":"max-video-preview:-1"},"canonical":"https:\/\/www.blogsoestado.com\/danielmatos\/prefeitura-de-sao-jose-de-ribamar-e-sebrae-lancam-projeto-de-fortalecimento-ao-empreendedorismo-no-parque-vitoria\/","og_locale":"pt_BR","og_type":"article","og_title":"Prefeitura de S\u00e3o Jos\u00e9 de Ribamar e Sebrae lan\u00e7am projeto de fortalecimento ao empreendedorismo no Parque Vit\u00f3ria - Daniel Matos","og_description":"A Prefeitura de S\u00e3o Jos\u00e9 de Ribamar e o Servi\u00e7o de Apoio \u00e0s Micro e Pequenas Empresas (Sebrae) lan\u00e7ar\u00e3o, nesta [&hellip;]","og_url":"https:\/\/www.blogsoestado.com\/danielmatos\/prefeitura-de-sao-jose-de-ribamar-e-sebrae-lancam-projeto-de-fortalecimento-ao-empreendedorismo-no-parque-vitoria\/","og_site_name":"Daniel Matos","article_published_time":"2023-02-08T02:12:34+00:00","og_image":[{"url":"https:\/\/www.blogsoestado.com\/danielmatos\/files\/2023\/02\/Screenshot_20230207-2303422.png","type":"","width":"","height":""}],"twitter_card":"summary_large_image","twitter_misc":{"Est. tempo de leitura":"3 minutos"},"schema":{"@context":"https:\/\/schema.org","@graph":[{"@type":"WebPage","@id":"https:\/\/www.blogsoestado.com\/danielmatos\/prefeitura-de-sao-jose-de-ribamar-e-sebrae-lancam-projeto-de-fortalecimento-ao-empreendedorismo-no-parque-vitoria\/","url":"https:\/\/www.blogsoestado.com\/danielmatos\/prefeitura-de-sao-jose-de-ribamar-e-sebrae-lancam-projeto-de-fortalecimento-ao-empreendedorismo-no-parque-vitoria\/","name":"Prefeitura de S\u00e3o Jos\u00e9 de Ribamar e Sebrae lan\u00e7am projeto de fortalecimento ao empreendedorismo no Parque Vit\u00f3ria - Daniel Matos","isPartOf":{"@id":"https:\/\/www.blogsoestado.com\/danielmatos\/#website"},"primaryImageOfPage":{"@id":"https:\/\/www.blogsoestado.com\/danielmatos\/prefeitura-de-sao-jose-de-ribamar-e-sebrae-lancam-projeto-de-fortalecimento-ao-empreendedorismo-no-parque-vitoria\/#primaryimage"},"image":{"@id":"https:\/\/www.blogsoestado.com\/danielmatos\/prefeitura-de-sao-jose-de-ribamar-e-sebrae-lancam-projeto-de-fortalecimento-ao-empreendedorismo-no-parque-vitoria\/#primaryimage"},"thumbnailUrl":"https:\/\/www.blogsoestado.com\/danielmatos\/files\/2023\/02\/Screenshot_20230207-2303422.png","datePublished":"2023-02-08T02:12:34+00:00","author":{"@id":""},"breadcrumb":{"@id":"https:\/\/www.blogsoestado.com\/danielmatos\/prefeitura-de-sao-jose-de-ribamar-e-sebrae-lancam-projeto-de-fortalecimento-ao-empreendedorismo-no-parque-vitoria\/#breadcrumb"},"inLanguage":"pt-BR","potentialAction":[{"@type":"ReadAction","target":["https:\/\/www.blogsoestado.com\/danielmatos\/prefeitura-de-sao-jose-de-ribamar-e-sebrae-lancam-projeto-de-fortalecimento-ao-empreendedorismo-no-parque-vitoria\/"]}]},{"@type":"ImageObject","inLanguage":"pt-BR","@id":"https:\/\/www.blogsoestado.com\/danielmatos\/prefeitura-de-sao-jose-de-ribamar-e-sebrae-lancam-projeto-de-fortalecimento-ao-empreendedorismo-no-parque-vitoria\/#primaryimage","url":"https:\/\/www.blogsoestado.com\/danielmatos\/files\/2023\/02\/Screenshot_20230207-2303422.png","contentUrl":"https:\/\/www.blogsoestado.com\/danielmatos\/files\/2023\/02\/Screenshot_20230207-2303422.png"},{"@type":"BreadcrumbList","@id":"https:\/\/www.blogsoestado.com\/danielmatos\/prefeitura-de-sao-jose-de-ribamar-e-sebrae-lancam-projeto-de-fortalecimento-ao-empreendedorismo-no-parque-vitoria\/#breadcrumb","itemListElement":[{"@type":"ListItem","position":1,"name":"In\u00edcio","item":"https:\/\/www.blogsoestado.com\/danielmatos\/"},{"@type":"ListItem","position":2,"name":"Prefeitura de S\u00e3o Jos\u00e9 de Ribamar e Sebrae lan\u00e7am projeto de fortalecimento ao empreendedorismo no Parque Vit\u00f3ria"}]},{"@type":"WebSite","@id":"https:\/\/www.blogsoestado.com\/danielmatos\/#website","url":"https:\/\/www.blogsoestado.com\/danielmatos\/","name":"Daniel Matos","description":"","potentialAction":[{"@type":"SearchAction","target":{"@type":"EntryPoint","urlTemplate":"https:\/\/www.blogsoestado.com\/danielmatos\/?s={search_term_string}"},"query-input":{"@type":"PropertyValueSpecification","valueRequired":true,"valueName":"search_term_string"}}],"inLanguage":"pt-BR"}]}},"jetpack_featured_media_url":"","_links":{"self":[{"href":"https:\/\/www.blogsoestado.com\/danielmatos\/wp-json\/wp\/v2\/posts\/105819","targetHints":{"allow":["GET"]}}],"collection":[{"href":"https:\/\/www.blogsoestado.com\/danielmatos\/wp-json\/wp\/v2\/posts"}],"about":[{"href":"https:\/\/www.blogsoestado.com\/danielmatos\/wp-json\/wp\/v2\/types\/post"}],"replies":[{"embeddable":true,"href":"https:\/\/www.blogsoestado.com\/danielmatos\/wp-json\/wp\/v2\/comments?post=105819"}],"version-history":[{"count":0,"href":"https:\/\/www.blogsoestado.com\/danielmatos\/wp-json\/wp\/v2\/posts\/105819\/revisions"}],"wp:attachment":[{"href":"https:\/\/www.blogsoestado.com\/danielmatos\/wp-json\/wp\/v2\/media?parent=105819"}],"wp:term":[{"taxonomy":"category","embeddable":true,"href":"https:\/\/www.blogsoestado.com\/danielmatos\/wp-json\/wp\/v2\/categories?post=105819"},{"taxonomy":"post_tag","embeddable":true,"href":"https:\/\/www.blogsoestado.com\/danielmatos\/wp-json\/wp\/v2\/tags?post=105819"}],"curies":[{"name":"wp","href":"https:\/\/api.w.org\/{rel}","templated":true}]}}