{"id":105832,"date":"2023-02-08T14:59:45","date_gmt":"2023-02-08T17:59:45","guid":{"rendered":"https:\/\/www.blogsoestado.com\/danielmatos\/?p=105832"},"modified":"2023-02-08T14:59:45","modified_gmt":"2023-02-08T17:59:45","slug":"proposicoes-de-osmar-filho-visam-debater-problemas-em-eventos-e-criacao-de-bancada-em-defesa-da-baixada","status":"publish","type":"post","link":"https:\/\/www.blogsoestado.com\/danielmatos\/proposicoes-de-osmar-filho-visam-debater-problemas-em-eventos-e-criacao-de-bancada-em-defesa-da-baixada\/","title":{"rendered":"Proposi\u00e7\u00f5es de Osmar Filho visam debater problemas em eventos e cria\u00e7\u00e3o de bancada em defesa da Baixada"},"content":{"rendered":"\n<div class=\"wp-block-image\"><figure class=\"aligncenter size-large\"><a href=\"https:\/\/www.blogsoestado.com\/danielmatos\/files\/2023\/02\/Screenshot_20230208-1451052.png\"><img decoding=\"async\" src=\"https:\/\/www.blogsoestado.com\/danielmatos\/files\/2023\/02\/Screenshot_20230208-1451052.png\" alt=\"\" class=\"wp-image-105833\"\/><\/a><figcaption>Osmar Filho destacou, na tribuna, que o tema eventos tem como refer\u00eancia a cidade de S\u00e3o Lu\u00eds, mas que temos que usar como experi\u00eancia para todo o estado<\/figcaption><\/figure><\/div>\n\n\n\n<p>Em pronunciamento na Assembleia Legislativa do Maranh\u00e3o, nesta ter\u00e7a-feira (7), o deputado estadual Osmar Filho (PDT) anunciou que protocolou duas proposi\u00e7\u00f5es de suma import\u00e2ncia para o estado e para a popula\u00e7\u00e3o.<\/p>\n\n\n\n<p>A primeira, uma audi\u00eancia p\u00fablica, vai reunir segmentos p\u00fablicos e privados para debater problemas decorrentes da falta de seguran\u00e7a e do descumprimento de direitos dos consumidores pelas empresas que organizam grandes shows e eventos. \u201cEste \u00e9 um tema que tem como refer\u00eancia a cidade de S\u00e3o Lu\u00eds, mas que temos que usar como experi\u00eancia para todo o estado\u201d, disse Osmar, citando fatos ocorridos no \u00faltimo final de semana em um show realizado em um shopping da cidade, quando foram registrados s\u00e9rios problemas.<\/p>\n\n\n\n<p>O pedetista destacou que, de fato, eventos dessa natureza impulsionam a economia do estado, mas lembrou que \u00e9 necess\u00e1rio um planejamento apurado e a fiscaliza\u00e7\u00e3o por parte do poder p\u00fablico para que abusos n\u00e3o sejam praticados e os usu\u00e1rios n\u00e3o sejam penalizados. Ele acrescentou, ainda, que n\u00e3o foi o \u00fanico a ter despertado para o debate do tema na Casa e que, por isto, pretende unir esfor\u00e7os aos outros parlamentares que t\u00eam interesse no debate.<\/p>\n\n\n\n<p>Aparteando a sua fala, o deputado Neto Evangelista (Uni\u00e3o Brasil) o parabenizou pela iniciativa, observando que este \u00e9 um tema sens\u00edvel, que realmente precisa de aten\u00e7\u00e3o. Evangelista fez um comparativo entre eventos desta natureza realizados em S\u00e3o Lu\u00eds e em Teresina, capital do estado vizinho do Piau\u00ed. \u201cDe fato, \u00e9 uma coisa que ningu\u00e9m entende, tanto em n\u00edvel de organiza\u00e7\u00e3o quanto referente aos custos praticados por esses eventos\u201d, enfatizou o parlamentar.<\/p>\n\n\n\n<p><em><strong>Defesa da Baixada<\/strong><\/em><\/p>\n\n\n\n<p>Osmar Filho tamb\u00e9m falou da sua proposta de cria\u00e7\u00e3o de uma Frente Parlamentar em Defesa da Baixada Maranhense, que tem como objetivo encontrar mecanismos de melhorias para os indicadores socioecon\u00f4micos da regi\u00e3o. \u201cA Baixada tem grande potencial tur\u00edstico e, ainda assim, \u00e9 uma das mais pobres e vulner\u00e1veis do estado\u201d, frisou.<\/p>\n\n\n\n<p>O deputado pontuou que a ideia \u00e9 promover um amplo planejamento no intuito de fomentar o turismo e a melhoria da qualidade de vida das pessoas da regi\u00e3o, mas sempre com o foco na prote\u00e7\u00e3o do meio ambiente.<\/p>\n","protected":false},"excerpt":{"rendered":"<p>Em pronunciamento na Assembleia Legislativa do Maranh\u00e3o, nesta ter\u00e7a-feira (7), o deputado estadual Osmar Filho (PDT) anunciou que protocolou duas [&hellip;]<\/p>\n","protected":false},"author":0,"featured_media":0,"comment_status":"open","ping_status":"open","sticky":false,"template":"","format":"standard","meta":{"site-sidebar-layout":"default","site-content-layout":"","ast-site-content-layout":"default","site-content-style":"default","site-sidebar-style":"default","ast-global-header-display":"","ast-banner-title-visibility":"","ast-main-header-display":"","ast-hfb-above-header-display":"","ast-hfb-below-header-display":"","ast-hfb-mobile-header-display":"","site-post-title":"","ast-breadcrumbs-content":"","ast-featured-img":"","footer-sml-layout":"","ast-disable-related-posts":"","theme-transparent-header-meta":"","adv-header-id-meta":"","stick-header-meta":"","header-above-stick-meta":"","header-main-stick-meta":"","header-below-stick-meta":"","astra-migrate-meta-layouts":"default","ast-page-background-enabled":"default","ast-page-background-meta":{"desktop":{"background-color":"var(--ast-global-color-5)","background-image":"","background-repeat":"repeat","background-position":"center center","background-size":"auto","background-attachment":"scroll","background-type":"","background-media":"","overlay-type":"","overlay-color":"","overlay-opacity":"","overlay-gradient":""},"tablet":{"background-color":"","background-image":"","background-repeat":"repeat","background-position":"center center","background-size":"auto","background-attachment":"scroll","background-type":"","background-media":"","overlay-type":"","overlay-color":"","overlay-opacity":"","overlay-gradient":""},"mobile":{"background-color":"","background-image":"","background-repeat":"repeat","background-position":"center center","background-size":"auto","background-attachment":"scroll","background-type":"","background-media":"","overlay-type":"","overlay-color":"","overlay-opacity":"","overlay-gradient":""}},"ast-content-background-meta":{"desktop":{"background-color":"var(--ast-global-color-4)","background-image":"","background-repeat":"repeat","background-position":"center center","background-size":"auto","background-attachment":"scroll","background-type":"","background-media":"","overlay-type":"","overlay-color":"","overlay-opacity":"","overlay-gradient":""},"tablet":{"background-color":"var(--ast-global-color-4)","background-image":"","background-repeat":"repeat","background-position":"center center","background-size":"auto","background-attachment":"scroll","background-type":"","background-media":"","overlay-type":"","overlay-color":"","overlay-opacity":"","overlay-gradient":""},"mobile":{"background-color":"var(--ast-global-color-4)","background-image":"","background-repeat":"repeat","background-position":"center center","background-size":"auto","background-attachment":"scroll","background-type":"","background-media":"","overlay-type":"","overlay-color":"","overlay-opacity":"","overlay-gradient":""}},"footnotes":""},"categories":[1],"tags":[],"class_list":["post-105832","post","type-post","status-publish","format-standard","hentry","category-sem-categoria"],"yoast_head":"<!-- This site is optimized with the Yoast SEO plugin v26.6 - https:\/\/yoast.com\/wordpress\/plugins\/seo\/ -->\n<title>Proposi\u00e7\u00f5es de Osmar Filho visam debater problemas em eventos e cria\u00e7\u00e3o de bancada em defesa da Baixada - Daniel Matos<\/title>\n<meta name=\"robots\" content=\"index, follow, max-snippet:-1, max-image-preview:large, max-video-preview:-1\" \/>\n<link rel=\"canonical\" href=\"https:\/\/www.blogsoestado.com\/danielmatos\/proposicoes-de-osmar-filho-visam-debater-problemas-em-eventos-e-criacao-de-bancada-em-defesa-da-baixada\/\" \/>\n<meta property=\"og:locale\" content=\"pt_BR\" \/>\n<meta property=\"og:type\" content=\"article\" \/>\n<meta property=\"og:title\" content=\"Proposi\u00e7\u00f5es de Osmar Filho visam debater problemas em eventos e cria\u00e7\u00e3o de bancada em defesa da Baixada - Daniel Matos\" \/>\n<meta property=\"og:description\" content=\"Em pronunciamento na Assembleia Legislativa do Maranh\u00e3o, nesta ter\u00e7a-feira (7), o deputado estadual Osmar Filho (PDT) anunciou que protocolou duas [&hellip;]\" \/>\n<meta property=\"og:url\" content=\"https:\/\/www.blogsoestado.com\/danielmatos\/proposicoes-de-osmar-filho-visam-debater-problemas-em-eventos-e-criacao-de-bancada-em-defesa-da-baixada\/\" \/>\n<meta property=\"og:site_name\" content=\"Daniel Matos\" \/>\n<meta property=\"article:published_time\" content=\"2023-02-08T17:59:45+00:00\" \/>\n<meta property=\"og:image\" content=\"https:\/\/www.blogsoestado.com\/danielmatos\/files\/2023\/02\/Screenshot_20230208-1451052.png\" \/>\n<meta name=\"twitter:card\" content=\"summary_large_image\" \/>\n<meta name=\"twitter:label1\" content=\"Est. tempo de leitura\" \/>\n\t<meta name=\"twitter:data1\" content=\"2 minutos\" \/>\n<script type=\"application\/ld+json\" class=\"yoast-schema-graph\">{\"@context\":\"https:\/\/schema.org\",\"@graph\":[{\"@type\":\"WebPage\",\"@id\":\"https:\/\/www.blogsoestado.com\/danielmatos\/proposicoes-de-osmar-filho-visam-debater-problemas-em-eventos-e-criacao-de-bancada-em-defesa-da-baixada\/\",\"url\":\"https:\/\/www.blogsoestado.com\/danielmatos\/proposicoes-de-osmar-filho-visam-debater-problemas-em-eventos-e-criacao-de-bancada-em-defesa-da-baixada\/\",\"name\":\"Proposi\u00e7\u00f5es de Osmar Filho visam debater problemas em eventos e cria\u00e7\u00e3o de bancada em defesa da Baixada - Daniel Matos\",\"isPartOf\":{\"@id\":\"https:\/\/www.blogsoestado.com\/danielmatos\/#website\"},\"primaryImageOfPage\":{\"@id\":\"https:\/\/www.blogsoestado.com\/danielmatos\/proposicoes-de-osmar-filho-visam-debater-problemas-em-eventos-e-criacao-de-bancada-em-defesa-da-baixada\/#primaryimage\"},\"image\":{\"@id\":\"https:\/\/www.blogsoestado.com\/danielmatos\/proposicoes-de-osmar-filho-visam-debater-problemas-em-eventos-e-criacao-de-bancada-em-defesa-da-baixada\/#primaryimage\"},\"thumbnailUrl\":\"https:\/\/www.blogsoestado.com\/danielmatos\/files\/2023\/02\/Screenshot_20230208-1451052.png\",\"datePublished\":\"2023-02-08T17:59:45+00:00\",\"author\":{\"@id\":\"\"},\"breadcrumb\":{\"@id\":\"https:\/\/www.blogsoestado.com\/danielmatos\/proposicoes-de-osmar-filho-visam-debater-problemas-em-eventos-e-criacao-de-bancada-em-defesa-da-baixada\/#breadcrumb\"},\"inLanguage\":\"pt-BR\",\"potentialAction\":[{\"@type\":\"ReadAction\",\"target\":[\"https:\/\/www.blogsoestado.com\/danielmatos\/proposicoes-de-osmar-filho-visam-debater-problemas-em-eventos-e-criacao-de-bancada-em-defesa-da-baixada\/\"]}]},{\"@type\":\"ImageObject\",\"inLanguage\":\"pt-BR\",\"@id\":\"https:\/\/www.blogsoestado.com\/danielmatos\/proposicoes-de-osmar-filho-visam-debater-problemas-em-eventos-e-criacao-de-bancada-em-defesa-da-baixada\/#primaryimage\",\"url\":\"https:\/\/www.blogsoestado.com\/danielmatos\/files\/2023\/02\/Screenshot_20230208-1451052.png\",\"contentUrl\":\"https:\/\/www.blogsoestado.com\/danielmatos\/files\/2023\/02\/Screenshot_20230208-1451052.png\"},{\"@type\":\"BreadcrumbList\",\"@id\":\"https:\/\/www.blogsoestado.com\/danielmatos\/proposicoes-de-osmar-filho-visam-debater-problemas-em-eventos-e-criacao-de-bancada-em-defesa-da-baixada\/#breadcrumb\",\"itemListElement\":[{\"@type\":\"ListItem\",\"position\":1,\"name\":\"In\u00edcio\",\"item\":\"https:\/\/www.blogsoestado.com\/danielmatos\/\"},{\"@type\":\"ListItem\",\"position\":2,\"name\":\"Proposi\u00e7\u00f5es de Osmar Filho visam debater problemas em eventos e cria\u00e7\u00e3o de bancada em defesa da Baixada\"}]},{\"@type\":\"WebSite\",\"@id\":\"https:\/\/www.blogsoestado.com\/danielmatos\/#website\",\"url\":\"https:\/\/www.blogsoestado.com\/danielmatos\/\",\"name\":\"Daniel Matos\",\"description\":\"\",\"potentialAction\":[{\"@type\":\"SearchAction\",\"target\":{\"@type\":\"EntryPoint\",\"urlTemplate\":\"https:\/\/www.blogsoestado.com\/danielmatos\/?s={search_term_string}\"},\"query-input\":{\"@type\":\"PropertyValueSpecification\",\"valueRequired\":true,\"valueName\":\"search_term_string\"}}],\"inLanguage\":\"pt-BR\"}]}<\/script>\n<!-- \/ Yoast SEO plugin. -->","yoast_head_json":{"title":"Proposi\u00e7\u00f5es de Osmar Filho visam debater problemas em eventos e cria\u00e7\u00e3o de bancada em defesa da Baixada - Daniel Matos","robots":{"index":"index","follow":"follow","max-snippet":"max-snippet:-1","max-image-preview":"max-image-preview:large","max-video-preview":"max-video-preview:-1"},"canonical":"https:\/\/www.blogsoestado.com\/danielmatos\/proposicoes-de-osmar-filho-visam-debater-problemas-em-eventos-e-criacao-de-bancada-em-defesa-da-baixada\/","og_locale":"pt_BR","og_type":"article","og_title":"Proposi\u00e7\u00f5es de Osmar Filho visam debater problemas em eventos e cria\u00e7\u00e3o de bancada em defesa da Baixada - Daniel Matos","og_description":"Em pronunciamento na Assembleia Legislativa do Maranh\u00e3o, nesta ter\u00e7a-feira (7), o deputado estadual Osmar Filho (PDT) anunciou que protocolou duas [&hellip;]","og_url":"https:\/\/www.blogsoestado.com\/danielmatos\/proposicoes-de-osmar-filho-visam-debater-problemas-em-eventos-e-criacao-de-bancada-em-defesa-da-baixada\/","og_site_name":"Daniel Matos","article_published_time":"2023-02-08T17:59:45+00:00","og_image":[{"url":"https:\/\/www.blogsoestado.com\/danielmatos\/files\/2023\/02\/Screenshot_20230208-1451052.png","type":"","width":"","height":""}],"twitter_card":"summary_large_image","twitter_misc":{"Est. tempo de leitura":"2 minutos"},"schema":{"@context":"https:\/\/schema.org","@graph":[{"@type":"WebPage","@id":"https:\/\/www.blogsoestado.com\/danielmatos\/proposicoes-de-osmar-filho-visam-debater-problemas-em-eventos-e-criacao-de-bancada-em-defesa-da-baixada\/","url":"https:\/\/www.blogsoestado.com\/danielmatos\/proposicoes-de-osmar-filho-visam-debater-problemas-em-eventos-e-criacao-de-bancada-em-defesa-da-baixada\/","name":"Proposi\u00e7\u00f5es de Osmar Filho visam debater problemas em eventos e cria\u00e7\u00e3o de bancada em defesa da Baixada - Daniel Matos","isPartOf":{"@id":"https:\/\/www.blogsoestado.com\/danielmatos\/#website"},"primaryImageOfPage":{"@id":"https:\/\/www.blogsoestado.com\/danielmatos\/proposicoes-de-osmar-filho-visam-debater-problemas-em-eventos-e-criacao-de-bancada-em-defesa-da-baixada\/#primaryimage"},"image":{"@id":"https:\/\/www.blogsoestado.com\/danielmatos\/proposicoes-de-osmar-filho-visam-debater-problemas-em-eventos-e-criacao-de-bancada-em-defesa-da-baixada\/#primaryimage"},"thumbnailUrl":"https:\/\/www.blogsoestado.com\/danielmatos\/files\/2023\/02\/Screenshot_20230208-1451052.png","datePublished":"2023-02-08T17:59:45+00:00","author":{"@id":""},"breadcrumb":{"@id":"https:\/\/www.blogsoestado.com\/danielmatos\/proposicoes-de-osmar-filho-visam-debater-problemas-em-eventos-e-criacao-de-bancada-em-defesa-da-baixada\/#breadcrumb"},"inLanguage":"pt-BR","potentialAction":[{"@type":"ReadAction","target":["https:\/\/www.blogsoestado.com\/danielmatos\/proposicoes-de-osmar-filho-visam-debater-problemas-em-eventos-e-criacao-de-bancada-em-defesa-da-baixada\/"]}]},{"@type":"ImageObject","inLanguage":"pt-BR","@id":"https:\/\/www.blogsoestado.com\/danielmatos\/proposicoes-de-osmar-filho-visam-debater-problemas-em-eventos-e-criacao-de-bancada-em-defesa-da-baixada\/#primaryimage","url":"https:\/\/www.blogsoestado.com\/danielmatos\/files\/2023\/02\/Screenshot_20230208-1451052.png","contentUrl":"https:\/\/www.blogsoestado.com\/danielmatos\/files\/2023\/02\/Screenshot_20230208-1451052.png"},{"@type":"BreadcrumbList","@id":"https:\/\/www.blogsoestado.com\/danielmatos\/proposicoes-de-osmar-filho-visam-debater-problemas-em-eventos-e-criacao-de-bancada-em-defesa-da-baixada\/#breadcrumb","itemListElement":[{"@type":"ListItem","position":1,"name":"In\u00edcio","item":"https:\/\/www.blogsoestado.com\/danielmatos\/"},{"@type":"ListItem","position":2,"name":"Proposi\u00e7\u00f5es de Osmar Filho visam debater problemas em eventos e cria\u00e7\u00e3o de bancada em defesa da Baixada"}]},{"@type":"WebSite","@id":"https:\/\/www.blogsoestado.com\/danielmatos\/#website","url":"https:\/\/www.blogsoestado.com\/danielmatos\/","name":"Daniel Matos","description":"","potentialAction":[{"@type":"SearchAction","target":{"@type":"EntryPoint","urlTemplate":"https:\/\/www.blogsoestado.com\/danielmatos\/?s={search_term_string}"},"query-input":{"@type":"PropertyValueSpecification","valueRequired":true,"valueName":"search_term_string"}}],"inLanguage":"pt-BR"}]}},"jetpack_featured_media_url":"","_links":{"self":[{"href":"https:\/\/www.blogsoestado.com\/danielmatos\/wp-json\/wp\/v2\/posts\/105832","targetHints":{"allow":["GET"]}}],"collection":[{"href":"https:\/\/www.blogsoestado.com\/danielmatos\/wp-json\/wp\/v2\/posts"}],"about":[{"href":"https:\/\/www.blogsoestado.com\/danielmatos\/wp-json\/wp\/v2\/types\/post"}],"replies":[{"embeddable":true,"href":"https:\/\/www.blogsoestado.com\/danielmatos\/wp-json\/wp\/v2\/comments?post=105832"}],"version-history":[{"count":0,"href":"https:\/\/www.blogsoestado.com\/danielmatos\/wp-json\/wp\/v2\/posts\/105832\/revisions"}],"wp:attachment":[{"href":"https:\/\/www.blogsoestado.com\/danielmatos\/wp-json\/wp\/v2\/media?parent=105832"}],"wp:term":[{"taxonomy":"category","embeddable":true,"href":"https:\/\/www.blogsoestado.com\/danielmatos\/wp-json\/wp\/v2\/categories?post=105832"},{"taxonomy":"post_tag","embeddable":true,"href":"https:\/\/www.blogsoestado.com\/danielmatos\/wp-json\/wp\/v2\/tags?post=105832"}],"curies":[{"name":"wp","href":"https:\/\/api.w.org\/{rel}","templated":true}]}}