{"id":106338,"date":"2023-02-21T12:24:46","date_gmt":"2023-02-21T15:24:46","guid":{"rendered":"https:\/\/www.blogsoestado.com\/danielmatos\/?p=106338"},"modified":"2023-02-21T12:24:46","modified_gmt":"2023-02-21T15:24:46","slug":"tragedia-no-litoral-norte-de-sao-paulo-deixa-dois-maranhenses-mortos","status":"publish","type":"post","link":"https:\/\/www.blogsoestado.com\/danielmatos\/tragedia-no-litoral-norte-de-sao-paulo-deixa-dois-maranhenses-mortos\/","title":{"rendered":"Trag\u00e9dia no litoral norte de S\u00e3o Paulo deixa dois maranhenses mortos"},"content":{"rendered":"\n<p><strong><span class=\"has-inline-color has-vivid-red-color\">Outras tr\u00eas pessoas da mesma fam\u00edlia est\u00e3o desaparecidas<\/span><\/strong><\/p>\n\n\n\n<div class=\"wp-block-image\"><figure class=\"aligncenter size-large\"><a href=\"https:\/\/www.blogsoestado.com\/danielmatos\/files\/2023\/02\/Screenshot_20230221-1218012.png\"><img decoding=\"async\" src=\"https:\/\/www.blogsoestado.com\/danielmatos\/files\/2023\/02\/Screenshot_20230221-1218012.png\" alt=\"\" class=\"wp-image-106340\"\/><\/a><figcaption>Fortes chuvas que castigam seis cidades do litoral norte do estado de S\u00e3o Paulo causaram 40 mortes, at\u00e9 o momento; dois maranhenses do munic\u00edpio de Ros\u00e1rio est\u00e3o entre as v\u00edtimas <\/figcaption><\/figure><\/div>\n\n\n\n<p>Pelo menos dois maranhenses est\u00e3o entre os 40 mortos na trag\u00e9dia provocada pelas fortes chuvas, com deslizamentos de terra, que atingiu seis munic\u00edpios do litoral norte do estado de S\u00e3o Paulo, no \u00faltimo domingo (19). As v\u00edtimas pertencem \u00e0 mesma fam\u00edlia e s\u00e3o naturais do munic\u00edpio de Ros\u00e1rio, distante 70,6 quil\u00f4metros da capital, S\u00e3o Lu\u00eds. A informa\u00e7\u00e3o foi divulgada pelo pr\u00f3prio prefeito rosariense, Calvet Filho, nas redes sociais.<\/p>\n\n\n\n<p>Os corpos dos dois maranhenses foram resgatados na noite dessa segunda-feira (20) pelas equipes de busca, mas ainda n\u00e3o foram liberados pelas autoridades paulistas. Outras tr\u00eas pessoas, tamb\u00e9m da mesma fam\u00edlia, est\u00e3o desaparecidas.<\/p>\n\n\n\n<p>A previs\u00e3o \u00e9 que a libera\u00e7\u00e3o dos dois corpos resgatados ocorra at\u00e9 essa quarta-feira (22). O prefeito Calvet Filho afirmou que desde que tomou conhecimento do fato tr\u00e1gico, tem conversado com os familiares das v\u00edtimas e se comprometeu a providenciar o traslado dos entes queridos a Ros\u00e1rio.<\/p>\n\n\n\n<p>Abaixo, o comunicado divulgado pelo prefeito Calvet Filho nas redes sociais:<\/p>\n\n\n\n<div class=\"wp-block-image\"><figure class=\"aligncenter size-large\"><a href=\"https:\/\/www.blogsoestado.com\/danielmatos\/files\/2023\/02\/Screenshot_20230221-1158012.png\"><img decoding=\"async\" src=\"https:\/\/www.blogsoestado.com\/danielmatos\/files\/2023\/02\/Screenshot_20230221-1158012.png\" alt=\"\" class=\"wp-image-106339\"\/><\/a><\/figure><\/div>\n","protected":false},"excerpt":{"rendered":"<p>Outras tr\u00eas pessoas da mesma fam\u00edlia est\u00e3o desaparecidas Pelo menos dois maranhenses est\u00e3o entre os 40 mortos na trag\u00e9dia provocada [&hellip;]<\/p>\n","protected":false},"author":0,"featured_media":0,"comment_status":"open","ping_status":"open","sticky":false,"template":"","format":"standard","meta":{"site-sidebar-layout":"default","site-content-layout":"","ast-site-content-layout":"default","site-content-style":"default","site-sidebar-style":"default","ast-global-header-display":"","ast-banner-title-visibility":"","ast-main-header-display":"","ast-hfb-above-header-display":"","ast-hfb-below-header-display":"","ast-hfb-mobile-header-display":"","site-post-title":"","ast-breadcrumbs-content":"","ast-featured-img":"","footer-sml-layout":"","ast-disable-related-posts":"","theme-transparent-header-meta":"","adv-header-id-meta":"","stick-header-meta":"","header-above-stick-meta":"","header-main-stick-meta":"","header-below-stick-meta":"","astra-migrate-meta-layouts":"default","ast-page-background-enabled":"default","ast-page-background-meta":{"desktop":{"background-color":"var(--ast-global-color-5)","background-image":"","background-repeat":"repeat","background-position":"center center","background-size":"auto","background-attachment":"scroll","background-type":"","background-media":"","overlay-type":"","overlay-color":"","overlay-opacity":"","overlay-gradient":""},"tablet":{"background-color":"","background-image":"","background-repeat":"repeat","background-position":"center center","background-size":"auto","background-attachment":"scroll","background-type":"","background-media":"","overlay-type":"","overlay-color":"","overlay-opacity":"","overlay-gradient":""},"mobile":{"background-color":"","background-image":"","background-repeat":"repeat","background-position":"center center","background-size":"auto","background-attachment":"scroll","background-type":"","background-media":"","overlay-type":"","overlay-color":"","overlay-opacity":"","overlay-gradient":""}},"ast-content-background-meta":{"desktop":{"background-color":"var(--ast-global-color-4)","background-image":"","background-repeat":"repeat","background-position":"center center","background-size":"auto","background-attachment":"scroll","background-type":"","background-media":"","overlay-type":"","overlay-color":"","overlay-opacity":"","overlay-gradient":""},"tablet":{"background-color":"var(--ast-global-color-4)","background-image":"","background-repeat":"repeat","background-position":"center center","background-size":"auto","background-attachment":"scroll","background-type":"","background-media":"","overlay-type":"","overlay-color":"","overlay-opacity":"","overlay-gradient":""},"mobile":{"background-color":"var(--ast-global-color-4)","background-image":"","background-repeat":"repeat","background-position":"center center","background-size":"auto","background-attachment":"scroll","background-type":"","background-media":"","overlay-type":"","overlay-color":"","overlay-opacity":"","overlay-gradient":""}},"footnotes":""},"categories":[1],"tags":[],"class_list":["post-106338","post","type-post","status-publish","format-standard","hentry","category-sem-categoria"],"yoast_head":"<!-- This site is optimized with the Yoast SEO plugin v26.6 - https:\/\/yoast.com\/wordpress\/plugins\/seo\/ -->\n<title>Trag\u00e9dia no litoral norte de S\u00e3o Paulo deixa dois maranhenses mortos - Daniel Matos<\/title>\n<meta name=\"robots\" content=\"index, follow, max-snippet:-1, max-image-preview:large, max-video-preview:-1\" \/>\n<link rel=\"canonical\" href=\"https:\/\/www.blogsoestado.com\/danielmatos\/tragedia-no-litoral-norte-de-sao-paulo-deixa-dois-maranhenses-mortos\/\" \/>\n<meta property=\"og:locale\" content=\"pt_BR\" \/>\n<meta property=\"og:type\" content=\"article\" \/>\n<meta property=\"og:title\" content=\"Trag\u00e9dia no litoral norte de S\u00e3o Paulo deixa dois maranhenses mortos - Daniel Matos\" \/>\n<meta property=\"og:description\" content=\"Outras tr\u00eas pessoas da mesma fam\u00edlia est\u00e3o desaparecidas Pelo menos dois maranhenses est\u00e3o entre os 40 mortos na trag\u00e9dia provocada [&hellip;]\" \/>\n<meta property=\"og:url\" content=\"https:\/\/www.blogsoestado.com\/danielmatos\/tragedia-no-litoral-norte-de-sao-paulo-deixa-dois-maranhenses-mortos\/\" \/>\n<meta property=\"og:site_name\" content=\"Daniel Matos\" \/>\n<meta property=\"article:published_time\" content=\"2023-02-21T15:24:46+00:00\" \/>\n<meta property=\"og:image\" content=\"https:\/\/www.blogsoestado.com\/danielmatos\/files\/2023\/02\/Screenshot_20230221-1218012.png\" \/>\n<meta name=\"twitter:card\" content=\"summary_large_image\" \/>\n<meta name=\"twitter:label1\" content=\"Est. tempo de leitura\" \/>\n\t<meta name=\"twitter:data1\" content=\"2 minutos\" \/>\n<script type=\"application\/ld+json\" class=\"yoast-schema-graph\">{\"@context\":\"https:\/\/schema.org\",\"@graph\":[{\"@type\":\"WebPage\",\"@id\":\"https:\/\/www.blogsoestado.com\/danielmatos\/tragedia-no-litoral-norte-de-sao-paulo-deixa-dois-maranhenses-mortos\/\",\"url\":\"https:\/\/www.blogsoestado.com\/danielmatos\/tragedia-no-litoral-norte-de-sao-paulo-deixa-dois-maranhenses-mortos\/\",\"name\":\"Trag\u00e9dia no litoral norte de S\u00e3o Paulo deixa dois maranhenses mortos - Daniel Matos\",\"isPartOf\":{\"@id\":\"https:\/\/www.blogsoestado.com\/danielmatos\/#website\"},\"primaryImageOfPage\":{\"@id\":\"https:\/\/www.blogsoestado.com\/danielmatos\/tragedia-no-litoral-norte-de-sao-paulo-deixa-dois-maranhenses-mortos\/#primaryimage\"},\"image\":{\"@id\":\"https:\/\/www.blogsoestado.com\/danielmatos\/tragedia-no-litoral-norte-de-sao-paulo-deixa-dois-maranhenses-mortos\/#primaryimage\"},\"thumbnailUrl\":\"https:\/\/www.blogsoestado.com\/danielmatos\/files\/2023\/02\/Screenshot_20230221-1218012.png\",\"datePublished\":\"2023-02-21T15:24:46+00:00\",\"author\":{\"@id\":\"\"},\"breadcrumb\":{\"@id\":\"https:\/\/www.blogsoestado.com\/danielmatos\/tragedia-no-litoral-norte-de-sao-paulo-deixa-dois-maranhenses-mortos\/#breadcrumb\"},\"inLanguage\":\"pt-BR\",\"potentialAction\":[{\"@type\":\"ReadAction\",\"target\":[\"https:\/\/www.blogsoestado.com\/danielmatos\/tragedia-no-litoral-norte-de-sao-paulo-deixa-dois-maranhenses-mortos\/\"]}]},{\"@type\":\"ImageObject\",\"inLanguage\":\"pt-BR\",\"@id\":\"https:\/\/www.blogsoestado.com\/danielmatos\/tragedia-no-litoral-norte-de-sao-paulo-deixa-dois-maranhenses-mortos\/#primaryimage\",\"url\":\"https:\/\/www.blogsoestado.com\/danielmatos\/files\/2023\/02\/Screenshot_20230221-1218012.png\",\"contentUrl\":\"https:\/\/www.blogsoestado.com\/danielmatos\/files\/2023\/02\/Screenshot_20230221-1218012.png\"},{\"@type\":\"BreadcrumbList\",\"@id\":\"https:\/\/www.blogsoestado.com\/danielmatos\/tragedia-no-litoral-norte-de-sao-paulo-deixa-dois-maranhenses-mortos\/#breadcrumb\",\"itemListElement\":[{\"@type\":\"ListItem\",\"position\":1,\"name\":\"In\u00edcio\",\"item\":\"https:\/\/www.blogsoestado.com\/danielmatos\/\"},{\"@type\":\"ListItem\",\"position\":2,\"name\":\"Trag\u00e9dia no litoral norte de S\u00e3o Paulo deixa dois maranhenses mortos\"}]},{\"@type\":\"WebSite\",\"@id\":\"https:\/\/www.blogsoestado.com\/danielmatos\/#website\",\"url\":\"https:\/\/www.blogsoestado.com\/danielmatos\/\",\"name\":\"Daniel Matos\",\"description\":\"\",\"potentialAction\":[{\"@type\":\"SearchAction\",\"target\":{\"@type\":\"EntryPoint\",\"urlTemplate\":\"https:\/\/www.blogsoestado.com\/danielmatos\/?s={search_term_string}\"},\"query-input\":{\"@type\":\"PropertyValueSpecification\",\"valueRequired\":true,\"valueName\":\"search_term_string\"}}],\"inLanguage\":\"pt-BR\"}]}<\/script>\n<!-- \/ Yoast SEO plugin. -->","yoast_head_json":{"title":"Trag\u00e9dia no litoral norte de S\u00e3o Paulo deixa dois maranhenses mortos - Daniel Matos","robots":{"index":"index","follow":"follow","max-snippet":"max-snippet:-1","max-image-preview":"max-image-preview:large","max-video-preview":"max-video-preview:-1"},"canonical":"https:\/\/www.blogsoestado.com\/danielmatos\/tragedia-no-litoral-norte-de-sao-paulo-deixa-dois-maranhenses-mortos\/","og_locale":"pt_BR","og_type":"article","og_title":"Trag\u00e9dia no litoral norte de S\u00e3o Paulo deixa dois maranhenses mortos - Daniel Matos","og_description":"Outras tr\u00eas pessoas da mesma fam\u00edlia est\u00e3o desaparecidas Pelo menos dois maranhenses est\u00e3o entre os 40 mortos na trag\u00e9dia provocada [&hellip;]","og_url":"https:\/\/www.blogsoestado.com\/danielmatos\/tragedia-no-litoral-norte-de-sao-paulo-deixa-dois-maranhenses-mortos\/","og_site_name":"Daniel Matos","article_published_time":"2023-02-21T15:24:46+00:00","og_image":[{"url":"https:\/\/www.blogsoestado.com\/danielmatos\/files\/2023\/02\/Screenshot_20230221-1218012.png","type":"","width":"","height":""}],"twitter_card":"summary_large_image","twitter_misc":{"Est. tempo de leitura":"2 minutos"},"schema":{"@context":"https:\/\/schema.org","@graph":[{"@type":"WebPage","@id":"https:\/\/www.blogsoestado.com\/danielmatos\/tragedia-no-litoral-norte-de-sao-paulo-deixa-dois-maranhenses-mortos\/","url":"https:\/\/www.blogsoestado.com\/danielmatos\/tragedia-no-litoral-norte-de-sao-paulo-deixa-dois-maranhenses-mortos\/","name":"Trag\u00e9dia no litoral norte de S\u00e3o Paulo deixa dois maranhenses mortos - Daniel Matos","isPartOf":{"@id":"https:\/\/www.blogsoestado.com\/danielmatos\/#website"},"primaryImageOfPage":{"@id":"https:\/\/www.blogsoestado.com\/danielmatos\/tragedia-no-litoral-norte-de-sao-paulo-deixa-dois-maranhenses-mortos\/#primaryimage"},"image":{"@id":"https:\/\/www.blogsoestado.com\/danielmatos\/tragedia-no-litoral-norte-de-sao-paulo-deixa-dois-maranhenses-mortos\/#primaryimage"},"thumbnailUrl":"https:\/\/www.blogsoestado.com\/danielmatos\/files\/2023\/02\/Screenshot_20230221-1218012.png","datePublished":"2023-02-21T15:24:46+00:00","author":{"@id":""},"breadcrumb":{"@id":"https:\/\/www.blogsoestado.com\/danielmatos\/tragedia-no-litoral-norte-de-sao-paulo-deixa-dois-maranhenses-mortos\/#breadcrumb"},"inLanguage":"pt-BR","potentialAction":[{"@type":"ReadAction","target":["https:\/\/www.blogsoestado.com\/danielmatos\/tragedia-no-litoral-norte-de-sao-paulo-deixa-dois-maranhenses-mortos\/"]}]},{"@type":"ImageObject","inLanguage":"pt-BR","@id":"https:\/\/www.blogsoestado.com\/danielmatos\/tragedia-no-litoral-norte-de-sao-paulo-deixa-dois-maranhenses-mortos\/#primaryimage","url":"https:\/\/www.blogsoestado.com\/danielmatos\/files\/2023\/02\/Screenshot_20230221-1218012.png","contentUrl":"https:\/\/www.blogsoestado.com\/danielmatos\/files\/2023\/02\/Screenshot_20230221-1218012.png"},{"@type":"BreadcrumbList","@id":"https:\/\/www.blogsoestado.com\/danielmatos\/tragedia-no-litoral-norte-de-sao-paulo-deixa-dois-maranhenses-mortos\/#breadcrumb","itemListElement":[{"@type":"ListItem","position":1,"name":"In\u00edcio","item":"https:\/\/www.blogsoestado.com\/danielmatos\/"},{"@type":"ListItem","position":2,"name":"Trag\u00e9dia no litoral norte de S\u00e3o Paulo deixa dois maranhenses mortos"}]},{"@type":"WebSite","@id":"https:\/\/www.blogsoestado.com\/danielmatos\/#website","url":"https:\/\/www.blogsoestado.com\/danielmatos\/","name":"Daniel Matos","description":"","potentialAction":[{"@type":"SearchAction","target":{"@type":"EntryPoint","urlTemplate":"https:\/\/www.blogsoestado.com\/danielmatos\/?s={search_term_string}"},"query-input":{"@type":"PropertyValueSpecification","valueRequired":true,"valueName":"search_term_string"}}],"inLanguage":"pt-BR"}]}},"jetpack_featured_media_url":"","_links":{"self":[{"href":"https:\/\/www.blogsoestado.com\/danielmatos\/wp-json\/wp\/v2\/posts\/106338","targetHints":{"allow":["GET"]}}],"collection":[{"href":"https:\/\/www.blogsoestado.com\/danielmatos\/wp-json\/wp\/v2\/posts"}],"about":[{"href":"https:\/\/www.blogsoestado.com\/danielmatos\/wp-json\/wp\/v2\/types\/post"}],"replies":[{"embeddable":true,"href":"https:\/\/www.blogsoestado.com\/danielmatos\/wp-json\/wp\/v2\/comments?post=106338"}],"version-history":[{"count":0,"href":"https:\/\/www.blogsoestado.com\/danielmatos\/wp-json\/wp\/v2\/posts\/106338\/revisions"}],"wp:attachment":[{"href":"https:\/\/www.blogsoestado.com\/danielmatos\/wp-json\/wp\/v2\/media?parent=106338"}],"wp:term":[{"taxonomy":"category","embeddable":true,"href":"https:\/\/www.blogsoestado.com\/danielmatos\/wp-json\/wp\/v2\/categories?post=106338"},{"taxonomy":"post_tag","embeddable":true,"href":"https:\/\/www.blogsoestado.com\/danielmatos\/wp-json\/wp\/v2\/tags?post=106338"}],"curies":[{"name":"wp","href":"https:\/\/api.w.org\/{rel}","templated":true}]}}