{"id":106345,"date":"2023-02-22T00:43:17","date_gmt":"2023-02-22T03:43:17","guid":{"rendered":"https:\/\/www.blogsoestado.com\/danielmatos\/?p=106345"},"modified":"2023-02-22T00:43:17","modified_gmt":"2023-02-22T03:43:17","slug":"paulo-victor-reconhece-feito-historico-de-brandao-no-carnaval-do-maranhao","status":"publish","type":"post","link":"https:\/\/www.blogsoestado.com\/danielmatos\/paulo-victor-reconhece-feito-historico-de-brandao-no-carnaval-do-maranhao\/","title":{"rendered":"Paulo Victor reconhece feito hist\u00f3rico de Brand\u00e3o no Carnaval do Maranh\u00e3o"},"content":{"rendered":"\n<div class=\"wp-block-image\"><figure class=\"aligncenter size-large\"><a href=\"https:\/\/www.blogsoestado.com\/danielmatos\/files\/2023\/02\/Screenshot_20230222-0007312.png\"><img decoding=\"async\" src=\"https:\/\/www.blogsoestado.com\/danielmatos\/files\/2023\/02\/Screenshot_20230222-0007312.png\" alt=\"\" class=\"wp-image-106347\"\/><\/a><figcaption>Paulo Victor comemora sucesso do Carnaval do Maranh\u00e3o em 2023, ao lado do governador Carlos Brand\u00e3o e da primeira-dama, Larissa Brand\u00e3o<\/figcaption><\/figure><\/div>\n\n\n\n<p>O presidente da C\u00e2mara Municipal de S\u00e3o Lu\u00eds e ex-secret\u00e1rio de Estado da Cultura, Paulo Victor (PCdoB), reconheceu o feito grandioso do governador Carlos Brand\u00e3o (PSB) por promover, em 2023, um dos melhores carnavais da hist\u00f3ria do Maranh\u00e3o. Ao lado do chefe do Poder Executivo estadual e da primeira-dama, Larissa, no \u00faltimo dia de folia, o vereador destacou o m\u00e9rito do aliado na condu\u00e7\u00e3o dos trabalhos que resultaram no \u00eaxito da festa.<\/p>\n\n\n\n<p>&#8220;Gratid\u00e3o, irm\u00e3o, por toda confian\u00e7a, instru\u00e7\u00e3o e responsabilidade&#8221;, registrou Paulo Victor em suas redes sociais, fazendo refer\u00eancia \u00e0 miss\u00e3o que recebeu do governador de atuar como colaborador na elabora\u00e7\u00e3o e execu\u00e7\u00e3o da programa\u00e7\u00e3o carnavalesca em S\u00e3o Lu\u00eds e nos demais munic\u00edpios do estado.<\/p>\n\n\n\n<p>Um dos foli\u00f5es mais entusiasmados desde o primeiro dia do Carnaval, Paulo Victor fez quest\u00e3o de brincar no meio do povo, em v\u00e1rios momentos, e sentiu na pele a alegria, a vibra\u00e7\u00e3o e o calor humano dos maranhenses, refor\u00e7ando a compet\u00eancia e a sensibilidade de Brand\u00e3o pelo sucesso da festa. &#8220;Um l\u00edder que Deus me deu. O Carnaval do Maranh\u00e3o entrou para a hist\u00f3ria&#8221;, exaltou.<\/p>\n","protected":false},"excerpt":{"rendered":"<p>O presidente da C\u00e2mara Municipal de S\u00e3o Lu\u00eds e ex-secret\u00e1rio de Estado da Cultura, Paulo Victor (PCdoB), reconheceu o feito [&hellip;]<\/p>\n","protected":false},"author":0,"featured_media":0,"comment_status":"open","ping_status":"open","sticky":false,"template":"","format":"standard","meta":{"site-sidebar-layout":"default","site-content-layout":"","ast-site-content-layout":"default","site-content-style":"default","site-sidebar-style":"default","ast-global-header-display":"","ast-banner-title-visibility":"","ast-main-header-display":"","ast-hfb-above-header-display":"","ast-hfb-below-header-display":"","ast-hfb-mobile-header-display":"","site-post-title":"","ast-breadcrumbs-content":"","ast-featured-img":"","footer-sml-layout":"","ast-disable-related-posts":"","theme-transparent-header-meta":"","adv-header-id-meta":"","stick-header-meta":"","header-above-stick-meta":"","header-main-stick-meta":"","header-below-stick-meta":"","astra-migrate-meta-layouts":"default","ast-page-background-enabled":"default","ast-page-background-meta":{"desktop":{"background-color":"var(--ast-global-color-5)","background-image":"","background-repeat":"repeat","background-position":"center center","background-size":"auto","background-attachment":"scroll","background-type":"","background-media":"","overlay-type":"","overlay-color":"","overlay-opacity":"","overlay-gradient":""},"tablet":{"background-color":"","background-image":"","background-repeat":"repeat","background-position":"center center","background-size":"auto","background-attachment":"scroll","background-type":"","background-media":"","overlay-type":"","overlay-color":"","overlay-opacity":"","overlay-gradient":""},"mobile":{"background-color":"","background-image":"","background-repeat":"repeat","background-position":"center center","background-size":"auto","background-attachment":"scroll","background-type":"","background-media":"","overlay-type":"","overlay-color":"","overlay-opacity":"","overlay-gradient":""}},"ast-content-background-meta":{"desktop":{"background-color":"var(--ast-global-color-4)","background-image":"","background-repeat":"repeat","background-position":"center center","background-size":"auto","background-attachment":"scroll","background-type":"","background-media":"","overlay-type":"","overlay-color":"","overlay-opacity":"","overlay-gradient":""},"tablet":{"background-color":"var(--ast-global-color-4)","background-image":"","background-repeat":"repeat","background-position":"center center","background-size":"auto","background-attachment":"scroll","background-type":"","background-media":"","overlay-type":"","overlay-color":"","overlay-opacity":"","overlay-gradient":""},"mobile":{"background-color":"var(--ast-global-color-4)","background-image":"","background-repeat":"repeat","background-position":"center center","background-size":"auto","background-attachment":"scroll","background-type":"","background-media":"","overlay-type":"","overlay-color":"","overlay-opacity":"","overlay-gradient":""}},"footnotes":""},"categories":[1],"tags":[],"class_list":["post-106345","post","type-post","status-publish","format-standard","hentry","category-sem-categoria"],"yoast_head":"<!-- This site is optimized with the Yoast SEO plugin v26.6 - https:\/\/yoast.com\/wordpress\/plugins\/seo\/ -->\n<title>Paulo Victor reconhece feito hist\u00f3rico de Brand\u00e3o no Carnaval do Maranh\u00e3o - Daniel Matos<\/title>\n<meta name=\"robots\" content=\"index, follow, max-snippet:-1, max-image-preview:large, max-video-preview:-1\" \/>\n<link rel=\"canonical\" href=\"https:\/\/www.blogsoestado.com\/danielmatos\/paulo-victor-reconhece-feito-historico-de-brandao-no-carnaval-do-maranhao\/\" \/>\n<meta property=\"og:locale\" content=\"pt_BR\" \/>\n<meta property=\"og:type\" content=\"article\" \/>\n<meta property=\"og:title\" content=\"Paulo Victor reconhece feito hist\u00f3rico de Brand\u00e3o no Carnaval do Maranh\u00e3o - Daniel Matos\" \/>\n<meta property=\"og:description\" content=\"O presidente da C\u00e2mara Municipal de S\u00e3o Lu\u00eds e ex-secret\u00e1rio de Estado da Cultura, Paulo Victor (PCdoB), reconheceu o feito [&hellip;]\" \/>\n<meta property=\"og:url\" content=\"https:\/\/www.blogsoestado.com\/danielmatos\/paulo-victor-reconhece-feito-historico-de-brandao-no-carnaval-do-maranhao\/\" \/>\n<meta property=\"og:site_name\" content=\"Daniel Matos\" \/>\n<meta property=\"article:published_time\" content=\"2023-02-22T03:43:17+00:00\" \/>\n<meta property=\"og:image\" content=\"https:\/\/www.blogsoestado.com\/danielmatos\/files\/2023\/02\/Screenshot_20230222-0007312.png\" \/>\n<meta name=\"twitter:card\" content=\"summary_large_image\" \/>\n<meta name=\"twitter:label1\" content=\"Est. tempo de leitura\" \/>\n\t<meta name=\"twitter:data1\" content=\"2 minutos\" \/>\n<script type=\"application\/ld+json\" class=\"yoast-schema-graph\">{\"@context\":\"https:\/\/schema.org\",\"@graph\":[{\"@type\":\"WebPage\",\"@id\":\"https:\/\/www.blogsoestado.com\/danielmatos\/paulo-victor-reconhece-feito-historico-de-brandao-no-carnaval-do-maranhao\/\",\"url\":\"https:\/\/www.blogsoestado.com\/danielmatos\/paulo-victor-reconhece-feito-historico-de-brandao-no-carnaval-do-maranhao\/\",\"name\":\"Paulo Victor reconhece feito hist\u00f3rico de Brand\u00e3o no Carnaval do Maranh\u00e3o - Daniel Matos\",\"isPartOf\":{\"@id\":\"https:\/\/www.blogsoestado.com\/danielmatos\/#website\"},\"primaryImageOfPage\":{\"@id\":\"https:\/\/www.blogsoestado.com\/danielmatos\/paulo-victor-reconhece-feito-historico-de-brandao-no-carnaval-do-maranhao\/#primaryimage\"},\"image\":{\"@id\":\"https:\/\/www.blogsoestado.com\/danielmatos\/paulo-victor-reconhece-feito-historico-de-brandao-no-carnaval-do-maranhao\/#primaryimage\"},\"thumbnailUrl\":\"https:\/\/www.blogsoestado.com\/danielmatos\/files\/2023\/02\/Screenshot_20230222-0007312.png\",\"datePublished\":\"2023-02-22T03:43:17+00:00\",\"author\":{\"@id\":\"\"},\"breadcrumb\":{\"@id\":\"https:\/\/www.blogsoestado.com\/danielmatos\/paulo-victor-reconhece-feito-historico-de-brandao-no-carnaval-do-maranhao\/#breadcrumb\"},\"inLanguage\":\"pt-BR\",\"potentialAction\":[{\"@type\":\"ReadAction\",\"target\":[\"https:\/\/www.blogsoestado.com\/danielmatos\/paulo-victor-reconhece-feito-historico-de-brandao-no-carnaval-do-maranhao\/\"]}]},{\"@type\":\"ImageObject\",\"inLanguage\":\"pt-BR\",\"@id\":\"https:\/\/www.blogsoestado.com\/danielmatos\/paulo-victor-reconhece-feito-historico-de-brandao-no-carnaval-do-maranhao\/#primaryimage\",\"url\":\"https:\/\/www.blogsoestado.com\/danielmatos\/files\/2023\/02\/Screenshot_20230222-0007312.png\",\"contentUrl\":\"https:\/\/www.blogsoestado.com\/danielmatos\/files\/2023\/02\/Screenshot_20230222-0007312.png\"},{\"@type\":\"BreadcrumbList\",\"@id\":\"https:\/\/www.blogsoestado.com\/danielmatos\/paulo-victor-reconhece-feito-historico-de-brandao-no-carnaval-do-maranhao\/#breadcrumb\",\"itemListElement\":[{\"@type\":\"ListItem\",\"position\":1,\"name\":\"In\u00edcio\",\"item\":\"https:\/\/www.blogsoestado.com\/danielmatos\/\"},{\"@type\":\"ListItem\",\"position\":2,\"name\":\"Paulo Victor reconhece feito hist\u00f3rico de Brand\u00e3o no Carnaval do Maranh\u00e3o\"}]},{\"@type\":\"WebSite\",\"@id\":\"https:\/\/www.blogsoestado.com\/danielmatos\/#website\",\"url\":\"https:\/\/www.blogsoestado.com\/danielmatos\/\",\"name\":\"Daniel Matos\",\"description\":\"\",\"potentialAction\":[{\"@type\":\"SearchAction\",\"target\":{\"@type\":\"EntryPoint\",\"urlTemplate\":\"https:\/\/www.blogsoestado.com\/danielmatos\/?s={search_term_string}\"},\"query-input\":{\"@type\":\"PropertyValueSpecification\",\"valueRequired\":true,\"valueName\":\"search_term_string\"}}],\"inLanguage\":\"pt-BR\"}]}<\/script>\n<!-- \/ Yoast SEO plugin. -->","yoast_head_json":{"title":"Paulo Victor reconhece feito hist\u00f3rico de Brand\u00e3o no Carnaval do Maranh\u00e3o - Daniel Matos","robots":{"index":"index","follow":"follow","max-snippet":"max-snippet:-1","max-image-preview":"max-image-preview:large","max-video-preview":"max-video-preview:-1"},"canonical":"https:\/\/www.blogsoestado.com\/danielmatos\/paulo-victor-reconhece-feito-historico-de-brandao-no-carnaval-do-maranhao\/","og_locale":"pt_BR","og_type":"article","og_title":"Paulo Victor reconhece feito hist\u00f3rico de Brand\u00e3o no Carnaval do Maranh\u00e3o - Daniel Matos","og_description":"O presidente da C\u00e2mara Municipal de S\u00e3o Lu\u00eds e ex-secret\u00e1rio de Estado da Cultura, Paulo Victor (PCdoB), reconheceu o feito [&hellip;]","og_url":"https:\/\/www.blogsoestado.com\/danielmatos\/paulo-victor-reconhece-feito-historico-de-brandao-no-carnaval-do-maranhao\/","og_site_name":"Daniel Matos","article_published_time":"2023-02-22T03:43:17+00:00","og_image":[{"url":"https:\/\/www.blogsoestado.com\/danielmatos\/files\/2023\/02\/Screenshot_20230222-0007312.png","type":"","width":"","height":""}],"twitter_card":"summary_large_image","twitter_misc":{"Est. tempo de leitura":"2 minutos"},"schema":{"@context":"https:\/\/schema.org","@graph":[{"@type":"WebPage","@id":"https:\/\/www.blogsoestado.com\/danielmatos\/paulo-victor-reconhece-feito-historico-de-brandao-no-carnaval-do-maranhao\/","url":"https:\/\/www.blogsoestado.com\/danielmatos\/paulo-victor-reconhece-feito-historico-de-brandao-no-carnaval-do-maranhao\/","name":"Paulo Victor reconhece feito hist\u00f3rico de Brand\u00e3o no Carnaval do Maranh\u00e3o - Daniel Matos","isPartOf":{"@id":"https:\/\/www.blogsoestado.com\/danielmatos\/#website"},"primaryImageOfPage":{"@id":"https:\/\/www.blogsoestado.com\/danielmatos\/paulo-victor-reconhece-feito-historico-de-brandao-no-carnaval-do-maranhao\/#primaryimage"},"image":{"@id":"https:\/\/www.blogsoestado.com\/danielmatos\/paulo-victor-reconhece-feito-historico-de-brandao-no-carnaval-do-maranhao\/#primaryimage"},"thumbnailUrl":"https:\/\/www.blogsoestado.com\/danielmatos\/files\/2023\/02\/Screenshot_20230222-0007312.png","datePublished":"2023-02-22T03:43:17+00:00","author":{"@id":""},"breadcrumb":{"@id":"https:\/\/www.blogsoestado.com\/danielmatos\/paulo-victor-reconhece-feito-historico-de-brandao-no-carnaval-do-maranhao\/#breadcrumb"},"inLanguage":"pt-BR","potentialAction":[{"@type":"ReadAction","target":["https:\/\/www.blogsoestado.com\/danielmatos\/paulo-victor-reconhece-feito-historico-de-brandao-no-carnaval-do-maranhao\/"]}]},{"@type":"ImageObject","inLanguage":"pt-BR","@id":"https:\/\/www.blogsoestado.com\/danielmatos\/paulo-victor-reconhece-feito-historico-de-brandao-no-carnaval-do-maranhao\/#primaryimage","url":"https:\/\/www.blogsoestado.com\/danielmatos\/files\/2023\/02\/Screenshot_20230222-0007312.png","contentUrl":"https:\/\/www.blogsoestado.com\/danielmatos\/files\/2023\/02\/Screenshot_20230222-0007312.png"},{"@type":"BreadcrumbList","@id":"https:\/\/www.blogsoestado.com\/danielmatos\/paulo-victor-reconhece-feito-historico-de-brandao-no-carnaval-do-maranhao\/#breadcrumb","itemListElement":[{"@type":"ListItem","position":1,"name":"In\u00edcio","item":"https:\/\/www.blogsoestado.com\/danielmatos\/"},{"@type":"ListItem","position":2,"name":"Paulo Victor reconhece feito hist\u00f3rico de Brand\u00e3o no Carnaval do Maranh\u00e3o"}]},{"@type":"WebSite","@id":"https:\/\/www.blogsoestado.com\/danielmatos\/#website","url":"https:\/\/www.blogsoestado.com\/danielmatos\/","name":"Daniel Matos","description":"","potentialAction":[{"@type":"SearchAction","target":{"@type":"EntryPoint","urlTemplate":"https:\/\/www.blogsoestado.com\/danielmatos\/?s={search_term_string}"},"query-input":{"@type":"PropertyValueSpecification","valueRequired":true,"valueName":"search_term_string"}}],"inLanguage":"pt-BR"}]}},"jetpack_featured_media_url":"","_links":{"self":[{"href":"https:\/\/www.blogsoestado.com\/danielmatos\/wp-json\/wp\/v2\/posts\/106345","targetHints":{"allow":["GET"]}}],"collection":[{"href":"https:\/\/www.blogsoestado.com\/danielmatos\/wp-json\/wp\/v2\/posts"}],"about":[{"href":"https:\/\/www.blogsoestado.com\/danielmatos\/wp-json\/wp\/v2\/types\/post"}],"replies":[{"embeddable":true,"href":"https:\/\/www.blogsoestado.com\/danielmatos\/wp-json\/wp\/v2\/comments?post=106345"}],"version-history":[{"count":0,"href":"https:\/\/www.blogsoestado.com\/danielmatos\/wp-json\/wp\/v2\/posts\/106345\/revisions"}],"wp:attachment":[{"href":"https:\/\/www.blogsoestado.com\/danielmatos\/wp-json\/wp\/v2\/media?parent=106345"}],"wp:term":[{"taxonomy":"category","embeddable":true,"href":"https:\/\/www.blogsoestado.com\/danielmatos\/wp-json\/wp\/v2\/categories?post=106345"},{"taxonomy":"post_tag","embeddable":true,"href":"https:\/\/www.blogsoestado.com\/danielmatos\/wp-json\/wp\/v2\/tags?post=106345"}],"curies":[{"name":"wp","href":"https:\/\/api.w.org\/{rel}","templated":true}]}}