{"id":106360,"date":"2023-02-22T20:00:41","date_gmt":"2023-02-22T23:00:41","guid":{"rendered":"https:\/\/www.blogsoestado.com\/danielmatos\/?p=106360"},"modified":"2023-02-22T20:00:41","modified_gmt":"2023-02-22T23:00:41","slug":"homen-que-ameacou-matar-e-beber-o-sangue-do-proprio-pai-e-preso-em-itapecuru-mirim","status":"publish","type":"post","link":"https:\/\/www.blogsoestado.com\/danielmatos\/homen-que-ameacou-matar-e-beber-o-sangue-do-proprio-pai-e-preso-em-itapecuru-mirim\/","title":{"rendered":"Homen que amea\u00e7ou matar e beber o sangue do pr\u00f3prio pai \u00e9 preso em Itapecuru-Mirim"},"content":{"rendered":"\n<div class=\"wp-block-image\"><figure class=\"aligncenter size-large\"><a href=\"https:\/\/www.blogsoestado.com\/danielmatos\/files\/2023\/02\/Screenshot_20230222-2003172.png\"><img decoding=\"async\" src=\"https:\/\/www.blogsoestado.com\/danielmatos\/files\/2023\/02\/Screenshot_20230222-2003172.png\" alt=\"\" class=\"wp-image-106363\"\/><\/a><\/figure><\/div>\n\n\n\n<p>A Pol\u00edcia Civil do Maranh\u00e3o, em uma a\u00e7\u00e3o realizada na \u00faltima segunda-feira (20), conseguiu prender em flagrante um homem pela pr\u00e1tica dos crimes de amea\u00e7a, persegui\u00e7\u00e3o, dano qualificado e inj\u00faria contra o seu pr\u00f3prio pai, na cidade de Itapecuru-Mirim. A pris\u00e3o foi efetuada pela equipe plantonista da 2\u00ba Delegacia Regional de Itapecuru-Mirim. <\/p>\n\n\n\n<p>Segundo o que foi apurado pela equipe policial, a v\u00edtima estava em sua casa quando seu filho chegou fazendo amea\u00e7as com uma arma branca, tipo faca, afirmando que iria esfaquear a v\u00edtima e beber seu sangue, al\u00e9m de proferir v\u00e1rios xingamentos contra a mesma. O autor ainda cortou os pneus da bicicleta do pai. <\/p>\n\n\n\n<p>Segundo a v\u00edtima, as amea\u00e7as f\u00edsicas e psicol\u00f3gicas s\u00e3o constantes, sempre ocorrendo em sua pr\u00f3pria resid\u00eancia ou na rua. Ap\u00f3s seu filho deixar sua casa, a v\u00edtima procurou a delegacia para comunicar os fatos \u00e0 autoridade policial plantonista. De posse das  informa\u00e7\u00f5es, a equipe de investigadores diligenciou \u00e0 procura do autor dos crimes contra seu pai.<\/p>\n\n\n\n<p>O agressor foi encontrado em um bar com uma faca guardada na cintura, momento em que foi dada voz de pris\u00e3o. O acusado foi autuado em flagrante pelos crimes de amea\u00e7a, dano qualificado, persegui\u00e7\u00e3o e inj\u00faria em desfavor de seu pai, de 59 anos de idade.<\/p>\n","protected":false},"excerpt":{"rendered":"<p>A Pol\u00edcia Civil do Maranh\u00e3o, em uma a\u00e7\u00e3o realizada na \u00faltima segunda-feira (20), conseguiu prender em flagrante um homem pela [&hellip;]<\/p>\n","protected":false},"author":0,"featured_media":0,"comment_status":"open","ping_status":"open","sticky":false,"template":"","format":"standard","meta":{"site-sidebar-layout":"default","site-content-layout":"","ast-site-content-layout":"default","site-content-style":"default","site-sidebar-style":"default","ast-global-header-display":"","ast-banner-title-visibility":"","ast-main-header-display":"","ast-hfb-above-header-display":"","ast-hfb-below-header-display":"","ast-hfb-mobile-header-display":"","site-post-title":"","ast-breadcrumbs-content":"","ast-featured-img":"","footer-sml-layout":"","ast-disable-related-posts":"","theme-transparent-header-meta":"","adv-header-id-meta":"","stick-header-meta":"","header-above-stick-meta":"","header-main-stick-meta":"","header-below-stick-meta":"","astra-migrate-meta-layouts":"default","ast-page-background-enabled":"default","ast-page-background-meta":{"desktop":{"background-color":"var(--ast-global-color-5)","background-image":"","background-repeat":"repeat","background-position":"center center","background-size":"auto","background-attachment":"scroll","background-type":"","background-media":"","overlay-type":"","overlay-color":"","overlay-opacity":"","overlay-gradient":""},"tablet":{"background-color":"","background-image":"","background-repeat":"repeat","background-position":"center center","background-size":"auto","background-attachment":"scroll","background-type":"","background-media":"","overlay-type":"","overlay-color":"","overlay-opacity":"","overlay-gradient":""},"mobile":{"background-color":"","background-image":"","background-repeat":"repeat","background-position":"center center","background-size":"auto","background-attachment":"scroll","background-type":"","background-media":"","overlay-type":"","overlay-color":"","overlay-opacity":"","overlay-gradient":""}},"ast-content-background-meta":{"desktop":{"background-color":"var(--ast-global-color-4)","background-image":"","background-repeat":"repeat","background-position":"center center","background-size":"auto","background-attachment":"scroll","background-type":"","background-media":"","overlay-type":"","overlay-color":"","overlay-opacity":"","overlay-gradient":""},"tablet":{"background-color":"var(--ast-global-color-4)","background-image":"","background-repeat":"repeat","background-position":"center center","background-size":"auto","background-attachment":"scroll","background-type":"","background-media":"","overlay-type":"","overlay-color":"","overlay-opacity":"","overlay-gradient":""},"mobile":{"background-color":"var(--ast-global-color-4)","background-image":"","background-repeat":"repeat","background-position":"center center","background-size":"auto","background-attachment":"scroll","background-type":"","background-media":"","overlay-type":"","overlay-color":"","overlay-opacity":"","overlay-gradient":""}},"footnotes":""},"categories":[1],"tags":[],"class_list":["post-106360","post","type-post","status-publish","format-standard","hentry","category-sem-categoria"],"yoast_head":"<!-- This site is optimized with the Yoast SEO plugin v26.6 - https:\/\/yoast.com\/wordpress\/plugins\/seo\/ -->\n<title>Homen que amea\u00e7ou matar e beber o sangue do pr\u00f3prio pai \u00e9 preso em Itapecuru-Mirim - Daniel Matos<\/title>\n<meta name=\"robots\" content=\"index, follow, max-snippet:-1, max-image-preview:large, max-video-preview:-1\" \/>\n<link rel=\"canonical\" href=\"https:\/\/www.blogsoestado.com\/danielmatos\/homen-que-ameacou-matar-e-beber-o-sangue-do-proprio-pai-e-preso-em-itapecuru-mirim\/\" \/>\n<meta property=\"og:locale\" content=\"pt_BR\" \/>\n<meta property=\"og:type\" content=\"article\" \/>\n<meta property=\"og:title\" content=\"Homen que amea\u00e7ou matar e beber o sangue do pr\u00f3prio pai \u00e9 preso em Itapecuru-Mirim - Daniel Matos\" \/>\n<meta property=\"og:description\" content=\"A Pol\u00edcia Civil do Maranh\u00e3o, em uma a\u00e7\u00e3o realizada na \u00faltima segunda-feira (20), conseguiu prender em flagrante um homem pela [&hellip;]\" \/>\n<meta property=\"og:url\" content=\"https:\/\/www.blogsoestado.com\/danielmatos\/homen-que-ameacou-matar-e-beber-o-sangue-do-proprio-pai-e-preso-em-itapecuru-mirim\/\" \/>\n<meta property=\"og:site_name\" content=\"Daniel Matos\" \/>\n<meta property=\"article:published_time\" content=\"2023-02-22T23:00:41+00:00\" \/>\n<meta property=\"og:image\" content=\"https:\/\/www.blogsoestado.com\/danielmatos\/files\/2023\/02\/Screenshot_20230222-2003172.png\" \/>\n<meta name=\"twitter:card\" content=\"summary_large_image\" \/>\n<meta name=\"twitter:label1\" content=\"Est. tempo de leitura\" \/>\n\t<meta name=\"twitter:data1\" content=\"2 minutos\" \/>\n<script type=\"application\/ld+json\" class=\"yoast-schema-graph\">{\"@context\":\"https:\/\/schema.org\",\"@graph\":[{\"@type\":\"WebPage\",\"@id\":\"https:\/\/www.blogsoestado.com\/danielmatos\/homen-que-ameacou-matar-e-beber-o-sangue-do-proprio-pai-e-preso-em-itapecuru-mirim\/\",\"url\":\"https:\/\/www.blogsoestado.com\/danielmatos\/homen-que-ameacou-matar-e-beber-o-sangue-do-proprio-pai-e-preso-em-itapecuru-mirim\/\",\"name\":\"Homen que amea\u00e7ou matar e beber o sangue do pr\u00f3prio pai \u00e9 preso em Itapecuru-Mirim - Daniel Matos\",\"isPartOf\":{\"@id\":\"https:\/\/www.blogsoestado.com\/danielmatos\/#website\"},\"primaryImageOfPage\":{\"@id\":\"https:\/\/www.blogsoestado.com\/danielmatos\/homen-que-ameacou-matar-e-beber-o-sangue-do-proprio-pai-e-preso-em-itapecuru-mirim\/#primaryimage\"},\"image\":{\"@id\":\"https:\/\/www.blogsoestado.com\/danielmatos\/homen-que-ameacou-matar-e-beber-o-sangue-do-proprio-pai-e-preso-em-itapecuru-mirim\/#primaryimage\"},\"thumbnailUrl\":\"https:\/\/www.blogsoestado.com\/danielmatos\/files\/2023\/02\/Screenshot_20230222-2003172.png\",\"datePublished\":\"2023-02-22T23:00:41+00:00\",\"author\":{\"@id\":\"\"},\"breadcrumb\":{\"@id\":\"https:\/\/www.blogsoestado.com\/danielmatos\/homen-que-ameacou-matar-e-beber-o-sangue-do-proprio-pai-e-preso-em-itapecuru-mirim\/#breadcrumb\"},\"inLanguage\":\"pt-BR\",\"potentialAction\":[{\"@type\":\"ReadAction\",\"target\":[\"https:\/\/www.blogsoestado.com\/danielmatos\/homen-que-ameacou-matar-e-beber-o-sangue-do-proprio-pai-e-preso-em-itapecuru-mirim\/\"]}]},{\"@type\":\"ImageObject\",\"inLanguage\":\"pt-BR\",\"@id\":\"https:\/\/www.blogsoestado.com\/danielmatos\/homen-que-ameacou-matar-e-beber-o-sangue-do-proprio-pai-e-preso-em-itapecuru-mirim\/#primaryimage\",\"url\":\"https:\/\/www.blogsoestado.com\/danielmatos\/files\/2023\/02\/Screenshot_20230222-2003172.png\",\"contentUrl\":\"https:\/\/www.blogsoestado.com\/danielmatos\/files\/2023\/02\/Screenshot_20230222-2003172.png\"},{\"@type\":\"BreadcrumbList\",\"@id\":\"https:\/\/www.blogsoestado.com\/danielmatos\/homen-que-ameacou-matar-e-beber-o-sangue-do-proprio-pai-e-preso-em-itapecuru-mirim\/#breadcrumb\",\"itemListElement\":[{\"@type\":\"ListItem\",\"position\":1,\"name\":\"In\u00edcio\",\"item\":\"https:\/\/www.blogsoestado.com\/danielmatos\/\"},{\"@type\":\"ListItem\",\"position\":2,\"name\":\"Homen que amea\u00e7ou matar e beber o sangue do pr\u00f3prio pai \u00e9 preso em Itapecuru-Mirim\"}]},{\"@type\":\"WebSite\",\"@id\":\"https:\/\/www.blogsoestado.com\/danielmatos\/#website\",\"url\":\"https:\/\/www.blogsoestado.com\/danielmatos\/\",\"name\":\"Daniel Matos\",\"description\":\"\",\"potentialAction\":[{\"@type\":\"SearchAction\",\"target\":{\"@type\":\"EntryPoint\",\"urlTemplate\":\"https:\/\/www.blogsoestado.com\/danielmatos\/?s={search_term_string}\"},\"query-input\":{\"@type\":\"PropertyValueSpecification\",\"valueRequired\":true,\"valueName\":\"search_term_string\"}}],\"inLanguage\":\"pt-BR\"}]}<\/script>\n<!-- \/ Yoast SEO plugin. -->","yoast_head_json":{"title":"Homen que amea\u00e7ou matar e beber o sangue do pr\u00f3prio pai \u00e9 preso em Itapecuru-Mirim - Daniel Matos","robots":{"index":"index","follow":"follow","max-snippet":"max-snippet:-1","max-image-preview":"max-image-preview:large","max-video-preview":"max-video-preview:-1"},"canonical":"https:\/\/www.blogsoestado.com\/danielmatos\/homen-que-ameacou-matar-e-beber-o-sangue-do-proprio-pai-e-preso-em-itapecuru-mirim\/","og_locale":"pt_BR","og_type":"article","og_title":"Homen que amea\u00e7ou matar e beber o sangue do pr\u00f3prio pai \u00e9 preso em Itapecuru-Mirim - Daniel Matos","og_description":"A Pol\u00edcia Civil do Maranh\u00e3o, em uma a\u00e7\u00e3o realizada na \u00faltima segunda-feira (20), conseguiu prender em flagrante um homem pela [&hellip;]","og_url":"https:\/\/www.blogsoestado.com\/danielmatos\/homen-que-ameacou-matar-e-beber-o-sangue-do-proprio-pai-e-preso-em-itapecuru-mirim\/","og_site_name":"Daniel Matos","article_published_time":"2023-02-22T23:00:41+00:00","og_image":[{"url":"https:\/\/www.blogsoestado.com\/danielmatos\/files\/2023\/02\/Screenshot_20230222-2003172.png","type":"","width":"","height":""}],"twitter_card":"summary_large_image","twitter_misc":{"Est. tempo de leitura":"2 minutos"},"schema":{"@context":"https:\/\/schema.org","@graph":[{"@type":"WebPage","@id":"https:\/\/www.blogsoestado.com\/danielmatos\/homen-que-ameacou-matar-e-beber-o-sangue-do-proprio-pai-e-preso-em-itapecuru-mirim\/","url":"https:\/\/www.blogsoestado.com\/danielmatos\/homen-que-ameacou-matar-e-beber-o-sangue-do-proprio-pai-e-preso-em-itapecuru-mirim\/","name":"Homen que amea\u00e7ou matar e beber o sangue do pr\u00f3prio pai \u00e9 preso em Itapecuru-Mirim - Daniel Matos","isPartOf":{"@id":"https:\/\/www.blogsoestado.com\/danielmatos\/#website"},"primaryImageOfPage":{"@id":"https:\/\/www.blogsoestado.com\/danielmatos\/homen-que-ameacou-matar-e-beber-o-sangue-do-proprio-pai-e-preso-em-itapecuru-mirim\/#primaryimage"},"image":{"@id":"https:\/\/www.blogsoestado.com\/danielmatos\/homen-que-ameacou-matar-e-beber-o-sangue-do-proprio-pai-e-preso-em-itapecuru-mirim\/#primaryimage"},"thumbnailUrl":"https:\/\/www.blogsoestado.com\/danielmatos\/files\/2023\/02\/Screenshot_20230222-2003172.png","datePublished":"2023-02-22T23:00:41+00:00","author":{"@id":""},"breadcrumb":{"@id":"https:\/\/www.blogsoestado.com\/danielmatos\/homen-que-ameacou-matar-e-beber-o-sangue-do-proprio-pai-e-preso-em-itapecuru-mirim\/#breadcrumb"},"inLanguage":"pt-BR","potentialAction":[{"@type":"ReadAction","target":["https:\/\/www.blogsoestado.com\/danielmatos\/homen-que-ameacou-matar-e-beber-o-sangue-do-proprio-pai-e-preso-em-itapecuru-mirim\/"]}]},{"@type":"ImageObject","inLanguage":"pt-BR","@id":"https:\/\/www.blogsoestado.com\/danielmatos\/homen-que-ameacou-matar-e-beber-o-sangue-do-proprio-pai-e-preso-em-itapecuru-mirim\/#primaryimage","url":"https:\/\/www.blogsoestado.com\/danielmatos\/files\/2023\/02\/Screenshot_20230222-2003172.png","contentUrl":"https:\/\/www.blogsoestado.com\/danielmatos\/files\/2023\/02\/Screenshot_20230222-2003172.png"},{"@type":"BreadcrumbList","@id":"https:\/\/www.blogsoestado.com\/danielmatos\/homen-que-ameacou-matar-e-beber-o-sangue-do-proprio-pai-e-preso-em-itapecuru-mirim\/#breadcrumb","itemListElement":[{"@type":"ListItem","position":1,"name":"In\u00edcio","item":"https:\/\/www.blogsoestado.com\/danielmatos\/"},{"@type":"ListItem","position":2,"name":"Homen que amea\u00e7ou matar e beber o sangue do pr\u00f3prio pai \u00e9 preso em Itapecuru-Mirim"}]},{"@type":"WebSite","@id":"https:\/\/www.blogsoestado.com\/danielmatos\/#website","url":"https:\/\/www.blogsoestado.com\/danielmatos\/","name":"Daniel Matos","description":"","potentialAction":[{"@type":"SearchAction","target":{"@type":"EntryPoint","urlTemplate":"https:\/\/www.blogsoestado.com\/danielmatos\/?s={search_term_string}"},"query-input":{"@type":"PropertyValueSpecification","valueRequired":true,"valueName":"search_term_string"}}],"inLanguage":"pt-BR"}]}},"jetpack_featured_media_url":"","_links":{"self":[{"href":"https:\/\/www.blogsoestado.com\/danielmatos\/wp-json\/wp\/v2\/posts\/106360","targetHints":{"allow":["GET"]}}],"collection":[{"href":"https:\/\/www.blogsoestado.com\/danielmatos\/wp-json\/wp\/v2\/posts"}],"about":[{"href":"https:\/\/www.blogsoestado.com\/danielmatos\/wp-json\/wp\/v2\/types\/post"}],"replies":[{"embeddable":true,"href":"https:\/\/www.blogsoestado.com\/danielmatos\/wp-json\/wp\/v2\/comments?post=106360"}],"version-history":[{"count":0,"href":"https:\/\/www.blogsoestado.com\/danielmatos\/wp-json\/wp\/v2\/posts\/106360\/revisions"}],"wp:attachment":[{"href":"https:\/\/www.blogsoestado.com\/danielmatos\/wp-json\/wp\/v2\/media?parent=106360"}],"wp:term":[{"taxonomy":"category","embeddable":true,"href":"https:\/\/www.blogsoestado.com\/danielmatos\/wp-json\/wp\/v2\/categories?post=106360"},{"taxonomy":"post_tag","embeddable":true,"href":"https:\/\/www.blogsoestado.com\/danielmatos\/wp-json\/wp\/v2\/tags?post=106360"}],"curies":[{"name":"wp","href":"https:\/\/api.w.org\/{rel}","templated":true}]}}