{"id":106373,"date":"2023-02-23T15:15:35","date_gmt":"2023-02-23T18:15:35","guid":{"rendered":"https:\/\/www.blogsoestado.com\/danielmatos\/?p=106373"},"modified":"2023-02-23T15:15:35","modified_gmt":"2023-02-23T18:15:35","slug":"prefeitura-realiza-o-tradicional-lava-pratos-nesse-final-de-semana-em-sao-jose-de-ribamar","status":"publish","type":"post","link":"https:\/\/www.blogsoestado.com\/danielmatos\/prefeitura-realiza-o-tradicional-lava-pratos-nesse-final-de-semana-em-sao-jose-de-ribamar\/","title":{"rendered":"Prefeitura realiza o tradicional Lava Pratos nesse final de semana em S\u00e3o Jos\u00e9 de Ribamar"},"content":{"rendered":"\n<div class=\"wp-block-image\"><figure class=\"aligncenter size-large\"><a href=\"https:\/\/www.blogsoestado.com\/danielmatos\/files\/2023\/02\/Screenshot_20230223-1507162.png\"><img decoding=\"async\" src=\"https:\/\/www.blogsoestado.com\/danielmatos\/files\/2023\/02\/Screenshot_20230223-1507162.png\" alt=\"\" class=\"wp-image-106374\"\/><\/a><figcaption>Expectativa \u00e9 que um p\u00fablico numeroso volte a participar do Lava Pratos em S\u00e3o Jos\u00e9 de Ribamar<\/figcaption><\/figure><\/div>\n\n\n\n<p>Ap\u00f3s o sucesso do carnaval ribamarense, com a valoriza\u00e7\u00e3o dos artistas locais, a festa volta a rolar no pr\u00f3ximo final de semana com a realiza\u00e7\u00e3o da maior festa de carnaval fora de \u00e9poca do Maranh\u00e3o, o Lava Pratos.<\/p>\n\n\n\n<p>Foram dois anos sem dar as caras devido \u00e0 pandemia da Covid-19, mas agora \u00e9 real. O Lava Pratos volta com toda a sua for\u00e7a e seu charme com atra\u00e7\u00f5es de peso, como, por exemplo, Chicabana, Bicho Terra, Bruno Shinoda, Avine Vinny, Matheus Fernandes, Daysa e Banda, al\u00e9m de outras grandes atra\u00e7\u00f5es.<\/p>\n\n\n\n<p>De acordo com a din\u00e2mica da programa\u00e7\u00e3o, um mega trio el\u00e9trico vai fazer a festa no cais da cidade e um mega palco ser\u00e1 montado no Parque Municipal Therezinha Jansen.<\/p>\n\n\n\n<div class=\"wp-block-image\"><figure class=\"aligncenter size-large\"><a href=\"https:\/\/www.blogsoestado.com\/danielmatos\/files\/2023\/02\/Screenshot_20230223-1507552.png\"><img decoding=\"async\" src=\"https:\/\/www.blogsoestado.com\/danielmatos\/files\/2023\/02\/Screenshot_20230223-1507552.png\" alt=\"\" class=\"wp-image-106375\"\/><\/a><figcaption>Fof\u00f5es s\u00e3o alguns dos personagens da folia que abrilhantam o Lava Pratos em S\u00e3o Jos\u00e9 de Ribamar<\/figcaption><\/figure><\/div>\n\n\n\n<p>Confira a Programa\u00e7\u00e3o completa<\/p>\n\n\n\n<p><em>S\u00e1bado (25)<\/em><\/p>\n\n\n\n<p>Mega Trio El\u00e9trico no Cais<\/p>\n\n\n\n<p>16h Bicho Terra<br \/>18h DJ<br \/>18h30 Banda Cora\u00e7\u00e3o Tradicional<br \/>20h30 DJ<br \/>21h Rayane Passos e Banda<\/p>\n\n\n\n<hr class=\"wp-block-separator\"\/>\n\n\n\n<p><em>Mega Palco no Parque Municipal Therezinha Jansen<\/em><\/p>\n\n\n\n<p>18h30 Fabr\u00edcia (relembrando os bons tempos de MARAFOLIA)<br \/>20h30 DJ Claudio<br \/>21h Japaozin<br \/>23h30 DJ Roberth<br \/>0h Chicabana<\/p>\n\n\n\n<p><em>Domingo (26)<\/em><\/p>\n\n\n\n<p><em>Mega Trio El\u00e9trico no Cais<\/em><\/p>\n\n\n\n<p>13h Samba de Boa<br \/>15h DJ Wallace<br \/>15h30 Banda D\u00e1 um Rol\u00e9<br \/>17h30 DJ Roberth<br \/>18h Mix In Brasil<br \/>20h DJ Claudio<br \/>20h30 Andson Mendon\u00e7a<\/p>\n\n\n\n<p><em>Palco Therezinha Jansen<\/em><\/p>\n\n\n\n<p>12h Tha\u00eds Moreno e Banda<br \/>14h DJ Dominica<br \/>14h30 Bruno Shinoda<br \/>16h30 DJ Dominica<br \/>17h Avine Vinny<br \/>19h DJ Beto<br \/>19h30 Matheus Fernandes<br \/>21h30 DJ Beto<br \/>22h Daysa e Banda<\/p>\n","protected":false},"excerpt":{"rendered":"<p>Ap\u00f3s o sucesso do carnaval ribamarense, com a valoriza\u00e7\u00e3o dos artistas locais, a festa volta a rolar no pr\u00f3ximo final [&hellip;]<\/p>\n","protected":false},"author":0,"featured_media":0,"comment_status":"open","ping_status":"open","sticky":false,"template":"","format":"standard","meta":{"site-sidebar-layout":"default","site-content-layout":"","ast-site-content-layout":"default","site-content-style":"default","site-sidebar-style":"default","ast-global-header-display":"","ast-banner-title-visibility":"","ast-main-header-display":"","ast-hfb-above-header-display":"","ast-hfb-below-header-display":"","ast-hfb-mobile-header-display":"","site-post-title":"","ast-breadcrumbs-content":"","ast-featured-img":"","footer-sml-layout":"","ast-disable-related-posts":"","theme-transparent-header-meta":"","adv-header-id-meta":"","stick-header-meta":"","header-above-stick-meta":"","header-main-stick-meta":"","header-below-stick-meta":"","astra-migrate-meta-layouts":"default","ast-page-background-enabled":"default","ast-page-background-meta":{"desktop":{"background-color":"var(--ast-global-color-5)","background-image":"","background-repeat":"repeat","background-position":"center center","background-size":"auto","background-attachment":"scroll","background-type":"","background-media":"","overlay-type":"","overlay-color":"","overlay-opacity":"","overlay-gradient":""},"tablet":{"background-color":"","background-image":"","background-repeat":"repeat","background-position":"center center","background-size":"auto","background-attachment":"scroll","background-type":"","background-media":"","overlay-type":"","overlay-color":"","overlay-opacity":"","overlay-gradient":""},"mobile":{"background-color":"","background-image":"","background-repeat":"repeat","background-position":"center center","background-size":"auto","background-attachment":"scroll","background-type":"","background-media":"","overlay-type":"","overlay-color":"","overlay-opacity":"","overlay-gradient":""}},"ast-content-background-meta":{"desktop":{"background-color":"var(--ast-global-color-4)","background-image":"","background-repeat":"repeat","background-position":"center center","background-size":"auto","background-attachment":"scroll","background-type":"","background-media":"","overlay-type":"","overlay-color":"","overlay-opacity":"","overlay-gradient":""},"tablet":{"background-color":"var(--ast-global-color-4)","background-image":"","background-repeat":"repeat","background-position":"center center","background-size":"auto","background-attachment":"scroll","background-type":"","background-media":"","overlay-type":"","overlay-color":"","overlay-opacity":"","overlay-gradient":""},"mobile":{"background-color":"var(--ast-global-color-4)","background-image":"","background-repeat":"repeat","background-position":"center center","background-size":"auto","background-attachment":"scroll","background-type":"","background-media":"","overlay-type":"","overlay-color":"","overlay-opacity":"","overlay-gradient":""}},"footnotes":""},"categories":[1],"tags":[],"class_list":["post-106373","post","type-post","status-publish","format-standard","hentry","category-sem-categoria"],"yoast_head":"<!-- This site is optimized with the Yoast SEO plugin v26.6 - https:\/\/yoast.com\/wordpress\/plugins\/seo\/ -->\n<title>Prefeitura realiza o tradicional Lava Pratos nesse final de semana em S\u00e3o Jos\u00e9 de Ribamar - Daniel Matos<\/title>\n<meta name=\"robots\" content=\"index, follow, max-snippet:-1, max-image-preview:large, max-video-preview:-1\" \/>\n<link rel=\"canonical\" href=\"https:\/\/www.blogsoestado.com\/danielmatos\/prefeitura-realiza-o-tradicional-lava-pratos-nesse-final-de-semana-em-sao-jose-de-ribamar\/\" \/>\n<meta property=\"og:locale\" content=\"pt_BR\" \/>\n<meta property=\"og:type\" content=\"article\" \/>\n<meta property=\"og:title\" content=\"Prefeitura realiza o tradicional Lava Pratos nesse final de semana em S\u00e3o Jos\u00e9 de Ribamar - Daniel Matos\" \/>\n<meta property=\"og:description\" content=\"Ap\u00f3s o sucesso do carnaval ribamarense, com a valoriza\u00e7\u00e3o dos artistas locais, a festa volta a rolar no pr\u00f3ximo final [&hellip;]\" \/>\n<meta property=\"og:url\" content=\"https:\/\/www.blogsoestado.com\/danielmatos\/prefeitura-realiza-o-tradicional-lava-pratos-nesse-final-de-semana-em-sao-jose-de-ribamar\/\" \/>\n<meta property=\"og:site_name\" content=\"Daniel Matos\" \/>\n<meta property=\"article:published_time\" content=\"2023-02-23T18:15:35+00:00\" \/>\n<meta property=\"og:image\" content=\"https:\/\/www.blogsoestado.com\/danielmatos\/files\/2023\/02\/Screenshot_20230223-1507162.png\" \/>\n<meta name=\"twitter:card\" content=\"summary_large_image\" \/>\n<meta name=\"twitter:label1\" content=\"Est. tempo de leitura\" \/>\n\t<meta name=\"twitter:data1\" content=\"2 minutos\" \/>\n<script type=\"application\/ld+json\" class=\"yoast-schema-graph\">{\"@context\":\"https:\/\/schema.org\",\"@graph\":[{\"@type\":\"WebPage\",\"@id\":\"https:\/\/www.blogsoestado.com\/danielmatos\/prefeitura-realiza-o-tradicional-lava-pratos-nesse-final-de-semana-em-sao-jose-de-ribamar\/\",\"url\":\"https:\/\/www.blogsoestado.com\/danielmatos\/prefeitura-realiza-o-tradicional-lava-pratos-nesse-final-de-semana-em-sao-jose-de-ribamar\/\",\"name\":\"Prefeitura realiza o tradicional Lava Pratos nesse final de semana em S\u00e3o Jos\u00e9 de Ribamar - Daniel Matos\",\"isPartOf\":{\"@id\":\"https:\/\/www.blogsoestado.com\/danielmatos\/#website\"},\"primaryImageOfPage\":{\"@id\":\"https:\/\/www.blogsoestado.com\/danielmatos\/prefeitura-realiza-o-tradicional-lava-pratos-nesse-final-de-semana-em-sao-jose-de-ribamar\/#primaryimage\"},\"image\":{\"@id\":\"https:\/\/www.blogsoestado.com\/danielmatos\/prefeitura-realiza-o-tradicional-lava-pratos-nesse-final-de-semana-em-sao-jose-de-ribamar\/#primaryimage\"},\"thumbnailUrl\":\"https:\/\/www.blogsoestado.com\/danielmatos\/files\/2023\/02\/Screenshot_20230223-1507162.png\",\"datePublished\":\"2023-02-23T18:15:35+00:00\",\"author\":{\"@id\":\"\"},\"breadcrumb\":{\"@id\":\"https:\/\/www.blogsoestado.com\/danielmatos\/prefeitura-realiza-o-tradicional-lava-pratos-nesse-final-de-semana-em-sao-jose-de-ribamar\/#breadcrumb\"},\"inLanguage\":\"pt-BR\",\"potentialAction\":[{\"@type\":\"ReadAction\",\"target\":[\"https:\/\/www.blogsoestado.com\/danielmatos\/prefeitura-realiza-o-tradicional-lava-pratos-nesse-final-de-semana-em-sao-jose-de-ribamar\/\"]}]},{\"@type\":\"ImageObject\",\"inLanguage\":\"pt-BR\",\"@id\":\"https:\/\/www.blogsoestado.com\/danielmatos\/prefeitura-realiza-o-tradicional-lava-pratos-nesse-final-de-semana-em-sao-jose-de-ribamar\/#primaryimage\",\"url\":\"https:\/\/www.blogsoestado.com\/danielmatos\/files\/2023\/02\/Screenshot_20230223-1507162.png\",\"contentUrl\":\"https:\/\/www.blogsoestado.com\/danielmatos\/files\/2023\/02\/Screenshot_20230223-1507162.png\"},{\"@type\":\"BreadcrumbList\",\"@id\":\"https:\/\/www.blogsoestado.com\/danielmatos\/prefeitura-realiza-o-tradicional-lava-pratos-nesse-final-de-semana-em-sao-jose-de-ribamar\/#breadcrumb\",\"itemListElement\":[{\"@type\":\"ListItem\",\"position\":1,\"name\":\"In\u00edcio\",\"item\":\"https:\/\/www.blogsoestado.com\/danielmatos\/\"},{\"@type\":\"ListItem\",\"position\":2,\"name\":\"Prefeitura realiza o tradicional Lava Pratos nesse final de semana em S\u00e3o Jos\u00e9 de Ribamar\"}]},{\"@type\":\"WebSite\",\"@id\":\"https:\/\/www.blogsoestado.com\/danielmatos\/#website\",\"url\":\"https:\/\/www.blogsoestado.com\/danielmatos\/\",\"name\":\"Daniel Matos\",\"description\":\"\",\"potentialAction\":[{\"@type\":\"SearchAction\",\"target\":{\"@type\":\"EntryPoint\",\"urlTemplate\":\"https:\/\/www.blogsoestado.com\/danielmatos\/?s={search_term_string}\"},\"query-input\":{\"@type\":\"PropertyValueSpecification\",\"valueRequired\":true,\"valueName\":\"search_term_string\"}}],\"inLanguage\":\"pt-BR\"}]}<\/script>\n<!-- \/ Yoast SEO plugin. -->","yoast_head_json":{"title":"Prefeitura realiza o tradicional Lava Pratos nesse final de semana em S\u00e3o Jos\u00e9 de Ribamar - Daniel Matos","robots":{"index":"index","follow":"follow","max-snippet":"max-snippet:-1","max-image-preview":"max-image-preview:large","max-video-preview":"max-video-preview:-1"},"canonical":"https:\/\/www.blogsoestado.com\/danielmatos\/prefeitura-realiza-o-tradicional-lava-pratos-nesse-final-de-semana-em-sao-jose-de-ribamar\/","og_locale":"pt_BR","og_type":"article","og_title":"Prefeitura realiza o tradicional Lava Pratos nesse final de semana em S\u00e3o Jos\u00e9 de Ribamar - Daniel Matos","og_description":"Ap\u00f3s o sucesso do carnaval ribamarense, com a valoriza\u00e7\u00e3o dos artistas locais, a festa volta a rolar no pr\u00f3ximo final [&hellip;]","og_url":"https:\/\/www.blogsoestado.com\/danielmatos\/prefeitura-realiza-o-tradicional-lava-pratos-nesse-final-de-semana-em-sao-jose-de-ribamar\/","og_site_name":"Daniel Matos","article_published_time":"2023-02-23T18:15:35+00:00","og_image":[{"url":"https:\/\/www.blogsoestado.com\/danielmatos\/files\/2023\/02\/Screenshot_20230223-1507162.png","type":"","width":"","height":""}],"twitter_card":"summary_large_image","twitter_misc":{"Est. tempo de leitura":"2 minutos"},"schema":{"@context":"https:\/\/schema.org","@graph":[{"@type":"WebPage","@id":"https:\/\/www.blogsoestado.com\/danielmatos\/prefeitura-realiza-o-tradicional-lava-pratos-nesse-final-de-semana-em-sao-jose-de-ribamar\/","url":"https:\/\/www.blogsoestado.com\/danielmatos\/prefeitura-realiza-o-tradicional-lava-pratos-nesse-final-de-semana-em-sao-jose-de-ribamar\/","name":"Prefeitura realiza o tradicional Lava Pratos nesse final de semana em S\u00e3o Jos\u00e9 de Ribamar - Daniel Matos","isPartOf":{"@id":"https:\/\/www.blogsoestado.com\/danielmatos\/#website"},"primaryImageOfPage":{"@id":"https:\/\/www.blogsoestado.com\/danielmatos\/prefeitura-realiza-o-tradicional-lava-pratos-nesse-final-de-semana-em-sao-jose-de-ribamar\/#primaryimage"},"image":{"@id":"https:\/\/www.blogsoestado.com\/danielmatos\/prefeitura-realiza-o-tradicional-lava-pratos-nesse-final-de-semana-em-sao-jose-de-ribamar\/#primaryimage"},"thumbnailUrl":"https:\/\/www.blogsoestado.com\/danielmatos\/files\/2023\/02\/Screenshot_20230223-1507162.png","datePublished":"2023-02-23T18:15:35+00:00","author":{"@id":""},"breadcrumb":{"@id":"https:\/\/www.blogsoestado.com\/danielmatos\/prefeitura-realiza-o-tradicional-lava-pratos-nesse-final-de-semana-em-sao-jose-de-ribamar\/#breadcrumb"},"inLanguage":"pt-BR","potentialAction":[{"@type":"ReadAction","target":["https:\/\/www.blogsoestado.com\/danielmatos\/prefeitura-realiza-o-tradicional-lava-pratos-nesse-final-de-semana-em-sao-jose-de-ribamar\/"]}]},{"@type":"ImageObject","inLanguage":"pt-BR","@id":"https:\/\/www.blogsoestado.com\/danielmatos\/prefeitura-realiza-o-tradicional-lava-pratos-nesse-final-de-semana-em-sao-jose-de-ribamar\/#primaryimage","url":"https:\/\/www.blogsoestado.com\/danielmatos\/files\/2023\/02\/Screenshot_20230223-1507162.png","contentUrl":"https:\/\/www.blogsoestado.com\/danielmatos\/files\/2023\/02\/Screenshot_20230223-1507162.png"},{"@type":"BreadcrumbList","@id":"https:\/\/www.blogsoestado.com\/danielmatos\/prefeitura-realiza-o-tradicional-lava-pratos-nesse-final-de-semana-em-sao-jose-de-ribamar\/#breadcrumb","itemListElement":[{"@type":"ListItem","position":1,"name":"In\u00edcio","item":"https:\/\/www.blogsoestado.com\/danielmatos\/"},{"@type":"ListItem","position":2,"name":"Prefeitura realiza o tradicional Lava Pratos nesse final de semana em S\u00e3o Jos\u00e9 de Ribamar"}]},{"@type":"WebSite","@id":"https:\/\/www.blogsoestado.com\/danielmatos\/#website","url":"https:\/\/www.blogsoestado.com\/danielmatos\/","name":"Daniel Matos","description":"","potentialAction":[{"@type":"SearchAction","target":{"@type":"EntryPoint","urlTemplate":"https:\/\/www.blogsoestado.com\/danielmatos\/?s={search_term_string}"},"query-input":{"@type":"PropertyValueSpecification","valueRequired":true,"valueName":"search_term_string"}}],"inLanguage":"pt-BR"}]}},"jetpack_featured_media_url":"","_links":{"self":[{"href":"https:\/\/www.blogsoestado.com\/danielmatos\/wp-json\/wp\/v2\/posts\/106373","targetHints":{"allow":["GET"]}}],"collection":[{"href":"https:\/\/www.blogsoestado.com\/danielmatos\/wp-json\/wp\/v2\/posts"}],"about":[{"href":"https:\/\/www.blogsoestado.com\/danielmatos\/wp-json\/wp\/v2\/types\/post"}],"replies":[{"embeddable":true,"href":"https:\/\/www.blogsoestado.com\/danielmatos\/wp-json\/wp\/v2\/comments?post=106373"}],"version-history":[{"count":0,"href":"https:\/\/www.blogsoestado.com\/danielmatos\/wp-json\/wp\/v2\/posts\/106373\/revisions"}],"wp:attachment":[{"href":"https:\/\/www.blogsoestado.com\/danielmatos\/wp-json\/wp\/v2\/media?parent=106373"}],"wp:term":[{"taxonomy":"category","embeddable":true,"href":"https:\/\/www.blogsoestado.com\/danielmatos\/wp-json\/wp\/v2\/categories?post=106373"},{"taxonomy":"post_tag","embeddable":true,"href":"https:\/\/www.blogsoestado.com\/danielmatos\/wp-json\/wp\/v2\/tags?post=106373"}],"curies":[{"name":"wp","href":"https:\/\/api.w.org\/{rel}","templated":true}]}}