{"id":106387,"date":"2023-02-23T22:08:17","date_gmt":"2023-02-24T01:08:17","guid":{"rendered":"https:\/\/www.blogsoestado.com\/danielmatos\/?p=106387"},"modified":"2023-02-23T22:08:17","modified_gmt":"2023-02-24T01:08:17","slug":"carnaval-de-sao-joao-batista-foi-um-dos-mais-animados-e-seguros-do-maranhao","status":"publish","type":"post","link":"https:\/\/www.blogsoestado.com\/danielmatos\/carnaval-de-sao-joao-batista-foi-um-dos-mais-animados-e-seguros-do-maranhao\/","title":{"rendered":"Carnaval de S\u00e3o Jo\u00e3o Batista foi um dos mais animados e seguros do Maranh\u00e3o"},"content":{"rendered":"\n<div class=\"wp-block-image\"><figure class=\"aligncenter size-large\"><a href=\"https:\/\/www.blogsoestado.com\/danielmatos\/files\/2023\/02\/Screenshot_20230223-2203212.png\"><img decoding=\"async\" src=\"https:\/\/www.blogsoestado.com\/danielmatos\/files\/2023\/02\/Screenshot_20230223-2203212.png\" alt=\"\" class=\"wp-image-106388\"\/><\/a><figcaption>Imagem a\u00e9rea da multid\u00e3o que caiu na folia em uma das noites do Carnaval de S\u00e3o Jo\u00e3o Batista, marcado por alegria, paz,, seguran\u00e7a e boas atra\u00e7\u00f5es <\/figcaption><\/figure><\/div>\n\n\n\n<p>O Mega Carnaval da Nossa Gente 2023 vai ficar na hist\u00f3ria de S\u00e3o Jo\u00e3o Batista como um dos mais bem organizados e seguros do Maranh\u00e3o. Foram cinco dias de muita festa, com mais de 20 atra\u00e7\u00f5es de peso, desde artistas e bandas maranhenses e locais at\u00e9 nacionais. A festan\u00e7a foi realizada pela Prefeitura de S\u00e3o Jo\u00e3o Batista, por meio da Secretaria Municipal de Cultura e Secretaria Municipal de Administra\u00e7\u00e3o.<\/p>\n\n\n\n<p>Durante todo o per\u00edodo carnavalesco, os joaninos lotaram a Pra\u00e7a de Eventos e brincaram at\u00e9 a madrugada. O esquema de seguran\u00e7a garantiu aos foli\u00f5es &#8211; crian\u00e7as, jovens, adultos e idosos &#8211; tranquilidade para se divertirem. Durante os cinco dias, n\u00e3o houve registros de viol\u00eancia nos locais de festa.<\/p>\n\n\n\n<p>A programa\u00e7\u00e3o carnavalesca foi iniciada na sexta-feira,17. Uma das atra\u00e7\u00f5es da animada noite, foi o Bloco da Melhor Idade. No s\u00e1bado,18, a festan\u00e7a come\u00e7ou com o Bailinho Kids, animado pelo grupo Curumim Peralta. A cantora Viviane Brasil, Lambasaia, Mauricio Vieira, Johannes Imperador, Mayara Lins, Erickson Andrade e o Encontr\u00e3o dos Blocos foram outras das atra\u00e7\u00f5es que sacudiram os joaninos na Pra\u00e7a de Eventos, durante o Carnaval 2023.<\/p>\n\n\n\n<p>O prefeito de S\u00e3o Jo\u00e3o Batista, Mecinho Soares, destacou o investimento planejado do Munic\u00edpio para garantir o Carnaval sem que os recursos fizessem falta em outras importantes \u00e1reas. A Prefeitura garantiu tamb\u00e9m toda a infraestrutura, como barracas para a comercializa\u00e7\u00e3o de produtos.<\/p>\n\n\n\n<p>\u201cNos planejamos para garantir um Carnaval bonito, alegre, com atra\u00e7\u00f5es para todos os gostos, com oportunidades de gera\u00e7\u00e3o de renda, fortalecimento do turismo e com muita seguran\u00e7a. Nosso objetivo \u00e9 garantir o melhor para a nossa gente em todas as \u00e1reas. Estou muito feliz pelos resultados positivos do nosso Carnaval. Agora, \u00e9 nos prepararmos para repetir essa f\u00f3rmula no ano que vem\u201d, afirmou Mecinho Soares. A primeira-dama, Hildene Pinto, vereadores, toda a classe pol\u00edtica e outras autoridades municipais prestigiaram a grande festa carnavalesca.<\/p>\n","protected":false},"excerpt":{"rendered":"<p>O Mega Carnaval da Nossa Gente 2023 vai ficar na hist\u00f3ria de S\u00e3o Jo\u00e3o Batista como um dos mais bem [&hellip;]<\/p>\n","protected":false},"author":0,"featured_media":0,"comment_status":"open","ping_status":"open","sticky":false,"template":"","format":"standard","meta":{"site-sidebar-layout":"default","site-content-layout":"","ast-site-content-layout":"default","site-content-style":"default","site-sidebar-style":"default","ast-global-header-display":"","ast-banner-title-visibility":"","ast-main-header-display":"","ast-hfb-above-header-display":"","ast-hfb-below-header-display":"","ast-hfb-mobile-header-display":"","site-post-title":"","ast-breadcrumbs-content":"","ast-featured-img":"","footer-sml-layout":"","ast-disable-related-posts":"","theme-transparent-header-meta":"","adv-header-id-meta":"","stick-header-meta":"","header-above-stick-meta":"","header-main-stick-meta":"","header-below-stick-meta":"","astra-migrate-meta-layouts":"default","ast-page-background-enabled":"default","ast-page-background-meta":{"desktop":{"background-color":"var(--ast-global-color-5)","background-image":"","background-repeat":"repeat","background-position":"center center","background-size":"auto","background-attachment":"scroll","background-type":"","background-media":"","overlay-type":"","overlay-color":"","overlay-opacity":"","overlay-gradient":""},"tablet":{"background-color":"","background-image":"","background-repeat":"repeat","background-position":"center center","background-size":"auto","background-attachment":"scroll","background-type":"","background-media":"","overlay-type":"","overlay-color":"","overlay-opacity":"","overlay-gradient":""},"mobile":{"background-color":"","background-image":"","background-repeat":"repeat","background-position":"center center","background-size":"auto","background-attachment":"scroll","background-type":"","background-media":"","overlay-type":"","overlay-color":"","overlay-opacity":"","overlay-gradient":""}},"ast-content-background-meta":{"desktop":{"background-color":"var(--ast-global-color-4)","background-image":"","background-repeat":"repeat","background-position":"center center","background-size":"auto","background-attachment":"scroll","background-type":"","background-media":"","overlay-type":"","overlay-color":"","overlay-opacity":"","overlay-gradient":""},"tablet":{"background-color":"var(--ast-global-color-4)","background-image":"","background-repeat":"repeat","background-position":"center center","background-size":"auto","background-attachment":"scroll","background-type":"","background-media":"","overlay-type":"","overlay-color":"","overlay-opacity":"","overlay-gradient":""},"mobile":{"background-color":"var(--ast-global-color-4)","background-image":"","background-repeat":"repeat","background-position":"center center","background-size":"auto","background-attachment":"scroll","background-type":"","background-media":"","overlay-type":"","overlay-color":"","overlay-opacity":"","overlay-gradient":""}},"footnotes":""},"categories":[1],"tags":[],"class_list":["post-106387","post","type-post","status-publish","format-standard","hentry","category-sem-categoria"],"yoast_head":"<!-- This site is optimized with the Yoast SEO plugin v26.6 - https:\/\/yoast.com\/wordpress\/plugins\/seo\/ -->\n<title>Carnaval de S\u00e3o Jo\u00e3o Batista foi um dos mais animados e seguros do Maranh\u00e3o - Daniel Matos<\/title>\n<meta name=\"robots\" content=\"index, follow, max-snippet:-1, max-image-preview:large, max-video-preview:-1\" \/>\n<link rel=\"canonical\" href=\"https:\/\/www.blogsoestado.com\/danielmatos\/carnaval-de-sao-joao-batista-foi-um-dos-mais-animados-e-seguros-do-maranhao\/\" \/>\n<meta property=\"og:locale\" content=\"pt_BR\" \/>\n<meta property=\"og:type\" content=\"article\" \/>\n<meta property=\"og:title\" content=\"Carnaval de S\u00e3o Jo\u00e3o Batista foi um dos mais animados e seguros do Maranh\u00e3o - Daniel Matos\" \/>\n<meta property=\"og:description\" content=\"O Mega Carnaval da Nossa Gente 2023 vai ficar na hist\u00f3ria de S\u00e3o Jo\u00e3o Batista como um dos mais bem [&hellip;]\" \/>\n<meta property=\"og:url\" content=\"https:\/\/www.blogsoestado.com\/danielmatos\/carnaval-de-sao-joao-batista-foi-um-dos-mais-animados-e-seguros-do-maranhao\/\" \/>\n<meta property=\"og:site_name\" content=\"Daniel Matos\" \/>\n<meta property=\"article:published_time\" content=\"2023-02-24T01:08:17+00:00\" \/>\n<meta property=\"og:image\" content=\"https:\/\/www.blogsoestado.com\/danielmatos\/files\/2023\/02\/Screenshot_20230223-2203212.png\" \/>\n<meta name=\"twitter:card\" content=\"summary_large_image\" \/>\n<meta name=\"twitter:label1\" content=\"Est. tempo de leitura\" \/>\n\t<meta name=\"twitter:data1\" content=\"2 minutos\" \/>\n<script type=\"application\/ld+json\" class=\"yoast-schema-graph\">{\"@context\":\"https:\/\/schema.org\",\"@graph\":[{\"@type\":\"WebPage\",\"@id\":\"https:\/\/www.blogsoestado.com\/danielmatos\/carnaval-de-sao-joao-batista-foi-um-dos-mais-animados-e-seguros-do-maranhao\/\",\"url\":\"https:\/\/www.blogsoestado.com\/danielmatos\/carnaval-de-sao-joao-batista-foi-um-dos-mais-animados-e-seguros-do-maranhao\/\",\"name\":\"Carnaval de S\u00e3o Jo\u00e3o Batista foi um dos mais animados e seguros do Maranh\u00e3o - Daniel Matos\",\"isPartOf\":{\"@id\":\"https:\/\/www.blogsoestado.com\/danielmatos\/#website\"},\"primaryImageOfPage\":{\"@id\":\"https:\/\/www.blogsoestado.com\/danielmatos\/carnaval-de-sao-joao-batista-foi-um-dos-mais-animados-e-seguros-do-maranhao\/#primaryimage\"},\"image\":{\"@id\":\"https:\/\/www.blogsoestado.com\/danielmatos\/carnaval-de-sao-joao-batista-foi-um-dos-mais-animados-e-seguros-do-maranhao\/#primaryimage\"},\"thumbnailUrl\":\"https:\/\/www.blogsoestado.com\/danielmatos\/files\/2023\/02\/Screenshot_20230223-2203212.png\",\"datePublished\":\"2023-02-24T01:08:17+00:00\",\"author\":{\"@id\":\"\"},\"breadcrumb\":{\"@id\":\"https:\/\/www.blogsoestado.com\/danielmatos\/carnaval-de-sao-joao-batista-foi-um-dos-mais-animados-e-seguros-do-maranhao\/#breadcrumb\"},\"inLanguage\":\"pt-BR\",\"potentialAction\":[{\"@type\":\"ReadAction\",\"target\":[\"https:\/\/www.blogsoestado.com\/danielmatos\/carnaval-de-sao-joao-batista-foi-um-dos-mais-animados-e-seguros-do-maranhao\/\"]}]},{\"@type\":\"ImageObject\",\"inLanguage\":\"pt-BR\",\"@id\":\"https:\/\/www.blogsoestado.com\/danielmatos\/carnaval-de-sao-joao-batista-foi-um-dos-mais-animados-e-seguros-do-maranhao\/#primaryimage\",\"url\":\"https:\/\/www.blogsoestado.com\/danielmatos\/files\/2023\/02\/Screenshot_20230223-2203212.png\",\"contentUrl\":\"https:\/\/www.blogsoestado.com\/danielmatos\/files\/2023\/02\/Screenshot_20230223-2203212.png\"},{\"@type\":\"BreadcrumbList\",\"@id\":\"https:\/\/www.blogsoestado.com\/danielmatos\/carnaval-de-sao-joao-batista-foi-um-dos-mais-animados-e-seguros-do-maranhao\/#breadcrumb\",\"itemListElement\":[{\"@type\":\"ListItem\",\"position\":1,\"name\":\"In\u00edcio\",\"item\":\"https:\/\/www.blogsoestado.com\/danielmatos\/\"},{\"@type\":\"ListItem\",\"position\":2,\"name\":\"Carnaval de S\u00e3o Jo\u00e3o Batista foi um dos mais animados e seguros do Maranh\u00e3o\"}]},{\"@type\":\"WebSite\",\"@id\":\"https:\/\/www.blogsoestado.com\/danielmatos\/#website\",\"url\":\"https:\/\/www.blogsoestado.com\/danielmatos\/\",\"name\":\"Daniel Matos\",\"description\":\"\",\"potentialAction\":[{\"@type\":\"SearchAction\",\"target\":{\"@type\":\"EntryPoint\",\"urlTemplate\":\"https:\/\/www.blogsoestado.com\/danielmatos\/?s={search_term_string}\"},\"query-input\":{\"@type\":\"PropertyValueSpecification\",\"valueRequired\":true,\"valueName\":\"search_term_string\"}}],\"inLanguage\":\"pt-BR\"}]}<\/script>\n<!-- \/ Yoast SEO plugin. -->","yoast_head_json":{"title":"Carnaval de S\u00e3o Jo\u00e3o Batista foi um dos mais animados e seguros do Maranh\u00e3o - Daniel Matos","robots":{"index":"index","follow":"follow","max-snippet":"max-snippet:-1","max-image-preview":"max-image-preview:large","max-video-preview":"max-video-preview:-1"},"canonical":"https:\/\/www.blogsoestado.com\/danielmatos\/carnaval-de-sao-joao-batista-foi-um-dos-mais-animados-e-seguros-do-maranhao\/","og_locale":"pt_BR","og_type":"article","og_title":"Carnaval de S\u00e3o Jo\u00e3o Batista foi um dos mais animados e seguros do Maranh\u00e3o - Daniel Matos","og_description":"O Mega Carnaval da Nossa Gente 2023 vai ficar na hist\u00f3ria de S\u00e3o Jo\u00e3o Batista como um dos mais bem [&hellip;]","og_url":"https:\/\/www.blogsoestado.com\/danielmatos\/carnaval-de-sao-joao-batista-foi-um-dos-mais-animados-e-seguros-do-maranhao\/","og_site_name":"Daniel Matos","article_published_time":"2023-02-24T01:08:17+00:00","og_image":[{"url":"https:\/\/www.blogsoestado.com\/danielmatos\/files\/2023\/02\/Screenshot_20230223-2203212.png","type":"","width":"","height":""}],"twitter_card":"summary_large_image","twitter_misc":{"Est. tempo de leitura":"2 minutos"},"schema":{"@context":"https:\/\/schema.org","@graph":[{"@type":"WebPage","@id":"https:\/\/www.blogsoestado.com\/danielmatos\/carnaval-de-sao-joao-batista-foi-um-dos-mais-animados-e-seguros-do-maranhao\/","url":"https:\/\/www.blogsoestado.com\/danielmatos\/carnaval-de-sao-joao-batista-foi-um-dos-mais-animados-e-seguros-do-maranhao\/","name":"Carnaval de S\u00e3o Jo\u00e3o Batista foi um dos mais animados e seguros do Maranh\u00e3o - Daniel Matos","isPartOf":{"@id":"https:\/\/www.blogsoestado.com\/danielmatos\/#website"},"primaryImageOfPage":{"@id":"https:\/\/www.blogsoestado.com\/danielmatos\/carnaval-de-sao-joao-batista-foi-um-dos-mais-animados-e-seguros-do-maranhao\/#primaryimage"},"image":{"@id":"https:\/\/www.blogsoestado.com\/danielmatos\/carnaval-de-sao-joao-batista-foi-um-dos-mais-animados-e-seguros-do-maranhao\/#primaryimage"},"thumbnailUrl":"https:\/\/www.blogsoestado.com\/danielmatos\/files\/2023\/02\/Screenshot_20230223-2203212.png","datePublished":"2023-02-24T01:08:17+00:00","author":{"@id":""},"breadcrumb":{"@id":"https:\/\/www.blogsoestado.com\/danielmatos\/carnaval-de-sao-joao-batista-foi-um-dos-mais-animados-e-seguros-do-maranhao\/#breadcrumb"},"inLanguage":"pt-BR","potentialAction":[{"@type":"ReadAction","target":["https:\/\/www.blogsoestado.com\/danielmatos\/carnaval-de-sao-joao-batista-foi-um-dos-mais-animados-e-seguros-do-maranhao\/"]}]},{"@type":"ImageObject","inLanguage":"pt-BR","@id":"https:\/\/www.blogsoestado.com\/danielmatos\/carnaval-de-sao-joao-batista-foi-um-dos-mais-animados-e-seguros-do-maranhao\/#primaryimage","url":"https:\/\/www.blogsoestado.com\/danielmatos\/files\/2023\/02\/Screenshot_20230223-2203212.png","contentUrl":"https:\/\/www.blogsoestado.com\/danielmatos\/files\/2023\/02\/Screenshot_20230223-2203212.png"},{"@type":"BreadcrumbList","@id":"https:\/\/www.blogsoestado.com\/danielmatos\/carnaval-de-sao-joao-batista-foi-um-dos-mais-animados-e-seguros-do-maranhao\/#breadcrumb","itemListElement":[{"@type":"ListItem","position":1,"name":"In\u00edcio","item":"https:\/\/www.blogsoestado.com\/danielmatos\/"},{"@type":"ListItem","position":2,"name":"Carnaval de S\u00e3o Jo\u00e3o Batista foi um dos mais animados e seguros do Maranh\u00e3o"}]},{"@type":"WebSite","@id":"https:\/\/www.blogsoestado.com\/danielmatos\/#website","url":"https:\/\/www.blogsoestado.com\/danielmatos\/","name":"Daniel Matos","description":"","potentialAction":[{"@type":"SearchAction","target":{"@type":"EntryPoint","urlTemplate":"https:\/\/www.blogsoestado.com\/danielmatos\/?s={search_term_string}"},"query-input":{"@type":"PropertyValueSpecification","valueRequired":true,"valueName":"search_term_string"}}],"inLanguage":"pt-BR"}]}},"jetpack_featured_media_url":"","_links":{"self":[{"href":"https:\/\/www.blogsoestado.com\/danielmatos\/wp-json\/wp\/v2\/posts\/106387","targetHints":{"allow":["GET"]}}],"collection":[{"href":"https:\/\/www.blogsoestado.com\/danielmatos\/wp-json\/wp\/v2\/posts"}],"about":[{"href":"https:\/\/www.blogsoestado.com\/danielmatos\/wp-json\/wp\/v2\/types\/post"}],"replies":[{"embeddable":true,"href":"https:\/\/www.blogsoestado.com\/danielmatos\/wp-json\/wp\/v2\/comments?post=106387"}],"version-history":[{"count":0,"href":"https:\/\/www.blogsoestado.com\/danielmatos\/wp-json\/wp\/v2\/posts\/106387\/revisions"}],"wp:attachment":[{"href":"https:\/\/www.blogsoestado.com\/danielmatos\/wp-json\/wp\/v2\/media?parent=106387"}],"wp:term":[{"taxonomy":"category","embeddable":true,"href":"https:\/\/www.blogsoestado.com\/danielmatos\/wp-json\/wp\/v2\/categories?post=106387"},{"taxonomy":"post_tag","embeddable":true,"href":"https:\/\/www.blogsoestado.com\/danielmatos\/wp-json\/wp\/v2\/tags?post=106387"}],"curies":[{"name":"wp","href":"https:\/\/api.w.org\/{rel}","templated":true}]}}