{"id":106395,"date":"2023-02-24T02:03:51","date_gmt":"2023-02-24T05:03:51","guid":{"rendered":"https:\/\/www.blogsoestado.com\/danielmatos\/?p=106395"},"modified":"2023-02-24T02:03:51","modified_gmt":"2023-02-24T05:03:51","slug":"mais-de-2-milhoes-de-pessoas-cairam-na-folia-no-carnaval","status":"publish","type":"post","link":"https:\/\/www.blogsoestado.com\/danielmatos\/mais-de-2-milhoes-de-pessoas-cairam-na-folia-no-carnaval\/","title":{"rendered":"Mais de 2 milh\u00f5es de pessoas ca\u00edram na folia no Carnaval do Maranh\u00e3o"},"content":{"rendered":"\n<div class=\"wp-block-image\"><figure class=\"aligncenter size-large\"><a href=\"https:\/\/www.blogsoestado.com\/danielmatos\/files\/2023\/02\/Screenshot_20230224-0144532.png\"><img decoding=\"async\" src=\"https:\/\/www.blogsoestado.com\/danielmatos\/files\/2023\/02\/Screenshot_20230224-0144532.png\" alt=\"\" class=\"wp-image-106396\"\/><\/a><figcaption>Multid\u00e3o invadiu o Circuito Beira-mar, onde foi registrada a maior frequ\u00eancia de p\u00fablico no Carnaval<\/figcaption><\/figure><\/div>\n\n\n\n<p>De acordo com c\u00e1lculo da Secretaria de Seguran\u00e7a P\u00fablica (SSP-MA), mais de 2 milh\u00f5es de pessoas ca\u00edram na folia no Maranh\u00e3o no Carnaval 2023, promovido pelo Governo do Estado. Nos cinco dias de festa, os circuitos carnavalescos registraram a presen\u00e7a de oito foli\u00f5es por metro quadrado, fatos constatados nas imagens das multid\u00f5es que lotaram a Avenida Beira-mar e a Avenida Litor\u00e2nea, principais pontos de converg\u00eancia de brincantes entre a Sexta-feira e a Ter\u00e7a-feira Gorda, em S\u00e3o Lu\u00eds <\/p>\n\n\n\n<div class=\"wp-block-image\"><figure class=\"aligncenter size-large\"><a href=\"https:\/\/www.blogsoestado.com\/danielmatos\/files\/2023\/02\/Screenshot_20230224-0145112.png\"><img decoding=\"async\" src=\"https:\/\/www.blogsoestado.com\/danielmatos\/files\/2023\/02\/Screenshot_20230224-0145112.png\" alt=\"\" class=\"wp-image-106397\"\/><\/a><figcaption>Mar de gente atra\u00edda ao Circuito Beira-mar na Segunda-feira de Carnaval, quando houve o show da dupla sertaneja Mayara &amp; Mara\u00edsa<\/figcaption><\/figure><\/div>\n\n\n\n<p>Em n\u00fameros precisos, 2.096.000 (dois milh\u00f5es e noventa e seis mil) pessoas curtiram a folia na programa\u00e7\u00e3o montada pelo governo, por meio da Secretaria de Estado da Cultura (Secma). O apice da participa\u00e7\u00e3o popular no Carnaval ocorreu na Segunda-feira, quando o p\u00fablico chegou a 416 mil s\u00f3 na Avenida Beira-mar. Naquela noite, a principal atra\u00e7\u00e3o foi a dupla sertaneja Mayara &amp; Mara\u00edsa, que em v\u00eddeo postado em suas redes sociais declarou ter ficado chocada com tanta gente no show que apresentou com a irm\u00e3 g\u00eamea.<\/p>\n\n\n\n<p>Ainda segundo a SSP, no Circuito Beira-mar, cerca de 280 mil foli\u00f5es se divertiram nos demais dias da festa.<\/p>\n\n\n\n<div class=\"wp-block-image\"><figure class=\"aligncenter size-large\"><a href=\"https:\/\/www.blogsoestado.com\/danielmatos\/files\/2023\/02\/Screenshot_20230224-0145302.png\"><img decoding=\"async\" src=\"https:\/\/www.blogsoestado.com\/danielmatos\/files\/2023\/02\/Screenshot_20230224-0145302.png\" alt=\"\" class=\"wp-image-106398\"\/><\/a><figcaption>Avenida Litor\u00e2nea lotada de foli\u00f5es: orla mar\u00edtima da capital tamb\u00e9m registrou frequ\u00eancia espetacular de p\u00fablico no Carnaval<\/figcaption><\/figure><\/div>\n\n\n\n<p>J\u00e1 na Avenida Litor\u00e2nea, o p\u00fablico atingiu 520 mil pessoas no canal no dias de Carnaval, com auge na Sexta-feira e no S\u00e1bado, quando a frequ\u00eancia alcan\u00e7ou 100 mil e 260 mil, respectivamente, conforme a SSP.<\/p>\n","protected":false},"excerpt":{"rendered":"<p>De acordo com c\u00e1lculo da Secretaria de Seguran\u00e7a P\u00fablica (SSP-MA), mais de 2 milh\u00f5es de pessoas ca\u00edram na folia no [&hellip;]<\/p>\n","protected":false},"author":0,"featured_media":0,"comment_status":"open","ping_status":"open","sticky":false,"template":"","format":"standard","meta":{"site-sidebar-layout":"default","site-content-layout":"","ast-site-content-layout":"default","site-content-style":"default","site-sidebar-style":"default","ast-global-header-display":"","ast-banner-title-visibility":"","ast-main-header-display":"","ast-hfb-above-header-display":"","ast-hfb-below-header-display":"","ast-hfb-mobile-header-display":"","site-post-title":"","ast-breadcrumbs-content":"","ast-featured-img":"","footer-sml-layout":"","ast-disable-related-posts":"","theme-transparent-header-meta":"","adv-header-id-meta":"","stick-header-meta":"","header-above-stick-meta":"","header-main-stick-meta":"","header-below-stick-meta":"","astra-migrate-meta-layouts":"default","ast-page-background-enabled":"default","ast-page-background-meta":{"desktop":{"background-color":"var(--ast-global-color-5)","background-image":"","background-repeat":"repeat","background-position":"center center","background-size":"auto","background-attachment":"scroll","background-type":"","background-media":"","overlay-type":"","overlay-color":"","overlay-opacity":"","overlay-gradient":""},"tablet":{"background-color":"","background-image":"","background-repeat":"repeat","background-position":"center center","background-size":"auto","background-attachment":"scroll","background-type":"","background-media":"","overlay-type":"","overlay-color":"","overlay-opacity":"","overlay-gradient":""},"mobile":{"background-color":"","background-image":"","background-repeat":"repeat","background-position":"center center","background-size":"auto","background-attachment":"scroll","background-type":"","background-media":"","overlay-type":"","overlay-color":"","overlay-opacity":"","overlay-gradient":""}},"ast-content-background-meta":{"desktop":{"background-color":"var(--ast-global-color-4)","background-image":"","background-repeat":"repeat","background-position":"center center","background-size":"auto","background-attachment":"scroll","background-type":"","background-media":"","overlay-type":"","overlay-color":"","overlay-opacity":"","overlay-gradient":""},"tablet":{"background-color":"var(--ast-global-color-4)","background-image":"","background-repeat":"repeat","background-position":"center center","background-size":"auto","background-attachment":"scroll","background-type":"","background-media":"","overlay-type":"","overlay-color":"","overlay-opacity":"","overlay-gradient":""},"mobile":{"background-color":"var(--ast-global-color-4)","background-image":"","background-repeat":"repeat","background-position":"center center","background-size":"auto","background-attachment":"scroll","background-type":"","background-media":"","overlay-type":"","overlay-color":"","overlay-opacity":"","overlay-gradient":""}},"footnotes":""},"categories":[1],"tags":[],"class_list":["post-106395","post","type-post","status-publish","format-standard","hentry","category-sem-categoria"],"yoast_head":"<!-- This site is optimized with the Yoast SEO plugin v26.6 - https:\/\/yoast.com\/wordpress\/plugins\/seo\/ -->\n<title>Mais de 2 milh\u00f5es de pessoas ca\u00edram na folia no Carnaval do Maranh\u00e3o - Daniel Matos<\/title>\n<meta name=\"robots\" content=\"index, follow, max-snippet:-1, max-image-preview:large, max-video-preview:-1\" \/>\n<link rel=\"canonical\" href=\"https:\/\/www.blogsoestado.com\/danielmatos\/mais-de-2-milhoes-de-pessoas-cairam-na-folia-no-carnaval\/\" \/>\n<meta property=\"og:locale\" content=\"pt_BR\" \/>\n<meta property=\"og:type\" content=\"article\" \/>\n<meta property=\"og:title\" content=\"Mais de 2 milh\u00f5es de pessoas ca\u00edram na folia no Carnaval do Maranh\u00e3o - Daniel Matos\" \/>\n<meta property=\"og:description\" content=\"De acordo com c\u00e1lculo da Secretaria de Seguran\u00e7a P\u00fablica (SSP-MA), mais de 2 milh\u00f5es de pessoas ca\u00edram na folia no [&hellip;]\" \/>\n<meta property=\"og:url\" content=\"https:\/\/www.blogsoestado.com\/danielmatos\/mais-de-2-milhoes-de-pessoas-cairam-na-folia-no-carnaval\/\" \/>\n<meta property=\"og:site_name\" content=\"Daniel Matos\" \/>\n<meta property=\"article:published_time\" content=\"2023-02-24T05:03:51+00:00\" \/>\n<meta property=\"og:image\" content=\"https:\/\/www.blogsoestado.com\/danielmatos\/files\/2023\/02\/Screenshot_20230224-0144532.png\" \/>\n<meta name=\"twitter:card\" content=\"summary_large_image\" \/>\n<meta name=\"twitter:label1\" content=\"Est. tempo de leitura\" \/>\n\t<meta name=\"twitter:data1\" content=\"2 minutos\" \/>\n<script type=\"application\/ld+json\" class=\"yoast-schema-graph\">{\"@context\":\"https:\/\/schema.org\",\"@graph\":[{\"@type\":\"WebPage\",\"@id\":\"https:\/\/www.blogsoestado.com\/danielmatos\/mais-de-2-milhoes-de-pessoas-cairam-na-folia-no-carnaval\/\",\"url\":\"https:\/\/www.blogsoestado.com\/danielmatos\/mais-de-2-milhoes-de-pessoas-cairam-na-folia-no-carnaval\/\",\"name\":\"Mais de 2 milh\u00f5es de pessoas ca\u00edram na folia no Carnaval do Maranh\u00e3o - Daniel Matos\",\"isPartOf\":{\"@id\":\"https:\/\/www.blogsoestado.com\/danielmatos\/#website\"},\"primaryImageOfPage\":{\"@id\":\"https:\/\/www.blogsoestado.com\/danielmatos\/mais-de-2-milhoes-de-pessoas-cairam-na-folia-no-carnaval\/#primaryimage\"},\"image\":{\"@id\":\"https:\/\/www.blogsoestado.com\/danielmatos\/mais-de-2-milhoes-de-pessoas-cairam-na-folia-no-carnaval\/#primaryimage\"},\"thumbnailUrl\":\"https:\/\/www.blogsoestado.com\/danielmatos\/files\/2023\/02\/Screenshot_20230224-0144532.png\",\"datePublished\":\"2023-02-24T05:03:51+00:00\",\"author\":{\"@id\":\"\"},\"breadcrumb\":{\"@id\":\"https:\/\/www.blogsoestado.com\/danielmatos\/mais-de-2-milhoes-de-pessoas-cairam-na-folia-no-carnaval\/#breadcrumb\"},\"inLanguage\":\"pt-BR\",\"potentialAction\":[{\"@type\":\"ReadAction\",\"target\":[\"https:\/\/www.blogsoestado.com\/danielmatos\/mais-de-2-milhoes-de-pessoas-cairam-na-folia-no-carnaval\/\"]}]},{\"@type\":\"ImageObject\",\"inLanguage\":\"pt-BR\",\"@id\":\"https:\/\/www.blogsoestado.com\/danielmatos\/mais-de-2-milhoes-de-pessoas-cairam-na-folia-no-carnaval\/#primaryimage\",\"url\":\"https:\/\/www.blogsoestado.com\/danielmatos\/files\/2023\/02\/Screenshot_20230224-0144532.png\",\"contentUrl\":\"https:\/\/www.blogsoestado.com\/danielmatos\/files\/2023\/02\/Screenshot_20230224-0144532.png\"},{\"@type\":\"BreadcrumbList\",\"@id\":\"https:\/\/www.blogsoestado.com\/danielmatos\/mais-de-2-milhoes-de-pessoas-cairam-na-folia-no-carnaval\/#breadcrumb\",\"itemListElement\":[{\"@type\":\"ListItem\",\"position\":1,\"name\":\"In\u00edcio\",\"item\":\"https:\/\/www.blogsoestado.com\/danielmatos\/\"},{\"@type\":\"ListItem\",\"position\":2,\"name\":\"Mais de 2 milh\u00f5es de pessoas ca\u00edram na folia no Carnaval do Maranh\u00e3o\"}]},{\"@type\":\"WebSite\",\"@id\":\"https:\/\/www.blogsoestado.com\/danielmatos\/#website\",\"url\":\"https:\/\/www.blogsoestado.com\/danielmatos\/\",\"name\":\"Daniel Matos\",\"description\":\"\",\"potentialAction\":[{\"@type\":\"SearchAction\",\"target\":{\"@type\":\"EntryPoint\",\"urlTemplate\":\"https:\/\/www.blogsoestado.com\/danielmatos\/?s={search_term_string}\"},\"query-input\":{\"@type\":\"PropertyValueSpecification\",\"valueRequired\":true,\"valueName\":\"search_term_string\"}}],\"inLanguage\":\"pt-BR\"}]}<\/script>\n<!-- \/ Yoast SEO plugin. -->","yoast_head_json":{"title":"Mais de 2 milh\u00f5es de pessoas ca\u00edram na folia no Carnaval do Maranh\u00e3o - Daniel Matos","robots":{"index":"index","follow":"follow","max-snippet":"max-snippet:-1","max-image-preview":"max-image-preview:large","max-video-preview":"max-video-preview:-1"},"canonical":"https:\/\/www.blogsoestado.com\/danielmatos\/mais-de-2-milhoes-de-pessoas-cairam-na-folia-no-carnaval\/","og_locale":"pt_BR","og_type":"article","og_title":"Mais de 2 milh\u00f5es de pessoas ca\u00edram na folia no Carnaval do Maranh\u00e3o - Daniel Matos","og_description":"De acordo com c\u00e1lculo da Secretaria de Seguran\u00e7a P\u00fablica (SSP-MA), mais de 2 milh\u00f5es de pessoas ca\u00edram na folia no [&hellip;]","og_url":"https:\/\/www.blogsoestado.com\/danielmatos\/mais-de-2-milhoes-de-pessoas-cairam-na-folia-no-carnaval\/","og_site_name":"Daniel Matos","article_published_time":"2023-02-24T05:03:51+00:00","og_image":[{"url":"https:\/\/www.blogsoestado.com\/danielmatos\/files\/2023\/02\/Screenshot_20230224-0144532.png","type":"","width":"","height":""}],"twitter_card":"summary_large_image","twitter_misc":{"Est. tempo de leitura":"2 minutos"},"schema":{"@context":"https:\/\/schema.org","@graph":[{"@type":"WebPage","@id":"https:\/\/www.blogsoestado.com\/danielmatos\/mais-de-2-milhoes-de-pessoas-cairam-na-folia-no-carnaval\/","url":"https:\/\/www.blogsoestado.com\/danielmatos\/mais-de-2-milhoes-de-pessoas-cairam-na-folia-no-carnaval\/","name":"Mais de 2 milh\u00f5es de pessoas ca\u00edram na folia no Carnaval do Maranh\u00e3o - Daniel Matos","isPartOf":{"@id":"https:\/\/www.blogsoestado.com\/danielmatos\/#website"},"primaryImageOfPage":{"@id":"https:\/\/www.blogsoestado.com\/danielmatos\/mais-de-2-milhoes-de-pessoas-cairam-na-folia-no-carnaval\/#primaryimage"},"image":{"@id":"https:\/\/www.blogsoestado.com\/danielmatos\/mais-de-2-milhoes-de-pessoas-cairam-na-folia-no-carnaval\/#primaryimage"},"thumbnailUrl":"https:\/\/www.blogsoestado.com\/danielmatos\/files\/2023\/02\/Screenshot_20230224-0144532.png","datePublished":"2023-02-24T05:03:51+00:00","author":{"@id":""},"breadcrumb":{"@id":"https:\/\/www.blogsoestado.com\/danielmatos\/mais-de-2-milhoes-de-pessoas-cairam-na-folia-no-carnaval\/#breadcrumb"},"inLanguage":"pt-BR","potentialAction":[{"@type":"ReadAction","target":["https:\/\/www.blogsoestado.com\/danielmatos\/mais-de-2-milhoes-de-pessoas-cairam-na-folia-no-carnaval\/"]}]},{"@type":"ImageObject","inLanguage":"pt-BR","@id":"https:\/\/www.blogsoestado.com\/danielmatos\/mais-de-2-milhoes-de-pessoas-cairam-na-folia-no-carnaval\/#primaryimage","url":"https:\/\/www.blogsoestado.com\/danielmatos\/files\/2023\/02\/Screenshot_20230224-0144532.png","contentUrl":"https:\/\/www.blogsoestado.com\/danielmatos\/files\/2023\/02\/Screenshot_20230224-0144532.png"},{"@type":"BreadcrumbList","@id":"https:\/\/www.blogsoestado.com\/danielmatos\/mais-de-2-milhoes-de-pessoas-cairam-na-folia-no-carnaval\/#breadcrumb","itemListElement":[{"@type":"ListItem","position":1,"name":"In\u00edcio","item":"https:\/\/www.blogsoestado.com\/danielmatos\/"},{"@type":"ListItem","position":2,"name":"Mais de 2 milh\u00f5es de pessoas ca\u00edram na folia no Carnaval do Maranh\u00e3o"}]},{"@type":"WebSite","@id":"https:\/\/www.blogsoestado.com\/danielmatos\/#website","url":"https:\/\/www.blogsoestado.com\/danielmatos\/","name":"Daniel Matos","description":"","potentialAction":[{"@type":"SearchAction","target":{"@type":"EntryPoint","urlTemplate":"https:\/\/www.blogsoestado.com\/danielmatos\/?s={search_term_string}"},"query-input":{"@type":"PropertyValueSpecification","valueRequired":true,"valueName":"search_term_string"}}],"inLanguage":"pt-BR"}]}},"jetpack_featured_media_url":"","_links":{"self":[{"href":"https:\/\/www.blogsoestado.com\/danielmatos\/wp-json\/wp\/v2\/posts\/106395","targetHints":{"allow":["GET"]}}],"collection":[{"href":"https:\/\/www.blogsoestado.com\/danielmatos\/wp-json\/wp\/v2\/posts"}],"about":[{"href":"https:\/\/www.blogsoestado.com\/danielmatos\/wp-json\/wp\/v2\/types\/post"}],"replies":[{"embeddable":true,"href":"https:\/\/www.blogsoestado.com\/danielmatos\/wp-json\/wp\/v2\/comments?post=106395"}],"version-history":[{"count":0,"href":"https:\/\/www.blogsoestado.com\/danielmatos\/wp-json\/wp\/v2\/posts\/106395\/revisions"}],"wp:attachment":[{"href":"https:\/\/www.blogsoestado.com\/danielmatos\/wp-json\/wp\/v2\/media?parent=106395"}],"wp:term":[{"taxonomy":"category","embeddable":true,"href":"https:\/\/www.blogsoestado.com\/danielmatos\/wp-json\/wp\/v2\/categories?post=106395"},{"taxonomy":"post_tag","embeddable":true,"href":"https:\/\/www.blogsoestado.com\/danielmatos\/wp-json\/wp\/v2\/tags?post=106395"}],"curies":[{"name":"wp","href":"https:\/\/api.w.org\/{rel}","templated":true}]}}