{"id":106410,"date":"2023-02-24T10:52:06","date_gmt":"2023-02-24T13:52:06","guid":{"rendered":"https:\/\/www.blogsoestado.com\/danielmatos\/?p=106410"},"modified":"2023-02-24T10:52:06","modified_gmt":"2023-02-24T13:52:06","slug":"sao-luis-recebera-o-maior-circuito-de-corrida-de-rua-da-america-latina","status":"publish","type":"post","link":"https:\/\/www.blogsoestado.com\/danielmatos\/sao-luis-recebera-o-maior-circuito-de-corrida-de-rua-da-america-latina\/","title":{"rendered":"S\u00e3o Lu\u00eds receber\u00e1 o maior Circuito de Corrida de Rua da Am\u00e9rica Latina"},"content":{"rendered":"\n<p><strong><span class=\"has-inline-color has-vivid-red-color\">Ser\u00e3o 4 corridas no decorrer do ano; as inscri\u00e7\u00f5es est\u00e3o abertas;\u00a0circuito ter\u00e1 in\u00edcio no S\u00e3o Lu\u00eds Shopping<\/span><\/strong><\/p>\n\n\n\n<div class=\"wp-block-image\"><figure class=\"aligncenter size-large\"><a href=\"https:\/\/www.blogsoestado.com\/danielmatos\/files\/2023\/02\/Screenshot_20230224-1049092.png\"><img decoding=\"async\" src=\"https:\/\/www.blogsoestado.com\/danielmatos\/files\/2023\/02\/Screenshot_20230224-1049092.png\" alt=\"\" class=\"wp-image-106411\"\/><\/a><\/figure><\/div>\n\n\n\n<p>A cidade de S\u00e3o Lu\u00eds vai receber o Circuito das Esta\u00e7\u00f5es, o maior da Am\u00e9rica Latina de Corrida de Rua.\u00a0As inscri\u00e7\u00f5es para o evento j\u00e1 est\u00e3o abertas. No decorrer deste ano, ser\u00e3o 4 corridas: Outono no dia 16\/04, Inverno no dia 25\/06, Primavera no dia 01\/10 e Ver\u00e3o no dia 17\/12.<\/p>\n\n\n\n<p>O circuito ter\u00e1 in\u00edcio no S\u00e3o Lu\u00eds Shopping e conta com um super kit para os participantes, contendo: Camiseta HiveTech\u00ae, BioSacola, Snap-on Ultra Bottle e uma Medalha (p\u00f3s-prova).\u00a0Para mais informa\u00e7\u00f5es de regulamento e inscri\u00e7\u00f5es, acesse site:<strong>\u00a0<a href=\"https:\/\/www.circuitodasestacoes.com.br\/sao-luis\/\" target=\"_blank\" rel=\"noreferrer noopener\">https:\/\/www.circuitodasestacoes.com.br\/sao-luis\/<\/a><\/strong><\/p>\n\n\n\n<p>A Corrida de Rua ganha a cada ano mais adeptos e atrai pessoas de todas as idades e qualquer porte f\u00edsico. Estima-se que existam entre 6 milh\u00f5es e 10 milh\u00f5es de corredores de rua no Brasil, n\u00famero que varia de acordo com especialistas.<\/p>\n\n\n\n<p>Voc\u00ea j\u00e1 deve ter se deparado nos fins de semana com eventos de corrida de rua em algum canto da cidade, seja ela qual for. Ou ent\u00e3o j\u00e1 encontrou atletas profissionais ou amadores praticando o esporte em parques, pra\u00e7as p\u00fablicas ou mesmo em avenidas.<\/p>\n\n\n\n<div class=\"wp-block-image\"><figure class=\"aligncenter size-large\"><a href=\"https:\/\/www.blogsoestado.com\/danielmatos\/files\/2023\/02\/Screenshot_20230224-1049542.png\"><img decoding=\"async\" src=\"https:\/\/www.blogsoestado.com\/danielmatos\/files\/2023\/02\/Screenshot_20230224-1049542.png\" alt=\"\" class=\"wp-image-106412\"\/><\/a><figcaption>Corredora premiada conquista medalha conquistada por vit\u00f3ria em prova<\/figcaption><\/figure><\/div>\n\n\n\n<p>As corridas de ruas est\u00e3o selecionadas entre os principais eventos do pa\u00eds. No relat\u00f3rio &#8220;Pr\u00e1ticas de Esporte e Atividade F\u00edsica&#8221;, 24,6% dos brasileiros afirmaram praticar corrida e caminhada com alguma frequ\u00eancia. \u00a0<\/p>\n\n\n\n<p>\u201dQueremos colocar as pessoas em movimento, transformando a vida delas por meio do esporte&#8221;, disse Igor Quartin, gerente de Marketing do S\u00e3o Lu\u00eds Shopping. \u201cEm 2023, nosso convite \u00e9 para a mudan\u00e7a. Mudan\u00e7a de perspectiva, de h\u00e1bitos e atitudes\u201d, acrescentou.<\/p>\n\n\n\n<p>S\u00e3o muitos motivos que levam uma pessoa a praticar corrida de rua. Pode ser por quest\u00e3o de sa\u00fade, de est\u00e9tica, para superar limites ou at\u00e9 para come\u00e7ar uma transforma\u00e7\u00e3o na vida. O primeiro passo com o t\u00eanis no p\u00e9 j\u00e1 inicia a mudan\u00e7a, que s\u00f3 ocorrer\u00e1 com persist\u00eancia. \u00c9 uma terapia, pois melhora a qualidade de vida.\u00a0<\/p>\n","protected":false},"excerpt":{"rendered":"<p>Ser\u00e3o 4 corridas no decorrer do ano; as inscri\u00e7\u00f5es est\u00e3o abertas;\u00a0circuito ter\u00e1 in\u00edcio no S\u00e3o Lu\u00eds Shopping A cidade de [&hellip;]<\/p>\n","protected":false},"author":0,"featured_media":0,"comment_status":"open","ping_status":"open","sticky":false,"template":"","format":"standard","meta":{"site-sidebar-layout":"default","site-content-layout":"","ast-site-content-layout":"default","site-content-style":"default","site-sidebar-style":"default","ast-global-header-display":"","ast-banner-title-visibility":"","ast-main-header-display":"","ast-hfb-above-header-display":"","ast-hfb-below-header-display":"","ast-hfb-mobile-header-display":"","site-post-title":"","ast-breadcrumbs-content":"","ast-featured-img":"","footer-sml-layout":"","ast-disable-related-posts":"","theme-transparent-header-meta":"","adv-header-id-meta":"","stick-header-meta":"","header-above-stick-meta":"","header-main-stick-meta":"","header-below-stick-meta":"","astra-migrate-meta-layouts":"default","ast-page-background-enabled":"default","ast-page-background-meta":{"desktop":{"background-color":"var(--ast-global-color-5)","background-image":"","background-repeat":"repeat","background-position":"center center","background-size":"auto","background-attachment":"scroll","background-type":"","background-media":"","overlay-type":"","overlay-color":"","overlay-opacity":"","overlay-gradient":""},"tablet":{"background-color":"","background-image":"","background-repeat":"repeat","background-position":"center center","background-size":"auto","background-attachment":"scroll","background-type":"","background-media":"","overlay-type":"","overlay-color":"","overlay-opacity":"","overlay-gradient":""},"mobile":{"background-color":"","background-image":"","background-repeat":"repeat","background-position":"center center","background-size":"auto","background-attachment":"scroll","background-type":"","background-media":"","overlay-type":"","overlay-color":"","overlay-opacity":"","overlay-gradient":""}},"ast-content-background-meta":{"desktop":{"background-color":"var(--ast-global-color-4)","background-image":"","background-repeat":"repeat","background-position":"center center","background-size":"auto","background-attachment":"scroll","background-type":"","background-media":"","overlay-type":"","overlay-color":"","overlay-opacity":"","overlay-gradient":""},"tablet":{"background-color":"var(--ast-global-color-4)","background-image":"","background-repeat":"repeat","background-position":"center center","background-size":"auto","background-attachment":"scroll","background-type":"","background-media":"","overlay-type":"","overlay-color":"","overlay-opacity":"","overlay-gradient":""},"mobile":{"background-color":"var(--ast-global-color-4)","background-image":"","background-repeat":"repeat","background-position":"center center","background-size":"auto","background-attachment":"scroll","background-type":"","background-media":"","overlay-type":"","overlay-color":"","overlay-opacity":"","overlay-gradient":""}},"footnotes":""},"categories":[1],"tags":[],"class_list":["post-106410","post","type-post","status-publish","format-standard","hentry","category-sem-categoria"],"yoast_head":"<!-- This site is optimized with the Yoast SEO plugin v26.6 - https:\/\/yoast.com\/wordpress\/plugins\/seo\/ -->\n<title>S\u00e3o Lu\u00eds receber\u00e1 o maior Circuito de Corrida de Rua da Am\u00e9rica Latina - Daniel Matos<\/title>\n<meta name=\"robots\" content=\"index, follow, max-snippet:-1, max-image-preview:large, max-video-preview:-1\" \/>\n<link rel=\"canonical\" href=\"https:\/\/www.blogsoestado.com\/danielmatos\/sao-luis-recebera-o-maior-circuito-de-corrida-de-rua-da-america-latina\/\" \/>\n<meta property=\"og:locale\" content=\"pt_BR\" \/>\n<meta property=\"og:type\" content=\"article\" \/>\n<meta property=\"og:title\" content=\"S\u00e3o Lu\u00eds receber\u00e1 o maior Circuito de Corrida de Rua da Am\u00e9rica Latina - Daniel Matos\" \/>\n<meta property=\"og:description\" content=\"Ser\u00e3o 4 corridas no decorrer do ano; as inscri\u00e7\u00f5es est\u00e3o abertas;\u00a0circuito ter\u00e1 in\u00edcio no S\u00e3o Lu\u00eds Shopping A cidade de [&hellip;]\" \/>\n<meta property=\"og:url\" content=\"https:\/\/www.blogsoestado.com\/danielmatos\/sao-luis-recebera-o-maior-circuito-de-corrida-de-rua-da-america-latina\/\" \/>\n<meta property=\"og:site_name\" content=\"Daniel Matos\" \/>\n<meta property=\"article:published_time\" content=\"2023-02-24T13:52:06+00:00\" \/>\n<meta property=\"og:image\" content=\"https:\/\/www.blogsoestado.com\/danielmatos\/files\/2023\/02\/Screenshot_20230224-1049092.png\" \/>\n<meta name=\"twitter:card\" content=\"summary_large_image\" \/>\n<meta name=\"twitter:label1\" content=\"Est. tempo de leitura\" \/>\n\t<meta name=\"twitter:data1\" content=\"2 minutos\" \/>\n<script type=\"application\/ld+json\" class=\"yoast-schema-graph\">{\"@context\":\"https:\/\/schema.org\",\"@graph\":[{\"@type\":\"WebPage\",\"@id\":\"https:\/\/www.blogsoestado.com\/danielmatos\/sao-luis-recebera-o-maior-circuito-de-corrida-de-rua-da-america-latina\/\",\"url\":\"https:\/\/www.blogsoestado.com\/danielmatos\/sao-luis-recebera-o-maior-circuito-de-corrida-de-rua-da-america-latina\/\",\"name\":\"S\u00e3o Lu\u00eds receber\u00e1 o maior Circuito de Corrida de Rua da Am\u00e9rica Latina - Daniel Matos\",\"isPartOf\":{\"@id\":\"https:\/\/www.blogsoestado.com\/danielmatos\/#website\"},\"primaryImageOfPage\":{\"@id\":\"https:\/\/www.blogsoestado.com\/danielmatos\/sao-luis-recebera-o-maior-circuito-de-corrida-de-rua-da-america-latina\/#primaryimage\"},\"image\":{\"@id\":\"https:\/\/www.blogsoestado.com\/danielmatos\/sao-luis-recebera-o-maior-circuito-de-corrida-de-rua-da-america-latina\/#primaryimage\"},\"thumbnailUrl\":\"https:\/\/www.blogsoestado.com\/danielmatos\/files\/2023\/02\/Screenshot_20230224-1049092.png\",\"datePublished\":\"2023-02-24T13:52:06+00:00\",\"author\":{\"@id\":\"\"},\"breadcrumb\":{\"@id\":\"https:\/\/www.blogsoestado.com\/danielmatos\/sao-luis-recebera-o-maior-circuito-de-corrida-de-rua-da-america-latina\/#breadcrumb\"},\"inLanguage\":\"pt-BR\",\"potentialAction\":[{\"@type\":\"ReadAction\",\"target\":[\"https:\/\/www.blogsoestado.com\/danielmatos\/sao-luis-recebera-o-maior-circuito-de-corrida-de-rua-da-america-latina\/\"]}]},{\"@type\":\"ImageObject\",\"inLanguage\":\"pt-BR\",\"@id\":\"https:\/\/www.blogsoestado.com\/danielmatos\/sao-luis-recebera-o-maior-circuito-de-corrida-de-rua-da-america-latina\/#primaryimage\",\"url\":\"https:\/\/www.blogsoestado.com\/danielmatos\/files\/2023\/02\/Screenshot_20230224-1049092.png\",\"contentUrl\":\"https:\/\/www.blogsoestado.com\/danielmatos\/files\/2023\/02\/Screenshot_20230224-1049092.png\"},{\"@type\":\"BreadcrumbList\",\"@id\":\"https:\/\/www.blogsoestado.com\/danielmatos\/sao-luis-recebera-o-maior-circuito-de-corrida-de-rua-da-america-latina\/#breadcrumb\",\"itemListElement\":[{\"@type\":\"ListItem\",\"position\":1,\"name\":\"In\u00edcio\",\"item\":\"https:\/\/www.blogsoestado.com\/danielmatos\/\"},{\"@type\":\"ListItem\",\"position\":2,\"name\":\"S\u00e3o Lu\u00eds receber\u00e1 o maior Circuito de Corrida de Rua da Am\u00e9rica Latina\"}]},{\"@type\":\"WebSite\",\"@id\":\"https:\/\/www.blogsoestado.com\/danielmatos\/#website\",\"url\":\"https:\/\/www.blogsoestado.com\/danielmatos\/\",\"name\":\"Daniel Matos\",\"description\":\"\",\"potentialAction\":[{\"@type\":\"SearchAction\",\"target\":{\"@type\":\"EntryPoint\",\"urlTemplate\":\"https:\/\/www.blogsoestado.com\/danielmatos\/?s={search_term_string}\"},\"query-input\":{\"@type\":\"PropertyValueSpecification\",\"valueRequired\":true,\"valueName\":\"search_term_string\"}}],\"inLanguage\":\"pt-BR\"}]}<\/script>\n<!-- \/ Yoast SEO plugin. -->","yoast_head_json":{"title":"S\u00e3o Lu\u00eds receber\u00e1 o maior Circuito de Corrida de Rua da Am\u00e9rica Latina - Daniel Matos","robots":{"index":"index","follow":"follow","max-snippet":"max-snippet:-1","max-image-preview":"max-image-preview:large","max-video-preview":"max-video-preview:-1"},"canonical":"https:\/\/www.blogsoestado.com\/danielmatos\/sao-luis-recebera-o-maior-circuito-de-corrida-de-rua-da-america-latina\/","og_locale":"pt_BR","og_type":"article","og_title":"S\u00e3o Lu\u00eds receber\u00e1 o maior Circuito de Corrida de Rua da Am\u00e9rica Latina - Daniel Matos","og_description":"Ser\u00e3o 4 corridas no decorrer do ano; as inscri\u00e7\u00f5es est\u00e3o abertas;\u00a0circuito ter\u00e1 in\u00edcio no S\u00e3o Lu\u00eds Shopping A cidade de [&hellip;]","og_url":"https:\/\/www.blogsoestado.com\/danielmatos\/sao-luis-recebera-o-maior-circuito-de-corrida-de-rua-da-america-latina\/","og_site_name":"Daniel Matos","article_published_time":"2023-02-24T13:52:06+00:00","og_image":[{"url":"https:\/\/www.blogsoestado.com\/danielmatos\/files\/2023\/02\/Screenshot_20230224-1049092.png","type":"","width":"","height":""}],"twitter_card":"summary_large_image","twitter_misc":{"Est. tempo de leitura":"2 minutos"},"schema":{"@context":"https:\/\/schema.org","@graph":[{"@type":"WebPage","@id":"https:\/\/www.blogsoestado.com\/danielmatos\/sao-luis-recebera-o-maior-circuito-de-corrida-de-rua-da-america-latina\/","url":"https:\/\/www.blogsoestado.com\/danielmatos\/sao-luis-recebera-o-maior-circuito-de-corrida-de-rua-da-america-latina\/","name":"S\u00e3o Lu\u00eds receber\u00e1 o maior Circuito de Corrida de Rua da Am\u00e9rica Latina - Daniel Matos","isPartOf":{"@id":"https:\/\/www.blogsoestado.com\/danielmatos\/#website"},"primaryImageOfPage":{"@id":"https:\/\/www.blogsoestado.com\/danielmatos\/sao-luis-recebera-o-maior-circuito-de-corrida-de-rua-da-america-latina\/#primaryimage"},"image":{"@id":"https:\/\/www.blogsoestado.com\/danielmatos\/sao-luis-recebera-o-maior-circuito-de-corrida-de-rua-da-america-latina\/#primaryimage"},"thumbnailUrl":"https:\/\/www.blogsoestado.com\/danielmatos\/files\/2023\/02\/Screenshot_20230224-1049092.png","datePublished":"2023-02-24T13:52:06+00:00","author":{"@id":""},"breadcrumb":{"@id":"https:\/\/www.blogsoestado.com\/danielmatos\/sao-luis-recebera-o-maior-circuito-de-corrida-de-rua-da-america-latina\/#breadcrumb"},"inLanguage":"pt-BR","potentialAction":[{"@type":"ReadAction","target":["https:\/\/www.blogsoestado.com\/danielmatos\/sao-luis-recebera-o-maior-circuito-de-corrida-de-rua-da-america-latina\/"]}]},{"@type":"ImageObject","inLanguage":"pt-BR","@id":"https:\/\/www.blogsoestado.com\/danielmatos\/sao-luis-recebera-o-maior-circuito-de-corrida-de-rua-da-america-latina\/#primaryimage","url":"https:\/\/www.blogsoestado.com\/danielmatos\/files\/2023\/02\/Screenshot_20230224-1049092.png","contentUrl":"https:\/\/www.blogsoestado.com\/danielmatos\/files\/2023\/02\/Screenshot_20230224-1049092.png"},{"@type":"BreadcrumbList","@id":"https:\/\/www.blogsoestado.com\/danielmatos\/sao-luis-recebera-o-maior-circuito-de-corrida-de-rua-da-america-latina\/#breadcrumb","itemListElement":[{"@type":"ListItem","position":1,"name":"In\u00edcio","item":"https:\/\/www.blogsoestado.com\/danielmatos\/"},{"@type":"ListItem","position":2,"name":"S\u00e3o Lu\u00eds receber\u00e1 o maior Circuito de Corrida de Rua da Am\u00e9rica Latina"}]},{"@type":"WebSite","@id":"https:\/\/www.blogsoestado.com\/danielmatos\/#website","url":"https:\/\/www.blogsoestado.com\/danielmatos\/","name":"Daniel Matos","description":"","potentialAction":[{"@type":"SearchAction","target":{"@type":"EntryPoint","urlTemplate":"https:\/\/www.blogsoestado.com\/danielmatos\/?s={search_term_string}"},"query-input":{"@type":"PropertyValueSpecification","valueRequired":true,"valueName":"search_term_string"}}],"inLanguage":"pt-BR"}]}},"jetpack_featured_media_url":"","_links":{"self":[{"href":"https:\/\/www.blogsoestado.com\/danielmatos\/wp-json\/wp\/v2\/posts\/106410","targetHints":{"allow":["GET"]}}],"collection":[{"href":"https:\/\/www.blogsoestado.com\/danielmatos\/wp-json\/wp\/v2\/posts"}],"about":[{"href":"https:\/\/www.blogsoestado.com\/danielmatos\/wp-json\/wp\/v2\/types\/post"}],"replies":[{"embeddable":true,"href":"https:\/\/www.blogsoestado.com\/danielmatos\/wp-json\/wp\/v2\/comments?post=106410"}],"version-history":[{"count":0,"href":"https:\/\/www.blogsoestado.com\/danielmatos\/wp-json\/wp\/v2\/posts\/106410\/revisions"}],"wp:attachment":[{"href":"https:\/\/www.blogsoestado.com\/danielmatos\/wp-json\/wp\/v2\/media?parent=106410"}],"wp:term":[{"taxonomy":"category","embeddable":true,"href":"https:\/\/www.blogsoestado.com\/danielmatos\/wp-json\/wp\/v2\/categories?post=106410"},{"taxonomy":"post_tag","embeddable":true,"href":"https:\/\/www.blogsoestado.com\/danielmatos\/wp-json\/wp\/v2\/tags?post=106410"}],"curies":[{"name":"wp","href":"https:\/\/api.w.org\/{rel}","templated":true}]}}