{"id":106429,"date":"2023-02-24T21:00:00","date_gmt":"2023-02-25T00:00:00","guid":{"rendered":"https:\/\/www.blogsoestado.com\/danielmatos\/?p=106429"},"modified":"2023-02-24T21:00:00","modified_gmt":"2023-02-25T00:00:00","slug":"alumar-e-instituto-alcoa-formam-profissionais-nas-comunidades-vizinhas-a-fabrica","status":"publish","type":"post","link":"https:\/\/www.blogsoestado.com\/danielmatos\/alumar-e-instituto-alcoa-formam-profissionais-nas-comunidades-vizinhas-a-fabrica\/","title":{"rendered":"Alumar e Instituto Alcoa formam profissionais nas comunidades vizinhas \u00e0 f\u00e1brica"},"content":{"rendered":"\n<div class=\"wp-block-image\"><figure class=\"aligncenter size-large\"><a href=\"https:\/\/www.blogsoestado.com\/danielmatos\/files\/2023\/02\/Screenshot_20230224-1951062.png\"><img decoding=\"async\" src=\"https:\/\/www.blogsoestado.com\/danielmatos\/files\/2023\/02\/Screenshot_20230224-1951062.png\" alt=\"\" class=\"wp-image-106430\"\/><\/a><\/figure><\/div>\n\n\n\n<p>Ao abra\u00e7ar um papel de agente de transforma\u00e7\u00e3o, a Alumar abriu portas para que, em 2022, centenas de pessoas conquistassem um certificado de qualifica\u00e7\u00e3o profissional \u2013 ponte para a inser\u00e7\u00e3o no mercado de trabalho formal ou ainda, na busca por um novo caminho no empreendedorismo. Somente em 2022, foram investidos mais de R$480 mil na qualifica\u00e7\u00e3o de novos profissionais.<\/p>\n\n\n\n<p>Para facilitar o acesso \u00e0 profissionaliza\u00e7\u00e3o, os cursos s\u00e3o oferecidos nas pr\u00f3prias comunidades e s\u00e3o orientados tecnicamente por parceiros como Senai e Sesi. Eletricista predial, soldador, cozinha empreendedora, costura sustent\u00e1vel e fortalecimento de lideran\u00e7as comunit\u00e1rias foram algumas das \u00e1reas contempladas, de acordo com a expectativa e necessidade da comunidade beneficiada. <\/p>\n\n\n\n<p>Ao todo, 327 alunos em mais de 20 comunidades vizinhas, entre elas, Mangue Seco, Coqueiro, Marua\u00ed, Pedrinhas, Estiva, Portinho, Vila Samara, Rio dos Cachorros, Vila Cabral Miranda, Anajatiua e Ananandiba foram formados.<\/p>\n\n\n\n<p>Com mais pessoas qualificadas, \u00e9 poss\u00edvel absorver a m\u00e3o de obra local. Durante as obras da \u00c1rea de Res\u00edduo de Bauxita (ARB) 9, por exemplo, 40% dos colaboradores eram profissionais das comunidades vizinhas \u00e0 Alumar.<\/p>\n\n\n\n<p>Importante lembrar tamb\u00e9m que essa m\u00e3o de obra tamb\u00e9m \u00e9 aproveitada pela RAM &#8211; Rede de Ajuda M\u00fatua, que engloba diversas empresas ao longo dos primeiros 24km da BR-135.<\/p>\n\n\n\n<div class=\"wp-block-image\"><figure class=\"aligncenter size-large\"><a href=\"https:\/\/www.blogsoestado.com\/danielmatos\/files\/2023\/02\/Screenshot_20230224-1952442.png\"><img decoding=\"async\" src=\"https:\/\/www.blogsoestado.com\/danielmatos\/files\/2023\/02\/Screenshot_20230224-1952442.png\" alt=\"\" class=\"wp-image-106431\"\/><\/a><\/figure><\/div>\n\n\n\n<p>A Alumar se fez presente tamb\u00e9m na educa\u00e7\u00e3o profissional atrav\u00e9s de investimentos do Instituto Alcoa. Um exemplo foi o Projeto Cuidar, iniciativa da organiza\u00e7\u00e3o n\u00e3o governamental Instituto Pobres Servos da Divina Provid\u00eancia que levou cursos de educa\u00e7\u00e3o empreendedora como auxiliar administrativo, oficina de manuten\u00e7\u00e3o b\u00e1sica de cadeira de rodas, curso de libras, cuidador de idosos e de pessoas com defici\u00eancias, acessibilidades aplicada e oficinas de artes c\u00eanicas e de \u00e1udio descri\u00e7\u00e3o a 298 pessoas da comunidade da Cidade Oper\u00e1ria, em especial \u00e0s pessoas com defici\u00eancia.<\/p>\n\n\n\n<p>Tamb\u00e9m voltado para as pessoas com defici\u00eancia, o Instituto Alcoa em parceria com o Senai, formou 13 alunos no curso de assistente administrativo exclusivo para para PCDs e integra as iniciativas do grupo de inclus\u00e3o ABLE (Alcoans moving Beyond Limited Expectations &#8211; Alcoanos e Alcoanas indo Al\u00e9m de Expectativas Limitantes), que busca promover um ambiente cada vez mais inclusivo, diverso e equitativo.<\/p>\n\n\n\n<p>O Projeto Arte de Ferro \u00e9 um outro exemplo de uma bem-sucedida parceria com as comunidades. Desenvolvido no Centro Art\u00edstico Oper\u00e1rio Maranhense (CAOM) o curso, que recebeu investimentos do Instituto Alcoa, capacitou, no ano passado, 60 pessoas no curso de serralheiro, uma profiss\u00e3o que, de acordo com a presidente do CAOM, Vera Jord\u00e3o, sempre h\u00e1 demanda de trabalho, o que oportuniza uma coloca\u00e7\u00e3o no mercado.<\/p>\n\n\n\n<div class=\"wp-block-image\"><figure class=\"aligncenter size-large\"><a href=\"https:\/\/www.blogsoestado.com\/danielmatos\/files\/2023\/02\/Screenshot_20230224-1951232.png\"><img decoding=\"async\" src=\"https:\/\/www.blogsoestado.com\/danielmatos\/files\/2023\/02\/Screenshot_20230224-1951232.png\" alt=\"\" class=\"wp-image-106432\"\/><\/a><\/figure><\/div>\n\n\n\n<p>Para 2023, de acordo com a Gerente de Rela\u00e7\u00f5es Institucionais da Alumar, Dulcimar Soares, a expectativa \u00e9 trabalhar com as comunidades uma cartela de cursos ainda mais assertiva, fortalecendo o capital humano e potencializando estrat\u00e9gias criativas de empregabilidade.<\/p>\n\n\n\n<p><strong>Sobre a Alumar<\/strong><\/p>\n\n\n\n<p>O Cons\u00f3rcio de Alum\u00ednio do Maranh\u00e3o &#8211; Alumar \u00e9 um dos maiores complexos industriais de produ\u00e7\u00e3o de alumina e alum\u00ednio do mundo. Inaugurado em julho de 1984, \u00e9 formado pelas empresas Alcoa, Rio Tinto e South32 e desempenha um papel importante no Maranh\u00e3o. Cerca de 90% de seus colaboradores s\u00e3o maranhenses, al\u00e9m de contar com centenas de fornecedores locais.<\/p>\n\n\n\n<p>O sistema de gest\u00e3o da Alumar \u00e9 integrado e engloba gest\u00f5es de qualidade, sa\u00fade, seguran\u00e7a e meio ambiente estabelecido com base nas normas NBR ISO 9001, NBR ISO 14001 e NBR ISO 45001. Em 2019, obteve a certifica\u00e7\u00e3o ASI (Aluminium Stewardship Initiative), o mais importante Selo de Sustentabilidade na cadeia de valor do alum\u00ednio.<\/p>\n","protected":false},"excerpt":{"rendered":"<p>Ao abra\u00e7ar um papel de agente de transforma\u00e7\u00e3o, a Alumar abriu portas para que, em 2022, centenas de pessoas conquistassem [&hellip;]<\/p>\n","protected":false},"author":0,"featured_media":0,"comment_status":"open","ping_status":"open","sticky":false,"template":"","format":"standard","meta":{"site-sidebar-layout":"default","site-content-layout":"","ast-site-content-layout":"default","site-content-style":"default","site-sidebar-style":"default","ast-global-header-display":"","ast-banner-title-visibility":"","ast-main-header-display":"","ast-hfb-above-header-display":"","ast-hfb-below-header-display":"","ast-hfb-mobile-header-display":"","site-post-title":"","ast-breadcrumbs-content":"","ast-featured-img":"","footer-sml-layout":"","ast-disable-related-posts":"","theme-transparent-header-meta":"","adv-header-id-meta":"","stick-header-meta":"","header-above-stick-meta":"","header-main-stick-meta":"","header-below-stick-meta":"","astra-migrate-meta-layouts":"default","ast-page-background-enabled":"default","ast-page-background-meta":{"desktop":{"background-color":"var(--ast-global-color-5)","background-image":"","background-repeat":"repeat","background-position":"center center","background-size":"auto","background-attachment":"scroll","background-type":"","background-media":"","overlay-type":"","overlay-color":"","overlay-opacity":"","overlay-gradient":""},"tablet":{"background-color":"","background-image":"","background-repeat":"repeat","background-position":"center center","background-size":"auto","background-attachment":"scroll","background-type":"","background-media":"","overlay-type":"","overlay-color":"","overlay-opacity":"","overlay-gradient":""},"mobile":{"background-color":"","background-image":"","background-repeat":"repeat","background-position":"center center","background-size":"auto","background-attachment":"scroll","background-type":"","background-media":"","overlay-type":"","overlay-color":"","overlay-opacity":"","overlay-gradient":""}},"ast-content-background-meta":{"desktop":{"background-color":"var(--ast-global-color-4)","background-image":"","background-repeat":"repeat","background-position":"center center","background-size":"auto","background-attachment":"scroll","background-type":"","background-media":"","overlay-type":"","overlay-color":"","overlay-opacity":"","overlay-gradient":""},"tablet":{"background-color":"var(--ast-global-color-4)","background-image":"","background-repeat":"repeat","background-position":"center center","background-size":"auto","background-attachment":"scroll","background-type":"","background-media":"","overlay-type":"","overlay-color":"","overlay-opacity":"","overlay-gradient":""},"mobile":{"background-color":"var(--ast-global-color-4)","background-image":"","background-repeat":"repeat","background-position":"center center","background-size":"auto","background-attachment":"scroll","background-type":"","background-media":"","overlay-type":"","overlay-color":"","overlay-opacity":"","overlay-gradient":""}},"footnotes":""},"categories":[1],"tags":[],"class_list":["post-106429","post","type-post","status-publish","format-standard","hentry","category-sem-categoria"],"yoast_head":"<!-- This site is optimized with the Yoast SEO plugin v26.6 - https:\/\/yoast.com\/wordpress\/plugins\/seo\/ -->\n<title>Alumar e Instituto Alcoa formam profissionais nas comunidades vizinhas \u00e0 f\u00e1brica - Daniel Matos<\/title>\n<meta name=\"robots\" content=\"index, follow, max-snippet:-1, max-image-preview:large, max-video-preview:-1\" \/>\n<link rel=\"canonical\" href=\"https:\/\/www.blogsoestado.com\/danielmatos\/alumar-e-instituto-alcoa-formam-profissionais-nas-comunidades-vizinhas-a-fabrica\/\" \/>\n<meta property=\"og:locale\" content=\"pt_BR\" \/>\n<meta property=\"og:type\" content=\"article\" \/>\n<meta property=\"og:title\" content=\"Alumar e Instituto Alcoa formam profissionais nas comunidades vizinhas \u00e0 f\u00e1brica - Daniel Matos\" \/>\n<meta property=\"og:description\" content=\"Ao abra\u00e7ar um papel de agente de transforma\u00e7\u00e3o, a Alumar abriu portas para que, em 2022, centenas de pessoas conquistassem [&hellip;]\" \/>\n<meta property=\"og:url\" content=\"https:\/\/www.blogsoestado.com\/danielmatos\/alumar-e-instituto-alcoa-formam-profissionais-nas-comunidades-vizinhas-a-fabrica\/\" \/>\n<meta property=\"og:site_name\" content=\"Daniel Matos\" \/>\n<meta property=\"article:published_time\" content=\"2023-02-25T00:00:00+00:00\" \/>\n<meta property=\"og:image\" content=\"https:\/\/www.blogsoestado.com\/danielmatos\/files\/2023\/02\/Screenshot_20230224-1951062.png\" \/>\n<meta name=\"twitter:card\" content=\"summary_large_image\" \/>\n<meta name=\"twitter:label1\" content=\"Est. tempo de leitura\" \/>\n\t<meta name=\"twitter:data1\" content=\"4 minutos\" \/>\n<script type=\"application\/ld+json\" class=\"yoast-schema-graph\">{\"@context\":\"https:\/\/schema.org\",\"@graph\":[{\"@type\":\"WebPage\",\"@id\":\"https:\/\/www.blogsoestado.com\/danielmatos\/alumar-e-instituto-alcoa-formam-profissionais-nas-comunidades-vizinhas-a-fabrica\/\",\"url\":\"https:\/\/www.blogsoestado.com\/danielmatos\/alumar-e-instituto-alcoa-formam-profissionais-nas-comunidades-vizinhas-a-fabrica\/\",\"name\":\"Alumar e Instituto Alcoa formam profissionais nas comunidades vizinhas \u00e0 f\u00e1brica - Daniel Matos\",\"isPartOf\":{\"@id\":\"https:\/\/www.blogsoestado.com\/danielmatos\/#website\"},\"primaryImageOfPage\":{\"@id\":\"https:\/\/www.blogsoestado.com\/danielmatos\/alumar-e-instituto-alcoa-formam-profissionais-nas-comunidades-vizinhas-a-fabrica\/#primaryimage\"},\"image\":{\"@id\":\"https:\/\/www.blogsoestado.com\/danielmatos\/alumar-e-instituto-alcoa-formam-profissionais-nas-comunidades-vizinhas-a-fabrica\/#primaryimage\"},\"thumbnailUrl\":\"https:\/\/www.blogsoestado.com\/danielmatos\/files\/2023\/02\/Screenshot_20230224-1951062.png\",\"datePublished\":\"2023-02-25T00:00:00+00:00\",\"author\":{\"@id\":\"\"},\"breadcrumb\":{\"@id\":\"https:\/\/www.blogsoestado.com\/danielmatos\/alumar-e-instituto-alcoa-formam-profissionais-nas-comunidades-vizinhas-a-fabrica\/#breadcrumb\"},\"inLanguage\":\"pt-BR\",\"potentialAction\":[{\"@type\":\"ReadAction\",\"target\":[\"https:\/\/www.blogsoestado.com\/danielmatos\/alumar-e-instituto-alcoa-formam-profissionais-nas-comunidades-vizinhas-a-fabrica\/\"]}]},{\"@type\":\"ImageObject\",\"inLanguage\":\"pt-BR\",\"@id\":\"https:\/\/www.blogsoestado.com\/danielmatos\/alumar-e-instituto-alcoa-formam-profissionais-nas-comunidades-vizinhas-a-fabrica\/#primaryimage\",\"url\":\"https:\/\/www.blogsoestado.com\/danielmatos\/files\/2023\/02\/Screenshot_20230224-1951062.png\",\"contentUrl\":\"https:\/\/www.blogsoestado.com\/danielmatos\/files\/2023\/02\/Screenshot_20230224-1951062.png\"},{\"@type\":\"BreadcrumbList\",\"@id\":\"https:\/\/www.blogsoestado.com\/danielmatos\/alumar-e-instituto-alcoa-formam-profissionais-nas-comunidades-vizinhas-a-fabrica\/#breadcrumb\",\"itemListElement\":[{\"@type\":\"ListItem\",\"position\":1,\"name\":\"In\u00edcio\",\"item\":\"https:\/\/www.blogsoestado.com\/danielmatos\/\"},{\"@type\":\"ListItem\",\"position\":2,\"name\":\"Alumar e Instituto Alcoa formam profissionais nas comunidades vizinhas \u00e0 f\u00e1brica\"}]},{\"@type\":\"WebSite\",\"@id\":\"https:\/\/www.blogsoestado.com\/danielmatos\/#website\",\"url\":\"https:\/\/www.blogsoestado.com\/danielmatos\/\",\"name\":\"Daniel Matos\",\"description\":\"\",\"potentialAction\":[{\"@type\":\"SearchAction\",\"target\":{\"@type\":\"EntryPoint\",\"urlTemplate\":\"https:\/\/www.blogsoestado.com\/danielmatos\/?s={search_term_string}\"},\"query-input\":{\"@type\":\"PropertyValueSpecification\",\"valueRequired\":true,\"valueName\":\"search_term_string\"}}],\"inLanguage\":\"pt-BR\"}]}<\/script>\n<!-- \/ Yoast SEO plugin. -->","yoast_head_json":{"title":"Alumar e Instituto Alcoa formam profissionais nas comunidades vizinhas \u00e0 f\u00e1brica - Daniel Matos","robots":{"index":"index","follow":"follow","max-snippet":"max-snippet:-1","max-image-preview":"max-image-preview:large","max-video-preview":"max-video-preview:-1"},"canonical":"https:\/\/www.blogsoestado.com\/danielmatos\/alumar-e-instituto-alcoa-formam-profissionais-nas-comunidades-vizinhas-a-fabrica\/","og_locale":"pt_BR","og_type":"article","og_title":"Alumar e Instituto Alcoa formam profissionais nas comunidades vizinhas \u00e0 f\u00e1brica - Daniel Matos","og_description":"Ao abra\u00e7ar um papel de agente de transforma\u00e7\u00e3o, a Alumar abriu portas para que, em 2022, centenas de pessoas conquistassem [&hellip;]","og_url":"https:\/\/www.blogsoestado.com\/danielmatos\/alumar-e-instituto-alcoa-formam-profissionais-nas-comunidades-vizinhas-a-fabrica\/","og_site_name":"Daniel Matos","article_published_time":"2023-02-25T00:00:00+00:00","og_image":[{"url":"https:\/\/www.blogsoestado.com\/danielmatos\/files\/2023\/02\/Screenshot_20230224-1951062.png","type":"","width":"","height":""}],"twitter_card":"summary_large_image","twitter_misc":{"Est. tempo de leitura":"4 minutos"},"schema":{"@context":"https:\/\/schema.org","@graph":[{"@type":"WebPage","@id":"https:\/\/www.blogsoestado.com\/danielmatos\/alumar-e-instituto-alcoa-formam-profissionais-nas-comunidades-vizinhas-a-fabrica\/","url":"https:\/\/www.blogsoestado.com\/danielmatos\/alumar-e-instituto-alcoa-formam-profissionais-nas-comunidades-vizinhas-a-fabrica\/","name":"Alumar e Instituto Alcoa formam profissionais nas comunidades vizinhas \u00e0 f\u00e1brica - Daniel Matos","isPartOf":{"@id":"https:\/\/www.blogsoestado.com\/danielmatos\/#website"},"primaryImageOfPage":{"@id":"https:\/\/www.blogsoestado.com\/danielmatos\/alumar-e-instituto-alcoa-formam-profissionais-nas-comunidades-vizinhas-a-fabrica\/#primaryimage"},"image":{"@id":"https:\/\/www.blogsoestado.com\/danielmatos\/alumar-e-instituto-alcoa-formam-profissionais-nas-comunidades-vizinhas-a-fabrica\/#primaryimage"},"thumbnailUrl":"https:\/\/www.blogsoestado.com\/danielmatos\/files\/2023\/02\/Screenshot_20230224-1951062.png","datePublished":"2023-02-25T00:00:00+00:00","author":{"@id":""},"breadcrumb":{"@id":"https:\/\/www.blogsoestado.com\/danielmatos\/alumar-e-instituto-alcoa-formam-profissionais-nas-comunidades-vizinhas-a-fabrica\/#breadcrumb"},"inLanguage":"pt-BR","potentialAction":[{"@type":"ReadAction","target":["https:\/\/www.blogsoestado.com\/danielmatos\/alumar-e-instituto-alcoa-formam-profissionais-nas-comunidades-vizinhas-a-fabrica\/"]}]},{"@type":"ImageObject","inLanguage":"pt-BR","@id":"https:\/\/www.blogsoestado.com\/danielmatos\/alumar-e-instituto-alcoa-formam-profissionais-nas-comunidades-vizinhas-a-fabrica\/#primaryimage","url":"https:\/\/www.blogsoestado.com\/danielmatos\/files\/2023\/02\/Screenshot_20230224-1951062.png","contentUrl":"https:\/\/www.blogsoestado.com\/danielmatos\/files\/2023\/02\/Screenshot_20230224-1951062.png"},{"@type":"BreadcrumbList","@id":"https:\/\/www.blogsoestado.com\/danielmatos\/alumar-e-instituto-alcoa-formam-profissionais-nas-comunidades-vizinhas-a-fabrica\/#breadcrumb","itemListElement":[{"@type":"ListItem","position":1,"name":"In\u00edcio","item":"https:\/\/www.blogsoestado.com\/danielmatos\/"},{"@type":"ListItem","position":2,"name":"Alumar e Instituto Alcoa formam profissionais nas comunidades vizinhas \u00e0 f\u00e1brica"}]},{"@type":"WebSite","@id":"https:\/\/www.blogsoestado.com\/danielmatos\/#website","url":"https:\/\/www.blogsoestado.com\/danielmatos\/","name":"Daniel Matos","description":"","potentialAction":[{"@type":"SearchAction","target":{"@type":"EntryPoint","urlTemplate":"https:\/\/www.blogsoestado.com\/danielmatos\/?s={search_term_string}"},"query-input":{"@type":"PropertyValueSpecification","valueRequired":true,"valueName":"search_term_string"}}],"inLanguage":"pt-BR"}]}},"jetpack_featured_media_url":"","_links":{"self":[{"href":"https:\/\/www.blogsoestado.com\/danielmatos\/wp-json\/wp\/v2\/posts\/106429","targetHints":{"allow":["GET"]}}],"collection":[{"href":"https:\/\/www.blogsoestado.com\/danielmatos\/wp-json\/wp\/v2\/posts"}],"about":[{"href":"https:\/\/www.blogsoestado.com\/danielmatos\/wp-json\/wp\/v2\/types\/post"}],"replies":[{"embeddable":true,"href":"https:\/\/www.blogsoestado.com\/danielmatos\/wp-json\/wp\/v2\/comments?post=106429"}],"version-history":[{"count":0,"href":"https:\/\/www.blogsoestado.com\/danielmatos\/wp-json\/wp\/v2\/posts\/106429\/revisions"}],"wp:attachment":[{"href":"https:\/\/www.blogsoestado.com\/danielmatos\/wp-json\/wp\/v2\/media?parent=106429"}],"wp:term":[{"taxonomy":"category","embeddable":true,"href":"https:\/\/www.blogsoestado.com\/danielmatos\/wp-json\/wp\/v2\/categories?post=106429"},{"taxonomy":"post_tag","embeddable":true,"href":"https:\/\/www.blogsoestado.com\/danielmatos\/wp-json\/wp\/v2\/tags?post=106429"}],"curies":[{"name":"wp","href":"https:\/\/api.w.org\/{rel}","templated":true}]}}