{"id":106438,"date":"2023-02-25T07:00:00","date_gmt":"2023-02-25T10:00:00","guid":{"rendered":"https:\/\/www.blogsoestado.com\/danielmatos\/?p=106438"},"modified":"2023-02-25T07:00:00","modified_gmt":"2023-02-25T10:00:00","slug":"maranhao-tem-mais-de-40-mil-inscritos-no-sisu","status":"publish","type":"post","link":"https:\/\/www.blogsoestado.com\/danielmatos\/maranhao-tem-mais-de-40-mil-inscritos-no-sisu\/","title":{"rendered":"Maranh\u00e3o tem mais de 40 mil inscritos no  Sisu"},"content":{"rendered":"\n<p><strong><span class=\"has-inline-color has-vivid-red-color\">N\u00fameros s\u00e3o parciais e ser\u00e3o atualizados, j\u00e1 que o prazo de inscri\u00e7\u00f5es se estendeu at\u00e9 as 23h59 dessa sexta-feira (24) <\/span><\/strong><\/p>\n\n\n\n<div class=\"wp-block-image\"><figure class=\"aligncenter size-large\"><a href=\"https:\/\/www.blogsoestado.com\/danielmatos\/files\/2023\/02\/Screenshot_20230224-2355282.png\"><img decoding=\"async\" src=\"https:\/\/www.blogsoestado.com\/danielmatos\/files\/2023\/02\/Screenshot_20230224-2355282.png\" alt=\"\" class=\"wp-image-106440\"\/><\/a><\/figure><\/div>\n\n\n\n<p>O Minist\u00e9rio da Educa\u00e7\u00e3o (MEC) registrou mais de 40 mil candidatos inscritos no Sistema de Sele\u00e7\u00e3o Unificada (Sisu) do primeiro semestre de 2023 por CPF no Maranh\u00e3o. Os dados referem-se \u00e0 \u00faltima tarde de inscri\u00e7\u00f5es no certame, nessa sexta-feira (24). Em todo o pa\u00eds, 1.046.827 estavam inscritos at\u00e9 as 17h22. Os n\u00fameros s\u00e3o parciais e at\u00e9 o hor\u00e1rio citado o sistema tamb\u00e9m contabilizava 2.009.435 inscri\u00e7\u00f5es realizadas, j\u00e1 que cada candidato tem direito a escolher at\u00e9 dois cursos. O prazo foi encerrado \u00e0s 23h59.<\/p>\n\n\n\n<p>Com exatos 40.369 estudantes inscritos, o Maranh\u00e3o \u00e9 a 10\u00aa unidade da federa\u00e7\u00e3o em participa\u00e7\u00e3o nesta edi\u00e7\u00e3o do Sisu. Em rela\u00e7\u00e3o \u00e0 regi\u00e3o Nordeste, o estado ocupa a quinta posi\u00e7\u00e3o, atr\u00e1s de Bahia, Cear\u00e1, Pernambuco e Para\u00edba. <div> <\/div><\/p>\n\n\n\n<p><strong>Dados regionais<\/strong>&nbsp;<\/p>\n\n\n\n<p>De acordo com o balan\u00e7o parcial, o Nordeste continuava com o maior n\u00famero de inscritos, um total de 420.089 candidatos, representando 40,1% do total de inscritos, quando observada a origem de nascimento do estudante. O Sudeste tinha 33,8% dos inscritos (353.742), seguido pela regi\u00e3o Sul (9,5%), com 99.497; Norte (8,7%), com 91.429; e Centro-Oeste (7,8%), com 82.070.<\/p>\n\n\n\n<p><strong>Sisu 2023&nbsp;<\/strong><\/p>\n\n\n\n<p>As inscri\u00e7\u00f5es para o Sisu do primeiro semestre de 2023 come\u00e7aram em 16 de fevereiro e v\u00e3o at\u00e9 as 23h59 (hor\u00e1rio oficial de Bras\u00edlia) desta sexta-feira (24). Os interessados devem se inscrever pela p\u00e1gina&nbsp;<a href=\"https:\/\/acessounico.mec.gov.br\/sisu\">acessounico.mec.gov.br\/sisu<\/a>.<\/p>\n\n\n\n<p>&nbsp;A primeira edi\u00e7\u00e3o do Sisu 2023, que seleciona estudantes para universidades p\u00fablicas, oferta mais de 226 mil vagas em 128 institui\u00e7\u00f5es p\u00fablicas participantes, 63 delas universidades federais. O Sistema disponibiliza vagas em 6.402 cursos de gradua\u00e7\u00e3o.<\/p>\n\n\n\n<p>Aqueles que realizaram a edi\u00e7\u00e3o de 2022 do Exame Nacional do Ensino M\u00e9dio (Enem) e obtiveram nota acima de zero na prova de reda\u00e7\u00e3o podem se inscrever no Sisu.<\/p>\n\n\n\n<p>O resultado do processo ser\u00e1 divulgado no dia 28 de fevereiro e o prazo para manifestar interesse na lista de espera ser\u00e1 de 28 de fevereiro a 8 de mar\u00e7o, conforme o&nbsp;<a href=\"https:\/\/www.in.gov.br\/en\/web\/dou\/-\/edital-n-2-de-26-de-janeiro-de-2023-460510415\">edital<\/a>&nbsp;que rege o atual processo seletivo.&nbsp;<\/p>\n\n\n\n<p>&nbsp;Na tabela a seguir, consta o n\u00famero de inscritos por unidade da federa\u00e7\u00e3o (local de nascimento do candidato):<\/p>\n\n\n\n<div class=\"wp-block-image\"><figure class=\"aligncenter size-large\"><a href=\"https:\/\/www.blogsoestado.com\/danielmatos\/files\/2023\/02\/Screenshot_20230224-2326062.png\"><img decoding=\"async\" src=\"https:\/\/www.blogsoestado.com\/danielmatos\/files\/2023\/02\/Screenshot_20230224-2326062-415x1024.png\" alt=\"\" class=\"wp-image-106439\"\/><\/a><\/figure><\/div>\n","protected":false},"excerpt":{"rendered":"<p>N\u00fameros s\u00e3o parciais e ser\u00e3o atualizados, j\u00e1 que o prazo de inscri\u00e7\u00f5es se estendeu at\u00e9 as 23h59 dessa sexta-feira (24) [&hellip;]<\/p>\n","protected":false},"author":0,"featured_media":0,"comment_status":"open","ping_status":"open","sticky":false,"template":"","format":"standard","meta":{"site-sidebar-layout":"default","site-content-layout":"","ast-site-content-layout":"default","site-content-style":"default","site-sidebar-style":"default","ast-global-header-display":"","ast-banner-title-visibility":"","ast-main-header-display":"","ast-hfb-above-header-display":"","ast-hfb-below-header-display":"","ast-hfb-mobile-header-display":"","site-post-title":"","ast-breadcrumbs-content":"","ast-featured-img":"","footer-sml-layout":"","ast-disable-related-posts":"","theme-transparent-header-meta":"","adv-header-id-meta":"","stick-header-meta":"","header-above-stick-meta":"","header-main-stick-meta":"","header-below-stick-meta":"","astra-migrate-meta-layouts":"default","ast-page-background-enabled":"default","ast-page-background-meta":{"desktop":{"background-color":"var(--ast-global-color-5)","background-image":"","background-repeat":"repeat","background-position":"center center","background-size":"auto","background-attachment":"scroll","background-type":"","background-media":"","overlay-type":"","overlay-color":"","overlay-opacity":"","overlay-gradient":""},"tablet":{"background-color":"","background-image":"","background-repeat":"repeat","background-position":"center center","background-size":"auto","background-attachment":"scroll","background-type":"","background-media":"","overlay-type":"","overlay-color":"","overlay-opacity":"","overlay-gradient":""},"mobile":{"background-color":"","background-image":"","background-repeat":"repeat","background-position":"center center","background-size":"auto","background-attachment":"scroll","background-type":"","background-media":"","overlay-type":"","overlay-color":"","overlay-opacity":"","overlay-gradient":""}},"ast-content-background-meta":{"desktop":{"background-color":"var(--ast-global-color-4)","background-image":"","background-repeat":"repeat","background-position":"center center","background-size":"auto","background-attachment":"scroll","background-type":"","background-media":"","overlay-type":"","overlay-color":"","overlay-opacity":"","overlay-gradient":""},"tablet":{"background-color":"var(--ast-global-color-4)","background-image":"","background-repeat":"repeat","background-position":"center center","background-size":"auto","background-attachment":"scroll","background-type":"","background-media":"","overlay-type":"","overlay-color":"","overlay-opacity":"","overlay-gradient":""},"mobile":{"background-color":"var(--ast-global-color-4)","background-image":"","background-repeat":"repeat","background-position":"center center","background-size":"auto","background-attachment":"scroll","background-type":"","background-media":"","overlay-type":"","overlay-color":"","overlay-opacity":"","overlay-gradient":""}},"footnotes":""},"categories":[1],"tags":[],"class_list":["post-106438","post","type-post","status-publish","format-standard","hentry","category-sem-categoria"],"yoast_head":"<!-- This site is optimized with the Yoast SEO plugin v26.6 - https:\/\/yoast.com\/wordpress\/plugins\/seo\/ -->\n<title>Maranh\u00e3o tem mais de 40 mil inscritos no Sisu - Daniel Matos<\/title>\n<meta name=\"robots\" content=\"index, follow, max-snippet:-1, max-image-preview:large, max-video-preview:-1\" \/>\n<link rel=\"canonical\" href=\"https:\/\/www.blogsoestado.com\/danielmatos\/maranhao-tem-mais-de-40-mil-inscritos-no-sisu\/\" \/>\n<meta property=\"og:locale\" content=\"pt_BR\" \/>\n<meta property=\"og:type\" content=\"article\" \/>\n<meta property=\"og:title\" content=\"Maranh\u00e3o tem mais de 40 mil inscritos no Sisu - Daniel Matos\" \/>\n<meta property=\"og:description\" content=\"N\u00fameros s\u00e3o parciais e ser\u00e3o atualizados, j\u00e1 que o prazo de inscri\u00e7\u00f5es se estendeu at\u00e9 as 23h59 dessa sexta-feira (24) [&hellip;]\" \/>\n<meta property=\"og:url\" content=\"https:\/\/www.blogsoestado.com\/danielmatos\/maranhao-tem-mais-de-40-mil-inscritos-no-sisu\/\" \/>\n<meta property=\"og:site_name\" content=\"Daniel Matos\" \/>\n<meta property=\"article:published_time\" content=\"2023-02-25T10:00:00+00:00\" \/>\n<meta property=\"og:image\" content=\"https:\/\/www.blogsoestado.com\/danielmatos\/files\/2023\/02\/Screenshot_20230224-2355282.png\" \/>\n<meta name=\"twitter:card\" content=\"summary_large_image\" \/>\n<meta name=\"twitter:label1\" content=\"Est. tempo de leitura\" \/>\n\t<meta name=\"twitter:data1\" content=\"2 minutos\" \/>\n<script type=\"application\/ld+json\" class=\"yoast-schema-graph\">{\"@context\":\"https:\/\/schema.org\",\"@graph\":[{\"@type\":\"WebPage\",\"@id\":\"https:\/\/www.blogsoestado.com\/danielmatos\/maranhao-tem-mais-de-40-mil-inscritos-no-sisu\/\",\"url\":\"https:\/\/www.blogsoestado.com\/danielmatos\/maranhao-tem-mais-de-40-mil-inscritos-no-sisu\/\",\"name\":\"Maranh\u00e3o tem mais de 40 mil inscritos no Sisu - Daniel Matos\",\"isPartOf\":{\"@id\":\"https:\/\/www.blogsoestado.com\/danielmatos\/#website\"},\"primaryImageOfPage\":{\"@id\":\"https:\/\/www.blogsoestado.com\/danielmatos\/maranhao-tem-mais-de-40-mil-inscritos-no-sisu\/#primaryimage\"},\"image\":{\"@id\":\"https:\/\/www.blogsoestado.com\/danielmatos\/maranhao-tem-mais-de-40-mil-inscritos-no-sisu\/#primaryimage\"},\"thumbnailUrl\":\"https:\/\/www.blogsoestado.com\/danielmatos\/files\/2023\/02\/Screenshot_20230224-2355282.png\",\"datePublished\":\"2023-02-25T10:00:00+00:00\",\"author\":{\"@id\":\"\"},\"breadcrumb\":{\"@id\":\"https:\/\/www.blogsoestado.com\/danielmatos\/maranhao-tem-mais-de-40-mil-inscritos-no-sisu\/#breadcrumb\"},\"inLanguage\":\"pt-BR\",\"potentialAction\":[{\"@type\":\"ReadAction\",\"target\":[\"https:\/\/www.blogsoestado.com\/danielmatos\/maranhao-tem-mais-de-40-mil-inscritos-no-sisu\/\"]}]},{\"@type\":\"ImageObject\",\"inLanguage\":\"pt-BR\",\"@id\":\"https:\/\/www.blogsoestado.com\/danielmatos\/maranhao-tem-mais-de-40-mil-inscritos-no-sisu\/#primaryimage\",\"url\":\"https:\/\/www.blogsoestado.com\/danielmatos\/files\/2023\/02\/Screenshot_20230224-2355282.png\",\"contentUrl\":\"https:\/\/www.blogsoestado.com\/danielmatos\/files\/2023\/02\/Screenshot_20230224-2355282.png\"},{\"@type\":\"BreadcrumbList\",\"@id\":\"https:\/\/www.blogsoestado.com\/danielmatos\/maranhao-tem-mais-de-40-mil-inscritos-no-sisu\/#breadcrumb\",\"itemListElement\":[{\"@type\":\"ListItem\",\"position\":1,\"name\":\"In\u00edcio\",\"item\":\"https:\/\/www.blogsoestado.com\/danielmatos\/\"},{\"@type\":\"ListItem\",\"position\":2,\"name\":\"Maranh\u00e3o tem mais de 40 mil inscritos no Sisu\"}]},{\"@type\":\"WebSite\",\"@id\":\"https:\/\/www.blogsoestado.com\/danielmatos\/#website\",\"url\":\"https:\/\/www.blogsoestado.com\/danielmatos\/\",\"name\":\"Daniel Matos\",\"description\":\"\",\"potentialAction\":[{\"@type\":\"SearchAction\",\"target\":{\"@type\":\"EntryPoint\",\"urlTemplate\":\"https:\/\/www.blogsoestado.com\/danielmatos\/?s={search_term_string}\"},\"query-input\":{\"@type\":\"PropertyValueSpecification\",\"valueRequired\":true,\"valueName\":\"search_term_string\"}}],\"inLanguage\":\"pt-BR\"}]}<\/script>\n<!-- \/ Yoast SEO plugin. -->","yoast_head_json":{"title":"Maranh\u00e3o tem mais de 40 mil inscritos no Sisu - Daniel Matos","robots":{"index":"index","follow":"follow","max-snippet":"max-snippet:-1","max-image-preview":"max-image-preview:large","max-video-preview":"max-video-preview:-1"},"canonical":"https:\/\/www.blogsoestado.com\/danielmatos\/maranhao-tem-mais-de-40-mil-inscritos-no-sisu\/","og_locale":"pt_BR","og_type":"article","og_title":"Maranh\u00e3o tem mais de 40 mil inscritos no Sisu - Daniel Matos","og_description":"N\u00fameros s\u00e3o parciais e ser\u00e3o atualizados, j\u00e1 que o prazo de inscri\u00e7\u00f5es se estendeu at\u00e9 as 23h59 dessa sexta-feira (24) [&hellip;]","og_url":"https:\/\/www.blogsoestado.com\/danielmatos\/maranhao-tem-mais-de-40-mil-inscritos-no-sisu\/","og_site_name":"Daniel Matos","article_published_time":"2023-02-25T10:00:00+00:00","og_image":[{"url":"https:\/\/www.blogsoestado.com\/danielmatos\/files\/2023\/02\/Screenshot_20230224-2355282.png","type":"","width":"","height":""}],"twitter_card":"summary_large_image","twitter_misc":{"Est. tempo de leitura":"2 minutos"},"schema":{"@context":"https:\/\/schema.org","@graph":[{"@type":"WebPage","@id":"https:\/\/www.blogsoestado.com\/danielmatos\/maranhao-tem-mais-de-40-mil-inscritos-no-sisu\/","url":"https:\/\/www.blogsoestado.com\/danielmatos\/maranhao-tem-mais-de-40-mil-inscritos-no-sisu\/","name":"Maranh\u00e3o tem mais de 40 mil inscritos no Sisu - Daniel Matos","isPartOf":{"@id":"https:\/\/www.blogsoestado.com\/danielmatos\/#website"},"primaryImageOfPage":{"@id":"https:\/\/www.blogsoestado.com\/danielmatos\/maranhao-tem-mais-de-40-mil-inscritos-no-sisu\/#primaryimage"},"image":{"@id":"https:\/\/www.blogsoestado.com\/danielmatos\/maranhao-tem-mais-de-40-mil-inscritos-no-sisu\/#primaryimage"},"thumbnailUrl":"https:\/\/www.blogsoestado.com\/danielmatos\/files\/2023\/02\/Screenshot_20230224-2355282.png","datePublished":"2023-02-25T10:00:00+00:00","author":{"@id":""},"breadcrumb":{"@id":"https:\/\/www.blogsoestado.com\/danielmatos\/maranhao-tem-mais-de-40-mil-inscritos-no-sisu\/#breadcrumb"},"inLanguage":"pt-BR","potentialAction":[{"@type":"ReadAction","target":["https:\/\/www.blogsoestado.com\/danielmatos\/maranhao-tem-mais-de-40-mil-inscritos-no-sisu\/"]}]},{"@type":"ImageObject","inLanguage":"pt-BR","@id":"https:\/\/www.blogsoestado.com\/danielmatos\/maranhao-tem-mais-de-40-mil-inscritos-no-sisu\/#primaryimage","url":"https:\/\/www.blogsoestado.com\/danielmatos\/files\/2023\/02\/Screenshot_20230224-2355282.png","contentUrl":"https:\/\/www.blogsoestado.com\/danielmatos\/files\/2023\/02\/Screenshot_20230224-2355282.png"},{"@type":"BreadcrumbList","@id":"https:\/\/www.blogsoestado.com\/danielmatos\/maranhao-tem-mais-de-40-mil-inscritos-no-sisu\/#breadcrumb","itemListElement":[{"@type":"ListItem","position":1,"name":"In\u00edcio","item":"https:\/\/www.blogsoestado.com\/danielmatos\/"},{"@type":"ListItem","position":2,"name":"Maranh\u00e3o tem mais de 40 mil inscritos no Sisu"}]},{"@type":"WebSite","@id":"https:\/\/www.blogsoestado.com\/danielmatos\/#website","url":"https:\/\/www.blogsoestado.com\/danielmatos\/","name":"Daniel Matos","description":"","potentialAction":[{"@type":"SearchAction","target":{"@type":"EntryPoint","urlTemplate":"https:\/\/www.blogsoestado.com\/danielmatos\/?s={search_term_string}"},"query-input":{"@type":"PropertyValueSpecification","valueRequired":true,"valueName":"search_term_string"}}],"inLanguage":"pt-BR"}]}},"jetpack_featured_media_url":"","_links":{"self":[{"href":"https:\/\/www.blogsoestado.com\/danielmatos\/wp-json\/wp\/v2\/posts\/106438","targetHints":{"allow":["GET"]}}],"collection":[{"href":"https:\/\/www.blogsoestado.com\/danielmatos\/wp-json\/wp\/v2\/posts"}],"about":[{"href":"https:\/\/www.blogsoestado.com\/danielmatos\/wp-json\/wp\/v2\/types\/post"}],"replies":[{"embeddable":true,"href":"https:\/\/www.blogsoestado.com\/danielmatos\/wp-json\/wp\/v2\/comments?post=106438"}],"version-history":[{"count":0,"href":"https:\/\/www.blogsoestado.com\/danielmatos\/wp-json\/wp\/v2\/posts\/106438\/revisions"}],"wp:attachment":[{"href":"https:\/\/www.blogsoestado.com\/danielmatos\/wp-json\/wp\/v2\/media?parent=106438"}],"wp:term":[{"taxonomy":"category","embeddable":true,"href":"https:\/\/www.blogsoestado.com\/danielmatos\/wp-json\/wp\/v2\/categories?post=106438"},{"taxonomy":"post_tag","embeddable":true,"href":"https:\/\/www.blogsoestado.com\/danielmatos\/wp-json\/wp\/v2\/tags?post=106438"}],"curies":[{"name":"wp","href":"https:\/\/api.w.org\/{rel}","templated":true}]}}