{"id":106450,"date":"2023-02-25T13:58:58","date_gmt":"2023-02-25T16:58:58","guid":{"rendered":"https:\/\/www.blogsoestado.com\/danielmatos\/?p=106450"},"modified":"2023-02-25T13:58:58","modified_gmt":"2023-02-25T16:58:58","slug":"brandao-ja-anunciou-16-nomes-da-sua-equipe-de-governo-para-o-novo-mandato","status":"publish","type":"post","link":"https:\/\/www.blogsoestado.com\/danielmatos\/brandao-ja-anunciou-16-nomes-da-sua-equipe-de-governo-para-o-novo-mandato\/","title":{"rendered":"Brand\u00e3o j\u00e1 anunciou 16 nomes da sua equipe de governo para o novo mandato"},"content":{"rendered":"\n<div class=\"wp-block-image\"><figure class=\"aligncenter size-large\"><a href=\"https:\/\/www.blogsoestado.com\/danielmatos\/files\/2023\/02\/Screenshot_20230225-1356072.png\"><img decoding=\"async\" src=\"https:\/\/www.blogsoestado.com\/danielmatos\/files\/2023\/02\/Screenshot_20230225-1356072.png\" alt=\"\" class=\"wp-image-106452\"\/><\/a><figcaption>O governador Carlos Brand\u00e3o manteve Apar\u00edcio Bandeira no cargo de secret\u00e1rio de Estado da Infraestrutura<\/figcaption><\/figure><\/div>\n\n\n\n<p>Com o an\u00fancio, neste s\u00e1bado (25), de mais tr\u00eas nomes para compor a sua equipe de gest\u00e3o para o novo mandato, o governador Carlos Brand\u00e3o (PSB) j\u00e1 chega a 16 nomes confirmados em sua administra\u00e7\u00e3o. Os auxiliares confirmados mais recentemente s\u00e3o Apar\u00edcio Bandeira (Infraestrutura), Marcelo Dualidade (EMSERH &#8211; Empresa Maranhense de Servi\u00e7os Hospitalares), ambos mantidos em seus respectivos cargos, e Bira do Pindar\u00e9, que n\u00e3o conseguiu se reeleger deputado federal e assumir\u00e1 a Secretaria de Estado de Agricultura Familiar (SAF).<\/p>\n\n\n\n<p>Confira <a href=\"https:\/\/www.blogsoestado.com\/danielmatos\/2023\/02\/24\/carlos-brandao-confirma-primeiros-7-nomes-da-sua-equipe-de-governo\/\">aqui<\/a> e <a href=\"https:\/\/www.blogsoestado.com\/danielmatos\/2023\/02\/24\/brandao-anuncia-volta-de-paulo-victor-a-cultura-e-divulga-nomes-de-outros-5-auxiliares\/\">aqui<\/a> os nomes dos auxiliares anunciados por Brand\u00e3o anteriormente.<\/p>\n\n\n\n<p>O secretariado completo deve ser anunciado por Brand\u00e3o em ato a ser realizado na cidade de Imperatriz, no dia 4 mar\u00e7o, que consolidar\u00e1, assim, a sua reforma administrativa.<\/p>\n\n\n\n<p>Confira o an\u00fancio feito pelo governador nas redes sociais neste s\u00e1bado:<\/p>\n\n\n\n<figure class=\"wp-block-image size-large\"><a href=\"https:\/\/www.blogsoestado.com\/danielmatos\/files\/2023\/02\/Screenshot_20230225-1359202.png\"><img decoding=\"async\" src=\"https:\/\/www.blogsoestado.com\/danielmatos\/files\/2023\/02\/Screenshot_20230225-1359202.png\" alt=\"\" class=\"wp-image-106454\"\/><\/a><\/figure>\n","protected":false},"excerpt":{"rendered":"<p>Com o an\u00fancio, neste s\u00e1bado (25), de mais tr\u00eas nomes para compor a sua equipe de gest\u00e3o para o novo [&hellip;]<\/p>\n","protected":false},"author":0,"featured_media":0,"comment_status":"open","ping_status":"open","sticky":false,"template":"","format":"standard","meta":{"site-sidebar-layout":"default","site-content-layout":"","ast-site-content-layout":"default","site-content-style":"default","site-sidebar-style":"default","ast-global-header-display":"","ast-banner-title-visibility":"","ast-main-header-display":"","ast-hfb-above-header-display":"","ast-hfb-below-header-display":"","ast-hfb-mobile-header-display":"","site-post-title":"","ast-breadcrumbs-content":"","ast-featured-img":"","footer-sml-layout":"","ast-disable-related-posts":"","theme-transparent-header-meta":"","adv-header-id-meta":"","stick-header-meta":"","header-above-stick-meta":"","header-main-stick-meta":"","header-below-stick-meta":"","astra-migrate-meta-layouts":"default","ast-page-background-enabled":"default","ast-page-background-meta":{"desktop":{"background-color":"var(--ast-global-color-5)","background-image":"","background-repeat":"repeat","background-position":"center center","background-size":"auto","background-attachment":"scroll","background-type":"","background-media":"","overlay-type":"","overlay-color":"","overlay-opacity":"","overlay-gradient":""},"tablet":{"background-color":"","background-image":"","background-repeat":"repeat","background-position":"center center","background-size":"auto","background-attachment":"scroll","background-type":"","background-media":"","overlay-type":"","overlay-color":"","overlay-opacity":"","overlay-gradient":""},"mobile":{"background-color":"","background-image":"","background-repeat":"repeat","background-position":"center center","background-size":"auto","background-attachment":"scroll","background-type":"","background-media":"","overlay-type":"","overlay-color":"","overlay-opacity":"","overlay-gradient":""}},"ast-content-background-meta":{"desktop":{"background-color":"var(--ast-global-color-4)","background-image":"","background-repeat":"repeat","background-position":"center center","background-size":"auto","background-attachment":"scroll","background-type":"","background-media":"","overlay-type":"","overlay-color":"","overlay-opacity":"","overlay-gradient":""},"tablet":{"background-color":"var(--ast-global-color-4)","background-image":"","background-repeat":"repeat","background-position":"center center","background-size":"auto","background-attachment":"scroll","background-type":"","background-media":"","overlay-type":"","overlay-color":"","overlay-opacity":"","overlay-gradient":""},"mobile":{"background-color":"var(--ast-global-color-4)","background-image":"","background-repeat":"repeat","background-position":"center center","background-size":"auto","background-attachment":"scroll","background-type":"","background-media":"","overlay-type":"","overlay-color":"","overlay-opacity":"","overlay-gradient":""}},"footnotes":""},"categories":[1],"tags":[],"class_list":["post-106450","post","type-post","status-publish","format-standard","hentry","category-sem-categoria"],"yoast_head":"<!-- This site is optimized with the Yoast SEO plugin v26.6 - https:\/\/yoast.com\/wordpress\/plugins\/seo\/ -->\n<title>Brand\u00e3o j\u00e1 anunciou 16 nomes da sua equipe de governo para o novo mandato - Daniel Matos<\/title>\n<meta name=\"robots\" content=\"index, follow, max-snippet:-1, max-image-preview:large, max-video-preview:-1\" \/>\n<link rel=\"canonical\" href=\"https:\/\/www.blogsoestado.com\/danielmatos\/brandao-ja-anunciou-16-nomes-da-sua-equipe-de-governo-para-o-novo-mandato\/\" \/>\n<meta property=\"og:locale\" content=\"pt_BR\" \/>\n<meta property=\"og:type\" content=\"article\" \/>\n<meta property=\"og:title\" content=\"Brand\u00e3o j\u00e1 anunciou 16 nomes da sua equipe de governo para o novo mandato - Daniel Matos\" \/>\n<meta property=\"og:description\" content=\"Com o an\u00fancio, neste s\u00e1bado (25), de mais tr\u00eas nomes para compor a sua equipe de gest\u00e3o para o novo [&hellip;]\" \/>\n<meta property=\"og:url\" content=\"https:\/\/www.blogsoestado.com\/danielmatos\/brandao-ja-anunciou-16-nomes-da-sua-equipe-de-governo-para-o-novo-mandato\/\" \/>\n<meta property=\"og:site_name\" content=\"Daniel Matos\" \/>\n<meta property=\"article:published_time\" content=\"2023-02-25T16:58:58+00:00\" \/>\n<meta property=\"og:image\" content=\"https:\/\/www.blogsoestado.com\/danielmatos\/files\/2023\/02\/Screenshot_20230225-1356072.png\" \/>\n<meta name=\"twitter:card\" content=\"summary_large_image\" \/>\n<meta name=\"twitter:label1\" content=\"Est. tempo de leitura\" \/>\n\t<meta name=\"twitter:data1\" content=\"2 minutos\" \/>\n<script type=\"application\/ld+json\" class=\"yoast-schema-graph\">{\"@context\":\"https:\/\/schema.org\",\"@graph\":[{\"@type\":\"WebPage\",\"@id\":\"https:\/\/www.blogsoestado.com\/danielmatos\/brandao-ja-anunciou-16-nomes-da-sua-equipe-de-governo-para-o-novo-mandato\/\",\"url\":\"https:\/\/www.blogsoestado.com\/danielmatos\/brandao-ja-anunciou-16-nomes-da-sua-equipe-de-governo-para-o-novo-mandato\/\",\"name\":\"Brand\u00e3o j\u00e1 anunciou 16 nomes da sua equipe de governo para o novo mandato - Daniel Matos\",\"isPartOf\":{\"@id\":\"https:\/\/www.blogsoestado.com\/danielmatos\/#website\"},\"primaryImageOfPage\":{\"@id\":\"https:\/\/www.blogsoestado.com\/danielmatos\/brandao-ja-anunciou-16-nomes-da-sua-equipe-de-governo-para-o-novo-mandato\/#primaryimage\"},\"image\":{\"@id\":\"https:\/\/www.blogsoestado.com\/danielmatos\/brandao-ja-anunciou-16-nomes-da-sua-equipe-de-governo-para-o-novo-mandato\/#primaryimage\"},\"thumbnailUrl\":\"https:\/\/www.blogsoestado.com\/danielmatos\/files\/2023\/02\/Screenshot_20230225-1356072.png\",\"datePublished\":\"2023-02-25T16:58:58+00:00\",\"author\":{\"@id\":\"\"},\"breadcrumb\":{\"@id\":\"https:\/\/www.blogsoestado.com\/danielmatos\/brandao-ja-anunciou-16-nomes-da-sua-equipe-de-governo-para-o-novo-mandato\/#breadcrumb\"},\"inLanguage\":\"pt-BR\",\"potentialAction\":[{\"@type\":\"ReadAction\",\"target\":[\"https:\/\/www.blogsoestado.com\/danielmatos\/brandao-ja-anunciou-16-nomes-da-sua-equipe-de-governo-para-o-novo-mandato\/\"]}]},{\"@type\":\"ImageObject\",\"inLanguage\":\"pt-BR\",\"@id\":\"https:\/\/www.blogsoestado.com\/danielmatos\/brandao-ja-anunciou-16-nomes-da-sua-equipe-de-governo-para-o-novo-mandato\/#primaryimage\",\"url\":\"https:\/\/www.blogsoestado.com\/danielmatos\/files\/2023\/02\/Screenshot_20230225-1356072.png\",\"contentUrl\":\"https:\/\/www.blogsoestado.com\/danielmatos\/files\/2023\/02\/Screenshot_20230225-1356072.png\"},{\"@type\":\"BreadcrumbList\",\"@id\":\"https:\/\/www.blogsoestado.com\/danielmatos\/brandao-ja-anunciou-16-nomes-da-sua-equipe-de-governo-para-o-novo-mandato\/#breadcrumb\",\"itemListElement\":[{\"@type\":\"ListItem\",\"position\":1,\"name\":\"In\u00edcio\",\"item\":\"https:\/\/www.blogsoestado.com\/danielmatos\/\"},{\"@type\":\"ListItem\",\"position\":2,\"name\":\"Brand\u00e3o j\u00e1 anunciou 16 nomes da sua equipe de governo para o novo mandato\"}]},{\"@type\":\"WebSite\",\"@id\":\"https:\/\/www.blogsoestado.com\/danielmatos\/#website\",\"url\":\"https:\/\/www.blogsoestado.com\/danielmatos\/\",\"name\":\"Daniel Matos\",\"description\":\"\",\"potentialAction\":[{\"@type\":\"SearchAction\",\"target\":{\"@type\":\"EntryPoint\",\"urlTemplate\":\"https:\/\/www.blogsoestado.com\/danielmatos\/?s={search_term_string}\"},\"query-input\":{\"@type\":\"PropertyValueSpecification\",\"valueRequired\":true,\"valueName\":\"search_term_string\"}}],\"inLanguage\":\"pt-BR\"}]}<\/script>\n<!-- \/ Yoast SEO plugin. -->","yoast_head_json":{"title":"Brand\u00e3o j\u00e1 anunciou 16 nomes da sua equipe de governo para o novo mandato - Daniel Matos","robots":{"index":"index","follow":"follow","max-snippet":"max-snippet:-1","max-image-preview":"max-image-preview:large","max-video-preview":"max-video-preview:-1"},"canonical":"https:\/\/www.blogsoestado.com\/danielmatos\/brandao-ja-anunciou-16-nomes-da-sua-equipe-de-governo-para-o-novo-mandato\/","og_locale":"pt_BR","og_type":"article","og_title":"Brand\u00e3o j\u00e1 anunciou 16 nomes da sua equipe de governo para o novo mandato - Daniel Matos","og_description":"Com o an\u00fancio, neste s\u00e1bado (25), de mais tr\u00eas nomes para compor a sua equipe de gest\u00e3o para o novo [&hellip;]","og_url":"https:\/\/www.blogsoestado.com\/danielmatos\/brandao-ja-anunciou-16-nomes-da-sua-equipe-de-governo-para-o-novo-mandato\/","og_site_name":"Daniel Matos","article_published_time":"2023-02-25T16:58:58+00:00","og_image":[{"url":"https:\/\/www.blogsoestado.com\/danielmatos\/files\/2023\/02\/Screenshot_20230225-1356072.png","type":"","width":"","height":""}],"twitter_card":"summary_large_image","twitter_misc":{"Est. tempo de leitura":"2 minutos"},"schema":{"@context":"https:\/\/schema.org","@graph":[{"@type":"WebPage","@id":"https:\/\/www.blogsoestado.com\/danielmatos\/brandao-ja-anunciou-16-nomes-da-sua-equipe-de-governo-para-o-novo-mandato\/","url":"https:\/\/www.blogsoestado.com\/danielmatos\/brandao-ja-anunciou-16-nomes-da-sua-equipe-de-governo-para-o-novo-mandato\/","name":"Brand\u00e3o j\u00e1 anunciou 16 nomes da sua equipe de governo para o novo mandato - Daniel Matos","isPartOf":{"@id":"https:\/\/www.blogsoestado.com\/danielmatos\/#website"},"primaryImageOfPage":{"@id":"https:\/\/www.blogsoestado.com\/danielmatos\/brandao-ja-anunciou-16-nomes-da-sua-equipe-de-governo-para-o-novo-mandato\/#primaryimage"},"image":{"@id":"https:\/\/www.blogsoestado.com\/danielmatos\/brandao-ja-anunciou-16-nomes-da-sua-equipe-de-governo-para-o-novo-mandato\/#primaryimage"},"thumbnailUrl":"https:\/\/www.blogsoestado.com\/danielmatos\/files\/2023\/02\/Screenshot_20230225-1356072.png","datePublished":"2023-02-25T16:58:58+00:00","author":{"@id":""},"breadcrumb":{"@id":"https:\/\/www.blogsoestado.com\/danielmatos\/brandao-ja-anunciou-16-nomes-da-sua-equipe-de-governo-para-o-novo-mandato\/#breadcrumb"},"inLanguage":"pt-BR","potentialAction":[{"@type":"ReadAction","target":["https:\/\/www.blogsoestado.com\/danielmatos\/brandao-ja-anunciou-16-nomes-da-sua-equipe-de-governo-para-o-novo-mandato\/"]}]},{"@type":"ImageObject","inLanguage":"pt-BR","@id":"https:\/\/www.blogsoestado.com\/danielmatos\/brandao-ja-anunciou-16-nomes-da-sua-equipe-de-governo-para-o-novo-mandato\/#primaryimage","url":"https:\/\/www.blogsoestado.com\/danielmatos\/files\/2023\/02\/Screenshot_20230225-1356072.png","contentUrl":"https:\/\/www.blogsoestado.com\/danielmatos\/files\/2023\/02\/Screenshot_20230225-1356072.png"},{"@type":"BreadcrumbList","@id":"https:\/\/www.blogsoestado.com\/danielmatos\/brandao-ja-anunciou-16-nomes-da-sua-equipe-de-governo-para-o-novo-mandato\/#breadcrumb","itemListElement":[{"@type":"ListItem","position":1,"name":"In\u00edcio","item":"https:\/\/www.blogsoestado.com\/danielmatos\/"},{"@type":"ListItem","position":2,"name":"Brand\u00e3o j\u00e1 anunciou 16 nomes da sua equipe de governo para o novo mandato"}]},{"@type":"WebSite","@id":"https:\/\/www.blogsoestado.com\/danielmatos\/#website","url":"https:\/\/www.blogsoestado.com\/danielmatos\/","name":"Daniel Matos","description":"","potentialAction":[{"@type":"SearchAction","target":{"@type":"EntryPoint","urlTemplate":"https:\/\/www.blogsoestado.com\/danielmatos\/?s={search_term_string}"},"query-input":{"@type":"PropertyValueSpecification","valueRequired":true,"valueName":"search_term_string"}}],"inLanguage":"pt-BR"}]}},"jetpack_featured_media_url":"","_links":{"self":[{"href":"https:\/\/www.blogsoestado.com\/danielmatos\/wp-json\/wp\/v2\/posts\/106450","targetHints":{"allow":["GET"]}}],"collection":[{"href":"https:\/\/www.blogsoestado.com\/danielmatos\/wp-json\/wp\/v2\/posts"}],"about":[{"href":"https:\/\/www.blogsoestado.com\/danielmatos\/wp-json\/wp\/v2\/types\/post"}],"replies":[{"embeddable":true,"href":"https:\/\/www.blogsoestado.com\/danielmatos\/wp-json\/wp\/v2\/comments?post=106450"}],"version-history":[{"count":0,"href":"https:\/\/www.blogsoestado.com\/danielmatos\/wp-json\/wp\/v2\/posts\/106450\/revisions"}],"wp:attachment":[{"href":"https:\/\/www.blogsoestado.com\/danielmatos\/wp-json\/wp\/v2\/media?parent=106450"}],"wp:term":[{"taxonomy":"category","embeddable":true,"href":"https:\/\/www.blogsoestado.com\/danielmatos\/wp-json\/wp\/v2\/categories?post=106450"},{"taxonomy":"post_tag","embeddable":true,"href":"https:\/\/www.blogsoestado.com\/danielmatos\/wp-json\/wp\/v2\/tags?post=106450"}],"curies":[{"name":"wp","href":"https:\/\/api.w.org\/{rel}","templated":true}]}}