{"id":106458,"date":"2023-02-25T16:15:40","date_gmt":"2023-02-25T19:15:40","guid":{"rendered":"https:\/\/www.blogsoestado.com\/danielmatos\/?p=106458"},"modified":"2023-02-25T16:15:40","modified_gmt":"2023-02-25T19:15:40","slug":"mais-13-municipios-do-maranhao-estarao-aptos-a-receber-o-sinal-5g-a-partir-de-segunda-feira-27","status":"publish","type":"post","link":"https:\/\/www.blogsoestado.com\/danielmatos\/mais-13-municipios-do-maranhao-estarao-aptos-a-receber-o-sinal-5g-a-partir-de-segunda-feira-27\/","title":{"rendered":"Mais 13 munic\u00edpios do Maranh\u00e3o estar\u00e3o aptos a receber o sinal 5G a partir de segunda-feira (27)"},"content":{"rendered":"\n<p><strong><span class=\"has-inline-color has-vivid-red-color\">At\u00e9 ent\u00e3o liberada pela Anatel apenas em alguns bairros de S\u00e3o Lu\u00eds, conex\u00e3o de internet de alta velocidade ser\u00e1 estendida para toda a Grande Ilha e para outras 10 cidades do estado <\/span><\/strong><\/p>\n\n\n\n<div class=\"wp-block-image\"><figure class=\"aligncenter size-large\"><a href=\"https:\/\/www.blogsoestado.com\/danielmatos\/files\/2023\/02\/Screenshot_20230225-1535352.png\"><img decoding=\"async\" src=\"https:\/\/www.blogsoestado.com\/danielmatos\/files\/2023\/02\/Screenshot_20230225-1535352.png\" alt=\"\" class=\"wp-image-106459\"\/><\/a><\/figure><\/div>\n\n\n\n<p>A partir da pr\u00f3xima segunda-feira, dia 27 de fevereiro de 2023, as prestadoras que adquiriram lotes na faixa de 3,5 GHz poder\u00e3o solicitar \u00e0 Ag\u00eancia Nacional de Telecomunica\u00e7\u00f5es (Anatel) o licenciamento e ativa\u00e7\u00f5es de esta\u00e7\u00f5es de 5G na faixa de 3,5 GHz em mais 347 munic\u00edpios, 13 deles no <strong>Maranh\u00e3o<\/strong>.<\/p>\n\n\n\n<p>As cidades maranhenses autorizadas a receber o sinal 5G a partir desta segunda-feira (27) s\u00e3o os seguintes: S\u00e3o Jos\u00e9 de Ribamar, Timon, Pa\u00e7o do Lumiar, Ros\u00e1rio, Santa Rita, Raposa, Icatu, Alc\u00e2ntara, Morros, Bacabeira, Presidente Juscelino, Axix\u00e1 e Cachoeira Grande.<\/p>\n\n\n\n<p>O sinal 5G chegar\u00e1, portanto, a toda Grande Ilha de S\u00e3o Lu\u00eds, \u00e0 regi\u00e3o do Munim e ao leste do estado, representado pela cidade de Timon.<\/p>\n\n\n\n<p>Estratificando as 347 cidades, que alcan\u00e7am 19,5 milh\u00f5es de brasileiros, 9,1% da popula\u00e7\u00e3o, temos:<\/p>\n\n\n\n<ul class=\"wp-block-list\"><li>177 cidades abaixo de 30 mil habitantes;<\/li><li>111 cidades entre 30 mil e 100 mil habitantes;<\/li><li>37 cidades entre 100 mil e 200 mil habitantes;<\/li><li>22 cidades acima de 200 mil habitantes.<\/li><\/ul>\n\n\n\n<p><a href=\"https:\/\/sistemas.anatel.gov.br\/anexar-api\/publico\/anexos\/download\/7eed36dd8377ba2b17f0ec80a3671ddf\">Acesse aqui a rela\u00e7\u00e3o dos munic\u00edpios<\/a>&nbsp;com c\u00f3digo IBGE, popula\u00e7\u00e3o e quantidade m\u00ednima de esta\u00e7\u00f5es que dever\u00e3o ser implementadas pelas prestadoras nos prazos de edital ou conforme estrat\u00e9gia de cada uma.<\/p>\n\n\n\n<p>At\u00e9 o momento, o Brasil conta com 487 munic\u00edpios liberados para utiliza\u00e7\u00e3o da faixa de 3,5 GHz por esta\u00e7\u00f5es do 5G standalone.\u00a0Com isso, at\u00e9 o momento, a popula\u00e7\u00e3o destas cidades totaliza 86 milh\u00f5es de brasileiros, 40% do total de habitantes.<\/p>\n\n\n\n<p>Para facilitar o acompanhamento dos munic\u00edpios liberados, o GAISPI disponibilizou, nessa sexta-feira (24), novos pain\u00e9is de dados que apresentam os munic\u00edpios em que a faixa de 3,5 GHz j\u00e1 se encontra liberada e, tamb\u00e9m, cont\u00eam o planejamento aprovado pelo GAISPI, indicando os pr\u00f3ximos munic\u00edpios a serem autorizados. Al\u00e9m desse painel, \u00e9 importante mencionar o painel que j\u00e1 existia com informa\u00e7\u00f5es das esta\u00e7\u00f5es licenciadas, o qual foi aprimorado recentemente.<\/p>\n\n\n\n<p>Seguem os links de divulga\u00e7\u00e3o desses novos pain\u00e9is:<\/p>\n\n\n\n<ul class=\"wp-block-list\"><li>P\u00e1gina: Gaispi \u2014 Ag\u00eancia Nacional de Telecomunica\u00e7\u00f5es (<a href=\"http:\/\/www.anp.gov.br\">www.anatel.gov.br<\/a>)<\/li><\/ul>\n\n\n\n<p><a href=\"https:\/\/www.gov.br\/anatel\/pt-br\/composicao\/grupos-de-trabalho\/gaispi\">https:\/\/www.gov.br\/anatel\/pt-br\/composicao\/grupos-de-trabalho\/gaispi<\/a><\/p>\n\n\n\n<ul class=\"wp-block-list\"><li>Anatel &#8211; GAISPI &#8211; Libera\u00e7\u00e3o e Planejamento 3,5 GHz<\/li><\/ul>\n\n\n\n<p><a href=\"https:\/\/informacoes.anatel.gov.br\/paineis\/espectro-e-orbita\/gaispi-liberacao-e-planejamento-3-5-ghz\">https:\/\/informacoes.anatel.gov.br\/paineis\/espectro-e-orbita\/gaispi-liberacao-e-planejamento-3-5-ghz<\/a><\/p>\n\n\n\n<p>A decis\u00e3o tomada pelo GAISPI (Grupo de Acompanhamento da Implanta\u00e7\u00e3o das Solu\u00e7\u00f5es para os Problemas de Interfer\u00eancia na faixa de 3.625 a 3.700 MHz) segue diretrizes do Edital do 5G e abrange munic\u00edpios onde a Entidade Administradora da Faixa de 3,5 GHz (EAF) j\u00e1 iniciou a migra\u00e7\u00e3o da recep\u00e7\u00e3o do sinal de televis\u00e3o aberta e gratuita por meio de antenas parab\u00f3licas na banda C satelital para a banda Ku, come\u00e7ou o agendamento para instala\u00e7\u00e3o de kits recep<del>e<\/del>tores \u00e0 popula\u00e7\u00e3o e concluiu as a\u00e7\u00f5es necess\u00e1rias para a desocupa\u00e7\u00e3o desta faixa por sistemas do Servi\u00e7o Fixo por Sat\u00e9lite (FSS), tendo instalado os filtros para a mitiga\u00e7\u00e3o de interfer\u00eancias em todas as esta\u00e7\u00f5es do FSS impactadas.<\/p>\n\n\n\n<p>Importante ressaltar que a libera\u00e7\u00e3o da faixa n\u00e3o significa que redes do 5G ser\u00e3o instaladas de imediato nas localidades: a instala\u00e7\u00e3o antecipada de esta\u00e7\u00f5es de quinta gera\u00e7\u00e3o nessas cidades depende do planejamento individual de cada prestadora.<\/p>\n\n\n\n<p>Quem recebe as transmiss\u00f5es da TV Aberta pela antena parab\u00f3lica precisa adaptar o equipamento para evitar eventuais interfer\u00eancias. Inscritos no Cadastro \u00danico para Programas Sociais do Governo Federal (Cad\u00danico) que recebem sinal da TV aberta por parab\u00f3lica podem solicitar o kit gratuito para a adapta\u00e7\u00e3o do equipamento \u00e0 Siga Antenado, nome fantasia da EAF.<\/p>\n\n\n\n<p><strong>Agendamento<\/strong><\/p>\n\n\n\n<p>\u00c9 fundamental que seja realizado agendamento para a instala\u00e7\u00e3o dos novos equipamentos. Mais informa\u00e7\u00f5es est\u00e3o dispon\u00edveis no site da&nbsp;<a href=\"https:\/\/sigaantenado.com.br\/\">Siga Antenado<\/a>. Tamb\u00e9m est\u00e1 dispon\u00edvel o telefone 0800-729-2404.<\/p>\n\n\n\n<p>As cidades, os bairros e a quantidade de esta\u00e7\u00f5es licenciadas do 5G standalone na faixa de 3,5 GHz, bem como os aparelhos celulares certificados para uso de 5G, podem ser consultados nos dashboards disponibilizados no painel de dados da Anatel:<\/p>\n\n\n\n<ul class=\"wp-block-list\"><li><a href=\"https:\/\/informacoes.anatel.gov.br\/paineis\/outorga-e-licenciamento\/estacoes-do-smp\">https:\/\/informacoes.anatel.gov.br\/paineis\/outorga-e-licenciamento\/estacoes-do-smp<\/a><\/li><li><a href=\"https:\/\/informacoes.anatel.gov.br\/paineis\/certificacao-de-produtos\/celulares-em-5g\">https:\/\/informacoes.anatel.gov.br\/paineis\/certificacao-de-produtos\/celulares-em-5g<\/a><\/li><\/ul>\n","protected":false},"excerpt":{"rendered":"<p>At\u00e9 ent\u00e3o liberada pela Anatel apenas em alguns bairros de S\u00e3o Lu\u00eds, conex\u00e3o de internet de alta velocidade ser\u00e1 estendida [&hellip;]<\/p>\n","protected":false},"author":0,"featured_media":0,"comment_status":"open","ping_status":"open","sticky":false,"template":"","format":"standard","meta":{"site-sidebar-layout":"default","site-content-layout":"","ast-site-content-layout":"default","site-content-style":"default","site-sidebar-style":"default","ast-global-header-display":"","ast-banner-title-visibility":"","ast-main-header-display":"","ast-hfb-above-header-display":"","ast-hfb-below-header-display":"","ast-hfb-mobile-header-display":"","site-post-title":"","ast-breadcrumbs-content":"","ast-featured-img":"","footer-sml-layout":"","ast-disable-related-posts":"","theme-transparent-header-meta":"","adv-header-id-meta":"","stick-header-meta":"","header-above-stick-meta":"","header-main-stick-meta":"","header-below-stick-meta":"","astra-migrate-meta-layouts":"default","ast-page-background-enabled":"default","ast-page-background-meta":{"desktop":{"background-color":"var(--ast-global-color-5)","background-image":"","background-repeat":"repeat","background-position":"center center","background-size":"auto","background-attachment":"scroll","background-type":"","background-media":"","overlay-type":"","overlay-color":"","overlay-opacity":"","overlay-gradient":""},"tablet":{"background-color":"","background-image":"","background-repeat":"repeat","background-position":"center center","background-size":"auto","background-attachment":"scroll","background-type":"","background-media":"","overlay-type":"","overlay-color":"","overlay-opacity":"","overlay-gradient":""},"mobile":{"background-color":"","background-image":"","background-repeat":"repeat","background-position":"center center","background-size":"auto","background-attachment":"scroll","background-type":"","background-media":"","overlay-type":"","overlay-color":"","overlay-opacity":"","overlay-gradient":""}},"ast-content-background-meta":{"desktop":{"background-color":"var(--ast-global-color-4)","background-image":"","background-repeat":"repeat","background-position":"center center","background-size":"auto","background-attachment":"scroll","background-type":"","background-media":"","overlay-type":"","overlay-color":"","overlay-opacity":"","overlay-gradient":""},"tablet":{"background-color":"var(--ast-global-color-4)","background-image":"","background-repeat":"repeat","background-position":"center center","background-size":"auto","background-attachment":"scroll","background-type":"","background-media":"","overlay-type":"","overlay-color":"","overlay-opacity":"","overlay-gradient":""},"mobile":{"background-color":"var(--ast-global-color-4)","background-image":"","background-repeat":"repeat","background-position":"center center","background-size":"auto","background-attachment":"scroll","background-type":"","background-media":"","overlay-type":"","overlay-color":"","overlay-opacity":"","overlay-gradient":""}},"footnotes":""},"categories":[1],"tags":[],"class_list":["post-106458","post","type-post","status-publish","format-standard","hentry","category-sem-categoria"],"yoast_head":"<!-- This site is optimized with the Yoast SEO plugin v26.6 - https:\/\/yoast.com\/wordpress\/plugins\/seo\/ -->\n<title>Mais 13 munic\u00edpios do Maranh\u00e3o estar\u00e3o aptos a receber o sinal 5G a partir de segunda-feira (27) - Daniel Matos<\/title>\n<meta name=\"robots\" content=\"index, follow, max-snippet:-1, max-image-preview:large, max-video-preview:-1\" \/>\n<link rel=\"canonical\" href=\"https:\/\/www.blogsoestado.com\/danielmatos\/mais-13-municipios-do-maranhao-estarao-aptos-a-receber-o-sinal-5g-a-partir-de-segunda-feira-27\/\" \/>\n<meta property=\"og:locale\" content=\"pt_BR\" \/>\n<meta property=\"og:type\" content=\"article\" \/>\n<meta property=\"og:title\" content=\"Mais 13 munic\u00edpios do Maranh\u00e3o estar\u00e3o aptos a receber o sinal 5G a partir de segunda-feira (27) - Daniel Matos\" \/>\n<meta property=\"og:description\" content=\"At\u00e9 ent\u00e3o liberada pela Anatel apenas em alguns bairros de S\u00e3o Lu\u00eds, conex\u00e3o de internet de alta velocidade ser\u00e1 estendida [&hellip;]\" \/>\n<meta property=\"og:url\" content=\"https:\/\/www.blogsoestado.com\/danielmatos\/mais-13-municipios-do-maranhao-estarao-aptos-a-receber-o-sinal-5g-a-partir-de-segunda-feira-27\/\" \/>\n<meta property=\"og:site_name\" content=\"Daniel Matos\" \/>\n<meta property=\"article:published_time\" content=\"2023-02-25T19:15:40+00:00\" \/>\n<meta property=\"og:image\" content=\"https:\/\/www.blogsoestado.com\/danielmatos\/files\/2023\/02\/Screenshot_20230225-1535352.png\" \/>\n<meta name=\"twitter:card\" content=\"summary_large_image\" \/>\n<meta name=\"twitter:label1\" content=\"Est. tempo de leitura\" \/>\n\t<meta name=\"twitter:data1\" content=\"3 minutos\" \/>\n<script type=\"application\/ld+json\" class=\"yoast-schema-graph\">{\"@context\":\"https:\/\/schema.org\",\"@graph\":[{\"@type\":\"WebPage\",\"@id\":\"https:\/\/www.blogsoestado.com\/danielmatos\/mais-13-municipios-do-maranhao-estarao-aptos-a-receber-o-sinal-5g-a-partir-de-segunda-feira-27\/\",\"url\":\"https:\/\/www.blogsoestado.com\/danielmatos\/mais-13-municipios-do-maranhao-estarao-aptos-a-receber-o-sinal-5g-a-partir-de-segunda-feira-27\/\",\"name\":\"Mais 13 munic\u00edpios do Maranh\u00e3o estar\u00e3o aptos a receber o sinal 5G a partir de segunda-feira (27) - Daniel Matos\",\"isPartOf\":{\"@id\":\"https:\/\/www.blogsoestado.com\/danielmatos\/#website\"},\"primaryImageOfPage\":{\"@id\":\"https:\/\/www.blogsoestado.com\/danielmatos\/mais-13-municipios-do-maranhao-estarao-aptos-a-receber-o-sinal-5g-a-partir-de-segunda-feira-27\/#primaryimage\"},\"image\":{\"@id\":\"https:\/\/www.blogsoestado.com\/danielmatos\/mais-13-municipios-do-maranhao-estarao-aptos-a-receber-o-sinal-5g-a-partir-de-segunda-feira-27\/#primaryimage\"},\"thumbnailUrl\":\"https:\/\/www.blogsoestado.com\/danielmatos\/files\/2023\/02\/Screenshot_20230225-1535352.png\",\"datePublished\":\"2023-02-25T19:15:40+00:00\",\"author\":{\"@id\":\"\"},\"breadcrumb\":{\"@id\":\"https:\/\/www.blogsoestado.com\/danielmatos\/mais-13-municipios-do-maranhao-estarao-aptos-a-receber-o-sinal-5g-a-partir-de-segunda-feira-27\/#breadcrumb\"},\"inLanguage\":\"pt-BR\",\"potentialAction\":[{\"@type\":\"ReadAction\",\"target\":[\"https:\/\/www.blogsoestado.com\/danielmatos\/mais-13-municipios-do-maranhao-estarao-aptos-a-receber-o-sinal-5g-a-partir-de-segunda-feira-27\/\"]}]},{\"@type\":\"ImageObject\",\"inLanguage\":\"pt-BR\",\"@id\":\"https:\/\/www.blogsoestado.com\/danielmatos\/mais-13-municipios-do-maranhao-estarao-aptos-a-receber-o-sinal-5g-a-partir-de-segunda-feira-27\/#primaryimage\",\"url\":\"https:\/\/www.blogsoestado.com\/danielmatos\/files\/2023\/02\/Screenshot_20230225-1535352.png\",\"contentUrl\":\"https:\/\/www.blogsoestado.com\/danielmatos\/files\/2023\/02\/Screenshot_20230225-1535352.png\"},{\"@type\":\"BreadcrumbList\",\"@id\":\"https:\/\/www.blogsoestado.com\/danielmatos\/mais-13-municipios-do-maranhao-estarao-aptos-a-receber-o-sinal-5g-a-partir-de-segunda-feira-27\/#breadcrumb\",\"itemListElement\":[{\"@type\":\"ListItem\",\"position\":1,\"name\":\"In\u00edcio\",\"item\":\"https:\/\/www.blogsoestado.com\/danielmatos\/\"},{\"@type\":\"ListItem\",\"position\":2,\"name\":\"Mais 13 munic\u00edpios do Maranh\u00e3o estar\u00e3o aptos a receber o sinal 5G a partir de segunda-feira (27)\"}]},{\"@type\":\"WebSite\",\"@id\":\"https:\/\/www.blogsoestado.com\/danielmatos\/#website\",\"url\":\"https:\/\/www.blogsoestado.com\/danielmatos\/\",\"name\":\"Daniel Matos\",\"description\":\"\",\"potentialAction\":[{\"@type\":\"SearchAction\",\"target\":{\"@type\":\"EntryPoint\",\"urlTemplate\":\"https:\/\/www.blogsoestado.com\/danielmatos\/?s={search_term_string}\"},\"query-input\":{\"@type\":\"PropertyValueSpecification\",\"valueRequired\":true,\"valueName\":\"search_term_string\"}}],\"inLanguage\":\"pt-BR\"}]}<\/script>\n<!-- \/ Yoast SEO plugin. -->","yoast_head_json":{"title":"Mais 13 munic\u00edpios do Maranh\u00e3o estar\u00e3o aptos a receber o sinal 5G a partir de segunda-feira (27) - Daniel Matos","robots":{"index":"index","follow":"follow","max-snippet":"max-snippet:-1","max-image-preview":"max-image-preview:large","max-video-preview":"max-video-preview:-1"},"canonical":"https:\/\/www.blogsoestado.com\/danielmatos\/mais-13-municipios-do-maranhao-estarao-aptos-a-receber-o-sinal-5g-a-partir-de-segunda-feira-27\/","og_locale":"pt_BR","og_type":"article","og_title":"Mais 13 munic\u00edpios do Maranh\u00e3o estar\u00e3o aptos a receber o sinal 5G a partir de segunda-feira (27) - Daniel Matos","og_description":"At\u00e9 ent\u00e3o liberada pela Anatel apenas em alguns bairros de S\u00e3o Lu\u00eds, conex\u00e3o de internet de alta velocidade ser\u00e1 estendida [&hellip;]","og_url":"https:\/\/www.blogsoestado.com\/danielmatos\/mais-13-municipios-do-maranhao-estarao-aptos-a-receber-o-sinal-5g-a-partir-de-segunda-feira-27\/","og_site_name":"Daniel Matos","article_published_time":"2023-02-25T19:15:40+00:00","og_image":[{"url":"https:\/\/www.blogsoestado.com\/danielmatos\/files\/2023\/02\/Screenshot_20230225-1535352.png","type":"","width":"","height":""}],"twitter_card":"summary_large_image","twitter_misc":{"Est. tempo de leitura":"3 minutos"},"schema":{"@context":"https:\/\/schema.org","@graph":[{"@type":"WebPage","@id":"https:\/\/www.blogsoestado.com\/danielmatos\/mais-13-municipios-do-maranhao-estarao-aptos-a-receber-o-sinal-5g-a-partir-de-segunda-feira-27\/","url":"https:\/\/www.blogsoestado.com\/danielmatos\/mais-13-municipios-do-maranhao-estarao-aptos-a-receber-o-sinal-5g-a-partir-de-segunda-feira-27\/","name":"Mais 13 munic\u00edpios do Maranh\u00e3o estar\u00e3o aptos a receber o sinal 5G a partir de segunda-feira (27) - Daniel Matos","isPartOf":{"@id":"https:\/\/www.blogsoestado.com\/danielmatos\/#website"},"primaryImageOfPage":{"@id":"https:\/\/www.blogsoestado.com\/danielmatos\/mais-13-municipios-do-maranhao-estarao-aptos-a-receber-o-sinal-5g-a-partir-de-segunda-feira-27\/#primaryimage"},"image":{"@id":"https:\/\/www.blogsoestado.com\/danielmatos\/mais-13-municipios-do-maranhao-estarao-aptos-a-receber-o-sinal-5g-a-partir-de-segunda-feira-27\/#primaryimage"},"thumbnailUrl":"https:\/\/www.blogsoestado.com\/danielmatos\/files\/2023\/02\/Screenshot_20230225-1535352.png","datePublished":"2023-02-25T19:15:40+00:00","author":{"@id":""},"breadcrumb":{"@id":"https:\/\/www.blogsoestado.com\/danielmatos\/mais-13-municipios-do-maranhao-estarao-aptos-a-receber-o-sinal-5g-a-partir-de-segunda-feira-27\/#breadcrumb"},"inLanguage":"pt-BR","potentialAction":[{"@type":"ReadAction","target":["https:\/\/www.blogsoestado.com\/danielmatos\/mais-13-municipios-do-maranhao-estarao-aptos-a-receber-o-sinal-5g-a-partir-de-segunda-feira-27\/"]}]},{"@type":"ImageObject","inLanguage":"pt-BR","@id":"https:\/\/www.blogsoestado.com\/danielmatos\/mais-13-municipios-do-maranhao-estarao-aptos-a-receber-o-sinal-5g-a-partir-de-segunda-feira-27\/#primaryimage","url":"https:\/\/www.blogsoestado.com\/danielmatos\/files\/2023\/02\/Screenshot_20230225-1535352.png","contentUrl":"https:\/\/www.blogsoestado.com\/danielmatos\/files\/2023\/02\/Screenshot_20230225-1535352.png"},{"@type":"BreadcrumbList","@id":"https:\/\/www.blogsoestado.com\/danielmatos\/mais-13-municipios-do-maranhao-estarao-aptos-a-receber-o-sinal-5g-a-partir-de-segunda-feira-27\/#breadcrumb","itemListElement":[{"@type":"ListItem","position":1,"name":"In\u00edcio","item":"https:\/\/www.blogsoestado.com\/danielmatos\/"},{"@type":"ListItem","position":2,"name":"Mais 13 munic\u00edpios do Maranh\u00e3o estar\u00e3o aptos a receber o sinal 5G a partir de segunda-feira (27)"}]},{"@type":"WebSite","@id":"https:\/\/www.blogsoestado.com\/danielmatos\/#website","url":"https:\/\/www.blogsoestado.com\/danielmatos\/","name":"Daniel Matos","description":"","potentialAction":[{"@type":"SearchAction","target":{"@type":"EntryPoint","urlTemplate":"https:\/\/www.blogsoestado.com\/danielmatos\/?s={search_term_string}"},"query-input":{"@type":"PropertyValueSpecification","valueRequired":true,"valueName":"search_term_string"}}],"inLanguage":"pt-BR"}]}},"jetpack_featured_media_url":"","_links":{"self":[{"href":"https:\/\/www.blogsoestado.com\/danielmatos\/wp-json\/wp\/v2\/posts\/106458","targetHints":{"allow":["GET"]}}],"collection":[{"href":"https:\/\/www.blogsoestado.com\/danielmatos\/wp-json\/wp\/v2\/posts"}],"about":[{"href":"https:\/\/www.blogsoestado.com\/danielmatos\/wp-json\/wp\/v2\/types\/post"}],"replies":[{"embeddable":true,"href":"https:\/\/www.blogsoestado.com\/danielmatos\/wp-json\/wp\/v2\/comments?post=106458"}],"version-history":[{"count":0,"href":"https:\/\/www.blogsoestado.com\/danielmatos\/wp-json\/wp\/v2\/posts\/106458\/revisions"}],"wp:attachment":[{"href":"https:\/\/www.blogsoestado.com\/danielmatos\/wp-json\/wp\/v2\/media?parent=106458"}],"wp:term":[{"taxonomy":"category","embeddable":true,"href":"https:\/\/www.blogsoestado.com\/danielmatos\/wp-json\/wp\/v2\/categories?post=106458"},{"taxonomy":"post_tag","embeddable":true,"href":"https:\/\/www.blogsoestado.com\/danielmatos\/wp-json\/wp\/v2\/tags?post=106458"}],"curies":[{"name":"wp","href":"https:\/\/api.w.org\/{rel}","templated":true}]}}