{"id":106461,"date":"2023-02-25T19:43:43","date_gmt":"2023-02-25T22:43:43","guid":{"rendered":"https:\/\/www.blogsoestado.com\/danielmatos\/?p=106461"},"modified":"2023-02-25T19:43:43","modified_gmt":"2023-02-25T22:43:43","slug":"no-vivendas-do-turu-ponte-ameaca-desabar-com-chuvas-e-populares-fazem-apelo","status":"publish","type":"post","link":"https:\/\/www.blogsoestado.com\/danielmatos\/no-vivendas-do-turu-ponte-ameaca-desabar-com-chuvas-e-populares-fazem-apelo\/","title":{"rendered":"No Vivendas do Turu, ponte amea\u00e7a desabar com chuvas e populares fazem apelo"},"content":{"rendered":"\n<div class=\"wp-block-image\"><figure class=\"aligncenter size-large\"><a href=\"https:\/\/www.blogsoestado.com\/danielmatos\/files\/2023\/02\/Screenshot_20230225-1909492.png\"><img decoding=\"async\" src=\"https:\/\/www.blogsoestado.com\/danielmatos\/files\/2023\/02\/Screenshot_20230225-1909492-586x1024.png\" alt=\"\" class=\"wp-image-106463\"\/><\/a><figcaption>O vereador Marcial Lima voltou ao locar para mostrar o estado cr\u00edtico da.ponre e ouvir moradores, que relataram os riscos <\/figcaption><\/figure><\/div>\n\n\n\n<p>Moradores do Conjunto Residencial Vivendas do Turu fazem um apelo \u00e0s autoridades p\u00fablicas para que intervenham na situa\u00e7\u00e3o de uma ponte localizada na Rua Caxias, que d\u00e1 acesso \u00e0 comunidade, parcialmente danificada pela for\u00e7a das \u00faltimas chuvas e que amea\u00e7a entrar em colapso, isolar a \u00e1rea e fazer v\u00edtimas. Os populares alertam para o risco de graves acidentes caso o problema n\u00e3o seja solucionado com a devida urg\u00eancia.<\/p>\n\n\n\n<p>Morador da regi\u00e3o e lideran\u00e7a com forte e permanente atua\u00e7\u00e3o na comunidade, o vereador Marcial Lima (Podemos) d\u00e1 voz aos reclames da popula\u00e7\u00e3o. Em visita ao ponto cr\u00edtico, ele mostrou o estado da ponte, que d\u00e1 sinais de que pode ruir a qualquer momento, o que representa s\u00e9rio risco \u00e0s pessoas que transitam pelo local.<\/p>\n\n\n\n<div class=\"wp-block-image\"><figure class=\"aligncenter size-large\"><a href=\"https:\/\/www.blogsoestado.com\/danielmatos\/files\/2023\/02\/Screenshot_20230225-1909272.png\"><img decoding=\"async\" src=\"https:\/\/www.blogsoestado.com\/danielmatos\/files\/2023\/02\/Screenshot_20230225-1909272-592x1024.png\" alt=\"\" class=\"wp-image-106464\"\/><\/a><figcaption>Ponte amea\u00e7a desabar a qualquer momento e res\u00edduos acumulados sob a estrutura agravam o perigo<\/figcaption><\/figure><\/div>\n\n\n\n<p>Marcial Lima denunciou a deteriora\u00e7\u00e3o da ponte e o ac\u00famulo de res\u00edduos sob a estrutura, o que agrava o perigo. &#8220;Mais uma vez, voltamos ao local, ouvimos moradores e constatamos a execu\u00e7\u00e3o de um trabalho sem planejamento pela Prefeitura de S\u00e3o Lu\u00eds, o que contribui para aumentar ainda mais o risco e a amea\u00e7a \u00e0 comunidade &#8220;, ressaltou.<\/p>\n\n\n\n<p><strong><span class=\"has-inline-color has-vivid-red-color\">Assista ao v\u00eddeo<\/span> <a href=\"https:\/\/youtu.be\/A1XF1SsLIJs\">aqui<\/a><\/strong>.<\/p>\n","protected":false},"excerpt":{"rendered":"<p>Moradores do Conjunto Residencial Vivendas do Turu fazem um apelo \u00e0s autoridades p\u00fablicas para que intervenham na situa\u00e7\u00e3o de uma [&hellip;]<\/p>\n","protected":false},"author":0,"featured_media":0,"comment_status":"open","ping_status":"open","sticky":false,"template":"","format":"standard","meta":{"site-sidebar-layout":"default","site-content-layout":"","ast-site-content-layout":"default","site-content-style":"default","site-sidebar-style":"default","ast-global-header-display":"","ast-banner-title-visibility":"","ast-main-header-display":"","ast-hfb-above-header-display":"","ast-hfb-below-header-display":"","ast-hfb-mobile-header-display":"","site-post-title":"","ast-breadcrumbs-content":"","ast-featured-img":"","footer-sml-layout":"","ast-disable-related-posts":"","theme-transparent-header-meta":"","adv-header-id-meta":"","stick-header-meta":"","header-above-stick-meta":"","header-main-stick-meta":"","header-below-stick-meta":"","astra-migrate-meta-layouts":"default","ast-page-background-enabled":"default","ast-page-background-meta":{"desktop":{"background-color":"var(--ast-global-color-5)","background-image":"","background-repeat":"repeat","background-position":"center center","background-size":"auto","background-attachment":"scroll","background-type":"","background-media":"","overlay-type":"","overlay-color":"","overlay-opacity":"","overlay-gradient":""},"tablet":{"background-color":"","background-image":"","background-repeat":"repeat","background-position":"center center","background-size":"auto","background-attachment":"scroll","background-type":"","background-media":"","overlay-type":"","overlay-color":"","overlay-opacity":"","overlay-gradient":""},"mobile":{"background-color":"","background-image":"","background-repeat":"repeat","background-position":"center center","background-size":"auto","background-attachment":"scroll","background-type":"","background-media":"","overlay-type":"","overlay-color":"","overlay-opacity":"","overlay-gradient":""}},"ast-content-background-meta":{"desktop":{"background-color":"var(--ast-global-color-4)","background-image":"","background-repeat":"repeat","background-position":"center center","background-size":"auto","background-attachment":"scroll","background-type":"","background-media":"","overlay-type":"","overlay-color":"","overlay-opacity":"","overlay-gradient":""},"tablet":{"background-color":"var(--ast-global-color-4)","background-image":"","background-repeat":"repeat","background-position":"center center","background-size":"auto","background-attachment":"scroll","background-type":"","background-media":"","overlay-type":"","overlay-color":"","overlay-opacity":"","overlay-gradient":""},"mobile":{"background-color":"var(--ast-global-color-4)","background-image":"","background-repeat":"repeat","background-position":"center center","background-size":"auto","background-attachment":"scroll","background-type":"","background-media":"","overlay-type":"","overlay-color":"","overlay-opacity":"","overlay-gradient":""}},"footnotes":""},"categories":[1],"tags":[],"class_list":["post-106461","post","type-post","status-publish","format-standard","hentry","category-sem-categoria"],"yoast_head":"<!-- This site is optimized with the Yoast SEO plugin v26.6 - https:\/\/yoast.com\/wordpress\/plugins\/seo\/ -->\n<title>No Vivendas do Turu, ponte amea\u00e7a desabar com chuvas e populares fazem apelo - Daniel Matos<\/title>\n<meta name=\"robots\" content=\"index, follow, max-snippet:-1, max-image-preview:large, max-video-preview:-1\" \/>\n<link rel=\"canonical\" href=\"https:\/\/www.blogsoestado.com\/danielmatos\/no-vivendas-do-turu-ponte-ameaca-desabar-com-chuvas-e-populares-fazem-apelo\/\" \/>\n<meta property=\"og:locale\" content=\"pt_BR\" \/>\n<meta property=\"og:type\" content=\"article\" \/>\n<meta property=\"og:title\" content=\"No Vivendas do Turu, ponte amea\u00e7a desabar com chuvas e populares fazem apelo - Daniel Matos\" \/>\n<meta property=\"og:description\" content=\"Moradores do Conjunto Residencial Vivendas do Turu fazem um apelo \u00e0s autoridades p\u00fablicas para que intervenham na situa\u00e7\u00e3o de uma [&hellip;]\" \/>\n<meta property=\"og:url\" content=\"https:\/\/www.blogsoestado.com\/danielmatos\/no-vivendas-do-turu-ponte-ameaca-desabar-com-chuvas-e-populares-fazem-apelo\/\" \/>\n<meta property=\"og:site_name\" content=\"Daniel Matos\" \/>\n<meta property=\"article:published_time\" content=\"2023-02-25T22:43:43+00:00\" \/>\n<meta property=\"og:image\" content=\"https:\/\/www.blogsoestado.com\/danielmatos\/files\/2023\/02\/Screenshot_20230225-1909492-586x1024.png\" \/>\n<meta name=\"twitter:card\" content=\"summary_large_image\" \/>\n<meta name=\"twitter:label1\" content=\"Est. tempo de leitura\" \/>\n\t<meta name=\"twitter:data1\" content=\"2 minutos\" \/>\n<script type=\"application\/ld+json\" class=\"yoast-schema-graph\">{\"@context\":\"https:\/\/schema.org\",\"@graph\":[{\"@type\":\"WebPage\",\"@id\":\"https:\/\/www.blogsoestado.com\/danielmatos\/no-vivendas-do-turu-ponte-ameaca-desabar-com-chuvas-e-populares-fazem-apelo\/\",\"url\":\"https:\/\/www.blogsoestado.com\/danielmatos\/no-vivendas-do-turu-ponte-ameaca-desabar-com-chuvas-e-populares-fazem-apelo\/\",\"name\":\"No Vivendas do Turu, ponte amea\u00e7a desabar com chuvas e populares fazem apelo - Daniel Matos\",\"isPartOf\":{\"@id\":\"https:\/\/www.blogsoestado.com\/danielmatos\/#website\"},\"primaryImageOfPage\":{\"@id\":\"https:\/\/www.blogsoestado.com\/danielmatos\/no-vivendas-do-turu-ponte-ameaca-desabar-com-chuvas-e-populares-fazem-apelo\/#primaryimage\"},\"image\":{\"@id\":\"https:\/\/www.blogsoestado.com\/danielmatos\/no-vivendas-do-turu-ponte-ameaca-desabar-com-chuvas-e-populares-fazem-apelo\/#primaryimage\"},\"thumbnailUrl\":\"https:\/\/www.blogsoestado.com\/danielmatos\/files\/2023\/02\/Screenshot_20230225-1909492-586x1024.png\",\"datePublished\":\"2023-02-25T22:43:43+00:00\",\"author\":{\"@id\":\"\"},\"breadcrumb\":{\"@id\":\"https:\/\/www.blogsoestado.com\/danielmatos\/no-vivendas-do-turu-ponte-ameaca-desabar-com-chuvas-e-populares-fazem-apelo\/#breadcrumb\"},\"inLanguage\":\"pt-BR\",\"potentialAction\":[{\"@type\":\"ReadAction\",\"target\":[\"https:\/\/www.blogsoestado.com\/danielmatos\/no-vivendas-do-turu-ponte-ameaca-desabar-com-chuvas-e-populares-fazem-apelo\/\"]}]},{\"@type\":\"ImageObject\",\"inLanguage\":\"pt-BR\",\"@id\":\"https:\/\/www.blogsoestado.com\/danielmatos\/no-vivendas-do-turu-ponte-ameaca-desabar-com-chuvas-e-populares-fazem-apelo\/#primaryimage\",\"url\":\"https:\/\/www.blogsoestado.com\/danielmatos\/files\/2023\/02\/Screenshot_20230225-1909492-586x1024.png\",\"contentUrl\":\"https:\/\/www.blogsoestado.com\/danielmatos\/files\/2023\/02\/Screenshot_20230225-1909492-586x1024.png\"},{\"@type\":\"BreadcrumbList\",\"@id\":\"https:\/\/www.blogsoestado.com\/danielmatos\/no-vivendas-do-turu-ponte-ameaca-desabar-com-chuvas-e-populares-fazem-apelo\/#breadcrumb\",\"itemListElement\":[{\"@type\":\"ListItem\",\"position\":1,\"name\":\"In\u00edcio\",\"item\":\"https:\/\/www.blogsoestado.com\/danielmatos\/\"},{\"@type\":\"ListItem\",\"position\":2,\"name\":\"No Vivendas do Turu, ponte amea\u00e7a desabar com chuvas e populares fazem apelo\"}]},{\"@type\":\"WebSite\",\"@id\":\"https:\/\/www.blogsoestado.com\/danielmatos\/#website\",\"url\":\"https:\/\/www.blogsoestado.com\/danielmatos\/\",\"name\":\"Daniel Matos\",\"description\":\"\",\"potentialAction\":[{\"@type\":\"SearchAction\",\"target\":{\"@type\":\"EntryPoint\",\"urlTemplate\":\"https:\/\/www.blogsoestado.com\/danielmatos\/?s={search_term_string}\"},\"query-input\":{\"@type\":\"PropertyValueSpecification\",\"valueRequired\":true,\"valueName\":\"search_term_string\"}}],\"inLanguage\":\"pt-BR\"}]}<\/script>\n<!-- \/ Yoast SEO plugin. -->","yoast_head_json":{"title":"No Vivendas do Turu, ponte amea\u00e7a desabar com chuvas e populares fazem apelo - Daniel Matos","robots":{"index":"index","follow":"follow","max-snippet":"max-snippet:-1","max-image-preview":"max-image-preview:large","max-video-preview":"max-video-preview:-1"},"canonical":"https:\/\/www.blogsoestado.com\/danielmatos\/no-vivendas-do-turu-ponte-ameaca-desabar-com-chuvas-e-populares-fazem-apelo\/","og_locale":"pt_BR","og_type":"article","og_title":"No Vivendas do Turu, ponte amea\u00e7a desabar com chuvas e populares fazem apelo - Daniel Matos","og_description":"Moradores do Conjunto Residencial Vivendas do Turu fazem um apelo \u00e0s autoridades p\u00fablicas para que intervenham na situa\u00e7\u00e3o de uma [&hellip;]","og_url":"https:\/\/www.blogsoestado.com\/danielmatos\/no-vivendas-do-turu-ponte-ameaca-desabar-com-chuvas-e-populares-fazem-apelo\/","og_site_name":"Daniel Matos","article_published_time":"2023-02-25T22:43:43+00:00","og_image":[{"url":"https:\/\/www.blogsoestado.com\/danielmatos\/files\/2023\/02\/Screenshot_20230225-1909492-586x1024.png","type":"","width":"","height":""}],"twitter_card":"summary_large_image","twitter_misc":{"Est. tempo de leitura":"2 minutos"},"schema":{"@context":"https:\/\/schema.org","@graph":[{"@type":"WebPage","@id":"https:\/\/www.blogsoestado.com\/danielmatos\/no-vivendas-do-turu-ponte-ameaca-desabar-com-chuvas-e-populares-fazem-apelo\/","url":"https:\/\/www.blogsoestado.com\/danielmatos\/no-vivendas-do-turu-ponte-ameaca-desabar-com-chuvas-e-populares-fazem-apelo\/","name":"No Vivendas do Turu, ponte amea\u00e7a desabar com chuvas e populares fazem apelo - Daniel Matos","isPartOf":{"@id":"https:\/\/www.blogsoestado.com\/danielmatos\/#website"},"primaryImageOfPage":{"@id":"https:\/\/www.blogsoestado.com\/danielmatos\/no-vivendas-do-turu-ponte-ameaca-desabar-com-chuvas-e-populares-fazem-apelo\/#primaryimage"},"image":{"@id":"https:\/\/www.blogsoestado.com\/danielmatos\/no-vivendas-do-turu-ponte-ameaca-desabar-com-chuvas-e-populares-fazem-apelo\/#primaryimage"},"thumbnailUrl":"https:\/\/www.blogsoestado.com\/danielmatos\/files\/2023\/02\/Screenshot_20230225-1909492-586x1024.png","datePublished":"2023-02-25T22:43:43+00:00","author":{"@id":""},"breadcrumb":{"@id":"https:\/\/www.blogsoestado.com\/danielmatos\/no-vivendas-do-turu-ponte-ameaca-desabar-com-chuvas-e-populares-fazem-apelo\/#breadcrumb"},"inLanguage":"pt-BR","potentialAction":[{"@type":"ReadAction","target":["https:\/\/www.blogsoestado.com\/danielmatos\/no-vivendas-do-turu-ponte-ameaca-desabar-com-chuvas-e-populares-fazem-apelo\/"]}]},{"@type":"ImageObject","inLanguage":"pt-BR","@id":"https:\/\/www.blogsoestado.com\/danielmatos\/no-vivendas-do-turu-ponte-ameaca-desabar-com-chuvas-e-populares-fazem-apelo\/#primaryimage","url":"https:\/\/www.blogsoestado.com\/danielmatos\/files\/2023\/02\/Screenshot_20230225-1909492-586x1024.png","contentUrl":"https:\/\/www.blogsoestado.com\/danielmatos\/files\/2023\/02\/Screenshot_20230225-1909492-586x1024.png"},{"@type":"BreadcrumbList","@id":"https:\/\/www.blogsoestado.com\/danielmatos\/no-vivendas-do-turu-ponte-ameaca-desabar-com-chuvas-e-populares-fazem-apelo\/#breadcrumb","itemListElement":[{"@type":"ListItem","position":1,"name":"In\u00edcio","item":"https:\/\/www.blogsoestado.com\/danielmatos\/"},{"@type":"ListItem","position":2,"name":"No Vivendas do Turu, ponte amea\u00e7a desabar com chuvas e populares fazem apelo"}]},{"@type":"WebSite","@id":"https:\/\/www.blogsoestado.com\/danielmatos\/#website","url":"https:\/\/www.blogsoestado.com\/danielmatos\/","name":"Daniel Matos","description":"","potentialAction":[{"@type":"SearchAction","target":{"@type":"EntryPoint","urlTemplate":"https:\/\/www.blogsoestado.com\/danielmatos\/?s={search_term_string}"},"query-input":{"@type":"PropertyValueSpecification","valueRequired":true,"valueName":"search_term_string"}}],"inLanguage":"pt-BR"}]}},"jetpack_featured_media_url":"","_links":{"self":[{"href":"https:\/\/www.blogsoestado.com\/danielmatos\/wp-json\/wp\/v2\/posts\/106461","targetHints":{"allow":["GET"]}}],"collection":[{"href":"https:\/\/www.blogsoestado.com\/danielmatos\/wp-json\/wp\/v2\/posts"}],"about":[{"href":"https:\/\/www.blogsoestado.com\/danielmatos\/wp-json\/wp\/v2\/types\/post"}],"replies":[{"embeddable":true,"href":"https:\/\/www.blogsoestado.com\/danielmatos\/wp-json\/wp\/v2\/comments?post=106461"}],"version-history":[{"count":0,"href":"https:\/\/www.blogsoestado.com\/danielmatos\/wp-json\/wp\/v2\/posts\/106461\/revisions"}],"wp:attachment":[{"href":"https:\/\/www.blogsoestado.com\/danielmatos\/wp-json\/wp\/v2\/media?parent=106461"}],"wp:term":[{"taxonomy":"category","embeddable":true,"href":"https:\/\/www.blogsoestado.com\/danielmatos\/wp-json\/wp\/v2\/categories?post=106461"},{"taxonomy":"post_tag","embeddable":true,"href":"https:\/\/www.blogsoestado.com\/danielmatos\/wp-json\/wp\/v2\/tags?post=106461"}],"curies":[{"name":"wp","href":"https:\/\/api.w.org\/{rel}","templated":true}]}}