{"id":106466,"date":"2023-02-25T22:18:33","date_gmt":"2023-02-26T01:18:33","guid":{"rendered":"https:\/\/www.blogsoestado.com\/danielmatos\/?p=106466"},"modified":"2023-02-25T22:18:33","modified_gmt":"2023-02-26T01:18:33","slug":"policia-prendeu-e-autuou-302-pessoas-em-flagrante-e-aprendeu-54-armas-de-fogo-no-carnaval-do-maranhao","status":"publish","type":"post","link":"https:\/\/www.blogsoestado.com\/danielmatos\/policia-prendeu-e-autuou-302-pessoas-em-flagrante-e-aprendeu-54-armas-de-fogo-no-carnaval-do-maranhao\/","title":{"rendered":"Pol\u00edcia prendeu e autuou 302 pessoas em flagrante e apreendeu 54 armas de fogo no Carnaval do Maranh\u00e3o"},"content":{"rendered":"\n<p><strong><span class=\"has-inline-color has-vivid-red-color\">Nenhuma norte foi registrada nos circuitos oficiais nos cinco dias de folia<\/span><\/strong><\/p>\n\n\n\n<div class=\"wp-block-image\"><figure class=\"aligncenter size-large\"><a href=\"https:\/\/www.blogsoestado.com\/danielmatos\/files\/2023\/02\/Screenshot_20230225-2207532.png\"><img decoding=\"async\" src=\"https:\/\/www.blogsoestado.com\/danielmatos\/files\/2023\/02\/Screenshot_20230225-2207532.png\" alt=\"\" class=\"wp-image-106467\"\/><\/a><figcaption>Policiais monitoram movimenta\u00e7\u00e3o no Circuito de Carnaval da Avenida Litor\u00e2nea para garantir seguran\u00e7a dos foli\u00f5es <\/figcaption><\/figure><\/div>\n\n\n\n<p>Encerradas as festividades do Carnaval do Maranh\u00e3o 2023, o Governo do Estado, por meio da Secretaria de Estado de Seguran\u00e7a P\u00fablica (SSP), divulgou o balan\u00e7o das ocorr\u00eancias no per\u00edodo, em coletiva realizada nesta quinta-feira (23), na sede do \u00f3rg\u00e3o, na Avenida dos Franceses (Outeiro da Cruz), em S\u00e3o Lu\u00eds. Durante a opera\u00e7\u00e3o, policiais realizaram 26 mil abordagens e mais de 620 pessoas foram conduzidas para delegacias. N\u00e3o houve registros de mortes no circuito oficial carnavalesco.<\/p>\n\n\n\n<p>Nos dias de folia, as for\u00e7as policiais, durante abordagens, conseguiram apreender 108 armas, sendo 54 delas, de fogo. Al\u00e9m disso, 626 pessoas foram conduzidas para delegacias, 302 foram presas e autuadas em flagrante e 44 infra\u00e7\u00f5es de alcoolemia foram notificadas. Os trabalhos se concentraram nas avenidas Beira-Mar (Centro) e Litor\u00e2nea&nbsp; (orla da capital maranhense), al\u00e9m de munic\u00edpios que promoveram eventos carnavalescos.<\/p>\n\n\n\n<div class=\"wp-block-image\"><figure class=\"aligncenter size-large\"><a href=\"https:\/\/www.blogsoestado.com\/danielmatos\/files\/2023\/02\/Screenshot_20230225-2208542.png\"><img decoding=\"async\" src=\"https:\/\/www.blogsoestado.com\/danielmatos\/files\/2023\/02\/Screenshot_20230225-2208542.png\" alt=\"\" class=\"wp-image-106468\"\/><\/a><figcaption>C\u00e3es farejadores foram utilizados pela Secretaria de Seguran\u00e7a P\u00fablica para localizar drogas e armas nos pontos de concentra\u00e7\u00e3o do Carnaval <\/figcaption><\/figure><\/div>\n\n\n\n<p>\u201cO balan\u00e7o do sistema de Seguran\u00e7a P\u00fablica \u00e9 positivo por meio de um planejamento estrat\u00e9gico integrado das for\u00e7as de seguran\u00e7a p\u00fablica. Assim como ocorreu no S\u00e3o Jo\u00e3o, no Natal, no Ano Novo, no pr\u00e9-Carnaval, aconteceu no Carnaval, que foi extremamente seguro. O que pode ser comprovado pelos dados estat\u00edsticos e depoimentos dos foli\u00f5es que prestigiaram a programa\u00e7\u00e3o nos circuitos oficiais. Isso \u00e9 fruto de muito trabalho e muito planejamento\u201d, frisou o secret\u00e1rio de Estado de Seguran\u00e7a P\u00fablica, S\u00edlvio Leite.<\/p>\n\n\n\n<p>\u201cAvaliamos de forma positiva, foi o maior carnaval de todos os tempos, tanto na Regi\u00e3o Metropolitana, quanto no interior do Estado. nossas equipes estiveram a postos, no sol e chuva, e o resultado desse trabalho intensivo foi a redu\u00e7\u00e3o das ocorr\u00eancias. Tamb\u00e9m temos a satisfa\u00e7\u00e3o em dizer que n\u00e3o houve registro de mortes no circuito carnavalesco\u201d, refor\u00e7ou o comandante geral da Pol\u00edcia Militar do Maranh\u00e3o (PMMA), coronel Emerson Bezerra.<\/p>\n\n\n\n<p>As superintend\u00eancias regionais da Pol\u00edcia Civil contabilizaram mais de 40 mandados de busca e apreens\u00e3o cumpridos. Um dos destaques como medida preventiva foi a delegacia m\u00f3vel da Superintend\u00eancia de Homic\u00eddios e Prote\u00e7\u00e3o \u00e0 Pessoa (SHPP), presente nos circuitos de carnaval Litor\u00e2nea e Beira-Mar. Al\u00e9m disso, aconteceram diversas a\u00e7\u00f5es preventivas, focadas especialmente no combate ao ass\u00e9dio.<\/p>\n\n\n\n<div class=\"wp-block-image\"><figure class=\"aligncenter size-large\"><a href=\"https:\/\/www.blogsoestado.com\/danielmatos\/files\/2023\/02\/Screenshot_20230225-2211502.png\"><img decoding=\"async\" src=\"https:\/\/www.blogsoestado.com\/danielmatos\/files\/2023\/02\/Screenshot_20230225-2211502.png\" alt=\"\" class=\"wp-image-106469\"\/><\/a><figcaption>Revistas minuciosas, com aux\u00edlio de c\u00e3es, resultaram na apreens\u00e3o de armas e entorpecentes durante a folia<\/figcaption><\/figure><\/div>\n\n\n\n<p>\u201cUm trabalho exitoso. Tivemos um carnaval bastante tranquilo, com significativa redu\u00e7\u00e3o dos homic\u00eddios em todo o Estado e, principalmente, na Grande Ilha. A Pol\u00edcia Civil esteve presente em todos os munic\u00edpios maranhenses\u201d, reiterou o delegado Geral, Jair Paiva.<\/p>\n\n\n\n<p>O comandante geral do Corpo de Bombeiros Militar do Maranh\u00e3o (CBMMA), coronel C\u00e9lio Roberto de Ara\u00fajo, tamb\u00e9m destacou a atua\u00e7\u00e3o da tropa nas a\u00e7\u00f5es de preven\u00e7\u00e3o e no socorro aos foli\u00f5es que precisavam de atendimento. Paralelo a isso, o Batalh\u00e3o de Pol\u00edcia Militar Rodovi\u00e1ria (BPRv) realizou&nbsp; blitzen da Lei Seca, resultando em 44 autos lavrados. \u201cTivemos redu\u00e7\u00e3o das ocorr\u00eancias, em rela\u00e7\u00e3o ao ano passado, fruto do plano de a\u00e7\u00e3o que promovemos, envolvendo tamb\u00e9m a\u00e7\u00f5es educativas\u201d, citou o diretor do Departamento Estadual de Tr\u00e2nsito do Maranh\u00e3o (Detran-MA), Heverton Pereira.<\/p>\n","protected":false},"excerpt":{"rendered":"<p>Nenhuma norte foi registrada nos circuitos oficiais nos cinco dias de folia Encerradas as festividades do Carnaval do Maranh\u00e3o 2023, [&hellip;]<\/p>\n","protected":false},"author":0,"featured_media":0,"comment_status":"open","ping_status":"open","sticky":false,"template":"","format":"standard","meta":{"site-sidebar-layout":"default","site-content-layout":"","ast-site-content-layout":"default","site-content-style":"default","site-sidebar-style":"default","ast-global-header-display":"","ast-banner-title-visibility":"","ast-main-header-display":"","ast-hfb-above-header-display":"","ast-hfb-below-header-display":"","ast-hfb-mobile-header-display":"","site-post-title":"","ast-breadcrumbs-content":"","ast-featured-img":"","footer-sml-layout":"","ast-disable-related-posts":"","theme-transparent-header-meta":"","adv-header-id-meta":"","stick-header-meta":"","header-above-stick-meta":"","header-main-stick-meta":"","header-below-stick-meta":"","astra-migrate-meta-layouts":"default","ast-page-background-enabled":"default","ast-page-background-meta":{"desktop":{"background-color":"var(--ast-global-color-5)","background-image":"","background-repeat":"repeat","background-position":"center center","background-size":"auto","background-attachment":"scroll","background-type":"","background-media":"","overlay-type":"","overlay-color":"","overlay-opacity":"","overlay-gradient":""},"tablet":{"background-color":"","background-image":"","background-repeat":"repeat","background-position":"center center","background-size":"auto","background-attachment":"scroll","background-type":"","background-media":"","overlay-type":"","overlay-color":"","overlay-opacity":"","overlay-gradient":""},"mobile":{"background-color":"","background-image":"","background-repeat":"repeat","background-position":"center center","background-size":"auto","background-attachment":"scroll","background-type":"","background-media":"","overlay-type":"","overlay-color":"","overlay-opacity":"","overlay-gradient":""}},"ast-content-background-meta":{"desktop":{"background-color":"var(--ast-global-color-4)","background-image":"","background-repeat":"repeat","background-position":"center center","background-size":"auto","background-attachment":"scroll","background-type":"","background-media":"","overlay-type":"","overlay-color":"","overlay-opacity":"","overlay-gradient":""},"tablet":{"background-color":"var(--ast-global-color-4)","background-image":"","background-repeat":"repeat","background-position":"center center","background-size":"auto","background-attachment":"scroll","background-type":"","background-media":"","overlay-type":"","overlay-color":"","overlay-opacity":"","overlay-gradient":""},"mobile":{"background-color":"var(--ast-global-color-4)","background-image":"","background-repeat":"repeat","background-position":"center center","background-size":"auto","background-attachment":"scroll","background-type":"","background-media":"","overlay-type":"","overlay-color":"","overlay-opacity":"","overlay-gradient":""}},"footnotes":""},"categories":[1],"tags":[],"class_list":["post-106466","post","type-post","status-publish","format-standard","hentry","category-sem-categoria"],"yoast_head":"<!-- This site is optimized with the Yoast SEO plugin v26.6 - https:\/\/yoast.com\/wordpress\/plugins\/seo\/ -->\n<title>Pol\u00edcia prendeu e autuou 302 pessoas em flagrante e apreendeu 54 armas de fogo no Carnaval do Maranh\u00e3o - Daniel Matos<\/title>\n<meta name=\"robots\" content=\"index, follow, max-snippet:-1, max-image-preview:large, max-video-preview:-1\" \/>\n<link rel=\"canonical\" href=\"https:\/\/www.blogsoestado.com\/danielmatos\/policia-prendeu-e-autuou-302-pessoas-em-flagrante-e-aprendeu-54-armas-de-fogo-no-carnaval-do-maranhao\/\" \/>\n<meta property=\"og:locale\" content=\"pt_BR\" \/>\n<meta property=\"og:type\" content=\"article\" \/>\n<meta property=\"og:title\" content=\"Pol\u00edcia prendeu e autuou 302 pessoas em flagrante e apreendeu 54 armas de fogo no Carnaval do Maranh\u00e3o - Daniel Matos\" \/>\n<meta property=\"og:description\" content=\"Nenhuma norte foi registrada nos circuitos oficiais nos cinco dias de folia Encerradas as festividades do Carnaval do Maranh\u00e3o 2023, [&hellip;]\" \/>\n<meta property=\"og:url\" content=\"https:\/\/www.blogsoestado.com\/danielmatos\/policia-prendeu-e-autuou-302-pessoas-em-flagrante-e-aprendeu-54-armas-de-fogo-no-carnaval-do-maranhao\/\" \/>\n<meta property=\"og:site_name\" content=\"Daniel Matos\" \/>\n<meta property=\"article:published_time\" content=\"2023-02-26T01:18:33+00:00\" \/>\n<meta property=\"og:image\" content=\"https:\/\/www.blogsoestado.com\/danielmatos\/files\/2023\/02\/Screenshot_20230225-2207532.png\" \/>\n<meta name=\"twitter:card\" content=\"summary_large_image\" \/>\n<meta name=\"twitter:label1\" content=\"Est. tempo de leitura\" \/>\n\t<meta name=\"twitter:data1\" content=\"3 minutos\" \/>\n<script type=\"application\/ld+json\" class=\"yoast-schema-graph\">{\"@context\":\"https:\/\/schema.org\",\"@graph\":[{\"@type\":\"WebPage\",\"@id\":\"https:\/\/www.blogsoestado.com\/danielmatos\/policia-prendeu-e-autuou-302-pessoas-em-flagrante-e-aprendeu-54-armas-de-fogo-no-carnaval-do-maranhao\/\",\"url\":\"https:\/\/www.blogsoestado.com\/danielmatos\/policia-prendeu-e-autuou-302-pessoas-em-flagrante-e-aprendeu-54-armas-de-fogo-no-carnaval-do-maranhao\/\",\"name\":\"Pol\u00edcia prendeu e autuou 302 pessoas em flagrante e apreendeu 54 armas de fogo no Carnaval do Maranh\u00e3o - Daniel Matos\",\"isPartOf\":{\"@id\":\"https:\/\/www.blogsoestado.com\/danielmatos\/#website\"},\"primaryImageOfPage\":{\"@id\":\"https:\/\/www.blogsoestado.com\/danielmatos\/policia-prendeu-e-autuou-302-pessoas-em-flagrante-e-aprendeu-54-armas-de-fogo-no-carnaval-do-maranhao\/#primaryimage\"},\"image\":{\"@id\":\"https:\/\/www.blogsoestado.com\/danielmatos\/policia-prendeu-e-autuou-302-pessoas-em-flagrante-e-aprendeu-54-armas-de-fogo-no-carnaval-do-maranhao\/#primaryimage\"},\"thumbnailUrl\":\"https:\/\/www.blogsoestado.com\/danielmatos\/files\/2023\/02\/Screenshot_20230225-2207532.png\",\"datePublished\":\"2023-02-26T01:18:33+00:00\",\"author\":{\"@id\":\"\"},\"breadcrumb\":{\"@id\":\"https:\/\/www.blogsoestado.com\/danielmatos\/policia-prendeu-e-autuou-302-pessoas-em-flagrante-e-aprendeu-54-armas-de-fogo-no-carnaval-do-maranhao\/#breadcrumb\"},\"inLanguage\":\"pt-BR\",\"potentialAction\":[{\"@type\":\"ReadAction\",\"target\":[\"https:\/\/www.blogsoestado.com\/danielmatos\/policia-prendeu-e-autuou-302-pessoas-em-flagrante-e-aprendeu-54-armas-de-fogo-no-carnaval-do-maranhao\/\"]}]},{\"@type\":\"ImageObject\",\"inLanguage\":\"pt-BR\",\"@id\":\"https:\/\/www.blogsoestado.com\/danielmatos\/policia-prendeu-e-autuou-302-pessoas-em-flagrante-e-aprendeu-54-armas-de-fogo-no-carnaval-do-maranhao\/#primaryimage\",\"url\":\"https:\/\/www.blogsoestado.com\/danielmatos\/files\/2023\/02\/Screenshot_20230225-2207532.png\",\"contentUrl\":\"https:\/\/www.blogsoestado.com\/danielmatos\/files\/2023\/02\/Screenshot_20230225-2207532.png\"},{\"@type\":\"BreadcrumbList\",\"@id\":\"https:\/\/www.blogsoestado.com\/danielmatos\/policia-prendeu-e-autuou-302-pessoas-em-flagrante-e-aprendeu-54-armas-de-fogo-no-carnaval-do-maranhao\/#breadcrumb\",\"itemListElement\":[{\"@type\":\"ListItem\",\"position\":1,\"name\":\"In\u00edcio\",\"item\":\"https:\/\/www.blogsoestado.com\/danielmatos\/\"},{\"@type\":\"ListItem\",\"position\":2,\"name\":\"Pol\u00edcia prendeu e autuou 302 pessoas em flagrante e apreendeu 54 armas de fogo no Carnaval do Maranh\u00e3o\"}]},{\"@type\":\"WebSite\",\"@id\":\"https:\/\/www.blogsoestado.com\/danielmatos\/#website\",\"url\":\"https:\/\/www.blogsoestado.com\/danielmatos\/\",\"name\":\"Daniel Matos\",\"description\":\"\",\"potentialAction\":[{\"@type\":\"SearchAction\",\"target\":{\"@type\":\"EntryPoint\",\"urlTemplate\":\"https:\/\/www.blogsoestado.com\/danielmatos\/?s={search_term_string}\"},\"query-input\":{\"@type\":\"PropertyValueSpecification\",\"valueRequired\":true,\"valueName\":\"search_term_string\"}}],\"inLanguage\":\"pt-BR\"}]}<\/script>\n<!-- \/ Yoast SEO plugin. -->","yoast_head_json":{"title":"Pol\u00edcia prendeu e autuou 302 pessoas em flagrante e apreendeu 54 armas de fogo no Carnaval do Maranh\u00e3o - Daniel Matos","robots":{"index":"index","follow":"follow","max-snippet":"max-snippet:-1","max-image-preview":"max-image-preview:large","max-video-preview":"max-video-preview:-1"},"canonical":"https:\/\/www.blogsoestado.com\/danielmatos\/policia-prendeu-e-autuou-302-pessoas-em-flagrante-e-aprendeu-54-armas-de-fogo-no-carnaval-do-maranhao\/","og_locale":"pt_BR","og_type":"article","og_title":"Pol\u00edcia prendeu e autuou 302 pessoas em flagrante e apreendeu 54 armas de fogo no Carnaval do Maranh\u00e3o - Daniel Matos","og_description":"Nenhuma norte foi registrada nos circuitos oficiais nos cinco dias de folia Encerradas as festividades do Carnaval do Maranh\u00e3o 2023, [&hellip;]","og_url":"https:\/\/www.blogsoestado.com\/danielmatos\/policia-prendeu-e-autuou-302-pessoas-em-flagrante-e-aprendeu-54-armas-de-fogo-no-carnaval-do-maranhao\/","og_site_name":"Daniel Matos","article_published_time":"2023-02-26T01:18:33+00:00","og_image":[{"url":"https:\/\/www.blogsoestado.com\/danielmatos\/files\/2023\/02\/Screenshot_20230225-2207532.png","type":"","width":"","height":""}],"twitter_card":"summary_large_image","twitter_misc":{"Est. tempo de leitura":"3 minutos"},"schema":{"@context":"https:\/\/schema.org","@graph":[{"@type":"WebPage","@id":"https:\/\/www.blogsoestado.com\/danielmatos\/policia-prendeu-e-autuou-302-pessoas-em-flagrante-e-aprendeu-54-armas-de-fogo-no-carnaval-do-maranhao\/","url":"https:\/\/www.blogsoestado.com\/danielmatos\/policia-prendeu-e-autuou-302-pessoas-em-flagrante-e-aprendeu-54-armas-de-fogo-no-carnaval-do-maranhao\/","name":"Pol\u00edcia prendeu e autuou 302 pessoas em flagrante e apreendeu 54 armas de fogo no Carnaval do Maranh\u00e3o - Daniel Matos","isPartOf":{"@id":"https:\/\/www.blogsoestado.com\/danielmatos\/#website"},"primaryImageOfPage":{"@id":"https:\/\/www.blogsoestado.com\/danielmatos\/policia-prendeu-e-autuou-302-pessoas-em-flagrante-e-aprendeu-54-armas-de-fogo-no-carnaval-do-maranhao\/#primaryimage"},"image":{"@id":"https:\/\/www.blogsoestado.com\/danielmatos\/policia-prendeu-e-autuou-302-pessoas-em-flagrante-e-aprendeu-54-armas-de-fogo-no-carnaval-do-maranhao\/#primaryimage"},"thumbnailUrl":"https:\/\/www.blogsoestado.com\/danielmatos\/files\/2023\/02\/Screenshot_20230225-2207532.png","datePublished":"2023-02-26T01:18:33+00:00","author":{"@id":""},"breadcrumb":{"@id":"https:\/\/www.blogsoestado.com\/danielmatos\/policia-prendeu-e-autuou-302-pessoas-em-flagrante-e-aprendeu-54-armas-de-fogo-no-carnaval-do-maranhao\/#breadcrumb"},"inLanguage":"pt-BR","potentialAction":[{"@type":"ReadAction","target":["https:\/\/www.blogsoestado.com\/danielmatos\/policia-prendeu-e-autuou-302-pessoas-em-flagrante-e-aprendeu-54-armas-de-fogo-no-carnaval-do-maranhao\/"]}]},{"@type":"ImageObject","inLanguage":"pt-BR","@id":"https:\/\/www.blogsoestado.com\/danielmatos\/policia-prendeu-e-autuou-302-pessoas-em-flagrante-e-aprendeu-54-armas-de-fogo-no-carnaval-do-maranhao\/#primaryimage","url":"https:\/\/www.blogsoestado.com\/danielmatos\/files\/2023\/02\/Screenshot_20230225-2207532.png","contentUrl":"https:\/\/www.blogsoestado.com\/danielmatos\/files\/2023\/02\/Screenshot_20230225-2207532.png"},{"@type":"BreadcrumbList","@id":"https:\/\/www.blogsoestado.com\/danielmatos\/policia-prendeu-e-autuou-302-pessoas-em-flagrante-e-aprendeu-54-armas-de-fogo-no-carnaval-do-maranhao\/#breadcrumb","itemListElement":[{"@type":"ListItem","position":1,"name":"In\u00edcio","item":"https:\/\/www.blogsoestado.com\/danielmatos\/"},{"@type":"ListItem","position":2,"name":"Pol\u00edcia prendeu e autuou 302 pessoas em flagrante e apreendeu 54 armas de fogo no Carnaval do Maranh\u00e3o"}]},{"@type":"WebSite","@id":"https:\/\/www.blogsoestado.com\/danielmatos\/#website","url":"https:\/\/www.blogsoestado.com\/danielmatos\/","name":"Daniel Matos","description":"","potentialAction":[{"@type":"SearchAction","target":{"@type":"EntryPoint","urlTemplate":"https:\/\/www.blogsoestado.com\/danielmatos\/?s={search_term_string}"},"query-input":{"@type":"PropertyValueSpecification","valueRequired":true,"valueName":"search_term_string"}}],"inLanguage":"pt-BR"}]}},"jetpack_featured_media_url":"","_links":{"self":[{"href":"https:\/\/www.blogsoestado.com\/danielmatos\/wp-json\/wp\/v2\/posts\/106466","targetHints":{"allow":["GET"]}}],"collection":[{"href":"https:\/\/www.blogsoestado.com\/danielmatos\/wp-json\/wp\/v2\/posts"}],"about":[{"href":"https:\/\/www.blogsoestado.com\/danielmatos\/wp-json\/wp\/v2\/types\/post"}],"replies":[{"embeddable":true,"href":"https:\/\/www.blogsoestado.com\/danielmatos\/wp-json\/wp\/v2\/comments?post=106466"}],"version-history":[{"count":0,"href":"https:\/\/www.blogsoestado.com\/danielmatos\/wp-json\/wp\/v2\/posts\/106466\/revisions"}],"wp:attachment":[{"href":"https:\/\/www.blogsoestado.com\/danielmatos\/wp-json\/wp\/v2\/media?parent=106466"}],"wp:term":[{"taxonomy":"category","embeddable":true,"href":"https:\/\/www.blogsoestado.com\/danielmatos\/wp-json\/wp\/v2\/categories?post=106466"},{"taxonomy":"post_tag","embeddable":true,"href":"https:\/\/www.blogsoestado.com\/danielmatos\/wp-json\/wp\/v2\/tags?post=106466"}],"curies":[{"name":"wp","href":"https:\/\/api.w.org\/{rel}","templated":true}]}}