{"id":106473,"date":"2023-02-25T22:59:24","date_gmt":"2023-02-26T01:59:24","guid":{"rendered":"https:\/\/www.blogsoestado.com\/danielmatos\/?p=106473"},"modified":"2023-02-25T22:59:24","modified_gmt":"2023-02-26T01:59:24","slug":"jose-antonio-heluy-um-nome-qualificado-para-a-equipe-do-governo-carlos-brandao","status":"publish","type":"post","link":"https:\/\/www.blogsoestado.com\/danielmatos\/jose-antonio-heluy-um-nome-qualificado-para-a-equipe-do-governo-carlos-brandao\/","title":{"rendered":"Jos\u00e9 Ant\u00f4nio Heluy: um nome qualificado para a equipe do Governo Carlos Brand\u00e3o"},"content":{"rendered":"\n<div class=\"wp-block-image\"><figure class=\"aligncenter size-large\"><a href=\"https:\/\/www.blogsoestado.com\/danielmatos\/files\/2023\/02\/Screenshot_20230225-2256452.png\"><img decoding=\"async\" src=\"https:\/\/www.blogsoestado.com\/danielmatos\/files\/2023\/02\/Screenshot_20230225-2256452.png\" alt=\"\" class=\"wp-image-106474\"\/><\/a><figcaption>Jos\u00e9 Ant\u00f4nio Heluy e Carlos Brand\u00e3o em ato realizado pelo Governo do Estado em favor do Maranh\u00e3o<\/figcaption><\/figure><\/div>\n\n\n\n<p>No clima de muita expectativa da divulga\u00e7\u00e3o da lista completa do secretariado do Governo Carlos Brand\u00e3o, que dever\u00e1 ocorrer no dia 4 de mar\u00e7o na cidade de Imperatriz, alguns nomes j\u00e1 despontam em um cen\u00e1rio que vai se tornando mais claro a cada dia, ou seja, a forma\u00e7\u00e3o da equipe de trabalho. Portanto, vem a\u00ed &nbsp;uma reforma administrativa, como j\u00e1 era previsto.<\/p>\n\n\n\n<p>Alguns nomes j\u00e1 foram definidos, mas ainda h\u00e1 situa\u00e7\u00f5es que ainda n\u00e3o foram bem resolvidas com partidos de base. Brand\u00e3o, com certeza, avalia tamb\u00e9m a efici\u00eancia administrativa para dar ao seu governo resultados positivos com o desempenho das pol\u00edticas de dire\u00e7\u00e3o dos secret\u00e1rios.<\/p>\n\n\n\n<p>Uma situa\u00e7\u00e3o a ser destacada \u00e9 da Sagrima, que atualmente tem \u00e0 frente o secret\u00e1rio Jos\u00e9 Ant\u00f4nio Heluy. Conforme observado, Heluy, a partir do momento que assumiu a pasta procurou desenvolver um trabalho s\u00e9rio e competente, encontrando o melhor arranjo entre a t\u00e9cnica e a pol\u00edtica como forma de imprimir uma marca de trabalho no Governo Brand\u00e3o, como se viu na recente Expoema.<\/p>\n\n\n\n<p>Vale lembrar que Jos\u00e9 Ant\u00f4nio Heluy tem bom curr\u00edculo na estrutura governamental e goza de grande prest\u00edgio, que teve como alicerce o trabalho bem sucedido no comando da Secretaria de Trabalho e Economia Solid\u00e1ria ( Setres), no per\u00edodo de 2009 a 2014 do Governo Roseana.<\/p>\n\n\n\n<p>\u00c0 frente da Setres, Heluy encontrou o melhor caminho para o desenvolvimento de a\u00e7\u00f5es da secretaria, conferindo efici\u00eancia aos mais diversos projetos voltados para a gera\u00e7\u00e3o de emprego e renda, a exemplo do Sine.<\/p>\n\n\n\n<p>Al\u00e9m disso, como parcerias bem sucedidas, Jos\u00e9 Ant\u00f4nio possibilitou tamb\u00e9m aos produtores o acesso \u00e0 qualifica\u00e7\u00e3o para o empreendedorismo, ao microcr\u00e9dito, ao escoamento da produ\u00e7\u00e3o e \u00e0 articula\u00e7\u00e3o. Ele teve a vis\u00e3o de construir, ajudar e de melhorar cada vez mais a vida do maranhense, aumentando os recursos em qualifica\u00e7\u00e3o e apostando na educa\u00e7\u00e3o profissional.<\/p>\n\n\n\n<p>O que se observa \u00e9 que Heluy desponta como um bom nome para continuar integrando a equipe do governo Carlos Brand\u00e3o, seja na Sagrima ou at\u00e9 mesmo na Setres \u2013 onde j\u00e1 mostrou grande compet\u00eancia \u2013 neste momento em que o Maranh\u00e3o goza de confian\u00e7a do mercado, despertando o interesse de v\u00e1rias empresas que querem se instalar e investir no Estado.<\/p>\n","protected":false},"excerpt":{"rendered":"<p>No clima de muita expectativa da divulga\u00e7\u00e3o da lista completa do secretariado do Governo Carlos Brand\u00e3o, que dever\u00e1 ocorrer no [&hellip;]<\/p>\n","protected":false},"author":0,"featured_media":0,"comment_status":"open","ping_status":"open","sticky":false,"template":"","format":"standard","meta":{"site-sidebar-layout":"default","site-content-layout":"","ast-site-content-layout":"default","site-content-style":"default","site-sidebar-style":"default","ast-global-header-display":"","ast-banner-title-visibility":"","ast-main-header-display":"","ast-hfb-above-header-display":"","ast-hfb-below-header-display":"","ast-hfb-mobile-header-display":"","site-post-title":"","ast-breadcrumbs-content":"","ast-featured-img":"","footer-sml-layout":"","ast-disable-related-posts":"","theme-transparent-header-meta":"","adv-header-id-meta":"","stick-header-meta":"","header-above-stick-meta":"","header-main-stick-meta":"","header-below-stick-meta":"","astra-migrate-meta-layouts":"default","ast-page-background-enabled":"default","ast-page-background-meta":{"desktop":{"background-color":"var(--ast-global-color-5)","background-image":"","background-repeat":"repeat","background-position":"center center","background-size":"auto","background-attachment":"scroll","background-type":"","background-media":"","overlay-type":"","overlay-color":"","overlay-opacity":"","overlay-gradient":""},"tablet":{"background-color":"","background-image":"","background-repeat":"repeat","background-position":"center center","background-size":"auto","background-attachment":"scroll","background-type":"","background-media":"","overlay-type":"","overlay-color":"","overlay-opacity":"","overlay-gradient":""},"mobile":{"background-color":"","background-image":"","background-repeat":"repeat","background-position":"center center","background-size":"auto","background-attachment":"scroll","background-type":"","background-media":"","overlay-type":"","overlay-color":"","overlay-opacity":"","overlay-gradient":""}},"ast-content-background-meta":{"desktop":{"background-color":"var(--ast-global-color-4)","background-image":"","background-repeat":"repeat","background-position":"center center","background-size":"auto","background-attachment":"scroll","background-type":"","background-media":"","overlay-type":"","overlay-color":"","overlay-opacity":"","overlay-gradient":""},"tablet":{"background-color":"var(--ast-global-color-4)","background-image":"","background-repeat":"repeat","background-position":"center center","background-size":"auto","background-attachment":"scroll","background-type":"","background-media":"","overlay-type":"","overlay-color":"","overlay-opacity":"","overlay-gradient":""},"mobile":{"background-color":"var(--ast-global-color-4)","background-image":"","background-repeat":"repeat","background-position":"center center","background-size":"auto","background-attachment":"scroll","background-type":"","background-media":"","overlay-type":"","overlay-color":"","overlay-opacity":"","overlay-gradient":""}},"footnotes":""},"categories":[1],"tags":[],"class_list":["post-106473","post","type-post","status-publish","format-standard","hentry","category-sem-categoria"],"yoast_head":"<!-- This site is optimized with the Yoast SEO plugin v26.6 - https:\/\/yoast.com\/wordpress\/plugins\/seo\/ -->\n<title>Jos\u00e9 Ant\u00f4nio Heluy: um nome qualificado para a equipe do Governo Carlos Brand\u00e3o - Daniel Matos<\/title>\n<meta name=\"robots\" content=\"index, follow, max-snippet:-1, max-image-preview:large, max-video-preview:-1\" \/>\n<link rel=\"canonical\" href=\"https:\/\/www.blogsoestado.com\/danielmatos\/jose-antonio-heluy-um-nome-qualificado-para-a-equipe-do-governo-carlos-brandao\/\" \/>\n<meta property=\"og:locale\" content=\"pt_BR\" \/>\n<meta property=\"og:type\" content=\"article\" \/>\n<meta property=\"og:title\" content=\"Jos\u00e9 Ant\u00f4nio Heluy: um nome qualificado para a equipe do Governo Carlos Brand\u00e3o - Daniel Matos\" \/>\n<meta property=\"og:description\" content=\"No clima de muita expectativa da divulga\u00e7\u00e3o da lista completa do secretariado do Governo Carlos Brand\u00e3o, que dever\u00e1 ocorrer no [&hellip;]\" \/>\n<meta property=\"og:url\" content=\"https:\/\/www.blogsoestado.com\/danielmatos\/jose-antonio-heluy-um-nome-qualificado-para-a-equipe-do-governo-carlos-brandao\/\" \/>\n<meta property=\"og:site_name\" content=\"Daniel Matos\" \/>\n<meta property=\"article:published_time\" content=\"2023-02-26T01:59:24+00:00\" \/>\n<meta property=\"og:image\" content=\"https:\/\/www.blogsoestado.com\/danielmatos\/files\/2023\/02\/Screenshot_20230225-2256452.png\" \/>\n<meta name=\"twitter:card\" content=\"summary_large_image\" \/>\n<meta name=\"twitter:label1\" content=\"Est. tempo de leitura\" \/>\n\t<meta name=\"twitter:data1\" content=\"2 minutos\" \/>\n<script type=\"application\/ld+json\" class=\"yoast-schema-graph\">{\"@context\":\"https:\/\/schema.org\",\"@graph\":[{\"@type\":\"WebPage\",\"@id\":\"https:\/\/www.blogsoestado.com\/danielmatos\/jose-antonio-heluy-um-nome-qualificado-para-a-equipe-do-governo-carlos-brandao\/\",\"url\":\"https:\/\/www.blogsoestado.com\/danielmatos\/jose-antonio-heluy-um-nome-qualificado-para-a-equipe-do-governo-carlos-brandao\/\",\"name\":\"Jos\u00e9 Ant\u00f4nio Heluy: um nome qualificado para a equipe do Governo Carlos Brand\u00e3o - Daniel Matos\",\"isPartOf\":{\"@id\":\"https:\/\/www.blogsoestado.com\/danielmatos\/#website\"},\"primaryImageOfPage\":{\"@id\":\"https:\/\/www.blogsoestado.com\/danielmatos\/jose-antonio-heluy-um-nome-qualificado-para-a-equipe-do-governo-carlos-brandao\/#primaryimage\"},\"image\":{\"@id\":\"https:\/\/www.blogsoestado.com\/danielmatos\/jose-antonio-heluy-um-nome-qualificado-para-a-equipe-do-governo-carlos-brandao\/#primaryimage\"},\"thumbnailUrl\":\"https:\/\/www.blogsoestado.com\/danielmatos\/files\/2023\/02\/Screenshot_20230225-2256452.png\",\"datePublished\":\"2023-02-26T01:59:24+00:00\",\"author\":{\"@id\":\"\"},\"breadcrumb\":{\"@id\":\"https:\/\/www.blogsoestado.com\/danielmatos\/jose-antonio-heluy-um-nome-qualificado-para-a-equipe-do-governo-carlos-brandao\/#breadcrumb\"},\"inLanguage\":\"pt-BR\",\"potentialAction\":[{\"@type\":\"ReadAction\",\"target\":[\"https:\/\/www.blogsoestado.com\/danielmatos\/jose-antonio-heluy-um-nome-qualificado-para-a-equipe-do-governo-carlos-brandao\/\"]}]},{\"@type\":\"ImageObject\",\"inLanguage\":\"pt-BR\",\"@id\":\"https:\/\/www.blogsoestado.com\/danielmatos\/jose-antonio-heluy-um-nome-qualificado-para-a-equipe-do-governo-carlos-brandao\/#primaryimage\",\"url\":\"https:\/\/www.blogsoestado.com\/danielmatos\/files\/2023\/02\/Screenshot_20230225-2256452.png\",\"contentUrl\":\"https:\/\/www.blogsoestado.com\/danielmatos\/files\/2023\/02\/Screenshot_20230225-2256452.png\"},{\"@type\":\"BreadcrumbList\",\"@id\":\"https:\/\/www.blogsoestado.com\/danielmatos\/jose-antonio-heluy-um-nome-qualificado-para-a-equipe-do-governo-carlos-brandao\/#breadcrumb\",\"itemListElement\":[{\"@type\":\"ListItem\",\"position\":1,\"name\":\"In\u00edcio\",\"item\":\"https:\/\/www.blogsoestado.com\/danielmatos\/\"},{\"@type\":\"ListItem\",\"position\":2,\"name\":\"Jos\u00e9 Ant\u00f4nio Heluy: um nome qualificado para a equipe do Governo Carlos Brand\u00e3o\"}]},{\"@type\":\"WebSite\",\"@id\":\"https:\/\/www.blogsoestado.com\/danielmatos\/#website\",\"url\":\"https:\/\/www.blogsoestado.com\/danielmatos\/\",\"name\":\"Daniel Matos\",\"description\":\"\",\"potentialAction\":[{\"@type\":\"SearchAction\",\"target\":{\"@type\":\"EntryPoint\",\"urlTemplate\":\"https:\/\/www.blogsoestado.com\/danielmatos\/?s={search_term_string}\"},\"query-input\":{\"@type\":\"PropertyValueSpecification\",\"valueRequired\":true,\"valueName\":\"search_term_string\"}}],\"inLanguage\":\"pt-BR\"}]}<\/script>\n<!-- \/ Yoast SEO plugin. -->","yoast_head_json":{"title":"Jos\u00e9 Ant\u00f4nio Heluy: um nome qualificado para a equipe do Governo Carlos Brand\u00e3o - Daniel Matos","robots":{"index":"index","follow":"follow","max-snippet":"max-snippet:-1","max-image-preview":"max-image-preview:large","max-video-preview":"max-video-preview:-1"},"canonical":"https:\/\/www.blogsoestado.com\/danielmatos\/jose-antonio-heluy-um-nome-qualificado-para-a-equipe-do-governo-carlos-brandao\/","og_locale":"pt_BR","og_type":"article","og_title":"Jos\u00e9 Ant\u00f4nio Heluy: um nome qualificado para a equipe do Governo Carlos Brand\u00e3o - Daniel Matos","og_description":"No clima de muita expectativa da divulga\u00e7\u00e3o da lista completa do secretariado do Governo Carlos Brand\u00e3o, que dever\u00e1 ocorrer no [&hellip;]","og_url":"https:\/\/www.blogsoestado.com\/danielmatos\/jose-antonio-heluy-um-nome-qualificado-para-a-equipe-do-governo-carlos-brandao\/","og_site_name":"Daniel Matos","article_published_time":"2023-02-26T01:59:24+00:00","og_image":[{"url":"https:\/\/www.blogsoestado.com\/danielmatos\/files\/2023\/02\/Screenshot_20230225-2256452.png","type":"","width":"","height":""}],"twitter_card":"summary_large_image","twitter_misc":{"Est. tempo de leitura":"2 minutos"},"schema":{"@context":"https:\/\/schema.org","@graph":[{"@type":"WebPage","@id":"https:\/\/www.blogsoestado.com\/danielmatos\/jose-antonio-heluy-um-nome-qualificado-para-a-equipe-do-governo-carlos-brandao\/","url":"https:\/\/www.blogsoestado.com\/danielmatos\/jose-antonio-heluy-um-nome-qualificado-para-a-equipe-do-governo-carlos-brandao\/","name":"Jos\u00e9 Ant\u00f4nio Heluy: um nome qualificado para a equipe do Governo Carlos Brand\u00e3o - Daniel Matos","isPartOf":{"@id":"https:\/\/www.blogsoestado.com\/danielmatos\/#website"},"primaryImageOfPage":{"@id":"https:\/\/www.blogsoestado.com\/danielmatos\/jose-antonio-heluy-um-nome-qualificado-para-a-equipe-do-governo-carlos-brandao\/#primaryimage"},"image":{"@id":"https:\/\/www.blogsoestado.com\/danielmatos\/jose-antonio-heluy-um-nome-qualificado-para-a-equipe-do-governo-carlos-brandao\/#primaryimage"},"thumbnailUrl":"https:\/\/www.blogsoestado.com\/danielmatos\/files\/2023\/02\/Screenshot_20230225-2256452.png","datePublished":"2023-02-26T01:59:24+00:00","author":{"@id":""},"breadcrumb":{"@id":"https:\/\/www.blogsoestado.com\/danielmatos\/jose-antonio-heluy-um-nome-qualificado-para-a-equipe-do-governo-carlos-brandao\/#breadcrumb"},"inLanguage":"pt-BR","potentialAction":[{"@type":"ReadAction","target":["https:\/\/www.blogsoestado.com\/danielmatos\/jose-antonio-heluy-um-nome-qualificado-para-a-equipe-do-governo-carlos-brandao\/"]}]},{"@type":"ImageObject","inLanguage":"pt-BR","@id":"https:\/\/www.blogsoestado.com\/danielmatos\/jose-antonio-heluy-um-nome-qualificado-para-a-equipe-do-governo-carlos-brandao\/#primaryimage","url":"https:\/\/www.blogsoestado.com\/danielmatos\/files\/2023\/02\/Screenshot_20230225-2256452.png","contentUrl":"https:\/\/www.blogsoestado.com\/danielmatos\/files\/2023\/02\/Screenshot_20230225-2256452.png"},{"@type":"BreadcrumbList","@id":"https:\/\/www.blogsoestado.com\/danielmatos\/jose-antonio-heluy-um-nome-qualificado-para-a-equipe-do-governo-carlos-brandao\/#breadcrumb","itemListElement":[{"@type":"ListItem","position":1,"name":"In\u00edcio","item":"https:\/\/www.blogsoestado.com\/danielmatos\/"},{"@type":"ListItem","position":2,"name":"Jos\u00e9 Ant\u00f4nio Heluy: um nome qualificado para a equipe do Governo Carlos Brand\u00e3o"}]},{"@type":"WebSite","@id":"https:\/\/www.blogsoestado.com\/danielmatos\/#website","url":"https:\/\/www.blogsoestado.com\/danielmatos\/","name":"Daniel Matos","description":"","potentialAction":[{"@type":"SearchAction","target":{"@type":"EntryPoint","urlTemplate":"https:\/\/www.blogsoestado.com\/danielmatos\/?s={search_term_string}"},"query-input":{"@type":"PropertyValueSpecification","valueRequired":true,"valueName":"search_term_string"}}],"inLanguage":"pt-BR"}]}},"jetpack_featured_media_url":"","_links":{"self":[{"href":"https:\/\/www.blogsoestado.com\/danielmatos\/wp-json\/wp\/v2\/posts\/106473","targetHints":{"allow":["GET"]}}],"collection":[{"href":"https:\/\/www.blogsoestado.com\/danielmatos\/wp-json\/wp\/v2\/posts"}],"about":[{"href":"https:\/\/www.blogsoestado.com\/danielmatos\/wp-json\/wp\/v2\/types\/post"}],"replies":[{"embeddable":true,"href":"https:\/\/www.blogsoestado.com\/danielmatos\/wp-json\/wp\/v2\/comments?post=106473"}],"version-history":[{"count":0,"href":"https:\/\/www.blogsoestado.com\/danielmatos\/wp-json\/wp\/v2\/posts\/106473\/revisions"}],"wp:attachment":[{"href":"https:\/\/www.blogsoestado.com\/danielmatos\/wp-json\/wp\/v2\/media?parent=106473"}],"wp:term":[{"taxonomy":"category","embeddable":true,"href":"https:\/\/www.blogsoestado.com\/danielmatos\/wp-json\/wp\/v2\/categories?post=106473"},{"taxonomy":"post_tag","embeddable":true,"href":"https:\/\/www.blogsoestado.com\/danielmatos\/wp-json\/wp\/v2\/tags?post=106473"}],"curies":[{"name":"wp","href":"https:\/\/api.w.org\/{rel}","templated":true}]}}