{"id":106476,"date":"2023-02-26T02:24:28","date_gmt":"2023-02-26T05:24:28","guid":{"rendered":"https:\/\/www.blogsoestado.com\/danielmatos\/?p=106476"},"modified":"2023-02-26T02:24:28","modified_gmt":"2023-02-26T05:24:28","slug":"sertaneja-maraisa-revela-misto-de-medo-e-alegria-ao-cantar-para-416-mil-pessoas-no-carnaval-do-maranhao","status":"publish","type":"post","link":"https:\/\/www.blogsoestado.com\/danielmatos\/sertaneja-maraisa-revela-misto-de-medo-e-alegria-ao-cantar-para-416-mil-pessoas-no-carnaval-do-maranhao\/","title":{"rendered":"Sertaneja Mara\u00edsa revela ter sentido misto de medo e alegria ao cantar para 416 mil pessoas no Carnaval do Maranh\u00e3o"},"content":{"rendered":"\n<div class=\"wp-block-image\"><figure class=\"aligncenter size-large\"><a href=\"https:\/\/www.blogsoestado.com\/danielmatos\/files\/2023\/02\/Screenshot_20230226-0229292.png\"><img decoding=\"async\" src=\"https:\/\/www.blogsoestado.com\/danielmatos\/files\/2023\/02\/Screenshot_20230226-0229292.png\" alt=\"\" class=\"wp-image-106480\"\/><\/a><figcaption>O show da dupla sertaneja Maiara &amp; Mara\u00edsa atraiu o maior p\u00fablico do Carnaval do Maranh\u00e3o, calculado em 416 mil pessoas pelas for\u00e7as de seguran\u00e7a p\u00fablica <\/figcaption><\/figure><\/div>\n\n\n\n<p>Em postagem nesse s\u00e1bado (24) nas suas redes sociais oficiais, a cantora sertaneja Maraisa, que faz dupla com a irm\u00e3 g\u00eamea Maiara, revelou ter sentido um misto de medo e alegria ao se a apresentar para um p\u00fablico calculado em 416 mil pessoas, na Avenida Beira-mar, na \u00faltima segunda-feira, dia 20, como parte da programa\u00e7\u00e3o do Carnaval do Maranh\u00e3o realizada pelo Governo do Estado.<\/p>\n\n\n\n<p>&#8220;Recebi agora os n\u00fameros de S\u00e3o Lu\u00eds. No nosso dia, simplesmente 416 mil pessoas em volta de um trio. Foi a primeira vez que que eu senti medo e alegria em cima de um trio, porque era um mar de gente&#8221;, confessou a artista.<\/p>\n\n\n\n<p>Maraisa afirmou que nunca tinha passado por uma experi\u00eancia t\u00e3o &#8220;louca e t\u00e3o feliz na vida&#8221;, o que n\u00e3o deixa de ser mais um fato a confirmar o estrondoso sucesso do Carnaval maranhense deste ano.<\/p>\n\n\n\n<p>Confira a postagem da artista:<\/p>\n\n\n\n<div class=\"wp-block-image\"><figure class=\"aligncenter size-large\"><a href=\"https:\/\/www.blogsoestado.com\/danielmatos\/files\/2023\/02\/Screenshot_20230226-0204392.png\"><img decoding=\"async\" src=\"https:\/\/www.blogsoestado.com\/danielmatos\/files\/2023\/02\/Screenshot_20230226-0204392.png\" alt=\"\" class=\"wp-image-106477\"\/><\/a><\/figure><\/div>\n","protected":false},"excerpt":{"rendered":"<p>Em postagem nesse s\u00e1bado (24) nas suas redes sociais oficiais, a cantora sertaneja Maraisa, que faz dupla com a irm\u00e3 [&hellip;]<\/p>\n","protected":false},"author":0,"featured_media":0,"comment_status":"open","ping_status":"open","sticky":false,"template":"","format":"standard","meta":{"site-sidebar-layout":"default","site-content-layout":"","ast-site-content-layout":"default","site-content-style":"default","site-sidebar-style":"default","ast-global-header-display":"","ast-banner-title-visibility":"","ast-main-header-display":"","ast-hfb-above-header-display":"","ast-hfb-below-header-display":"","ast-hfb-mobile-header-display":"","site-post-title":"","ast-breadcrumbs-content":"","ast-featured-img":"","footer-sml-layout":"","ast-disable-related-posts":"","theme-transparent-header-meta":"","adv-header-id-meta":"","stick-header-meta":"","header-above-stick-meta":"","header-main-stick-meta":"","header-below-stick-meta":"","astra-migrate-meta-layouts":"default","ast-page-background-enabled":"default","ast-page-background-meta":{"desktop":{"background-color":"var(--ast-global-color-5)","background-image":"","background-repeat":"repeat","background-position":"center center","background-size":"auto","background-attachment":"scroll","background-type":"","background-media":"","overlay-type":"","overlay-color":"","overlay-opacity":"","overlay-gradient":""},"tablet":{"background-color":"","background-image":"","background-repeat":"repeat","background-position":"center center","background-size":"auto","background-attachment":"scroll","background-type":"","background-media":"","overlay-type":"","overlay-color":"","overlay-opacity":"","overlay-gradient":""},"mobile":{"background-color":"","background-image":"","background-repeat":"repeat","background-position":"center center","background-size":"auto","background-attachment":"scroll","background-type":"","background-media":"","overlay-type":"","overlay-color":"","overlay-opacity":"","overlay-gradient":""}},"ast-content-background-meta":{"desktop":{"background-color":"var(--ast-global-color-4)","background-image":"","background-repeat":"repeat","background-position":"center center","background-size":"auto","background-attachment":"scroll","background-type":"","background-media":"","overlay-type":"","overlay-color":"","overlay-opacity":"","overlay-gradient":""},"tablet":{"background-color":"var(--ast-global-color-4)","background-image":"","background-repeat":"repeat","background-position":"center center","background-size":"auto","background-attachment":"scroll","background-type":"","background-media":"","overlay-type":"","overlay-color":"","overlay-opacity":"","overlay-gradient":""},"mobile":{"background-color":"var(--ast-global-color-4)","background-image":"","background-repeat":"repeat","background-position":"center center","background-size":"auto","background-attachment":"scroll","background-type":"","background-media":"","overlay-type":"","overlay-color":"","overlay-opacity":"","overlay-gradient":""}},"footnotes":""},"categories":[1],"tags":[],"class_list":["post-106476","post","type-post","status-publish","format-standard","hentry","category-sem-categoria"],"yoast_head":"<!-- This site is optimized with the Yoast SEO plugin v26.6 - https:\/\/yoast.com\/wordpress\/plugins\/seo\/ -->\n<title>Sertaneja Mara\u00edsa revela ter sentido misto de medo e alegria ao cantar para 416 mil pessoas no Carnaval do Maranh\u00e3o - Daniel Matos<\/title>\n<meta name=\"robots\" content=\"index, follow, max-snippet:-1, max-image-preview:large, max-video-preview:-1\" \/>\n<link rel=\"canonical\" href=\"https:\/\/www.blogsoestado.com\/danielmatos\/sertaneja-maraisa-revela-misto-de-medo-e-alegria-ao-cantar-para-416-mil-pessoas-no-carnaval-do-maranhao\/\" \/>\n<meta property=\"og:locale\" content=\"pt_BR\" \/>\n<meta property=\"og:type\" content=\"article\" \/>\n<meta property=\"og:title\" content=\"Sertaneja Mara\u00edsa revela ter sentido misto de medo e alegria ao cantar para 416 mil pessoas no Carnaval do Maranh\u00e3o - Daniel Matos\" \/>\n<meta property=\"og:description\" content=\"Em postagem nesse s\u00e1bado (24) nas suas redes sociais oficiais, a cantora sertaneja Maraisa, que faz dupla com a irm\u00e3 [&hellip;]\" \/>\n<meta property=\"og:url\" content=\"https:\/\/www.blogsoestado.com\/danielmatos\/sertaneja-maraisa-revela-misto-de-medo-e-alegria-ao-cantar-para-416-mil-pessoas-no-carnaval-do-maranhao\/\" \/>\n<meta property=\"og:site_name\" content=\"Daniel Matos\" \/>\n<meta property=\"article:published_time\" content=\"2023-02-26T05:24:28+00:00\" \/>\n<meta property=\"og:image\" content=\"https:\/\/www.blogsoestado.com\/danielmatos\/files\/2023\/02\/Screenshot_20230226-0229292.png\" \/>\n<meta name=\"twitter:card\" content=\"summary_large_image\" \/>\n<meta name=\"twitter:label1\" content=\"Est. tempo de leitura\" \/>\n\t<meta name=\"twitter:data1\" content=\"2 minutos\" \/>\n<script type=\"application\/ld+json\" class=\"yoast-schema-graph\">{\"@context\":\"https:\/\/schema.org\",\"@graph\":[{\"@type\":\"WebPage\",\"@id\":\"https:\/\/www.blogsoestado.com\/danielmatos\/sertaneja-maraisa-revela-misto-de-medo-e-alegria-ao-cantar-para-416-mil-pessoas-no-carnaval-do-maranhao\/\",\"url\":\"https:\/\/www.blogsoestado.com\/danielmatos\/sertaneja-maraisa-revela-misto-de-medo-e-alegria-ao-cantar-para-416-mil-pessoas-no-carnaval-do-maranhao\/\",\"name\":\"Sertaneja Mara\u00edsa revela ter sentido misto de medo e alegria ao cantar para 416 mil pessoas no Carnaval do Maranh\u00e3o - Daniel Matos\",\"isPartOf\":{\"@id\":\"https:\/\/www.blogsoestado.com\/danielmatos\/#website\"},\"primaryImageOfPage\":{\"@id\":\"https:\/\/www.blogsoestado.com\/danielmatos\/sertaneja-maraisa-revela-misto-de-medo-e-alegria-ao-cantar-para-416-mil-pessoas-no-carnaval-do-maranhao\/#primaryimage\"},\"image\":{\"@id\":\"https:\/\/www.blogsoestado.com\/danielmatos\/sertaneja-maraisa-revela-misto-de-medo-e-alegria-ao-cantar-para-416-mil-pessoas-no-carnaval-do-maranhao\/#primaryimage\"},\"thumbnailUrl\":\"https:\/\/www.blogsoestado.com\/danielmatos\/files\/2023\/02\/Screenshot_20230226-0229292.png\",\"datePublished\":\"2023-02-26T05:24:28+00:00\",\"author\":{\"@id\":\"\"},\"breadcrumb\":{\"@id\":\"https:\/\/www.blogsoestado.com\/danielmatos\/sertaneja-maraisa-revela-misto-de-medo-e-alegria-ao-cantar-para-416-mil-pessoas-no-carnaval-do-maranhao\/#breadcrumb\"},\"inLanguage\":\"pt-BR\",\"potentialAction\":[{\"@type\":\"ReadAction\",\"target\":[\"https:\/\/www.blogsoestado.com\/danielmatos\/sertaneja-maraisa-revela-misto-de-medo-e-alegria-ao-cantar-para-416-mil-pessoas-no-carnaval-do-maranhao\/\"]}]},{\"@type\":\"ImageObject\",\"inLanguage\":\"pt-BR\",\"@id\":\"https:\/\/www.blogsoestado.com\/danielmatos\/sertaneja-maraisa-revela-misto-de-medo-e-alegria-ao-cantar-para-416-mil-pessoas-no-carnaval-do-maranhao\/#primaryimage\",\"url\":\"https:\/\/www.blogsoestado.com\/danielmatos\/files\/2023\/02\/Screenshot_20230226-0229292.png\",\"contentUrl\":\"https:\/\/www.blogsoestado.com\/danielmatos\/files\/2023\/02\/Screenshot_20230226-0229292.png\"},{\"@type\":\"BreadcrumbList\",\"@id\":\"https:\/\/www.blogsoestado.com\/danielmatos\/sertaneja-maraisa-revela-misto-de-medo-e-alegria-ao-cantar-para-416-mil-pessoas-no-carnaval-do-maranhao\/#breadcrumb\",\"itemListElement\":[{\"@type\":\"ListItem\",\"position\":1,\"name\":\"In\u00edcio\",\"item\":\"https:\/\/www.blogsoestado.com\/danielmatos\/\"},{\"@type\":\"ListItem\",\"position\":2,\"name\":\"Sertaneja Mara\u00edsa revela ter sentido misto de medo e alegria ao cantar para 416 mil pessoas no Carnaval do Maranh\u00e3o\"}]},{\"@type\":\"WebSite\",\"@id\":\"https:\/\/www.blogsoestado.com\/danielmatos\/#website\",\"url\":\"https:\/\/www.blogsoestado.com\/danielmatos\/\",\"name\":\"Daniel Matos\",\"description\":\"\",\"potentialAction\":[{\"@type\":\"SearchAction\",\"target\":{\"@type\":\"EntryPoint\",\"urlTemplate\":\"https:\/\/www.blogsoestado.com\/danielmatos\/?s={search_term_string}\"},\"query-input\":{\"@type\":\"PropertyValueSpecification\",\"valueRequired\":true,\"valueName\":\"search_term_string\"}}],\"inLanguage\":\"pt-BR\"}]}<\/script>\n<!-- \/ Yoast SEO plugin. -->","yoast_head_json":{"title":"Sertaneja Mara\u00edsa revela ter sentido misto de medo e alegria ao cantar para 416 mil pessoas no Carnaval do Maranh\u00e3o - Daniel Matos","robots":{"index":"index","follow":"follow","max-snippet":"max-snippet:-1","max-image-preview":"max-image-preview:large","max-video-preview":"max-video-preview:-1"},"canonical":"https:\/\/www.blogsoestado.com\/danielmatos\/sertaneja-maraisa-revela-misto-de-medo-e-alegria-ao-cantar-para-416-mil-pessoas-no-carnaval-do-maranhao\/","og_locale":"pt_BR","og_type":"article","og_title":"Sertaneja Mara\u00edsa revela ter sentido misto de medo e alegria ao cantar para 416 mil pessoas no Carnaval do Maranh\u00e3o - Daniel Matos","og_description":"Em postagem nesse s\u00e1bado (24) nas suas redes sociais oficiais, a cantora sertaneja Maraisa, que faz dupla com a irm\u00e3 [&hellip;]","og_url":"https:\/\/www.blogsoestado.com\/danielmatos\/sertaneja-maraisa-revela-misto-de-medo-e-alegria-ao-cantar-para-416-mil-pessoas-no-carnaval-do-maranhao\/","og_site_name":"Daniel Matos","article_published_time":"2023-02-26T05:24:28+00:00","og_image":[{"url":"https:\/\/www.blogsoestado.com\/danielmatos\/files\/2023\/02\/Screenshot_20230226-0229292.png","type":"","width":"","height":""}],"twitter_card":"summary_large_image","twitter_misc":{"Est. tempo de leitura":"2 minutos"},"schema":{"@context":"https:\/\/schema.org","@graph":[{"@type":"WebPage","@id":"https:\/\/www.blogsoestado.com\/danielmatos\/sertaneja-maraisa-revela-misto-de-medo-e-alegria-ao-cantar-para-416-mil-pessoas-no-carnaval-do-maranhao\/","url":"https:\/\/www.blogsoestado.com\/danielmatos\/sertaneja-maraisa-revela-misto-de-medo-e-alegria-ao-cantar-para-416-mil-pessoas-no-carnaval-do-maranhao\/","name":"Sertaneja Mara\u00edsa revela ter sentido misto de medo e alegria ao cantar para 416 mil pessoas no Carnaval do Maranh\u00e3o - Daniel Matos","isPartOf":{"@id":"https:\/\/www.blogsoestado.com\/danielmatos\/#website"},"primaryImageOfPage":{"@id":"https:\/\/www.blogsoestado.com\/danielmatos\/sertaneja-maraisa-revela-misto-de-medo-e-alegria-ao-cantar-para-416-mil-pessoas-no-carnaval-do-maranhao\/#primaryimage"},"image":{"@id":"https:\/\/www.blogsoestado.com\/danielmatos\/sertaneja-maraisa-revela-misto-de-medo-e-alegria-ao-cantar-para-416-mil-pessoas-no-carnaval-do-maranhao\/#primaryimage"},"thumbnailUrl":"https:\/\/www.blogsoestado.com\/danielmatos\/files\/2023\/02\/Screenshot_20230226-0229292.png","datePublished":"2023-02-26T05:24:28+00:00","author":{"@id":""},"breadcrumb":{"@id":"https:\/\/www.blogsoestado.com\/danielmatos\/sertaneja-maraisa-revela-misto-de-medo-e-alegria-ao-cantar-para-416-mil-pessoas-no-carnaval-do-maranhao\/#breadcrumb"},"inLanguage":"pt-BR","potentialAction":[{"@type":"ReadAction","target":["https:\/\/www.blogsoestado.com\/danielmatos\/sertaneja-maraisa-revela-misto-de-medo-e-alegria-ao-cantar-para-416-mil-pessoas-no-carnaval-do-maranhao\/"]}]},{"@type":"ImageObject","inLanguage":"pt-BR","@id":"https:\/\/www.blogsoestado.com\/danielmatos\/sertaneja-maraisa-revela-misto-de-medo-e-alegria-ao-cantar-para-416-mil-pessoas-no-carnaval-do-maranhao\/#primaryimage","url":"https:\/\/www.blogsoestado.com\/danielmatos\/files\/2023\/02\/Screenshot_20230226-0229292.png","contentUrl":"https:\/\/www.blogsoestado.com\/danielmatos\/files\/2023\/02\/Screenshot_20230226-0229292.png"},{"@type":"BreadcrumbList","@id":"https:\/\/www.blogsoestado.com\/danielmatos\/sertaneja-maraisa-revela-misto-de-medo-e-alegria-ao-cantar-para-416-mil-pessoas-no-carnaval-do-maranhao\/#breadcrumb","itemListElement":[{"@type":"ListItem","position":1,"name":"In\u00edcio","item":"https:\/\/www.blogsoestado.com\/danielmatos\/"},{"@type":"ListItem","position":2,"name":"Sertaneja Mara\u00edsa revela ter sentido misto de medo e alegria ao cantar para 416 mil pessoas no Carnaval do Maranh\u00e3o"}]},{"@type":"WebSite","@id":"https:\/\/www.blogsoestado.com\/danielmatos\/#website","url":"https:\/\/www.blogsoestado.com\/danielmatos\/","name":"Daniel Matos","description":"","potentialAction":[{"@type":"SearchAction","target":{"@type":"EntryPoint","urlTemplate":"https:\/\/www.blogsoestado.com\/danielmatos\/?s={search_term_string}"},"query-input":{"@type":"PropertyValueSpecification","valueRequired":true,"valueName":"search_term_string"}}],"inLanguage":"pt-BR"}]}},"jetpack_featured_media_url":"","_links":{"self":[{"href":"https:\/\/www.blogsoestado.com\/danielmatos\/wp-json\/wp\/v2\/posts\/106476","targetHints":{"allow":["GET"]}}],"collection":[{"href":"https:\/\/www.blogsoestado.com\/danielmatos\/wp-json\/wp\/v2\/posts"}],"about":[{"href":"https:\/\/www.blogsoestado.com\/danielmatos\/wp-json\/wp\/v2\/types\/post"}],"replies":[{"embeddable":true,"href":"https:\/\/www.blogsoestado.com\/danielmatos\/wp-json\/wp\/v2\/comments?post=106476"}],"version-history":[{"count":0,"href":"https:\/\/www.blogsoestado.com\/danielmatos\/wp-json\/wp\/v2\/posts\/106476\/revisions"}],"wp:attachment":[{"href":"https:\/\/www.blogsoestado.com\/danielmatos\/wp-json\/wp\/v2\/media?parent=106476"}],"wp:term":[{"taxonomy":"category","embeddable":true,"href":"https:\/\/www.blogsoestado.com\/danielmatos\/wp-json\/wp\/v2\/categories?post=106476"},{"taxonomy":"post_tag","embeddable":true,"href":"https:\/\/www.blogsoestado.com\/danielmatos\/wp-json\/wp\/v2\/tags?post=106476"}],"curies":[{"name":"wp","href":"https:\/\/api.w.org\/{rel}","templated":true}]}}