{"id":106492,"date":"2023-02-27T06:00:00","date_gmt":"2023-02-27T09:00:00","guid":{"rendered":"https:\/\/www.blogsoestado.com\/danielmatos\/?p=106492"},"modified":"2023-02-27T06:00:00","modified_gmt":"2023-02-27T09:00:00","slug":"cidade-dos-lencois-maranhenses-quer-cobrar-taxa-de-visitacao-turistica","status":"publish","type":"post","link":"https:\/\/www.blogsoestado.com\/danielmatos\/cidade-dos-lencois-maranhenses-quer-cobrar-taxa-de-visitacao-turistica\/","title":{"rendered":"Cidade dos Len\u00e7\u00f3is Maranhenses quer cobrar taxa de visita\u00e7\u00e3o tur\u00edstica"},"content":{"rendered":"\n<p><strong><span class=\"has-inline-color has-vivid-red-color\">Projeto de lei em tramita\u00e7\u00e3o na C\u00e2mara Municipal de Santo Amaro do Maranh\u00e3o que prev\u00ea a nova modalidade de arrecada\u00e7\u00e3o foi tema de debate entre o poder p\u00fablico e empres\u00e1rios dos ramos de bares, restaurantes, hot\u00e9is, pousadas e outros segmentos <\/span><\/strong><\/p>\n\n\n\n<div class=\"wp-block-image\"><figure class=\"aligncenter size-large\"><a href=\"https:\/\/www.blogsoestado.com\/danielmatos\/files\/2023\/02\/Screenshot_20230227-0021352.png\"><img decoding=\"async\" src=\"https:\/\/www.blogsoestado.com\/danielmatos\/files\/2023\/02\/Screenshot_20230227-0021352.png\" alt=\"\" class=\"wp-image-106494\"\/><\/a><figcaption>Cen\u00e1rio paradis\u00edaco de Santo Amaro do Maranh\u00e3o atrai fluxo crescente de turistas, que poder\u00e3o pagar taxa de visita\u00e7\u00e3o <\/figcaption><\/figure><\/div>\n\n\n\n<p>Tramita na C\u00e2mara de Vereadores de Santo Amaro do Maranh\u00e3o, cidade dos Len\u00e7\u00f3is Maranhenses, o projeto de lei n\u00ba 06\/22, que institui a taxa de visita\u00e7\u00e3o tur\u00edstica no munic\u00edpio. Na \u00faltima sexta-feira (24), foi realizada uma sess\u00e3o legislativa para promover o di\u00e1logo sobre a proposta entre o poder p\u00fablico e representantes de bares, restaurantes, pousadas, hot\u00e9is e demais segmentos vinculados ao setor de turismo local.<\/p>\n\n\n\n<p>De acordo com a proposi\u00e7\u00e3o, a Prefeitura de Santo Amaro do Maranh\u00e3o cobrar\u00e1 uma taxa dos visitantes, a exemplo do que acontece em diversas outras cidades tur\u00edsticas Brasil afora e no exterior. Os valores arrecadados, segundo o projeto de lei em tramita\u00e7\u00e3o, ser\u00e3o revertidos na melhoria da infraestrutura local, de modo a tornar o munic\u00edpio cada vez mais atrativo e com capacidade adequada para acolher o fluxo crescente de turistas.<\/p>\n\n\n\n<p>Uma vez institu\u00edda, a taxa tamb\u00e9m ser\u00e1 uma forma indireta de disciplinar a atividade tur\u00edstica em Santo Amaro do Maranh\u00e3o, admitindo o acesso apenas a pessoas que tenham como \u00fanica inten\u00e7\u00e3o desfrutar as belezas naturais locais, gerando receita \u00e0 economia municipal, com reflexos, inclusive, na seguran\u00e7a p\u00fablica.<\/p>\n\n\n\n<p>Abaixo, o convite para a sess\u00e3o legislativa destinada \u00e0 discuss\u00e3o da taxa de visita\u00e7\u00e3o tur\u00edstica em Santo Amaro do Maranh\u00e3o, realizada no \u00faltimo dia 24:<\/p>\n\n\n\n<div class=\"wp-block-image\"><figure class=\"aligncenter size-large\"><a href=\"https:\/\/www.blogsoestado.com\/danielmatos\/files\/2023\/02\/Screenshot_20230226-2353522.png\"><img decoding=\"async\" src=\"https:\/\/www.blogsoestado.com\/danielmatos\/files\/2023\/02\/Screenshot_20230226-2353522.png\" alt=\"\" class=\"wp-image-106493\"\/><\/a><\/figure><\/div>\n","protected":false},"excerpt":{"rendered":"<p>Projeto de lei em tramita\u00e7\u00e3o na C\u00e2mara Municipal de Santo Amaro do Maranh\u00e3o que prev\u00ea a nova modalidade de arrecada\u00e7\u00e3o [&hellip;]<\/p>\n","protected":false},"author":0,"featured_media":0,"comment_status":"open","ping_status":"open","sticky":false,"template":"","format":"standard","meta":{"site-sidebar-layout":"default","site-content-layout":"","ast-site-content-layout":"default","site-content-style":"default","site-sidebar-style":"default","ast-global-header-display":"","ast-banner-title-visibility":"","ast-main-header-display":"","ast-hfb-above-header-display":"","ast-hfb-below-header-display":"","ast-hfb-mobile-header-display":"","site-post-title":"","ast-breadcrumbs-content":"","ast-featured-img":"","footer-sml-layout":"","ast-disable-related-posts":"","theme-transparent-header-meta":"","adv-header-id-meta":"","stick-header-meta":"","header-above-stick-meta":"","header-main-stick-meta":"","header-below-stick-meta":"","astra-migrate-meta-layouts":"default","ast-page-background-enabled":"default","ast-page-background-meta":{"desktop":{"background-color":"var(--ast-global-color-5)","background-image":"","background-repeat":"repeat","background-position":"center center","background-size":"auto","background-attachment":"scroll","background-type":"","background-media":"","overlay-type":"","overlay-color":"","overlay-opacity":"","overlay-gradient":""},"tablet":{"background-color":"","background-image":"","background-repeat":"repeat","background-position":"center center","background-size":"auto","background-attachment":"scroll","background-type":"","background-media":"","overlay-type":"","overlay-color":"","overlay-opacity":"","overlay-gradient":""},"mobile":{"background-color":"","background-image":"","background-repeat":"repeat","background-position":"center center","background-size":"auto","background-attachment":"scroll","background-type":"","background-media":"","overlay-type":"","overlay-color":"","overlay-opacity":"","overlay-gradient":""}},"ast-content-background-meta":{"desktop":{"background-color":"var(--ast-global-color-4)","background-image":"","background-repeat":"repeat","background-position":"center center","background-size":"auto","background-attachment":"scroll","background-type":"","background-media":"","overlay-type":"","overlay-color":"","overlay-opacity":"","overlay-gradient":""},"tablet":{"background-color":"var(--ast-global-color-4)","background-image":"","background-repeat":"repeat","background-position":"center center","background-size":"auto","background-attachment":"scroll","background-type":"","background-media":"","overlay-type":"","overlay-color":"","overlay-opacity":"","overlay-gradient":""},"mobile":{"background-color":"var(--ast-global-color-4)","background-image":"","background-repeat":"repeat","background-position":"center center","background-size":"auto","background-attachment":"scroll","background-type":"","background-media":"","overlay-type":"","overlay-color":"","overlay-opacity":"","overlay-gradient":""}},"footnotes":""},"categories":[1],"tags":[],"class_list":["post-106492","post","type-post","status-publish","format-standard","hentry","category-sem-categoria"],"yoast_head":"<!-- This site is optimized with the Yoast SEO plugin v26.6 - https:\/\/yoast.com\/wordpress\/plugins\/seo\/ -->\n<title>Cidade dos Len\u00e7\u00f3is Maranhenses quer cobrar taxa de visita\u00e7\u00e3o tur\u00edstica - Daniel Matos<\/title>\n<meta name=\"robots\" content=\"index, follow, max-snippet:-1, max-image-preview:large, max-video-preview:-1\" \/>\n<link rel=\"canonical\" href=\"https:\/\/www.blogsoestado.com\/danielmatos\/cidade-dos-lencois-maranhenses-quer-cobrar-taxa-de-visitacao-turistica\/\" \/>\n<meta property=\"og:locale\" content=\"pt_BR\" \/>\n<meta property=\"og:type\" content=\"article\" \/>\n<meta property=\"og:title\" content=\"Cidade dos Len\u00e7\u00f3is Maranhenses quer cobrar taxa de visita\u00e7\u00e3o tur\u00edstica - Daniel Matos\" \/>\n<meta property=\"og:description\" content=\"Projeto de lei em tramita\u00e7\u00e3o na C\u00e2mara Municipal de Santo Amaro do Maranh\u00e3o que prev\u00ea a nova modalidade de arrecada\u00e7\u00e3o [&hellip;]\" \/>\n<meta property=\"og:url\" content=\"https:\/\/www.blogsoestado.com\/danielmatos\/cidade-dos-lencois-maranhenses-quer-cobrar-taxa-de-visitacao-turistica\/\" \/>\n<meta property=\"og:site_name\" content=\"Daniel Matos\" \/>\n<meta property=\"article:published_time\" content=\"2023-02-27T09:00:00+00:00\" \/>\n<meta property=\"og:image\" content=\"https:\/\/www.blogsoestado.com\/danielmatos\/files\/2023\/02\/Screenshot_20230227-0021352.png\" \/>\n<meta name=\"twitter:card\" content=\"summary_large_image\" \/>\n<meta name=\"twitter:label1\" content=\"Est. tempo de leitura\" \/>\n\t<meta name=\"twitter:data1\" content=\"2 minutos\" \/>\n<script type=\"application\/ld+json\" class=\"yoast-schema-graph\">{\"@context\":\"https:\/\/schema.org\",\"@graph\":[{\"@type\":\"WebPage\",\"@id\":\"https:\/\/www.blogsoestado.com\/danielmatos\/cidade-dos-lencois-maranhenses-quer-cobrar-taxa-de-visitacao-turistica\/\",\"url\":\"https:\/\/www.blogsoestado.com\/danielmatos\/cidade-dos-lencois-maranhenses-quer-cobrar-taxa-de-visitacao-turistica\/\",\"name\":\"Cidade dos Len\u00e7\u00f3is Maranhenses quer cobrar taxa de visita\u00e7\u00e3o tur\u00edstica - Daniel Matos\",\"isPartOf\":{\"@id\":\"https:\/\/www.blogsoestado.com\/danielmatos\/#website\"},\"primaryImageOfPage\":{\"@id\":\"https:\/\/www.blogsoestado.com\/danielmatos\/cidade-dos-lencois-maranhenses-quer-cobrar-taxa-de-visitacao-turistica\/#primaryimage\"},\"image\":{\"@id\":\"https:\/\/www.blogsoestado.com\/danielmatos\/cidade-dos-lencois-maranhenses-quer-cobrar-taxa-de-visitacao-turistica\/#primaryimage\"},\"thumbnailUrl\":\"https:\/\/www.blogsoestado.com\/danielmatos\/files\/2023\/02\/Screenshot_20230227-0021352.png\",\"datePublished\":\"2023-02-27T09:00:00+00:00\",\"author\":{\"@id\":\"\"},\"breadcrumb\":{\"@id\":\"https:\/\/www.blogsoestado.com\/danielmatos\/cidade-dos-lencois-maranhenses-quer-cobrar-taxa-de-visitacao-turistica\/#breadcrumb\"},\"inLanguage\":\"pt-BR\",\"potentialAction\":[{\"@type\":\"ReadAction\",\"target\":[\"https:\/\/www.blogsoestado.com\/danielmatos\/cidade-dos-lencois-maranhenses-quer-cobrar-taxa-de-visitacao-turistica\/\"]}]},{\"@type\":\"ImageObject\",\"inLanguage\":\"pt-BR\",\"@id\":\"https:\/\/www.blogsoestado.com\/danielmatos\/cidade-dos-lencois-maranhenses-quer-cobrar-taxa-de-visitacao-turistica\/#primaryimage\",\"url\":\"https:\/\/www.blogsoestado.com\/danielmatos\/files\/2023\/02\/Screenshot_20230227-0021352.png\",\"contentUrl\":\"https:\/\/www.blogsoestado.com\/danielmatos\/files\/2023\/02\/Screenshot_20230227-0021352.png\"},{\"@type\":\"BreadcrumbList\",\"@id\":\"https:\/\/www.blogsoestado.com\/danielmatos\/cidade-dos-lencois-maranhenses-quer-cobrar-taxa-de-visitacao-turistica\/#breadcrumb\",\"itemListElement\":[{\"@type\":\"ListItem\",\"position\":1,\"name\":\"In\u00edcio\",\"item\":\"https:\/\/www.blogsoestado.com\/danielmatos\/\"},{\"@type\":\"ListItem\",\"position\":2,\"name\":\"Cidade dos Len\u00e7\u00f3is Maranhenses quer cobrar taxa de visita\u00e7\u00e3o tur\u00edstica\"}]},{\"@type\":\"WebSite\",\"@id\":\"https:\/\/www.blogsoestado.com\/danielmatos\/#website\",\"url\":\"https:\/\/www.blogsoestado.com\/danielmatos\/\",\"name\":\"Daniel Matos\",\"description\":\"\",\"potentialAction\":[{\"@type\":\"SearchAction\",\"target\":{\"@type\":\"EntryPoint\",\"urlTemplate\":\"https:\/\/www.blogsoestado.com\/danielmatos\/?s={search_term_string}\"},\"query-input\":{\"@type\":\"PropertyValueSpecification\",\"valueRequired\":true,\"valueName\":\"search_term_string\"}}],\"inLanguage\":\"pt-BR\"}]}<\/script>\n<!-- \/ Yoast SEO plugin. -->","yoast_head_json":{"title":"Cidade dos Len\u00e7\u00f3is Maranhenses quer cobrar taxa de visita\u00e7\u00e3o tur\u00edstica - Daniel Matos","robots":{"index":"index","follow":"follow","max-snippet":"max-snippet:-1","max-image-preview":"max-image-preview:large","max-video-preview":"max-video-preview:-1"},"canonical":"https:\/\/www.blogsoestado.com\/danielmatos\/cidade-dos-lencois-maranhenses-quer-cobrar-taxa-de-visitacao-turistica\/","og_locale":"pt_BR","og_type":"article","og_title":"Cidade dos Len\u00e7\u00f3is Maranhenses quer cobrar taxa de visita\u00e7\u00e3o tur\u00edstica - Daniel Matos","og_description":"Projeto de lei em tramita\u00e7\u00e3o na C\u00e2mara Municipal de Santo Amaro do Maranh\u00e3o que prev\u00ea a nova modalidade de arrecada\u00e7\u00e3o [&hellip;]","og_url":"https:\/\/www.blogsoestado.com\/danielmatos\/cidade-dos-lencois-maranhenses-quer-cobrar-taxa-de-visitacao-turistica\/","og_site_name":"Daniel Matos","article_published_time":"2023-02-27T09:00:00+00:00","og_image":[{"url":"https:\/\/www.blogsoestado.com\/danielmatos\/files\/2023\/02\/Screenshot_20230227-0021352.png","type":"","width":"","height":""}],"twitter_card":"summary_large_image","twitter_misc":{"Est. tempo de leitura":"2 minutos"},"schema":{"@context":"https:\/\/schema.org","@graph":[{"@type":"WebPage","@id":"https:\/\/www.blogsoestado.com\/danielmatos\/cidade-dos-lencois-maranhenses-quer-cobrar-taxa-de-visitacao-turistica\/","url":"https:\/\/www.blogsoestado.com\/danielmatos\/cidade-dos-lencois-maranhenses-quer-cobrar-taxa-de-visitacao-turistica\/","name":"Cidade dos Len\u00e7\u00f3is Maranhenses quer cobrar taxa de visita\u00e7\u00e3o tur\u00edstica - Daniel Matos","isPartOf":{"@id":"https:\/\/www.blogsoestado.com\/danielmatos\/#website"},"primaryImageOfPage":{"@id":"https:\/\/www.blogsoestado.com\/danielmatos\/cidade-dos-lencois-maranhenses-quer-cobrar-taxa-de-visitacao-turistica\/#primaryimage"},"image":{"@id":"https:\/\/www.blogsoestado.com\/danielmatos\/cidade-dos-lencois-maranhenses-quer-cobrar-taxa-de-visitacao-turistica\/#primaryimage"},"thumbnailUrl":"https:\/\/www.blogsoestado.com\/danielmatos\/files\/2023\/02\/Screenshot_20230227-0021352.png","datePublished":"2023-02-27T09:00:00+00:00","author":{"@id":""},"breadcrumb":{"@id":"https:\/\/www.blogsoestado.com\/danielmatos\/cidade-dos-lencois-maranhenses-quer-cobrar-taxa-de-visitacao-turistica\/#breadcrumb"},"inLanguage":"pt-BR","potentialAction":[{"@type":"ReadAction","target":["https:\/\/www.blogsoestado.com\/danielmatos\/cidade-dos-lencois-maranhenses-quer-cobrar-taxa-de-visitacao-turistica\/"]}]},{"@type":"ImageObject","inLanguage":"pt-BR","@id":"https:\/\/www.blogsoestado.com\/danielmatos\/cidade-dos-lencois-maranhenses-quer-cobrar-taxa-de-visitacao-turistica\/#primaryimage","url":"https:\/\/www.blogsoestado.com\/danielmatos\/files\/2023\/02\/Screenshot_20230227-0021352.png","contentUrl":"https:\/\/www.blogsoestado.com\/danielmatos\/files\/2023\/02\/Screenshot_20230227-0021352.png"},{"@type":"BreadcrumbList","@id":"https:\/\/www.blogsoestado.com\/danielmatos\/cidade-dos-lencois-maranhenses-quer-cobrar-taxa-de-visitacao-turistica\/#breadcrumb","itemListElement":[{"@type":"ListItem","position":1,"name":"In\u00edcio","item":"https:\/\/www.blogsoestado.com\/danielmatos\/"},{"@type":"ListItem","position":2,"name":"Cidade dos Len\u00e7\u00f3is Maranhenses quer cobrar taxa de visita\u00e7\u00e3o tur\u00edstica"}]},{"@type":"WebSite","@id":"https:\/\/www.blogsoestado.com\/danielmatos\/#website","url":"https:\/\/www.blogsoestado.com\/danielmatos\/","name":"Daniel Matos","description":"","potentialAction":[{"@type":"SearchAction","target":{"@type":"EntryPoint","urlTemplate":"https:\/\/www.blogsoestado.com\/danielmatos\/?s={search_term_string}"},"query-input":{"@type":"PropertyValueSpecification","valueRequired":true,"valueName":"search_term_string"}}],"inLanguage":"pt-BR"}]}},"jetpack_featured_media_url":"","_links":{"self":[{"href":"https:\/\/www.blogsoestado.com\/danielmatos\/wp-json\/wp\/v2\/posts\/106492","targetHints":{"allow":["GET"]}}],"collection":[{"href":"https:\/\/www.blogsoestado.com\/danielmatos\/wp-json\/wp\/v2\/posts"}],"about":[{"href":"https:\/\/www.blogsoestado.com\/danielmatos\/wp-json\/wp\/v2\/types\/post"}],"replies":[{"embeddable":true,"href":"https:\/\/www.blogsoestado.com\/danielmatos\/wp-json\/wp\/v2\/comments?post=106492"}],"version-history":[{"count":0,"href":"https:\/\/www.blogsoestado.com\/danielmatos\/wp-json\/wp\/v2\/posts\/106492\/revisions"}],"wp:attachment":[{"href":"https:\/\/www.blogsoestado.com\/danielmatos\/wp-json\/wp\/v2\/media?parent=106492"}],"wp:term":[{"taxonomy":"category","embeddable":true,"href":"https:\/\/www.blogsoestado.com\/danielmatos\/wp-json\/wp\/v2\/categories?post=106492"},{"taxonomy":"post_tag","embeddable":true,"href":"https:\/\/www.blogsoestado.com\/danielmatos\/wp-json\/wp\/v2\/tags?post=106492"}],"curies":[{"name":"wp","href":"https:\/\/api.w.org\/{rel}","templated":true}]}}