{"id":106505,"date":"2023-02-27T14:31:12","date_gmt":"2023-02-27T17:31:12","guid":{"rendered":"https:\/\/www.blogsoestado.com\/danielmatos\/?p=106505"},"modified":"2023-02-27T14:31:12","modified_gmt":"2023-02-27T17:31:12","slug":"maranhao-mobgrafado-fotografa-veruska-oliveira-realiza-exposicao-de-fotos-feitas-com-celular-por-moradores-de-comunidades-maranhenses","status":"publish","type":"post","link":"https:\/\/www.blogsoestado.com\/danielmatos\/maranhao-mobgrafado-fotografa-veruska-oliveira-realiza-exposicao-de-fotos-feitas-com-celular-por-moradores-de-comunidades-maranhenses\/","title":{"rendered":"Maranh\u00e3o Mobgrafado: fot\u00f3grafa Veruska Oliveira realiza exposi\u00e7\u00e3o de fotos feitas com celular por moradores de comunidades maranhenses"},"content":{"rendered":"\n<div class=\"wp-block-image\"><figure class=\"aligncenter size-large\"><a href=\"https:\/\/www.blogsoestado.com\/danielmatos\/files\/2023\/02\/Screenshot_20230227-1413522.png\"><img decoding=\"async\" src=\"https:\/\/www.blogsoestado.com\/danielmatos\/files\/2023\/02\/Screenshot_20230227-1413522.png\" alt=\"\" class=\"wp-image-106507\"\/><\/a><\/figure><\/div>\n\n\n\n<p>Mergulhar no modo de vida, nas prefer\u00eancias, paisagens e na rotina de quem vive na zona rural de diversas cidades, da, capital S\u00e3o Lu\u00eds, e de outros munic\u00edpios do estado. Essa \u00e9 a proposta da exposi\u00e7\u00e3o \u201cMaranh\u00e3o Mobgrafado\u201d, idealizada pela fot\u00f3grafa maranhense Veruska Oliveira, com estreia marcada para a pr\u00f3xima quinta-feira, 2 de mar\u00e7o, \u00e0s 19h, em frente ao espa\u00e7o Amei (Associa\u00e7\u00e3o Maranhense de Escritores Independentes), no S\u00e3o Lu\u00eds Shopping.<\/p>\n\n\n\n<div class=\"wp-block-image\"><figure class=\"aligncenter size-large\"><a href=\"https:\/\/www.blogsoestado.com\/danielmatos\/files\/2023\/02\/Screenshot_20230227-1417322.png\"><img decoding=\"async\" src=\"https:\/\/www.blogsoestado.com\/danielmatos\/files\/2023\/02\/Screenshot_20230227-1417322.png\" alt=\"\" class=\"wp-image-106508\"\/><\/a><\/figure><\/div>\n\n\n\n<p>A exposi\u00e7\u00e3o \u00e9 um passeio pelas imagens registradas por c\u00e2meras dos mais diversos tipos de aparelhos celulares. A autoria \u00e9 diversa: crian\u00e7as, jovens e adultos que vivem em localidades consideradas distantes de \u00e1reas centrais. Nas fotos, s\u00e3o exibidos desde autorretratos at\u00e9 imagens de animais de estima\u00e7\u00e3o, plantas, entre outros elementos que caracterizam e identificam cada regi\u00e3o. Na exposi\u00e7\u00e3o, todas as imagens t\u00eam descri\u00e7\u00e3o em \u00e1udio, estrat\u00e9gia utilizada pelos idealizadores a fim de incluir e alcan\u00e7ar o maior n\u00famero poss\u00edvel de pessoas.<\/p>\n\n\n\n<p>\u201cA mobgrafia \u00e9 uma realidade na vida de todas as pessoas. \u00c0s vezes, n\u00e3o temos uma caneta no bolso, mas temos um celular e, consequentemente, temos uma c\u00e2mera. Esses registros feitos por mobiles (aparelhos m\u00f3veis) s\u00e3o, muitas vezes, a \u00fanica forma de muitas pessoas retratarem a realidade em que est\u00e3o inseridas. E \u00e9 emocionante perceber o quanto essas pessoas valorizam suas ra\u00edzes, origens e jeitos de viver\u201d, enfatiza a idealizadora Veruska Oliveira.<\/p>\n\n\n\n<div class=\"wp-block-image\"><figure class=\"aligncenter size-large\"><a href=\"https:\/\/www.blogsoestado.com\/danielmatos\/files\/2023\/02\/Screenshot_20230227-1418272.png\"><img decoding=\"async\" src=\"https:\/\/www.blogsoestado.com\/danielmatos\/files\/2023\/02\/Screenshot_20230227-1418272.png\" alt=\"\" class=\"wp-image-106509\"\/><\/a><\/figure><\/div>\n\n\n\n<p><strong>Execu\u00e7\u00e3o do projeto<\/strong><\/p>\n\n\n\n<p>Maranh\u00e3o Mobgrafado \u00e9 um projeto inclusivo e democr\u00e1tico que tem o prop\u00f3sito de realizar capacita\u00e7\u00f5es em oficinas de mobgrafia, ou seja, de fotos com celular. Entre janeiro e dezembro de 2022, o projeto passou por mais de 20 cidades do Maranh\u00e3o e capacitou quase 800 pessoas. No encerramento de cada oficina, foram realizadas miniexposi\u00e7\u00f5es nas pr\u00f3prias comunidades, para que as turmas pudessem ver as imagens impressas para al\u00e9m das telas de celular, com a emo\u00e7\u00e3o de tocar a pr\u00f3pria obra de arte em quadros.<\/p>\n\n\n\n<p>A equipe do projeto analisou quatro fotos de cada um dos 780 participantes das oficinas. Depois de um ano inteiro, dos mais de 3.100 registros, a curadoria liderada por Veruska Oliveira selecionou as 60 imagens da exposi\u00e7\u00e3o que, ap\u00f3s a temporada de 1 m\u00eas em S\u00e3o Lu\u00eds, ser\u00e1 itinerante e percorrer\u00e1, prioritariamente, as localidades onde as oficinas foram realizadas. Al\u00e9m disso, as fotos tamb\u00e9m ir\u00e3o compor uma exposi\u00e7\u00e3o virtual, para facilitar o acesso das comunidades mais afastadas \u00e0 mostra.<\/p>\n\n\n\n<div class=\"wp-block-image\"><figure class=\"aligncenter size-large\"><a href=\"https:\/\/www.blogsoestado.com\/danielmatos\/files\/2023\/02\/Screenshot_20230227-1421142.png\"><img decoding=\"async\" src=\"https:\/\/www.blogsoestado.com\/danielmatos\/files\/2023\/02\/Screenshot_20230227-1421142-658x1024.png\" alt=\"\" class=\"wp-image-106510\"\/><\/a><figcaption>A fot\u00f3grafa Veruska Oliveira assina a exposi\u00e7\u00e3o &#8220;Maranh\u00e3o Mobgrafado&#8221;<\/figcaption><\/figure><\/div>\n\n\n\n<p>Muitas vezes invisibilizadas, as comunidades por onde o projeto passou s\u00e3o vistas apenas ao longe, das janelas dos carros que passam nas rodovias e dos trens que correm pelos trilhos das estradas de ferro do estado. As capacita\u00e7\u00f5es ocorreram nas seguintes cidades: S\u00e3o Lu\u00eds, A\u00e7ail\u00e2ndia, Anajatuba, Arari, Bom Jardim, Itapecuru-Mirim, Santa Rita, Vit\u00f3ria do Mearim, Santa In\u00eas, Pindar\u00e9-Mirim, Tufil\u00e2ndia, Alto Alegre do Pindar\u00e9, Bom Jesus das Selvas, S\u00e3o Francisco do Brej\u00e3o, S\u00e3o Pedro da \u00c1gua Branca, Vila Nova dos Mart\u00edrios, Bacabeira, Buriticupu, Miranda do Norte, Mon\u00e7\u00e3o, Igarap\u00e9 do Meio e Cidel\u00e2ndia.<\/p>\n\n\n\n<div class=\"wp-block-image\"><figure class=\"aligncenter size-large\"><a href=\"https:\/\/www.blogsoestado.com\/danielmatos\/files\/2023\/02\/Screenshot_20230227-1422052.png\"><img decoding=\"async\" src=\"https:\/\/www.blogsoestado.com\/danielmatos\/files\/2023\/02\/Screenshot_20230227-1422052.png\" alt=\"\" class=\"wp-image-106511\"\/><\/a><figcaption>Veruska Oliveira exibe um dos aparelhos celulares utilizados para registrar as imagens que comp\u00f5em a exposi\u00e7\u00e3o<\/figcaption><\/figure><\/div>\n\n\n\n<p>O projeto \u201cMaranh\u00e3o Mobgrafado\u201d tem o patroc\u00ednio master do Instituto Cultural Vale, por meio da Lei Federal de Incentivo \u00e0 Cultura (Lei Rouanet). Realiza\u00e7\u00e3o: fot\u00f3grafa Veruska Oliveira; Minist\u00e9rio da Cultura; Governo Federal. J\u00e1 a exposi\u00e7\u00e3o final tem o apoio da Associa\u00e7\u00e3o Maranhense de Escritores Independentes (Amei) e do S\u00e3o Lu\u00eds Shopping.<\/p>\n\n\n\n<p><strong>SERVI\u00c7O<\/strong><\/p>\n\n\n\n<p><strong>O QUE:&nbsp;<\/strong>Abertura da exposi\u00e7\u00e3o fotogr\u00e1fica itinerante Maranh\u00e3o Mobgrafado<\/p>\n\n\n\n<p><strong>QUEM:&nbsp;<\/strong>Fot\u00f3grafa Veruska Oliveira<\/p>\n\n\n\n<p><strong>QUANDO:&nbsp;<\/strong>02 de mar\u00e7o, quinta-feira<\/p>\n\n\n\n<p><strong>ONDE:&nbsp;<\/strong>S\u00e3o Lu\u00eds Shopping, em frente \u00e0 livraria Amei<\/p>\n\n\n\n<p><strong>MAIS INFORMA\u00c7\u00d5ES:<\/strong>&nbsp;Instagram &#8211;&nbsp;<a href=\"http:\/\/@maranhaomobgrafado\">@maranhaomobgrafado<\/a> \/&nbsp;<a>@veruskaoliveirafoto<\/a><\/p>\n","protected":false},"excerpt":{"rendered":"<p>Mergulhar no modo de vida, nas prefer\u00eancias, paisagens e na rotina de quem vive na zona rural de diversas cidades, [&hellip;]<\/p>\n","protected":false},"author":0,"featured_media":0,"comment_status":"open","ping_status":"open","sticky":false,"template":"","format":"standard","meta":{"site-sidebar-layout":"default","site-content-layout":"","ast-site-content-layout":"default","site-content-style":"default","site-sidebar-style":"default","ast-global-header-display":"","ast-banner-title-visibility":"","ast-main-header-display":"","ast-hfb-above-header-display":"","ast-hfb-below-header-display":"","ast-hfb-mobile-header-display":"","site-post-title":"","ast-breadcrumbs-content":"","ast-featured-img":"","footer-sml-layout":"","ast-disable-related-posts":"","theme-transparent-header-meta":"","adv-header-id-meta":"","stick-header-meta":"","header-above-stick-meta":"","header-main-stick-meta":"","header-below-stick-meta":"","astra-migrate-meta-layouts":"default","ast-page-background-enabled":"default","ast-page-background-meta":{"desktop":{"background-color":"var(--ast-global-color-5)","background-image":"","background-repeat":"repeat","background-position":"center center","background-size":"auto","background-attachment":"scroll","background-type":"","background-media":"","overlay-type":"","overlay-color":"","overlay-opacity":"","overlay-gradient":""},"tablet":{"background-color":"","background-image":"","background-repeat":"repeat","background-position":"center center","background-size":"auto","background-attachment":"scroll","background-type":"","background-media":"","overlay-type":"","overlay-color":"","overlay-opacity":"","overlay-gradient":""},"mobile":{"background-color":"","background-image":"","background-repeat":"repeat","background-position":"center center","background-size":"auto","background-attachment":"scroll","background-type":"","background-media":"","overlay-type":"","overlay-color":"","overlay-opacity":"","overlay-gradient":""}},"ast-content-background-meta":{"desktop":{"background-color":"var(--ast-global-color-4)","background-image":"","background-repeat":"repeat","background-position":"center center","background-size":"auto","background-attachment":"scroll","background-type":"","background-media":"","overlay-type":"","overlay-color":"","overlay-opacity":"","overlay-gradient":""},"tablet":{"background-color":"var(--ast-global-color-4)","background-image":"","background-repeat":"repeat","background-position":"center center","background-size":"auto","background-attachment":"scroll","background-type":"","background-media":"","overlay-type":"","overlay-color":"","overlay-opacity":"","overlay-gradient":""},"mobile":{"background-color":"var(--ast-global-color-4)","background-image":"","background-repeat":"repeat","background-position":"center center","background-size":"auto","background-attachment":"scroll","background-type":"","background-media":"","overlay-type":"","overlay-color":"","overlay-opacity":"","overlay-gradient":""}},"footnotes":""},"categories":[1],"tags":[],"class_list":["post-106505","post","type-post","status-publish","format-standard","hentry","category-sem-categoria"],"yoast_head":"<!-- This site is optimized with the Yoast SEO plugin v26.6 - https:\/\/yoast.com\/wordpress\/plugins\/seo\/ -->\n<title>Maranh\u00e3o Mobgrafado: fot\u00f3grafa Veruska Oliveira realiza exposi\u00e7\u00e3o de fotos feitas com celular por moradores de comunidades maranhenses - Daniel Matos<\/title>\n<meta name=\"robots\" content=\"index, follow, max-snippet:-1, max-image-preview:large, max-video-preview:-1\" \/>\n<link rel=\"canonical\" href=\"https:\/\/www.blogsoestado.com\/danielmatos\/maranhao-mobgrafado-fotografa-veruska-oliveira-realiza-exposicao-de-fotos-feitas-com-celular-por-moradores-de-comunidades-maranhenses\/\" \/>\n<meta property=\"og:locale\" content=\"pt_BR\" \/>\n<meta property=\"og:type\" content=\"article\" \/>\n<meta property=\"og:title\" content=\"Maranh\u00e3o Mobgrafado: fot\u00f3grafa Veruska Oliveira realiza exposi\u00e7\u00e3o de fotos feitas com celular por moradores de comunidades maranhenses - Daniel Matos\" \/>\n<meta property=\"og:description\" content=\"Mergulhar no modo de vida, nas prefer\u00eancias, paisagens e na rotina de quem vive na zona rural de diversas cidades, [&hellip;]\" \/>\n<meta property=\"og:url\" content=\"https:\/\/www.blogsoestado.com\/danielmatos\/maranhao-mobgrafado-fotografa-veruska-oliveira-realiza-exposicao-de-fotos-feitas-com-celular-por-moradores-de-comunidades-maranhenses\/\" \/>\n<meta property=\"og:site_name\" content=\"Daniel Matos\" \/>\n<meta property=\"article:published_time\" content=\"2023-02-27T17:31:12+00:00\" \/>\n<meta property=\"og:image\" content=\"https:\/\/www.blogsoestado.com\/danielmatos\/files\/2023\/02\/Screenshot_20230227-1413522.png\" \/>\n<meta name=\"twitter:card\" content=\"summary_large_image\" \/>\n<meta name=\"twitter:label1\" content=\"Est. tempo de leitura\" \/>\n\t<meta name=\"twitter:data1\" content=\"4 minutos\" \/>\n<script type=\"application\/ld+json\" class=\"yoast-schema-graph\">{\"@context\":\"https:\/\/schema.org\",\"@graph\":[{\"@type\":\"WebPage\",\"@id\":\"https:\/\/www.blogsoestado.com\/danielmatos\/maranhao-mobgrafado-fotografa-veruska-oliveira-realiza-exposicao-de-fotos-feitas-com-celular-por-moradores-de-comunidades-maranhenses\/\",\"url\":\"https:\/\/www.blogsoestado.com\/danielmatos\/maranhao-mobgrafado-fotografa-veruska-oliveira-realiza-exposicao-de-fotos-feitas-com-celular-por-moradores-de-comunidades-maranhenses\/\",\"name\":\"Maranh\u00e3o Mobgrafado: fot\u00f3grafa Veruska Oliveira realiza exposi\u00e7\u00e3o de fotos feitas com celular por moradores de comunidades maranhenses - Daniel Matos\",\"isPartOf\":{\"@id\":\"https:\/\/www.blogsoestado.com\/danielmatos\/#website\"},\"primaryImageOfPage\":{\"@id\":\"https:\/\/www.blogsoestado.com\/danielmatos\/maranhao-mobgrafado-fotografa-veruska-oliveira-realiza-exposicao-de-fotos-feitas-com-celular-por-moradores-de-comunidades-maranhenses\/#primaryimage\"},\"image\":{\"@id\":\"https:\/\/www.blogsoestado.com\/danielmatos\/maranhao-mobgrafado-fotografa-veruska-oliveira-realiza-exposicao-de-fotos-feitas-com-celular-por-moradores-de-comunidades-maranhenses\/#primaryimage\"},\"thumbnailUrl\":\"https:\/\/www.blogsoestado.com\/danielmatos\/files\/2023\/02\/Screenshot_20230227-1413522.png\",\"datePublished\":\"2023-02-27T17:31:12+00:00\",\"author\":{\"@id\":\"\"},\"breadcrumb\":{\"@id\":\"https:\/\/www.blogsoestado.com\/danielmatos\/maranhao-mobgrafado-fotografa-veruska-oliveira-realiza-exposicao-de-fotos-feitas-com-celular-por-moradores-de-comunidades-maranhenses\/#breadcrumb\"},\"inLanguage\":\"pt-BR\",\"potentialAction\":[{\"@type\":\"ReadAction\",\"target\":[\"https:\/\/www.blogsoestado.com\/danielmatos\/maranhao-mobgrafado-fotografa-veruska-oliveira-realiza-exposicao-de-fotos-feitas-com-celular-por-moradores-de-comunidades-maranhenses\/\"]}]},{\"@type\":\"ImageObject\",\"inLanguage\":\"pt-BR\",\"@id\":\"https:\/\/www.blogsoestado.com\/danielmatos\/maranhao-mobgrafado-fotografa-veruska-oliveira-realiza-exposicao-de-fotos-feitas-com-celular-por-moradores-de-comunidades-maranhenses\/#primaryimage\",\"url\":\"https:\/\/www.blogsoestado.com\/danielmatos\/files\/2023\/02\/Screenshot_20230227-1413522.png\",\"contentUrl\":\"https:\/\/www.blogsoestado.com\/danielmatos\/files\/2023\/02\/Screenshot_20230227-1413522.png\"},{\"@type\":\"BreadcrumbList\",\"@id\":\"https:\/\/www.blogsoestado.com\/danielmatos\/maranhao-mobgrafado-fotografa-veruska-oliveira-realiza-exposicao-de-fotos-feitas-com-celular-por-moradores-de-comunidades-maranhenses\/#breadcrumb\",\"itemListElement\":[{\"@type\":\"ListItem\",\"position\":1,\"name\":\"In\u00edcio\",\"item\":\"https:\/\/www.blogsoestado.com\/danielmatos\/\"},{\"@type\":\"ListItem\",\"position\":2,\"name\":\"Maranh\u00e3o Mobgrafado: fot\u00f3grafa Veruska Oliveira realiza exposi\u00e7\u00e3o de fotos feitas com celular por moradores de comunidades maranhenses\"}]},{\"@type\":\"WebSite\",\"@id\":\"https:\/\/www.blogsoestado.com\/danielmatos\/#website\",\"url\":\"https:\/\/www.blogsoestado.com\/danielmatos\/\",\"name\":\"Daniel Matos\",\"description\":\"\",\"potentialAction\":[{\"@type\":\"SearchAction\",\"target\":{\"@type\":\"EntryPoint\",\"urlTemplate\":\"https:\/\/www.blogsoestado.com\/danielmatos\/?s={search_term_string}\"},\"query-input\":{\"@type\":\"PropertyValueSpecification\",\"valueRequired\":true,\"valueName\":\"search_term_string\"}}],\"inLanguage\":\"pt-BR\"}]}<\/script>\n<!-- \/ Yoast SEO plugin. -->","yoast_head_json":{"title":"Maranh\u00e3o Mobgrafado: fot\u00f3grafa Veruska Oliveira realiza exposi\u00e7\u00e3o de fotos feitas com celular por moradores de comunidades maranhenses - Daniel Matos","robots":{"index":"index","follow":"follow","max-snippet":"max-snippet:-1","max-image-preview":"max-image-preview:large","max-video-preview":"max-video-preview:-1"},"canonical":"https:\/\/www.blogsoestado.com\/danielmatos\/maranhao-mobgrafado-fotografa-veruska-oliveira-realiza-exposicao-de-fotos-feitas-com-celular-por-moradores-de-comunidades-maranhenses\/","og_locale":"pt_BR","og_type":"article","og_title":"Maranh\u00e3o Mobgrafado: fot\u00f3grafa Veruska Oliveira realiza exposi\u00e7\u00e3o de fotos feitas com celular por moradores de comunidades maranhenses - Daniel Matos","og_description":"Mergulhar no modo de vida, nas prefer\u00eancias, paisagens e na rotina de quem vive na zona rural de diversas cidades, [&hellip;]","og_url":"https:\/\/www.blogsoestado.com\/danielmatos\/maranhao-mobgrafado-fotografa-veruska-oliveira-realiza-exposicao-de-fotos-feitas-com-celular-por-moradores-de-comunidades-maranhenses\/","og_site_name":"Daniel Matos","article_published_time":"2023-02-27T17:31:12+00:00","og_image":[{"url":"https:\/\/www.blogsoestado.com\/danielmatos\/files\/2023\/02\/Screenshot_20230227-1413522.png","type":"","width":"","height":""}],"twitter_card":"summary_large_image","twitter_misc":{"Est. tempo de leitura":"4 minutos"},"schema":{"@context":"https:\/\/schema.org","@graph":[{"@type":"WebPage","@id":"https:\/\/www.blogsoestado.com\/danielmatos\/maranhao-mobgrafado-fotografa-veruska-oliveira-realiza-exposicao-de-fotos-feitas-com-celular-por-moradores-de-comunidades-maranhenses\/","url":"https:\/\/www.blogsoestado.com\/danielmatos\/maranhao-mobgrafado-fotografa-veruska-oliveira-realiza-exposicao-de-fotos-feitas-com-celular-por-moradores-de-comunidades-maranhenses\/","name":"Maranh\u00e3o Mobgrafado: fot\u00f3grafa Veruska Oliveira realiza exposi\u00e7\u00e3o de fotos feitas com celular por moradores de comunidades maranhenses - Daniel Matos","isPartOf":{"@id":"https:\/\/www.blogsoestado.com\/danielmatos\/#website"},"primaryImageOfPage":{"@id":"https:\/\/www.blogsoestado.com\/danielmatos\/maranhao-mobgrafado-fotografa-veruska-oliveira-realiza-exposicao-de-fotos-feitas-com-celular-por-moradores-de-comunidades-maranhenses\/#primaryimage"},"image":{"@id":"https:\/\/www.blogsoestado.com\/danielmatos\/maranhao-mobgrafado-fotografa-veruska-oliveira-realiza-exposicao-de-fotos-feitas-com-celular-por-moradores-de-comunidades-maranhenses\/#primaryimage"},"thumbnailUrl":"https:\/\/www.blogsoestado.com\/danielmatos\/files\/2023\/02\/Screenshot_20230227-1413522.png","datePublished":"2023-02-27T17:31:12+00:00","author":{"@id":""},"breadcrumb":{"@id":"https:\/\/www.blogsoestado.com\/danielmatos\/maranhao-mobgrafado-fotografa-veruska-oliveira-realiza-exposicao-de-fotos-feitas-com-celular-por-moradores-de-comunidades-maranhenses\/#breadcrumb"},"inLanguage":"pt-BR","potentialAction":[{"@type":"ReadAction","target":["https:\/\/www.blogsoestado.com\/danielmatos\/maranhao-mobgrafado-fotografa-veruska-oliveira-realiza-exposicao-de-fotos-feitas-com-celular-por-moradores-de-comunidades-maranhenses\/"]}]},{"@type":"ImageObject","inLanguage":"pt-BR","@id":"https:\/\/www.blogsoestado.com\/danielmatos\/maranhao-mobgrafado-fotografa-veruska-oliveira-realiza-exposicao-de-fotos-feitas-com-celular-por-moradores-de-comunidades-maranhenses\/#primaryimage","url":"https:\/\/www.blogsoestado.com\/danielmatos\/files\/2023\/02\/Screenshot_20230227-1413522.png","contentUrl":"https:\/\/www.blogsoestado.com\/danielmatos\/files\/2023\/02\/Screenshot_20230227-1413522.png"},{"@type":"BreadcrumbList","@id":"https:\/\/www.blogsoestado.com\/danielmatos\/maranhao-mobgrafado-fotografa-veruska-oliveira-realiza-exposicao-de-fotos-feitas-com-celular-por-moradores-de-comunidades-maranhenses\/#breadcrumb","itemListElement":[{"@type":"ListItem","position":1,"name":"In\u00edcio","item":"https:\/\/www.blogsoestado.com\/danielmatos\/"},{"@type":"ListItem","position":2,"name":"Maranh\u00e3o Mobgrafado: fot\u00f3grafa Veruska Oliveira realiza exposi\u00e7\u00e3o de fotos feitas com celular por moradores de comunidades maranhenses"}]},{"@type":"WebSite","@id":"https:\/\/www.blogsoestado.com\/danielmatos\/#website","url":"https:\/\/www.blogsoestado.com\/danielmatos\/","name":"Daniel Matos","description":"","potentialAction":[{"@type":"SearchAction","target":{"@type":"EntryPoint","urlTemplate":"https:\/\/www.blogsoestado.com\/danielmatos\/?s={search_term_string}"},"query-input":{"@type":"PropertyValueSpecification","valueRequired":true,"valueName":"search_term_string"}}],"inLanguage":"pt-BR"}]}},"jetpack_featured_media_url":"","_links":{"self":[{"href":"https:\/\/www.blogsoestado.com\/danielmatos\/wp-json\/wp\/v2\/posts\/106505","targetHints":{"allow":["GET"]}}],"collection":[{"href":"https:\/\/www.blogsoestado.com\/danielmatos\/wp-json\/wp\/v2\/posts"}],"about":[{"href":"https:\/\/www.blogsoestado.com\/danielmatos\/wp-json\/wp\/v2\/types\/post"}],"replies":[{"embeddable":true,"href":"https:\/\/www.blogsoestado.com\/danielmatos\/wp-json\/wp\/v2\/comments?post=106505"}],"version-history":[{"count":0,"href":"https:\/\/www.blogsoestado.com\/danielmatos\/wp-json\/wp\/v2\/posts\/106505\/revisions"}],"wp:attachment":[{"href":"https:\/\/www.blogsoestado.com\/danielmatos\/wp-json\/wp\/v2\/media?parent=106505"}],"wp:term":[{"taxonomy":"category","embeddable":true,"href":"https:\/\/www.blogsoestado.com\/danielmatos\/wp-json\/wp\/v2\/categories?post=106505"},{"taxonomy":"post_tag","embeddable":true,"href":"https:\/\/www.blogsoestado.com\/danielmatos\/wp-json\/wp\/v2\/tags?post=106505"}],"curies":[{"name":"wp","href":"https:\/\/api.w.org\/{rel}","templated":true}]}}