{"id":106524,"date":"2023-02-27T18:16:25","date_gmt":"2023-02-27T21:16:25","guid":{"rendered":"https:\/\/www.blogsoestado.com\/danielmatos\/?p=106524"},"modified":"2023-02-27T18:16:25","modified_gmt":"2023-02-27T21:16:25","slug":"brandao-anuncia-mais-3-auxiliares-e-equipe-de-governo-ja-tem-25-nomes-confirmados","status":"publish","type":"post","link":"https:\/\/www.blogsoestado.com\/danielmatos\/brandao-anuncia-mais-3-auxiliares-e-equipe-de-governo-ja-tem-25-nomes-confirmados\/","title":{"rendered":"Brand\u00e3o anuncia mais 3 auxiliares e equipe de governo j\u00e1 tem 25 nomes confirmados"},"content":{"rendered":"\n<div class=\"wp-block-image\"><figure class=\"aligncenter size-large\"><a href=\"https:\/\/www.blogsoestado.com\/danielmatos\/files\/2023\/02\/Screenshot_20230227-1812322.png\"><img decoding=\"async\" src=\"https:\/\/www.blogsoestado.com\/danielmatos\/files\/2023\/02\/Screenshot_20230227-1812322.png\" alt=\"\" class=\"wp-image-106526\"\/><\/a><figcaption>Naldir Lopes foi empossado por Brand\u00e3o na Sedel no governo passado e ser\u00e1 mantido no cargo na nova gest\u00e3o<\/figcaption><\/figure><\/div>\n\n\n\n<p>O governador Carlos Brand\u00e3o (PSB) anunciou mais tr\u00eas nomes para o seu secretariado, no final da tarde desta segunda-feira (27), elevando para 25 o n\u00famero de auxiliares confirmados em sua equipe de gest\u00e3o para o Nalsornovo mandato. Todos os ocupantes do primeiro escal\u00e3o tomar\u00e3o posse no pr\u00f3ximo dia 4, em solenidade no Centro de Conven\u00e7\u00f5es de Imperatriz, seguida de ato popular na Beira-rio, com direito a show da dupla sertaneja Diego e Victor Hugo.<\/p>\n\n\n\n<p>Em seu mais recente an\u00fancio nas redes sociais, Carlos Brand\u00e3o confirmou a manuten\u00e7\u00e3o de tr\u00eas auxiliares em seus respectivos cargos. Um deles \u00e9 Naldir Lopes, que continuar\u00e1 \u00e0 frente da Secretaria de Estado de Desportos e Lazer (Sedel).<\/p>\n\n\n\n<p>Outro que seguir\u00e1 na fun\u00e7\u00e3o \u00e9 Le\u00f4nidas Ara\u00fajo, presidente da Ag\u00eancia Executiva Metropolitana (Agem), assim como Rodrigo Maia, mantido no cargo de procurador-geral do Estado.<\/p>\n\n\n\n<p><strong>Expectativa<\/strong><\/p>\n\n\n\n<p>A expectativa se volta, agora, para outras pastas de extrema relev\u00e2ncia na estrutura administrativa do governo, a exemplo da Seguran\u00e7a P\u00fablica. H\u00e1 quem aposte na perman\u00eancia do atual titular, coronel S\u00edlvio Leite. Por outro lado, h\u00e1 vozes que n\u00e3o descartam o retorno do ex-secret\u00e1rio e ex-deputado estadual Raimundo Cutrim.<\/p>\n\n\n\n<p>Nas Secretarias de Estado da Educa\u00e7\u00e3o (SEDUC), que integra a cota do PT no Governo Brand\u00e3o, o nome do vice-governador Felipe Camar\u00e3o deve ser confirmado oficialmente a qualquer momento. J\u00e1 nas secretarias de Estado de Trabalho e Economia Solid\u00e1ria (Setres) e de Agricultura, Pecu\u00e1ria e Pesca (Sagrima), Direitos Humanos e Participa\u00e7\u00e3o Popular, pastas tamb\u00e9m entregues ao partido do presidente Luiz In\u00e1cio Lula da Silva, as indica\u00e7\u00f5es est\u00e3o sendo discutidas internamente pela dire\u00e7\u00e3o petista local.<\/p>\n\n\n\n<p>As secretarias de Estado de Meio Ambiente (Sema) e da Mulher tamb\u00e9m ainda n\u00e3o tiveram seus titulares anunciados, assim como outros \u00f3rg\u00e3os que comp\u00f5em a estrutura administrativa do governo maranhense.<\/p>\n\n\n\n<p>Confira o mais recente an\u00fancio de membros da equipe de governo feito por Carlos Brand\u00e3o:<\/p>\n\n\n\n<div class=\"wp-block-image\"><figure class=\"aligncenter size-large\"><a href=\"https:\/\/www.blogsoestado.com\/danielmatos\/files\/2023\/02\/Screenshot_20230227-1744012.png\"><img decoding=\"async\" src=\"https:\/\/www.blogsoestado.com\/danielmatos\/files\/2023\/02\/Screenshot_20230227-1744012.png\" alt=\"\" class=\"wp-image-106525\"\/><\/a><\/figure><\/div>\n\n\n\n<p><\/p>\n","protected":false},"excerpt":{"rendered":"<p>O governador Carlos Brand\u00e3o (PSB) anunciou mais tr\u00eas nomes para o seu secretariado, no final da tarde desta segunda-feira (27), [&hellip;]<\/p>\n","protected":false},"author":0,"featured_media":0,"comment_status":"open","ping_status":"open","sticky":false,"template":"","format":"standard","meta":{"site-sidebar-layout":"default","site-content-layout":"","ast-site-content-layout":"default","site-content-style":"default","site-sidebar-style":"default","ast-global-header-display":"","ast-banner-title-visibility":"","ast-main-header-display":"","ast-hfb-above-header-display":"","ast-hfb-below-header-display":"","ast-hfb-mobile-header-display":"","site-post-title":"","ast-breadcrumbs-content":"","ast-featured-img":"","footer-sml-layout":"","ast-disable-related-posts":"","theme-transparent-header-meta":"","adv-header-id-meta":"","stick-header-meta":"","header-above-stick-meta":"","header-main-stick-meta":"","header-below-stick-meta":"","astra-migrate-meta-layouts":"default","ast-page-background-enabled":"default","ast-page-background-meta":{"desktop":{"background-color":"var(--ast-global-color-5)","background-image":"","background-repeat":"repeat","background-position":"center center","background-size":"auto","background-attachment":"scroll","background-type":"","background-media":"","overlay-type":"","overlay-color":"","overlay-opacity":"","overlay-gradient":""},"tablet":{"background-color":"","background-image":"","background-repeat":"repeat","background-position":"center center","background-size":"auto","background-attachment":"scroll","background-type":"","background-media":"","overlay-type":"","overlay-color":"","overlay-opacity":"","overlay-gradient":""},"mobile":{"background-color":"","background-image":"","background-repeat":"repeat","background-position":"center center","background-size":"auto","background-attachment":"scroll","background-type":"","background-media":"","overlay-type":"","overlay-color":"","overlay-opacity":"","overlay-gradient":""}},"ast-content-background-meta":{"desktop":{"background-color":"var(--ast-global-color-4)","background-image":"","background-repeat":"repeat","background-position":"center center","background-size":"auto","background-attachment":"scroll","background-type":"","background-media":"","overlay-type":"","overlay-color":"","overlay-opacity":"","overlay-gradient":""},"tablet":{"background-color":"var(--ast-global-color-4)","background-image":"","background-repeat":"repeat","background-position":"center center","background-size":"auto","background-attachment":"scroll","background-type":"","background-media":"","overlay-type":"","overlay-color":"","overlay-opacity":"","overlay-gradient":""},"mobile":{"background-color":"var(--ast-global-color-4)","background-image":"","background-repeat":"repeat","background-position":"center center","background-size":"auto","background-attachment":"scroll","background-type":"","background-media":"","overlay-type":"","overlay-color":"","overlay-opacity":"","overlay-gradient":""}},"footnotes":""},"categories":[1],"tags":[],"class_list":["post-106524","post","type-post","status-publish","format-standard","hentry","category-sem-categoria"],"yoast_head":"<!-- This site is optimized with the Yoast SEO plugin v26.6 - https:\/\/yoast.com\/wordpress\/plugins\/seo\/ -->\n<title>Brand\u00e3o anuncia mais 3 auxiliares e equipe de governo j\u00e1 tem 25 nomes confirmados - Daniel Matos<\/title>\n<meta name=\"robots\" content=\"index, follow, max-snippet:-1, max-image-preview:large, max-video-preview:-1\" \/>\n<link rel=\"canonical\" href=\"https:\/\/www.blogsoestado.com\/danielmatos\/brandao-anuncia-mais-3-auxiliares-e-equipe-de-governo-ja-tem-25-nomes-confirmados\/\" \/>\n<meta property=\"og:locale\" content=\"pt_BR\" \/>\n<meta property=\"og:type\" content=\"article\" \/>\n<meta property=\"og:title\" content=\"Brand\u00e3o anuncia mais 3 auxiliares e equipe de governo j\u00e1 tem 25 nomes confirmados - Daniel Matos\" \/>\n<meta property=\"og:description\" content=\"O governador Carlos Brand\u00e3o (PSB) anunciou mais tr\u00eas nomes para o seu secretariado, no final da tarde desta segunda-feira (27), [&hellip;]\" \/>\n<meta property=\"og:url\" content=\"https:\/\/www.blogsoestado.com\/danielmatos\/brandao-anuncia-mais-3-auxiliares-e-equipe-de-governo-ja-tem-25-nomes-confirmados\/\" \/>\n<meta property=\"og:site_name\" content=\"Daniel Matos\" \/>\n<meta property=\"article:published_time\" content=\"2023-02-27T21:16:25+00:00\" \/>\n<meta property=\"og:image\" content=\"https:\/\/www.blogsoestado.com\/danielmatos\/files\/2023\/02\/Screenshot_20230227-1812322.png\" \/>\n<meta name=\"twitter:card\" content=\"summary_large_image\" \/>\n<meta name=\"twitter:label1\" content=\"Est. tempo de leitura\" \/>\n\t<meta name=\"twitter:data1\" content=\"2 minutos\" \/>\n<script type=\"application\/ld+json\" class=\"yoast-schema-graph\">{\"@context\":\"https:\/\/schema.org\",\"@graph\":[{\"@type\":\"WebPage\",\"@id\":\"https:\/\/www.blogsoestado.com\/danielmatos\/brandao-anuncia-mais-3-auxiliares-e-equipe-de-governo-ja-tem-25-nomes-confirmados\/\",\"url\":\"https:\/\/www.blogsoestado.com\/danielmatos\/brandao-anuncia-mais-3-auxiliares-e-equipe-de-governo-ja-tem-25-nomes-confirmados\/\",\"name\":\"Brand\u00e3o anuncia mais 3 auxiliares e equipe de governo j\u00e1 tem 25 nomes confirmados - Daniel Matos\",\"isPartOf\":{\"@id\":\"https:\/\/www.blogsoestado.com\/danielmatos\/#website\"},\"primaryImageOfPage\":{\"@id\":\"https:\/\/www.blogsoestado.com\/danielmatos\/brandao-anuncia-mais-3-auxiliares-e-equipe-de-governo-ja-tem-25-nomes-confirmados\/#primaryimage\"},\"image\":{\"@id\":\"https:\/\/www.blogsoestado.com\/danielmatos\/brandao-anuncia-mais-3-auxiliares-e-equipe-de-governo-ja-tem-25-nomes-confirmados\/#primaryimage\"},\"thumbnailUrl\":\"https:\/\/www.blogsoestado.com\/danielmatos\/files\/2023\/02\/Screenshot_20230227-1812322.png\",\"datePublished\":\"2023-02-27T21:16:25+00:00\",\"author\":{\"@id\":\"\"},\"breadcrumb\":{\"@id\":\"https:\/\/www.blogsoestado.com\/danielmatos\/brandao-anuncia-mais-3-auxiliares-e-equipe-de-governo-ja-tem-25-nomes-confirmados\/#breadcrumb\"},\"inLanguage\":\"pt-BR\",\"potentialAction\":[{\"@type\":\"ReadAction\",\"target\":[\"https:\/\/www.blogsoestado.com\/danielmatos\/brandao-anuncia-mais-3-auxiliares-e-equipe-de-governo-ja-tem-25-nomes-confirmados\/\"]}]},{\"@type\":\"ImageObject\",\"inLanguage\":\"pt-BR\",\"@id\":\"https:\/\/www.blogsoestado.com\/danielmatos\/brandao-anuncia-mais-3-auxiliares-e-equipe-de-governo-ja-tem-25-nomes-confirmados\/#primaryimage\",\"url\":\"https:\/\/www.blogsoestado.com\/danielmatos\/files\/2023\/02\/Screenshot_20230227-1812322.png\",\"contentUrl\":\"https:\/\/www.blogsoestado.com\/danielmatos\/files\/2023\/02\/Screenshot_20230227-1812322.png\"},{\"@type\":\"BreadcrumbList\",\"@id\":\"https:\/\/www.blogsoestado.com\/danielmatos\/brandao-anuncia-mais-3-auxiliares-e-equipe-de-governo-ja-tem-25-nomes-confirmados\/#breadcrumb\",\"itemListElement\":[{\"@type\":\"ListItem\",\"position\":1,\"name\":\"In\u00edcio\",\"item\":\"https:\/\/www.blogsoestado.com\/danielmatos\/\"},{\"@type\":\"ListItem\",\"position\":2,\"name\":\"Brand\u00e3o anuncia mais 3 auxiliares e equipe de governo j\u00e1 tem 25 nomes confirmados\"}]},{\"@type\":\"WebSite\",\"@id\":\"https:\/\/www.blogsoestado.com\/danielmatos\/#website\",\"url\":\"https:\/\/www.blogsoestado.com\/danielmatos\/\",\"name\":\"Daniel Matos\",\"description\":\"\",\"potentialAction\":[{\"@type\":\"SearchAction\",\"target\":{\"@type\":\"EntryPoint\",\"urlTemplate\":\"https:\/\/www.blogsoestado.com\/danielmatos\/?s={search_term_string}\"},\"query-input\":{\"@type\":\"PropertyValueSpecification\",\"valueRequired\":true,\"valueName\":\"search_term_string\"}}],\"inLanguage\":\"pt-BR\"}]}<\/script>\n<!-- \/ Yoast SEO plugin. -->","yoast_head_json":{"title":"Brand\u00e3o anuncia mais 3 auxiliares e equipe de governo j\u00e1 tem 25 nomes confirmados - Daniel Matos","robots":{"index":"index","follow":"follow","max-snippet":"max-snippet:-1","max-image-preview":"max-image-preview:large","max-video-preview":"max-video-preview:-1"},"canonical":"https:\/\/www.blogsoestado.com\/danielmatos\/brandao-anuncia-mais-3-auxiliares-e-equipe-de-governo-ja-tem-25-nomes-confirmados\/","og_locale":"pt_BR","og_type":"article","og_title":"Brand\u00e3o anuncia mais 3 auxiliares e equipe de governo j\u00e1 tem 25 nomes confirmados - Daniel Matos","og_description":"O governador Carlos Brand\u00e3o (PSB) anunciou mais tr\u00eas nomes para o seu secretariado, no final da tarde desta segunda-feira (27), [&hellip;]","og_url":"https:\/\/www.blogsoestado.com\/danielmatos\/brandao-anuncia-mais-3-auxiliares-e-equipe-de-governo-ja-tem-25-nomes-confirmados\/","og_site_name":"Daniel Matos","article_published_time":"2023-02-27T21:16:25+00:00","og_image":[{"url":"https:\/\/www.blogsoestado.com\/danielmatos\/files\/2023\/02\/Screenshot_20230227-1812322.png","type":"","width":"","height":""}],"twitter_card":"summary_large_image","twitter_misc":{"Est. tempo de leitura":"2 minutos"},"schema":{"@context":"https:\/\/schema.org","@graph":[{"@type":"WebPage","@id":"https:\/\/www.blogsoestado.com\/danielmatos\/brandao-anuncia-mais-3-auxiliares-e-equipe-de-governo-ja-tem-25-nomes-confirmados\/","url":"https:\/\/www.blogsoestado.com\/danielmatos\/brandao-anuncia-mais-3-auxiliares-e-equipe-de-governo-ja-tem-25-nomes-confirmados\/","name":"Brand\u00e3o anuncia mais 3 auxiliares e equipe de governo j\u00e1 tem 25 nomes confirmados - Daniel Matos","isPartOf":{"@id":"https:\/\/www.blogsoestado.com\/danielmatos\/#website"},"primaryImageOfPage":{"@id":"https:\/\/www.blogsoestado.com\/danielmatos\/brandao-anuncia-mais-3-auxiliares-e-equipe-de-governo-ja-tem-25-nomes-confirmados\/#primaryimage"},"image":{"@id":"https:\/\/www.blogsoestado.com\/danielmatos\/brandao-anuncia-mais-3-auxiliares-e-equipe-de-governo-ja-tem-25-nomes-confirmados\/#primaryimage"},"thumbnailUrl":"https:\/\/www.blogsoestado.com\/danielmatos\/files\/2023\/02\/Screenshot_20230227-1812322.png","datePublished":"2023-02-27T21:16:25+00:00","author":{"@id":""},"breadcrumb":{"@id":"https:\/\/www.blogsoestado.com\/danielmatos\/brandao-anuncia-mais-3-auxiliares-e-equipe-de-governo-ja-tem-25-nomes-confirmados\/#breadcrumb"},"inLanguage":"pt-BR","potentialAction":[{"@type":"ReadAction","target":["https:\/\/www.blogsoestado.com\/danielmatos\/brandao-anuncia-mais-3-auxiliares-e-equipe-de-governo-ja-tem-25-nomes-confirmados\/"]}]},{"@type":"ImageObject","inLanguage":"pt-BR","@id":"https:\/\/www.blogsoestado.com\/danielmatos\/brandao-anuncia-mais-3-auxiliares-e-equipe-de-governo-ja-tem-25-nomes-confirmados\/#primaryimage","url":"https:\/\/www.blogsoestado.com\/danielmatos\/files\/2023\/02\/Screenshot_20230227-1812322.png","contentUrl":"https:\/\/www.blogsoestado.com\/danielmatos\/files\/2023\/02\/Screenshot_20230227-1812322.png"},{"@type":"BreadcrumbList","@id":"https:\/\/www.blogsoestado.com\/danielmatos\/brandao-anuncia-mais-3-auxiliares-e-equipe-de-governo-ja-tem-25-nomes-confirmados\/#breadcrumb","itemListElement":[{"@type":"ListItem","position":1,"name":"In\u00edcio","item":"https:\/\/www.blogsoestado.com\/danielmatos\/"},{"@type":"ListItem","position":2,"name":"Brand\u00e3o anuncia mais 3 auxiliares e equipe de governo j\u00e1 tem 25 nomes confirmados"}]},{"@type":"WebSite","@id":"https:\/\/www.blogsoestado.com\/danielmatos\/#website","url":"https:\/\/www.blogsoestado.com\/danielmatos\/","name":"Daniel Matos","description":"","potentialAction":[{"@type":"SearchAction","target":{"@type":"EntryPoint","urlTemplate":"https:\/\/www.blogsoestado.com\/danielmatos\/?s={search_term_string}"},"query-input":{"@type":"PropertyValueSpecification","valueRequired":true,"valueName":"search_term_string"}}],"inLanguage":"pt-BR"}]}},"jetpack_featured_media_url":"","_links":{"self":[{"href":"https:\/\/www.blogsoestado.com\/danielmatos\/wp-json\/wp\/v2\/posts\/106524","targetHints":{"allow":["GET"]}}],"collection":[{"href":"https:\/\/www.blogsoestado.com\/danielmatos\/wp-json\/wp\/v2\/posts"}],"about":[{"href":"https:\/\/www.blogsoestado.com\/danielmatos\/wp-json\/wp\/v2\/types\/post"}],"replies":[{"embeddable":true,"href":"https:\/\/www.blogsoestado.com\/danielmatos\/wp-json\/wp\/v2\/comments?post=106524"}],"version-history":[{"count":0,"href":"https:\/\/www.blogsoestado.com\/danielmatos\/wp-json\/wp\/v2\/posts\/106524\/revisions"}],"wp:attachment":[{"href":"https:\/\/www.blogsoestado.com\/danielmatos\/wp-json\/wp\/v2\/media?parent=106524"}],"wp:term":[{"taxonomy":"category","embeddable":true,"href":"https:\/\/www.blogsoestado.com\/danielmatos\/wp-json\/wp\/v2\/categories?post=106524"},{"taxonomy":"post_tag","embeddable":true,"href":"https:\/\/www.blogsoestado.com\/danielmatos\/wp-json\/wp\/v2\/tags?post=106524"}],"curies":[{"name":"wp","href":"https:\/\/api.w.org\/{rel}","templated":true}]}}