{"id":106532,"date":"2023-02-27T19:39:37","date_gmt":"2023-02-27T22:39:37","guid":{"rendered":"https:\/\/www.blogsoestado.com\/danielmatos\/?p=106532"},"modified":"2023-02-27T19:39:37","modified_gmt":"2023-02-27T22:39:37","slug":"stj-nega-dupla-indenizacao-viuva-e-filha-de-tecnico-morto-em-explosao-de-foguete-em-alcantara-ha-20-anos","status":"publish","type":"post","link":"https:\/\/www.blogsoestado.com\/danielmatos\/stj-nega-dupla-indenizacao-viuva-e-filha-de-tecnico-morto-em-explosao-de-foguete-em-alcantara-ha-20-anos\/","title":{"rendered":"STJ nega dupla indeniza\u00e7\u00e3o a vi\u00fava e filha de t\u00e9cnico morto em explos\u00e3o de foguete em Alc\u00e2ntara, h\u00e1 20 anos"},"content":{"rendered":"\n<div class=\"wp-block-image\"><figure class=\"aligncenter size-large\"><a href=\"https:\/\/www.blogsoestado.com\/danielmatos\/files\/2023\/02\/Screenshot_20230227-1933302.png\"><img decoding=\"async\" src=\"https:\/\/www.blogsoestado.com\/danielmatos\/files\/2023\/02\/Screenshot_20230227-1933302.png\" alt=\"\" class=\"wp-image-106533\"\/><\/a><figcaption>Destro\u00e7os da plataforma de lan\u00e7amento que colocaria em \u00f3rbita o foguete VLS, que explodiu na v\u00e9spera da opera\u00e7\u00e3o aeroespacial, em Alc\u00e2ntara<\/figcaption><\/figure><\/div>\n\n\n\n<p>A Segunda Turma do Superior Tribunal de Justi\u00e7a (STJ), por unanimidade, afastou a indeniza\u00e7\u00e3o por danos materiais concedida a parentes de tecnologista que morreu em servi\u00e7o, em decorr\u00eancia do acidente ocorrido com um foguete no Centro de Lan\u00e7amento de Alc\u00e2ntara CLA), no Maranh\u00e3o, em agosto de 2003. Segundo o colegiado, a Lei 10.821\/2003 j\u00e1 garantiu indeniza\u00e7\u00e3o \u00e0s fam\u00edlias das v\u00edtimas do acidente.<\/p>\n\n\n\n<p>A explos\u00e3o do Ve\u00edculo Lan\u00e7ador de Sat\u00e9lites (VLS), que levaria o primeiro sat\u00e9lite de fabrica\u00e7\u00e3o brasileira para o espa\u00e7o, deixou 21 servidores mortos. A esposa e a filha de um deles foram \u00e0 Justi\u00e7a contra a Uni\u00e3o, pedindo indeniza\u00e7\u00e3o. O ju\u00edzo de primeiro grau concedeu \u00e0s autoras os pleitos de indeniza\u00e7\u00e3o pela morte e por danos morais.<\/p>\n\n\n\n<h4 class=\"wp-block-heading\">Manuten\u00e7\u00e3o do&nbsp;ac\u00f3rd\u00e3o&nbsp;do TRF3 caracterizaria pagamento em duplicidade<\/h4>\n\n\n\n<p>O relator do recurso no STJ, ministro Francisco Falc\u00e3o, apontou que o&nbsp;<a href=\"https:\/\/www.planalto.gov.br\/ccivil_03\/leis\/2003\/l10.821.htm#art3\" target=\"_blank\" rel=\"noreferrer noopener\"><strong>artigo 3\u00ba da Lei 10.821\/2003<\/strong><\/a>, editada para garantir o pagamento de repara\u00e7\u00f5es aos familiares das v\u00edtimas, estabeleceu que a indeniza\u00e7\u00e3o deveria ser paga em parcela \u00fanica, correspondente ao valor da remunera\u00e7\u00e3o fixa recebida pelo servidor no m\u00eas anterior ao de sua morte, multiplicado pelo n\u00famero de anos remanescentes at\u00e9 a data em que completaria 65 anos.<\/p>\n\n\n\n<p>O magistrado destacou que, como a Lei 10.821\/2003 garantiu indeniza\u00e7\u00e3o, a t\u00edtulo de repara\u00e7\u00e3o de danos materiais, para as fam\u00edlias das v\u00edtimas do acidente de Alc\u00e2ntara, a condena\u00e7\u00e3o do&nbsp;ac\u00f3rd\u00e3o&nbsp;recorrido pelo evento morte deveria ser afastada, caso contr\u00e1rio ficaria caracterizado o pagamento em duplicidade.<\/p>\n\n\n\n<p>&#8220;N\u00e3o se quer com isso diminuir a relev\u00e2ncia do acidente ocasionado pela neglig\u00eancia da parte recorrente, pelo contr\u00e1rio, mas t\u00e3o somente n\u00e3o perpetuar o pagamento indenizat\u00f3rio j\u00e1 efetuado pela via administrativa&#8221;, declarou o relator.<\/p>\n\n\n\n<h4 class=\"wp-block-heading\">Valor da indeniza\u00e7\u00e3o por danos morais fixado no\u00a0ac\u00f3rd\u00e3o\u00a0recorrido \u00e9 exorbitante<\/h4>\n\n\n\n<p>O Tribunal Regional Federal da 3\u00aa Regi\u00e3o (TRF3) manteve a\u00a0senten\u00e7a, garantindo \u00e0s parentes o valor integral da remunera\u00e7\u00e3o mensal do servidor, multiplicado pelo n\u00famero de meses que faltavam para ele completar 70 anos; e 552 vezes a remunera\u00e7\u00e3o da v\u00edtima na data do acidente, mais 20%, a t\u00edtulo de danos morais.<\/p>\n\n\n\n<p><\/p>\n\n\n\n<p>Francisco Falc\u00e3o tamb\u00e9m ressaltou que o valor da indeniza\u00e7\u00e3o por danos morais fixado no\u00a0ac\u00f3rd\u00e3o\u00a0da corte regional \u00e9 exorbitante, pois\u00a0552 vezes a remunera\u00e7\u00e3o da v\u00edtima, mais 20% como fator de corre\u00e7\u00e3o,\u00a0superariam o montante de R$ 2 milh\u00f5es.<\/p>\n\n\n\n<p>O relator afirmou que \u00e9 preciso comparar o valor com precedentes em casos an\u00e1logos, para verificar eventual disparidade. Segundo o magistrado, em outro julgamento, que cuidou de caso relativo ao mesmo acidente, a indeniza\u00e7\u00e3o foi fixada em R$ 315 mil.<\/p>\n\n\n\n<p>&#8220;Assim, acolhe-se o pedido da recorrente para reduzir o valor da indeniza\u00e7\u00e3o por danos morais para R$ 500 mil para cada uma das autoras, levando-se em considera\u00e7\u00e3o a particularidade da situa\u00e7\u00e3o, envolvendo servidor p\u00fablico no exerc\u00edcio de suas fun\u00e7\u00f5es, em importante evento que, ao final, drasticamente dizimou o foguete e a plataforma de lan\u00e7amento, levando pessoas \u00e0 morte&#8221; \u2013 concluiu o ministro ao dar parcial&nbsp;provimento&nbsp;ao&nbsp;recurso especial&nbsp;da Uni\u00e3o.<\/p>\n\n\n\n<p><em>O n\u00famero deste processo n\u00e3o \u00e9 divulgado em raz\u00e3o de segredo judicial.<\/em><\/p>\n","protected":false},"excerpt":{"rendered":"<p>A Segunda Turma do Superior Tribunal de Justi\u00e7a (STJ), por unanimidade, afastou a indeniza\u00e7\u00e3o por danos materiais concedida a parentes [&hellip;]<\/p>\n","protected":false},"author":0,"featured_media":0,"comment_status":"open","ping_status":"open","sticky":false,"template":"","format":"standard","meta":{"site-sidebar-layout":"default","site-content-layout":"","ast-site-content-layout":"default","site-content-style":"default","site-sidebar-style":"default","ast-global-header-display":"","ast-banner-title-visibility":"","ast-main-header-display":"","ast-hfb-above-header-display":"","ast-hfb-below-header-display":"","ast-hfb-mobile-header-display":"","site-post-title":"","ast-breadcrumbs-content":"","ast-featured-img":"","footer-sml-layout":"","ast-disable-related-posts":"","theme-transparent-header-meta":"","adv-header-id-meta":"","stick-header-meta":"","header-above-stick-meta":"","header-main-stick-meta":"","header-below-stick-meta":"","astra-migrate-meta-layouts":"default","ast-page-background-enabled":"default","ast-page-background-meta":{"desktop":{"background-color":"var(--ast-global-color-5)","background-image":"","background-repeat":"repeat","background-position":"center center","background-size":"auto","background-attachment":"scroll","background-type":"","background-media":"","overlay-type":"","overlay-color":"","overlay-opacity":"","overlay-gradient":""},"tablet":{"background-color":"","background-image":"","background-repeat":"repeat","background-position":"center center","background-size":"auto","background-attachment":"scroll","background-type":"","background-media":"","overlay-type":"","overlay-color":"","overlay-opacity":"","overlay-gradient":""},"mobile":{"background-color":"","background-image":"","background-repeat":"repeat","background-position":"center center","background-size":"auto","background-attachment":"scroll","background-type":"","background-media":"","overlay-type":"","overlay-color":"","overlay-opacity":"","overlay-gradient":""}},"ast-content-background-meta":{"desktop":{"background-color":"var(--ast-global-color-4)","background-image":"","background-repeat":"repeat","background-position":"center center","background-size":"auto","background-attachment":"scroll","background-type":"","background-media":"","overlay-type":"","overlay-color":"","overlay-opacity":"","overlay-gradient":""},"tablet":{"background-color":"var(--ast-global-color-4)","background-image":"","background-repeat":"repeat","background-position":"center center","background-size":"auto","background-attachment":"scroll","background-type":"","background-media":"","overlay-type":"","overlay-color":"","overlay-opacity":"","overlay-gradient":""},"mobile":{"background-color":"var(--ast-global-color-4)","background-image":"","background-repeat":"repeat","background-position":"center center","background-size":"auto","background-attachment":"scroll","background-type":"","background-media":"","overlay-type":"","overlay-color":"","overlay-opacity":"","overlay-gradient":""}},"footnotes":""},"categories":[1],"tags":[],"class_list":["post-106532","post","type-post","status-publish","format-standard","hentry","category-sem-categoria"],"yoast_head":"<!-- This site is optimized with the Yoast SEO plugin v26.6 - https:\/\/yoast.com\/wordpress\/plugins\/seo\/ -->\n<title>STJ nega dupla indeniza\u00e7\u00e3o a vi\u00fava e filha de t\u00e9cnico morto em explos\u00e3o de foguete em Alc\u00e2ntara, h\u00e1 20 anos - Daniel Matos<\/title>\n<meta name=\"robots\" content=\"index, follow, max-snippet:-1, max-image-preview:large, max-video-preview:-1\" \/>\n<link rel=\"canonical\" href=\"https:\/\/www.blogsoestado.com\/danielmatos\/stj-nega-dupla-indenizacao-viuva-e-filha-de-tecnico-morto-em-explosao-de-foguete-em-alcantara-ha-20-anos\/\" \/>\n<meta property=\"og:locale\" content=\"pt_BR\" \/>\n<meta property=\"og:type\" content=\"article\" \/>\n<meta property=\"og:title\" content=\"STJ nega dupla indeniza\u00e7\u00e3o a vi\u00fava e filha de t\u00e9cnico morto em explos\u00e3o de foguete em Alc\u00e2ntara, h\u00e1 20 anos - Daniel Matos\" \/>\n<meta property=\"og:description\" content=\"A Segunda Turma do Superior Tribunal de Justi\u00e7a (STJ), por unanimidade, afastou a indeniza\u00e7\u00e3o por danos materiais concedida a parentes [&hellip;]\" \/>\n<meta property=\"og:url\" content=\"https:\/\/www.blogsoestado.com\/danielmatos\/stj-nega-dupla-indenizacao-viuva-e-filha-de-tecnico-morto-em-explosao-de-foguete-em-alcantara-ha-20-anos\/\" \/>\n<meta property=\"og:site_name\" content=\"Daniel Matos\" \/>\n<meta property=\"article:published_time\" content=\"2023-02-27T22:39:37+00:00\" \/>\n<meta property=\"og:image\" content=\"https:\/\/www.blogsoestado.com\/danielmatos\/files\/2023\/02\/Screenshot_20230227-1933302.png\" \/>\n<meta name=\"twitter:card\" content=\"summary_large_image\" \/>\n<meta name=\"twitter:label1\" content=\"Est. tempo de leitura\" \/>\n\t<meta name=\"twitter:data1\" content=\"3 minutos\" \/>\n<script type=\"application\/ld+json\" class=\"yoast-schema-graph\">{\"@context\":\"https:\/\/schema.org\",\"@graph\":[{\"@type\":\"WebPage\",\"@id\":\"https:\/\/www.blogsoestado.com\/danielmatos\/stj-nega-dupla-indenizacao-viuva-e-filha-de-tecnico-morto-em-explosao-de-foguete-em-alcantara-ha-20-anos\/\",\"url\":\"https:\/\/www.blogsoestado.com\/danielmatos\/stj-nega-dupla-indenizacao-viuva-e-filha-de-tecnico-morto-em-explosao-de-foguete-em-alcantara-ha-20-anos\/\",\"name\":\"STJ nega dupla indeniza\u00e7\u00e3o a vi\u00fava e filha de t\u00e9cnico morto em explos\u00e3o de foguete em Alc\u00e2ntara, h\u00e1 20 anos - Daniel Matos\",\"isPartOf\":{\"@id\":\"https:\/\/www.blogsoestado.com\/danielmatos\/#website\"},\"primaryImageOfPage\":{\"@id\":\"https:\/\/www.blogsoestado.com\/danielmatos\/stj-nega-dupla-indenizacao-viuva-e-filha-de-tecnico-morto-em-explosao-de-foguete-em-alcantara-ha-20-anos\/#primaryimage\"},\"image\":{\"@id\":\"https:\/\/www.blogsoestado.com\/danielmatos\/stj-nega-dupla-indenizacao-viuva-e-filha-de-tecnico-morto-em-explosao-de-foguete-em-alcantara-ha-20-anos\/#primaryimage\"},\"thumbnailUrl\":\"https:\/\/www.blogsoestado.com\/danielmatos\/files\/2023\/02\/Screenshot_20230227-1933302.png\",\"datePublished\":\"2023-02-27T22:39:37+00:00\",\"author\":{\"@id\":\"\"},\"breadcrumb\":{\"@id\":\"https:\/\/www.blogsoestado.com\/danielmatos\/stj-nega-dupla-indenizacao-viuva-e-filha-de-tecnico-morto-em-explosao-de-foguete-em-alcantara-ha-20-anos\/#breadcrumb\"},\"inLanguage\":\"pt-BR\",\"potentialAction\":[{\"@type\":\"ReadAction\",\"target\":[\"https:\/\/www.blogsoestado.com\/danielmatos\/stj-nega-dupla-indenizacao-viuva-e-filha-de-tecnico-morto-em-explosao-de-foguete-em-alcantara-ha-20-anos\/\"]}]},{\"@type\":\"ImageObject\",\"inLanguage\":\"pt-BR\",\"@id\":\"https:\/\/www.blogsoestado.com\/danielmatos\/stj-nega-dupla-indenizacao-viuva-e-filha-de-tecnico-morto-em-explosao-de-foguete-em-alcantara-ha-20-anos\/#primaryimage\",\"url\":\"https:\/\/www.blogsoestado.com\/danielmatos\/files\/2023\/02\/Screenshot_20230227-1933302.png\",\"contentUrl\":\"https:\/\/www.blogsoestado.com\/danielmatos\/files\/2023\/02\/Screenshot_20230227-1933302.png\"},{\"@type\":\"BreadcrumbList\",\"@id\":\"https:\/\/www.blogsoestado.com\/danielmatos\/stj-nega-dupla-indenizacao-viuva-e-filha-de-tecnico-morto-em-explosao-de-foguete-em-alcantara-ha-20-anos\/#breadcrumb\",\"itemListElement\":[{\"@type\":\"ListItem\",\"position\":1,\"name\":\"In\u00edcio\",\"item\":\"https:\/\/www.blogsoestado.com\/danielmatos\/\"},{\"@type\":\"ListItem\",\"position\":2,\"name\":\"STJ nega dupla indeniza\u00e7\u00e3o a vi\u00fava e filha de t\u00e9cnico morto em explos\u00e3o de foguete em Alc\u00e2ntara, h\u00e1 20 anos\"}]},{\"@type\":\"WebSite\",\"@id\":\"https:\/\/www.blogsoestado.com\/danielmatos\/#website\",\"url\":\"https:\/\/www.blogsoestado.com\/danielmatos\/\",\"name\":\"Daniel Matos\",\"description\":\"\",\"potentialAction\":[{\"@type\":\"SearchAction\",\"target\":{\"@type\":\"EntryPoint\",\"urlTemplate\":\"https:\/\/www.blogsoestado.com\/danielmatos\/?s={search_term_string}\"},\"query-input\":{\"@type\":\"PropertyValueSpecification\",\"valueRequired\":true,\"valueName\":\"search_term_string\"}}],\"inLanguage\":\"pt-BR\"}]}<\/script>\n<!-- \/ Yoast SEO plugin. -->","yoast_head_json":{"title":"STJ nega dupla indeniza\u00e7\u00e3o a vi\u00fava e filha de t\u00e9cnico morto em explos\u00e3o de foguete em Alc\u00e2ntara, h\u00e1 20 anos - Daniel Matos","robots":{"index":"index","follow":"follow","max-snippet":"max-snippet:-1","max-image-preview":"max-image-preview:large","max-video-preview":"max-video-preview:-1"},"canonical":"https:\/\/www.blogsoestado.com\/danielmatos\/stj-nega-dupla-indenizacao-viuva-e-filha-de-tecnico-morto-em-explosao-de-foguete-em-alcantara-ha-20-anos\/","og_locale":"pt_BR","og_type":"article","og_title":"STJ nega dupla indeniza\u00e7\u00e3o a vi\u00fava e filha de t\u00e9cnico morto em explos\u00e3o de foguete em Alc\u00e2ntara, h\u00e1 20 anos - Daniel Matos","og_description":"A Segunda Turma do Superior Tribunal de Justi\u00e7a (STJ), por unanimidade, afastou a indeniza\u00e7\u00e3o por danos materiais concedida a parentes [&hellip;]","og_url":"https:\/\/www.blogsoestado.com\/danielmatos\/stj-nega-dupla-indenizacao-viuva-e-filha-de-tecnico-morto-em-explosao-de-foguete-em-alcantara-ha-20-anos\/","og_site_name":"Daniel Matos","article_published_time":"2023-02-27T22:39:37+00:00","og_image":[{"url":"https:\/\/www.blogsoestado.com\/danielmatos\/files\/2023\/02\/Screenshot_20230227-1933302.png","type":"","width":"","height":""}],"twitter_card":"summary_large_image","twitter_misc":{"Est. tempo de leitura":"3 minutos"},"schema":{"@context":"https:\/\/schema.org","@graph":[{"@type":"WebPage","@id":"https:\/\/www.blogsoestado.com\/danielmatos\/stj-nega-dupla-indenizacao-viuva-e-filha-de-tecnico-morto-em-explosao-de-foguete-em-alcantara-ha-20-anos\/","url":"https:\/\/www.blogsoestado.com\/danielmatos\/stj-nega-dupla-indenizacao-viuva-e-filha-de-tecnico-morto-em-explosao-de-foguete-em-alcantara-ha-20-anos\/","name":"STJ nega dupla indeniza\u00e7\u00e3o a vi\u00fava e filha de t\u00e9cnico morto em explos\u00e3o de foguete em Alc\u00e2ntara, h\u00e1 20 anos - Daniel Matos","isPartOf":{"@id":"https:\/\/www.blogsoestado.com\/danielmatos\/#website"},"primaryImageOfPage":{"@id":"https:\/\/www.blogsoestado.com\/danielmatos\/stj-nega-dupla-indenizacao-viuva-e-filha-de-tecnico-morto-em-explosao-de-foguete-em-alcantara-ha-20-anos\/#primaryimage"},"image":{"@id":"https:\/\/www.blogsoestado.com\/danielmatos\/stj-nega-dupla-indenizacao-viuva-e-filha-de-tecnico-morto-em-explosao-de-foguete-em-alcantara-ha-20-anos\/#primaryimage"},"thumbnailUrl":"https:\/\/www.blogsoestado.com\/danielmatos\/files\/2023\/02\/Screenshot_20230227-1933302.png","datePublished":"2023-02-27T22:39:37+00:00","author":{"@id":""},"breadcrumb":{"@id":"https:\/\/www.blogsoestado.com\/danielmatos\/stj-nega-dupla-indenizacao-viuva-e-filha-de-tecnico-morto-em-explosao-de-foguete-em-alcantara-ha-20-anos\/#breadcrumb"},"inLanguage":"pt-BR","potentialAction":[{"@type":"ReadAction","target":["https:\/\/www.blogsoestado.com\/danielmatos\/stj-nega-dupla-indenizacao-viuva-e-filha-de-tecnico-morto-em-explosao-de-foguete-em-alcantara-ha-20-anos\/"]}]},{"@type":"ImageObject","inLanguage":"pt-BR","@id":"https:\/\/www.blogsoestado.com\/danielmatos\/stj-nega-dupla-indenizacao-viuva-e-filha-de-tecnico-morto-em-explosao-de-foguete-em-alcantara-ha-20-anos\/#primaryimage","url":"https:\/\/www.blogsoestado.com\/danielmatos\/files\/2023\/02\/Screenshot_20230227-1933302.png","contentUrl":"https:\/\/www.blogsoestado.com\/danielmatos\/files\/2023\/02\/Screenshot_20230227-1933302.png"},{"@type":"BreadcrumbList","@id":"https:\/\/www.blogsoestado.com\/danielmatos\/stj-nega-dupla-indenizacao-viuva-e-filha-de-tecnico-morto-em-explosao-de-foguete-em-alcantara-ha-20-anos\/#breadcrumb","itemListElement":[{"@type":"ListItem","position":1,"name":"In\u00edcio","item":"https:\/\/www.blogsoestado.com\/danielmatos\/"},{"@type":"ListItem","position":2,"name":"STJ nega dupla indeniza\u00e7\u00e3o a vi\u00fava e filha de t\u00e9cnico morto em explos\u00e3o de foguete em Alc\u00e2ntara, h\u00e1 20 anos"}]},{"@type":"WebSite","@id":"https:\/\/www.blogsoestado.com\/danielmatos\/#website","url":"https:\/\/www.blogsoestado.com\/danielmatos\/","name":"Daniel Matos","description":"","potentialAction":[{"@type":"SearchAction","target":{"@type":"EntryPoint","urlTemplate":"https:\/\/www.blogsoestado.com\/danielmatos\/?s={search_term_string}"},"query-input":{"@type":"PropertyValueSpecification","valueRequired":true,"valueName":"search_term_string"}}],"inLanguage":"pt-BR"}]}},"jetpack_featured_media_url":"","_links":{"self":[{"href":"https:\/\/www.blogsoestado.com\/danielmatos\/wp-json\/wp\/v2\/posts\/106532","targetHints":{"allow":["GET"]}}],"collection":[{"href":"https:\/\/www.blogsoestado.com\/danielmatos\/wp-json\/wp\/v2\/posts"}],"about":[{"href":"https:\/\/www.blogsoestado.com\/danielmatos\/wp-json\/wp\/v2\/types\/post"}],"replies":[{"embeddable":true,"href":"https:\/\/www.blogsoestado.com\/danielmatos\/wp-json\/wp\/v2\/comments?post=106532"}],"version-history":[{"count":0,"href":"https:\/\/www.blogsoestado.com\/danielmatos\/wp-json\/wp\/v2\/posts\/106532\/revisions"}],"wp:attachment":[{"href":"https:\/\/www.blogsoestado.com\/danielmatos\/wp-json\/wp\/v2\/media?parent=106532"}],"wp:term":[{"taxonomy":"category","embeddable":true,"href":"https:\/\/www.blogsoestado.com\/danielmatos\/wp-json\/wp\/v2\/categories?post=106532"},{"taxonomy":"post_tag","embeddable":true,"href":"https:\/\/www.blogsoestado.com\/danielmatos\/wp-json\/wp\/v2\/tags?post=106532"}],"curies":[{"name":"wp","href":"https:\/\/api.w.org\/{rel}","templated":true}]}}