{"id":106542,"date":"2023-02-28T08:00:00","date_gmt":"2023-02-28T11:00:00","guid":{"rendered":"https:\/\/www.blogsoestado.com\/danielmatos\/?p=106542"},"modified":"2023-02-28T08:00:00","modified_gmt":"2023-02-28T11:00:00","slug":"maranhao-tem-5-cidades-com-reconhecimento-federal-de-situacao-de-emergencia","status":"publish","type":"post","link":"https:\/\/www.blogsoestado.com\/danielmatos\/maranhao-tem-5-cidades-com-reconhecimento-federal-de-situacao-de-emergencia\/","title":{"rendered":"Maranh\u00e3o tem cinco cidades com reconhecimento federal de situa\u00e7\u00e3o de emerg\u00eancia, mas s\u00f3 uma j\u00e1 recebeu recurso"},"content":{"rendered":"\n<p><strong><span class=\"has-inline-color has-vivid-red-color\">Munic\u00edpios est\u00e3o aptos a solicitar repasses da Uni\u00e3o para enfrentar cat\u00e1strofes causadas pelas chuvas, como enchentes <\/span><\/strong><\/p>\n\n\n\n<div class=\"wp-block-image\"><figure class=\"aligncenter size-large\"><a href=\"https:\/\/www.blogsoestado.com\/danielmatos\/files\/2023\/02\/Screenshot_20230227-2333502.png\"><img decoding=\"async\" src=\"https:\/\/www.blogsoestado.com\/danielmatos\/files\/2023\/02\/Screenshot_20230227-2333502.png\" alt=\"\" class=\"wp-image-106543\"\/><\/a><figcaption>O governador Carlos Brand\u00e3o se reuniu com o ministro da Integra\u00e7\u00e3o e Desenvolvimento Regional, Waldez G\u00f3es, para debater o apoio do Governo Federal aos munic\u00edpios maranhenses atingidos por chuvas intensas (Fotos: D\u00eanio Sim\u00f5es\/MIDR)<\/figcaption><\/figure><\/div>\n\n\n\n<p>O Maranh\u00e3o tem, atualmente, cinco munic\u00edpios com reconhecimento federal de situa\u00e7\u00e3o de emerg\u00eancia devido a desastres naturais. Todas est\u00e3o sendo impactadas pelas fortes chuvas que castigam o estado nesta \u00e9poca do ano.<\/p>\n\n\n\n<p>Os cinco munic\u00edpios maranhenses com situa\u00e7\u00e3o emergencial reconhecida aptos a solicitar recursos do Minist\u00e9rio da Integra\u00e7\u00e3o e do Desenvolvimento Regional (MIDR) para atendimento \u00e0 popula\u00e7\u00e3o afetada, restabelecimento de servi\u00e7os essenciais e reconstru\u00e7\u00e3o de infraestrutura p\u00fablica danificada.<\/p>\n\n\n\n<p>Uma das cidades inclu\u00eddas na lista \u00e9 Jenipapo dos Vieiras, que no \u00faltimo dia 13 recebeu repasse federal de R$ 240 mil para socorro \u00e0s v\u00edtimas de enchentes. Entre as a\u00e7\u00f5es previstas est\u00e3o aquisi\u00e7\u00e3o de cestas b\u00e1sicas, kits dormit\u00f3rio, de limpeza e itens de higiene pessoal.<\/p>\n\n\n\n<p>Neste ano, o MIDR autorizou o repasse de mais de R$ 155,2 milh\u00f5es para a\u00e7\u00f5es de resposta e reconstru\u00e7\u00e3o em v\u00e1rios desses munic\u00edpios. Uma das cidades beneficiadas foi S\u00e3o Sebasti\u00e3o, no litoral paulista, que foi atingida por fortes chuvas nos dias 18 e 19 de fevereiro. Ser\u00e3o mais de R$ 7 milh\u00f5es para a compra de cestas b\u00e1sicas e kits de limpeza, higiene pessoal e dormit\u00f3rio, al\u00e9m de colch\u00f5es e combust\u00edvel, atendendo mais de 73,8 mil pessoas.<\/p>\n\n\n\n<p><strong>Grande Ilha de S\u00e3o Lu\u00eds<\/strong><\/p>\n\n\n\n<p>No dia 8 deste m\u00eas, a Defesa Civil Nacional reconheceu a situa\u00e7\u00e3o de emerg\u00eancia em quatro munic\u00edpios maranhenses atingidos pelas chuvas: Pa\u00e7o do Lumiar, Raposa, S\u00e3o Jos\u00e9 de Ribamar e a capital S\u00e3o Lu\u00eds, que integram a Grande Ilha. Na mesma data,   o ministro Waldez G\u00f3es recebeu o governador do Maranh\u00e3o, Carlos Brand\u00e3o. Durante o encontro, foi debatido o apoio do Governo Federal aos munic\u00edpios do estado atingidos por chuvas intensas. Saiba mais&nbsp;<a href=\"https:\/\/www.gov.br\/mdr\/pt-br\/noticias\/ministro-waldez-goes-e-governador-carlos-bandao-debatem-apoio-federal-a-municipios-maranhenses-atingidos-por-chuvas-intensas\" target=\"_blank\" rel=\"noreferrer noopener\">neste link<\/a>.<\/p>\n\n\n\n<p>No primeiro m\u00eas de 2023, foram registrados 400 mm de chuvas no estado, o dobro do esperado para o per\u00edodo. Al\u00e9m das fortes chuvas, o Maranh\u00e3o tamb\u00e9m tem sofrido com enchentes de rios.<\/p>\n","protected":false},"excerpt":{"rendered":"<p>Munic\u00edpios est\u00e3o aptos a solicitar repasses da Uni\u00e3o para enfrentar cat\u00e1strofes causadas pelas chuvas, como enchentes O Maranh\u00e3o tem, atualmente, [&hellip;]<\/p>\n","protected":false},"author":0,"featured_media":0,"comment_status":"open","ping_status":"open","sticky":false,"template":"","format":"standard","meta":{"site-sidebar-layout":"default","site-content-layout":"","ast-site-content-layout":"default","site-content-style":"default","site-sidebar-style":"default","ast-global-header-display":"","ast-banner-title-visibility":"","ast-main-header-display":"","ast-hfb-above-header-display":"","ast-hfb-below-header-display":"","ast-hfb-mobile-header-display":"","site-post-title":"","ast-breadcrumbs-content":"","ast-featured-img":"","footer-sml-layout":"","ast-disable-related-posts":"","theme-transparent-header-meta":"","adv-header-id-meta":"","stick-header-meta":"","header-above-stick-meta":"","header-main-stick-meta":"","header-below-stick-meta":"","astra-migrate-meta-layouts":"default","ast-page-background-enabled":"default","ast-page-background-meta":{"desktop":{"background-color":"var(--ast-global-color-5)","background-image":"","background-repeat":"repeat","background-position":"center center","background-size":"auto","background-attachment":"scroll","background-type":"","background-media":"","overlay-type":"","overlay-color":"","overlay-opacity":"","overlay-gradient":""},"tablet":{"background-color":"","background-image":"","background-repeat":"repeat","background-position":"center center","background-size":"auto","background-attachment":"scroll","background-type":"","background-media":"","overlay-type":"","overlay-color":"","overlay-opacity":"","overlay-gradient":""},"mobile":{"background-color":"","background-image":"","background-repeat":"repeat","background-position":"center center","background-size":"auto","background-attachment":"scroll","background-type":"","background-media":"","overlay-type":"","overlay-color":"","overlay-opacity":"","overlay-gradient":""}},"ast-content-background-meta":{"desktop":{"background-color":"var(--ast-global-color-4)","background-image":"","background-repeat":"repeat","background-position":"center center","background-size":"auto","background-attachment":"scroll","background-type":"","background-media":"","overlay-type":"","overlay-color":"","overlay-opacity":"","overlay-gradient":""},"tablet":{"background-color":"var(--ast-global-color-4)","background-image":"","background-repeat":"repeat","background-position":"center center","background-size":"auto","background-attachment":"scroll","background-type":"","background-media":"","overlay-type":"","overlay-color":"","overlay-opacity":"","overlay-gradient":""},"mobile":{"background-color":"var(--ast-global-color-4)","background-image":"","background-repeat":"repeat","background-position":"center center","background-size":"auto","background-attachment":"scroll","background-type":"","background-media":"","overlay-type":"","overlay-color":"","overlay-opacity":"","overlay-gradient":""}},"footnotes":""},"categories":[1],"tags":[],"class_list":["post-106542","post","type-post","status-publish","format-standard","hentry","category-sem-categoria"],"yoast_head":"<!-- This site is optimized with the Yoast SEO plugin v26.6 - https:\/\/yoast.com\/wordpress\/plugins\/seo\/ -->\n<title>Maranh\u00e3o tem cinco cidades com reconhecimento federal de situa\u00e7\u00e3o de emerg\u00eancia, mas s\u00f3 uma j\u00e1 recebeu recurso - Daniel Matos<\/title>\n<meta name=\"robots\" content=\"index, follow, max-snippet:-1, max-image-preview:large, max-video-preview:-1\" \/>\n<link rel=\"canonical\" href=\"https:\/\/www.blogsoestado.com\/danielmatos\/maranhao-tem-5-cidades-com-reconhecimento-federal-de-situacao-de-emergencia\/\" \/>\n<meta property=\"og:locale\" content=\"pt_BR\" \/>\n<meta property=\"og:type\" content=\"article\" \/>\n<meta property=\"og:title\" content=\"Maranh\u00e3o tem cinco cidades com reconhecimento federal de situa\u00e7\u00e3o de emerg\u00eancia, mas s\u00f3 uma j\u00e1 recebeu recurso - Daniel Matos\" \/>\n<meta property=\"og:description\" content=\"Munic\u00edpios est\u00e3o aptos a solicitar repasses da Uni\u00e3o para enfrentar cat\u00e1strofes causadas pelas chuvas, como enchentes O Maranh\u00e3o tem, atualmente, [&hellip;]\" \/>\n<meta property=\"og:url\" content=\"https:\/\/www.blogsoestado.com\/danielmatos\/maranhao-tem-5-cidades-com-reconhecimento-federal-de-situacao-de-emergencia\/\" \/>\n<meta property=\"og:site_name\" content=\"Daniel Matos\" \/>\n<meta property=\"article:published_time\" content=\"2023-02-28T11:00:00+00:00\" \/>\n<meta property=\"og:image\" content=\"https:\/\/www.blogsoestado.com\/danielmatos\/files\/2023\/02\/Screenshot_20230227-2333502.png\" \/>\n<meta name=\"twitter:card\" content=\"summary_large_image\" \/>\n<meta name=\"twitter:label1\" content=\"Est. tempo de leitura\" \/>\n\t<meta name=\"twitter:data1\" content=\"2 minutos\" \/>\n<script type=\"application\/ld+json\" class=\"yoast-schema-graph\">{\"@context\":\"https:\/\/schema.org\",\"@graph\":[{\"@type\":\"WebPage\",\"@id\":\"https:\/\/www.blogsoestado.com\/danielmatos\/maranhao-tem-5-cidades-com-reconhecimento-federal-de-situacao-de-emergencia\/\",\"url\":\"https:\/\/www.blogsoestado.com\/danielmatos\/maranhao-tem-5-cidades-com-reconhecimento-federal-de-situacao-de-emergencia\/\",\"name\":\"Maranh\u00e3o tem cinco cidades com reconhecimento federal de situa\u00e7\u00e3o de emerg\u00eancia, mas s\u00f3 uma j\u00e1 recebeu recurso - Daniel Matos\",\"isPartOf\":{\"@id\":\"https:\/\/www.blogsoestado.com\/danielmatos\/#website\"},\"primaryImageOfPage\":{\"@id\":\"https:\/\/www.blogsoestado.com\/danielmatos\/maranhao-tem-5-cidades-com-reconhecimento-federal-de-situacao-de-emergencia\/#primaryimage\"},\"image\":{\"@id\":\"https:\/\/www.blogsoestado.com\/danielmatos\/maranhao-tem-5-cidades-com-reconhecimento-federal-de-situacao-de-emergencia\/#primaryimage\"},\"thumbnailUrl\":\"https:\/\/www.blogsoestado.com\/danielmatos\/files\/2023\/02\/Screenshot_20230227-2333502.png\",\"datePublished\":\"2023-02-28T11:00:00+00:00\",\"author\":{\"@id\":\"\"},\"breadcrumb\":{\"@id\":\"https:\/\/www.blogsoestado.com\/danielmatos\/maranhao-tem-5-cidades-com-reconhecimento-federal-de-situacao-de-emergencia\/#breadcrumb\"},\"inLanguage\":\"pt-BR\",\"potentialAction\":[{\"@type\":\"ReadAction\",\"target\":[\"https:\/\/www.blogsoestado.com\/danielmatos\/maranhao-tem-5-cidades-com-reconhecimento-federal-de-situacao-de-emergencia\/\"]}]},{\"@type\":\"ImageObject\",\"inLanguage\":\"pt-BR\",\"@id\":\"https:\/\/www.blogsoestado.com\/danielmatos\/maranhao-tem-5-cidades-com-reconhecimento-federal-de-situacao-de-emergencia\/#primaryimage\",\"url\":\"https:\/\/www.blogsoestado.com\/danielmatos\/files\/2023\/02\/Screenshot_20230227-2333502.png\",\"contentUrl\":\"https:\/\/www.blogsoestado.com\/danielmatos\/files\/2023\/02\/Screenshot_20230227-2333502.png\"},{\"@type\":\"BreadcrumbList\",\"@id\":\"https:\/\/www.blogsoestado.com\/danielmatos\/maranhao-tem-5-cidades-com-reconhecimento-federal-de-situacao-de-emergencia\/#breadcrumb\",\"itemListElement\":[{\"@type\":\"ListItem\",\"position\":1,\"name\":\"In\u00edcio\",\"item\":\"https:\/\/www.blogsoestado.com\/danielmatos\/\"},{\"@type\":\"ListItem\",\"position\":2,\"name\":\"Maranh\u00e3o tem cinco cidades com reconhecimento federal de situa\u00e7\u00e3o de emerg\u00eancia, mas s\u00f3 uma j\u00e1 recebeu recurso\"}]},{\"@type\":\"WebSite\",\"@id\":\"https:\/\/www.blogsoestado.com\/danielmatos\/#website\",\"url\":\"https:\/\/www.blogsoestado.com\/danielmatos\/\",\"name\":\"Daniel Matos\",\"description\":\"\",\"potentialAction\":[{\"@type\":\"SearchAction\",\"target\":{\"@type\":\"EntryPoint\",\"urlTemplate\":\"https:\/\/www.blogsoestado.com\/danielmatos\/?s={search_term_string}\"},\"query-input\":{\"@type\":\"PropertyValueSpecification\",\"valueRequired\":true,\"valueName\":\"search_term_string\"}}],\"inLanguage\":\"pt-BR\"}]}<\/script>\n<!-- \/ Yoast SEO plugin. -->","yoast_head_json":{"title":"Maranh\u00e3o tem cinco cidades com reconhecimento federal de situa\u00e7\u00e3o de emerg\u00eancia, mas s\u00f3 uma j\u00e1 recebeu recurso - Daniel Matos","robots":{"index":"index","follow":"follow","max-snippet":"max-snippet:-1","max-image-preview":"max-image-preview:large","max-video-preview":"max-video-preview:-1"},"canonical":"https:\/\/www.blogsoestado.com\/danielmatos\/maranhao-tem-5-cidades-com-reconhecimento-federal-de-situacao-de-emergencia\/","og_locale":"pt_BR","og_type":"article","og_title":"Maranh\u00e3o tem cinco cidades com reconhecimento federal de situa\u00e7\u00e3o de emerg\u00eancia, mas s\u00f3 uma j\u00e1 recebeu recurso - Daniel Matos","og_description":"Munic\u00edpios est\u00e3o aptos a solicitar repasses da Uni\u00e3o para enfrentar cat\u00e1strofes causadas pelas chuvas, como enchentes O Maranh\u00e3o tem, atualmente, [&hellip;]","og_url":"https:\/\/www.blogsoestado.com\/danielmatos\/maranhao-tem-5-cidades-com-reconhecimento-federal-de-situacao-de-emergencia\/","og_site_name":"Daniel Matos","article_published_time":"2023-02-28T11:00:00+00:00","og_image":[{"url":"https:\/\/www.blogsoestado.com\/danielmatos\/files\/2023\/02\/Screenshot_20230227-2333502.png","type":"","width":"","height":""}],"twitter_card":"summary_large_image","twitter_misc":{"Est. tempo de leitura":"2 minutos"},"schema":{"@context":"https:\/\/schema.org","@graph":[{"@type":"WebPage","@id":"https:\/\/www.blogsoestado.com\/danielmatos\/maranhao-tem-5-cidades-com-reconhecimento-federal-de-situacao-de-emergencia\/","url":"https:\/\/www.blogsoestado.com\/danielmatos\/maranhao-tem-5-cidades-com-reconhecimento-federal-de-situacao-de-emergencia\/","name":"Maranh\u00e3o tem cinco cidades com reconhecimento federal de situa\u00e7\u00e3o de emerg\u00eancia, mas s\u00f3 uma j\u00e1 recebeu recurso - Daniel Matos","isPartOf":{"@id":"https:\/\/www.blogsoestado.com\/danielmatos\/#website"},"primaryImageOfPage":{"@id":"https:\/\/www.blogsoestado.com\/danielmatos\/maranhao-tem-5-cidades-com-reconhecimento-federal-de-situacao-de-emergencia\/#primaryimage"},"image":{"@id":"https:\/\/www.blogsoestado.com\/danielmatos\/maranhao-tem-5-cidades-com-reconhecimento-federal-de-situacao-de-emergencia\/#primaryimage"},"thumbnailUrl":"https:\/\/www.blogsoestado.com\/danielmatos\/files\/2023\/02\/Screenshot_20230227-2333502.png","datePublished":"2023-02-28T11:00:00+00:00","author":{"@id":""},"breadcrumb":{"@id":"https:\/\/www.blogsoestado.com\/danielmatos\/maranhao-tem-5-cidades-com-reconhecimento-federal-de-situacao-de-emergencia\/#breadcrumb"},"inLanguage":"pt-BR","potentialAction":[{"@type":"ReadAction","target":["https:\/\/www.blogsoestado.com\/danielmatos\/maranhao-tem-5-cidades-com-reconhecimento-federal-de-situacao-de-emergencia\/"]}]},{"@type":"ImageObject","inLanguage":"pt-BR","@id":"https:\/\/www.blogsoestado.com\/danielmatos\/maranhao-tem-5-cidades-com-reconhecimento-federal-de-situacao-de-emergencia\/#primaryimage","url":"https:\/\/www.blogsoestado.com\/danielmatos\/files\/2023\/02\/Screenshot_20230227-2333502.png","contentUrl":"https:\/\/www.blogsoestado.com\/danielmatos\/files\/2023\/02\/Screenshot_20230227-2333502.png"},{"@type":"BreadcrumbList","@id":"https:\/\/www.blogsoestado.com\/danielmatos\/maranhao-tem-5-cidades-com-reconhecimento-federal-de-situacao-de-emergencia\/#breadcrumb","itemListElement":[{"@type":"ListItem","position":1,"name":"In\u00edcio","item":"https:\/\/www.blogsoestado.com\/danielmatos\/"},{"@type":"ListItem","position":2,"name":"Maranh\u00e3o tem cinco cidades com reconhecimento federal de situa\u00e7\u00e3o de emerg\u00eancia, mas s\u00f3 uma j\u00e1 recebeu recurso"}]},{"@type":"WebSite","@id":"https:\/\/www.blogsoestado.com\/danielmatos\/#website","url":"https:\/\/www.blogsoestado.com\/danielmatos\/","name":"Daniel Matos","description":"","potentialAction":[{"@type":"SearchAction","target":{"@type":"EntryPoint","urlTemplate":"https:\/\/www.blogsoestado.com\/danielmatos\/?s={search_term_string}"},"query-input":{"@type":"PropertyValueSpecification","valueRequired":true,"valueName":"search_term_string"}}],"inLanguage":"pt-BR"}]}},"jetpack_featured_media_url":"","_links":{"self":[{"href":"https:\/\/www.blogsoestado.com\/danielmatos\/wp-json\/wp\/v2\/posts\/106542","targetHints":{"allow":["GET"]}}],"collection":[{"href":"https:\/\/www.blogsoestado.com\/danielmatos\/wp-json\/wp\/v2\/posts"}],"about":[{"href":"https:\/\/www.blogsoestado.com\/danielmatos\/wp-json\/wp\/v2\/types\/post"}],"replies":[{"embeddable":true,"href":"https:\/\/www.blogsoestado.com\/danielmatos\/wp-json\/wp\/v2\/comments?post=106542"}],"version-history":[{"count":0,"href":"https:\/\/www.blogsoestado.com\/danielmatos\/wp-json\/wp\/v2\/posts\/106542\/revisions"}],"wp:attachment":[{"href":"https:\/\/www.blogsoestado.com\/danielmatos\/wp-json\/wp\/v2\/media?parent=106542"}],"wp:term":[{"taxonomy":"category","embeddable":true,"href":"https:\/\/www.blogsoestado.com\/danielmatos\/wp-json\/wp\/v2\/categories?post=106542"},{"taxonomy":"post_tag","embeddable":true,"href":"https:\/\/www.blogsoestado.com\/danielmatos\/wp-json\/wp\/v2\/tags?post=106542"}],"curies":[{"name":"wp","href":"https:\/\/api.w.org\/{rel}","templated":true}]}}