{"id":106557,"date":"2023-02-28T15:19:58","date_gmt":"2023-02-28T18:19:58","guid":{"rendered":"https:\/\/www.blogsoestado.com\/danielmatos\/?p=106557"},"modified":"2023-02-28T15:19:58","modified_gmt":"2023-02-28T18:19:58","slug":"marlon-botao-se-destaca-como-um-dos-vereadores-mais-atuantes-na-area-itaqui-bacanga","status":"publish","type":"post","link":"https:\/\/www.blogsoestado.com\/danielmatos\/marlon-botao-se-destaca-como-um-dos-vereadores-mais-atuantes-na-area-itaqui-bacanga\/","title":{"rendered":"Marlon Bot\u00e3o se destaca como um dos vereadores mais atuantes na \u00e1rea Itaqui-Bacanga"},"content":{"rendered":"\n<div class=\"wp-block-image\"><figure class=\"aligncenter size-large\"><a href=\"https:\/\/www.blogsoestado.com\/danielmatos\/files\/2023\/02\/Screenshot_20230228-1511452.png\"><img decoding=\"async\" src=\"https:\/\/www.blogsoestado.com\/danielmatos\/files\/2023\/02\/Screenshot_20230228-1511452.png\" alt=\"\" class=\"wp-image-106558\"\/><\/a><figcaption>Atualmente, a atua\u00e7\u00e3o do vereador Marlon Bot\u00e3o pode ser constatada em dezenas de bairros da \u00e1rea Itaqui-Bacanga, como Anjo da Guarda, Vila Bacanga, Vila Embratel, Vila Isabel, Gapara, Cidade Nova, Residencial Para\u00edso, dentre outras comunidades <\/figcaption><\/figure><\/div>\n\n\n\n<p>Mais jovem vereador da hist\u00f3ria da C\u00e2mara Municipal de S\u00e3o Lu\u00eds, Marlon Bot\u00e3o (PSB) tem se destacado como um dos parlamentares mais atuantes na \u00e1rea Itaqui-Bacanga. Desde que assumiu o mandato, em 2021, Marlon Bot\u00e3o sempre tratou os problemas da regi\u00e3o como prioridade.<br \/>.<br \/>Atualmente, sua atua\u00e7\u00e3o pode ser vista em dezenas de bairros do Itaqui-Bacanga, como Anjo da Guarda, Vila Bacanga, Vila Embratel, Vila Isabel, Gapara, Cidade Nova, Residencial Para\u00edso etc., onde o vereador tem trabalhado pela pavimenta\u00e7\u00e3o de ruas, revitaliza\u00e7\u00e3o e constru\u00e7\u00e3o de escolas e Unidades B\u00e1sicas de Sa\u00fade.<br \/>.<br \/>\u201cEu sempre exaltei, mesmo antes de ser eleito vereador, a import\u00e2ncia da \u00e1rea Itaqui-Bacanga. Mas tamb\u00e9m sempre fiz quest\u00e3o de pontuar essa contradi\u00e7\u00e3o: apesar de gerar tanta riqueza pra nossa cidade, a \u00e1rea Itaqui-Bacanga possui uma das popula\u00e7\u00f5es mais carentes da capital, com fam\u00edlias muitas vezes sem acesso ao m\u00ednimo\u201d, disse.<br \/>.<br \/>\u201cIsso acontece porque a riqueza gerada pelos grandes empreendimentos localizados na \u00e1rea Itaqui-Bacanga n\u00e3o retornam para as fam\u00edlias que vivem na localidade. E \u00e9 contra isso que temos que lutar. \u00c9 contra isso que venho lutando h\u00e1 anos, para garantir dignidade \u00e0s fam\u00edlias da regi\u00e3o, pra garantir os direitos fundamentais e construir oportunidades para todos. \u00c9 um trabalho constante, mas que, felizmente, j\u00e1 tem gerado resultados positivos na pr\u00e1tica\u201d.<br \/>.<br \/><strong>Vila Bacanga<\/strong><br \/>.<br \/>Na Vila Bacanga, Marlon Bot\u00e3o destacou a conquista da hist\u00f3rica implementa\u00e7\u00e3o do consult\u00f3rio odontol\u00f3gico na UBS Embri\u00e3o, que j\u00e1 est\u00e1 em pleno funcionamento e j\u00e1 atende a centenas de fam\u00edlias que nunca tiveram acesso a tratamento odontol\u00f3gico gratuito e de qualidade dentro do bairro.<br \/>.<br \/><strong>Anjo da Guarda<\/strong><br \/>.<br \/>Comprometido no combate ao c\u00e2ncer de mama e de colo do \u00fatero, Marlon Bot\u00e3o garantiu um mam\u00f3grafo para o Hospital da Mulher, que hoje auxilia as mulheres da comunidade na preven\u00e7\u00e3o a este mal.<br \/>.<br \/>\u201cO mam\u00f3grafo foi um sonho da comunidade que, gra\u00e7as \u00e0 parceria imprescind\u00edvel do prefeito Eduardo Braide, pudemos realizar. \u00c9 uma alegria saber que hoje ele j\u00e1 atende a tantas mulheres que antes n\u00e3o tinham acesso a exames desse tipo\u201d, disse o vereador.<br \/>.<br \/>\u201cTamb\u00e9m \u00e9 meu compromisso levar a reforma da feira do Anjo da Guarda e implementar os nossos projetos sociais para beneficiar a popula\u00e7\u00e3o do bairro e adjac\u00eancias o ano inteiro\u201d.<br \/>.<br \/><strong>Vila Isabel<\/strong><br \/>.<br \/>Na Vila Isabel, Marlon Bot\u00e3o destacou os mutir\u00f5es que culminaram na constru\u00e7\u00e3o de uma quadra comunit\u00e1ria, proporcionando pela primeira vez um ambiente para pr\u00e1ticas esportivas e culturais dentro do bairro.<br \/>.<br \/>\u201cA quadra comunit\u00e1ria da Vila Isabel tamb\u00e9m foi palco, em junho do ano passado, do maior S\u00e3o Jo\u00e3o da hist\u00f3ria do bairro, que movimentou toda a comunidade e aqueceu a economia local com a venda de comidas t\u00edpicas e bebidas\u201d, disse Marlon Bot\u00e3o.<br \/>.<br \/>\u201cTamb\u00e9m trabalhamos pelas esperadas reformas da creche e da escola da Vila Isabel\u201d.<br \/>.<br \/><strong>Residencial Para\u00edso<\/strong><br \/>.<br \/>Atendendo a uma demanda hist\u00f3rica da comunidade, Marlon Bot\u00e3o conseguiu aprovar na C\u00e2mara Municipal de S\u00e3o Lu\u00eds um requerimento para garantir a constru\u00e7\u00e3o de uma escola de ensino b\u00e1sico no Residencial Para\u00edso.<br \/>.<br \/>\u201cCentenas de fam\u00edlias moram nesse bairro, s\u00e3o fam\u00edlias compostas por trabalhadores e trabalhadoras humildes, que precisam de uma escola p\u00fablica de qualidade \u2013 e que seja perto \u2013 para os seus filhos\u201d, disse.<br \/>.<br \/>\u201cCom a constru\u00e7\u00e3o da escola no Residencial Para\u00edso, outros bairros adjacentes ser\u00e3o contemplados e com isso a gente ameniza um pouco do problema geral que, infelizmente, afeta toda a \u00e1rea Itaqui-Bacanga, ofertando um ensino de qualidade para as nossas crian\u00e7as, para que elas possam construir um futuro melhor\u201d.<br \/>.<br \/><strong>Residencial Lu\u00eds Bacelar<\/strong><br \/>.<br \/>No Residencial Lu\u00eds Bacelar, a atua\u00e7\u00e3o do vereador Marlon Bot\u00e3o \u00e9 para garantir a implanta\u00e7\u00e3o da feira do bairro, por meio do requerimento n\u00ba 1005\/2021, j\u00e1 aprovado na C\u00e2mara Municipal de S\u00e3o Lu\u00eds.<br \/>.<br \/>\u201cAt\u00e9 ent\u00e3o, os moradores do Residencial Lu\u00eds Bacelar tinham que percorrer no m\u00ednimo seis quil\u00f4metros por dia para comprar alimentos b\u00e1sicos, que s\u00e3o essenciais para a sa\u00fade e nutri\u00e7\u00e3o\u201d, afirmou. \u201cA implanta\u00e7\u00e3o da feira vai mudar essa realidade, trazendo muito mais qualidade de vida para a comunidade\u201d.<br \/>.<br \/>Marlon Bot\u00e3o destacou o impacto econ\u00f4mico e social que a nova feira trar\u00e1 para o bairro.<br \/>.<br \/>\u201cUma feira, aos olhos de quem tem muito, pode parecer pouco\u201d, opinou. \u201cMas para comunidades como a do Residencial Lu\u00eds Bacelar, e de toda a Zona Rural, que foram historicamente negligenciadas, uma feira tem um grande impacto social e econ\u00f4mico, pois leva seguran\u00e7a alimentar e proporciona uma maior possibilidade de renda para os cidad\u00e3os\u201d.<br \/>.<br \/>No Lu\u00eds Bacelar, o vereador tamb\u00e9m tem lutado pela pavimenta\u00e7\u00e3o das vias, especialmente das principais, que recebem grande fluxo.<br \/>.<br \/><strong>Vila Embratel<br \/>.<\/strong><br \/>Na Vila Embratel, o vereador segue lutando para viabilizar a reforma do campo, reivindica\u00e7\u00e3o antiga da comunidade.<br \/>.<br \/>\u201cA reforma do campo da Vila Embratel \u00e9 uma reivindica\u00e7\u00e3o muito antiga da comunidade, uma luta que abracei desde o in\u00edcio do nosso mandato por entender a import\u00e2ncia desse equipamento p\u00fablico n\u00e3o s\u00f3 para a Vila Embratel, mas para todas as outras comunidades adjacentes da \u00e1rea Itaqui-Bacanga. \u00c9 por isso que, al\u00e9m da reforma do campo da Vila Embratel, o nosso projeto tamb\u00e9m visa criar no entorno uma \u00e1rea para fomentar pr\u00e1ticas culturais, a sa\u00fade e o lazer da popula\u00e7\u00e3o\u201d, disse.<br \/>.<br \/>\u201cEu fui a Bras\u00edlia para levar a luta da comunidade da Vila Embratel aos nossos deputados. Expliquei a import\u00e2ncia de fortalecermos cada vez mais as comunidades da nossa \u00e1rea Itaqui-Bacanga, e felizmente consegui garantir parte do recurso para o in\u00edcio das obras a partir de uma emenda do deputado federal Bira do Pindar\u00e9\u201d, destacou.<br \/>.<br \/>\u201cA outra parte, que tamb\u00e9m \u00e9 de determinante import\u00e2ncia, n\u00f3s articulamos com a prefeitura de S\u00e3o Lu\u00eds, com o prefeito Eduardo Braide \u2013 que \u00e9 um grande parceiro da \u00e1rea Itaqui-Bacanga. O projeto hoje est\u00e1 mais vivo e forte do que nunca. Vamos trabalhar para conseguir tir\u00e1-lo do papel ainda no primeiro semestre deste ano\u201d.<br \/>.<br \/>Marlon Bot\u00e3o tamb\u00e9m destacou que iniciar\u00e1 um projeto de escolinha de futsal no bairro, inicialmente atendendo mais de 50 crian\u00e7as, para engajar a comunidade tamb\u00e9m por meio do esporte.<br \/>.<br \/>\u201cO incentivo ao esporte dentro das comunidades precisa ser institucionalizado. J\u00e1 estou estudando formas de criar projetos que atendam jovens e crian\u00e7as o ano inteiro atrav\u00e9s do esporte, com a cria\u00e7\u00e3o de escolinhas, de cursos preparat\u00f3rios\u201d, disse.<br \/>.<br \/><strong>Gapara e Cidade Nova<\/strong><br \/>.<br \/>A falta de infraestrutura pode ser percebida por toda a \u00e1rea Itaqui-Bacanga, o que j\u00e1 motivou a cria\u00e7\u00e3o de dezenas de requerimentos do vereador Marlon Bot\u00e3o pedindo servi\u00e7os de pavimenta\u00e7\u00e3o.<br \/>.<br \/>Os mais recentes beneficiaram as comunidades do Gapara e do Cidade Nova, que h\u00e1 anos n\u00e3o recebiam qualquer servi\u00e7o de infraestrutura nessas localidades.<br \/>.<br \/><strong>Projetos sociais<br \/>.<\/strong><br \/>Marlon Bot\u00e3o tamb\u00e9m destacou os projetos sociais que foram levados para a regi\u00e3o.<br \/>.<br \/>\u201cTamb\u00e9m levamos para a \u00e1rea Itaqui-Bacanga os nossos projetos sociais, como o Inspirar Sa\u00fade, que levou mais de 2500 atendimentos m\u00e9dicos totalmente gratuitos (de diversas especialidades) para as fam\u00edlias, al\u00e9m da distribui\u00e7\u00e3o de mais de 500 \u00f3culos de grau para pessoas de baixa renda\u201d, disse.<br \/>.<br \/>\u201cCom o projeto Gente que inspira, que garante pr\u00e1tica esportiva e acompanhamento nutricional durante o ano inteiro, mobilizamos uma corrente do bem para a distribui\u00e7\u00e3o cont\u00ednua de cestas b\u00e1sicas e peixe fresco \u00e0s fam\u00edlias mais pobres \u2013 que sofreram ainda mais com a pandemia da Covid-19\u201d.<br \/>.<br \/><strong>Audi\u00eancia\n p\u00fablica<br \/>.<\/strong><br \/>O vereador Marlon Bot\u00e3o destacou, ainda, a Audi\u00eancia P\u00fablica de sua autoria que ser\u00e1 realizada no dia 31 de mar\u00e7o, na escola Jo\u00e3o do Vale, no Gapara, para discutir a quest\u00e3o do abastecimento de \u00e1gua de toda a \u00e1rea Itaqui-Bacanga.<br \/>.<br \/>\u201cFa\u00e7o quest\u00e3o que a nossa Audi\u00eancia seja realizada dentro do Itaqui-Bacanga para que as fam\u00edlias de l\u00e1, que s\u00e3o as mais interessadas e afetadas pelo desabastecimento, possam participar em peso, para que essas pessoas possam ser ouvidas pelas autoridades que estar\u00e3o presentes\u201d, disse.<br \/>.<br \/>\u201cTeremos representantes do Minist\u00e9rio P\u00fablico, da Defensoria P\u00fablica, do Governo do Estado, por meio da Caema, e tamb\u00e9m da Vale, que \u00e9 uma parceira nesse processo. Ser\u00e1 um momento para apontar os problemas j\u00e1 conhecidos e, acima de tudo, elaborar um cronograma de a\u00e7\u00f5es efetivas, com medidas concretas para que possamos resolver de uma vez por todas a quest\u00e3o do abastecimento de \u00e1gua do Itaqui-Bacanga\u201d.<\/p>\n","protected":false},"excerpt":{"rendered":"<p>Mais jovem vereador da hist\u00f3ria da C\u00e2mara Municipal de S\u00e3o Lu\u00eds, Marlon Bot\u00e3o (PSB) tem se destacado como um dos [&hellip;]<\/p>\n","protected":false},"author":0,"featured_media":0,"comment_status":"open","ping_status":"open","sticky":false,"template":"","format":"standard","meta":{"site-sidebar-layout":"default","site-content-layout":"","ast-site-content-layout":"default","site-content-style":"default","site-sidebar-style":"default","ast-global-header-display":"","ast-banner-title-visibility":"","ast-main-header-display":"","ast-hfb-above-header-display":"","ast-hfb-below-header-display":"","ast-hfb-mobile-header-display":"","site-post-title":"","ast-breadcrumbs-content":"","ast-featured-img":"","footer-sml-layout":"","ast-disable-related-posts":"","theme-transparent-header-meta":"","adv-header-id-meta":"","stick-header-meta":"","header-above-stick-meta":"","header-main-stick-meta":"","header-below-stick-meta":"","astra-migrate-meta-layouts":"default","ast-page-background-enabled":"default","ast-page-background-meta":{"desktop":{"background-color":"var(--ast-global-color-5)","background-image":"","background-repeat":"repeat","background-position":"center center","background-size":"auto","background-attachment":"scroll","background-type":"","background-media":"","overlay-type":"","overlay-color":"","overlay-opacity":"","overlay-gradient":""},"tablet":{"background-color":"","background-image":"","background-repeat":"repeat","background-position":"center center","background-size":"auto","background-attachment":"scroll","background-type":"","background-media":"","overlay-type":"","overlay-color":"","overlay-opacity":"","overlay-gradient":""},"mobile":{"background-color":"","background-image":"","background-repeat":"repeat","background-position":"center center","background-size":"auto","background-attachment":"scroll","background-type":"","background-media":"","overlay-type":"","overlay-color":"","overlay-opacity":"","overlay-gradient":""}},"ast-content-background-meta":{"desktop":{"background-color":"var(--ast-global-color-4)","background-image":"","background-repeat":"repeat","background-position":"center center","background-size":"auto","background-attachment":"scroll","background-type":"","background-media":"","overlay-type":"","overlay-color":"","overlay-opacity":"","overlay-gradient":""},"tablet":{"background-color":"var(--ast-global-color-4)","background-image":"","background-repeat":"repeat","background-position":"center center","background-size":"auto","background-attachment":"scroll","background-type":"","background-media":"","overlay-type":"","overlay-color":"","overlay-opacity":"","overlay-gradient":""},"mobile":{"background-color":"var(--ast-global-color-4)","background-image":"","background-repeat":"repeat","background-position":"center center","background-size":"auto","background-attachment":"scroll","background-type":"","background-media":"","overlay-type":"","overlay-color":"","overlay-opacity":"","overlay-gradient":""}},"footnotes":""},"categories":[1],"tags":[],"class_list":["post-106557","post","type-post","status-publish","format-standard","hentry","category-sem-categoria"],"yoast_head":"<!-- This site is optimized with the Yoast SEO plugin v26.6 - https:\/\/yoast.com\/wordpress\/plugins\/seo\/ -->\n<title>Marlon Bot\u00e3o se destaca como um dos vereadores mais atuantes na \u00e1rea Itaqui-Bacanga - Daniel Matos<\/title>\n<meta name=\"robots\" content=\"index, follow, max-snippet:-1, max-image-preview:large, max-video-preview:-1\" \/>\n<link rel=\"canonical\" href=\"https:\/\/www.blogsoestado.com\/danielmatos\/marlon-botao-se-destaca-como-um-dos-vereadores-mais-atuantes-na-area-itaqui-bacanga\/\" \/>\n<meta property=\"og:locale\" content=\"pt_BR\" \/>\n<meta property=\"og:type\" content=\"article\" \/>\n<meta property=\"og:title\" content=\"Marlon Bot\u00e3o se destaca como um dos vereadores mais atuantes na \u00e1rea Itaqui-Bacanga - Daniel Matos\" \/>\n<meta property=\"og:description\" content=\"Mais jovem vereador da hist\u00f3ria da C\u00e2mara Municipal de S\u00e3o Lu\u00eds, Marlon Bot\u00e3o (PSB) tem se destacado como um dos [&hellip;]\" \/>\n<meta property=\"og:url\" content=\"https:\/\/www.blogsoestado.com\/danielmatos\/marlon-botao-se-destaca-como-um-dos-vereadores-mais-atuantes-na-area-itaqui-bacanga\/\" \/>\n<meta property=\"og:site_name\" content=\"Daniel Matos\" \/>\n<meta property=\"article:published_time\" content=\"2023-02-28T18:19:58+00:00\" \/>\n<meta property=\"og:image\" content=\"https:\/\/www.blogsoestado.com\/danielmatos\/files\/2023\/02\/Screenshot_20230228-1511452.png\" \/>\n<meta name=\"twitter:card\" content=\"summary_large_image\" \/>\n<meta name=\"twitter:label1\" content=\"Est. tempo de leitura\" \/>\n\t<meta name=\"twitter:data1\" content=\"7 minutos\" \/>\n<script type=\"application\/ld+json\" class=\"yoast-schema-graph\">{\"@context\":\"https:\/\/schema.org\",\"@graph\":[{\"@type\":\"WebPage\",\"@id\":\"https:\/\/www.blogsoestado.com\/danielmatos\/marlon-botao-se-destaca-como-um-dos-vereadores-mais-atuantes-na-area-itaqui-bacanga\/\",\"url\":\"https:\/\/www.blogsoestado.com\/danielmatos\/marlon-botao-se-destaca-como-um-dos-vereadores-mais-atuantes-na-area-itaqui-bacanga\/\",\"name\":\"Marlon Bot\u00e3o se destaca como um dos vereadores mais atuantes na \u00e1rea Itaqui-Bacanga - Daniel Matos\",\"isPartOf\":{\"@id\":\"https:\/\/www.blogsoestado.com\/danielmatos\/#website\"},\"primaryImageOfPage\":{\"@id\":\"https:\/\/www.blogsoestado.com\/danielmatos\/marlon-botao-se-destaca-como-um-dos-vereadores-mais-atuantes-na-area-itaqui-bacanga\/#primaryimage\"},\"image\":{\"@id\":\"https:\/\/www.blogsoestado.com\/danielmatos\/marlon-botao-se-destaca-como-um-dos-vereadores-mais-atuantes-na-area-itaqui-bacanga\/#primaryimage\"},\"thumbnailUrl\":\"https:\/\/www.blogsoestado.com\/danielmatos\/files\/2023\/02\/Screenshot_20230228-1511452.png\",\"datePublished\":\"2023-02-28T18:19:58+00:00\",\"author\":{\"@id\":\"\"},\"breadcrumb\":{\"@id\":\"https:\/\/www.blogsoestado.com\/danielmatos\/marlon-botao-se-destaca-como-um-dos-vereadores-mais-atuantes-na-area-itaqui-bacanga\/#breadcrumb\"},\"inLanguage\":\"pt-BR\",\"potentialAction\":[{\"@type\":\"ReadAction\",\"target\":[\"https:\/\/www.blogsoestado.com\/danielmatos\/marlon-botao-se-destaca-como-um-dos-vereadores-mais-atuantes-na-area-itaqui-bacanga\/\"]}]},{\"@type\":\"ImageObject\",\"inLanguage\":\"pt-BR\",\"@id\":\"https:\/\/www.blogsoestado.com\/danielmatos\/marlon-botao-se-destaca-como-um-dos-vereadores-mais-atuantes-na-area-itaqui-bacanga\/#primaryimage\",\"url\":\"https:\/\/www.blogsoestado.com\/danielmatos\/files\/2023\/02\/Screenshot_20230228-1511452.png\",\"contentUrl\":\"https:\/\/www.blogsoestado.com\/danielmatos\/files\/2023\/02\/Screenshot_20230228-1511452.png\"},{\"@type\":\"BreadcrumbList\",\"@id\":\"https:\/\/www.blogsoestado.com\/danielmatos\/marlon-botao-se-destaca-como-um-dos-vereadores-mais-atuantes-na-area-itaqui-bacanga\/#breadcrumb\",\"itemListElement\":[{\"@type\":\"ListItem\",\"position\":1,\"name\":\"In\u00edcio\",\"item\":\"https:\/\/www.blogsoestado.com\/danielmatos\/\"},{\"@type\":\"ListItem\",\"position\":2,\"name\":\"Marlon Bot\u00e3o se destaca como um dos vereadores mais atuantes na \u00e1rea Itaqui-Bacanga\"}]},{\"@type\":\"WebSite\",\"@id\":\"https:\/\/www.blogsoestado.com\/danielmatos\/#website\",\"url\":\"https:\/\/www.blogsoestado.com\/danielmatos\/\",\"name\":\"Daniel Matos\",\"description\":\"\",\"potentialAction\":[{\"@type\":\"SearchAction\",\"target\":{\"@type\":\"EntryPoint\",\"urlTemplate\":\"https:\/\/www.blogsoestado.com\/danielmatos\/?s={search_term_string}\"},\"query-input\":{\"@type\":\"PropertyValueSpecification\",\"valueRequired\":true,\"valueName\":\"search_term_string\"}}],\"inLanguage\":\"pt-BR\"}]}<\/script>\n<!-- \/ Yoast SEO plugin. -->","yoast_head_json":{"title":"Marlon Bot\u00e3o se destaca como um dos vereadores mais atuantes na \u00e1rea Itaqui-Bacanga - Daniel Matos","robots":{"index":"index","follow":"follow","max-snippet":"max-snippet:-1","max-image-preview":"max-image-preview:large","max-video-preview":"max-video-preview:-1"},"canonical":"https:\/\/www.blogsoestado.com\/danielmatos\/marlon-botao-se-destaca-como-um-dos-vereadores-mais-atuantes-na-area-itaqui-bacanga\/","og_locale":"pt_BR","og_type":"article","og_title":"Marlon Bot\u00e3o se destaca como um dos vereadores mais atuantes na \u00e1rea Itaqui-Bacanga - Daniel Matos","og_description":"Mais jovem vereador da hist\u00f3ria da C\u00e2mara Municipal de S\u00e3o Lu\u00eds, Marlon Bot\u00e3o (PSB) tem se destacado como um dos [&hellip;]","og_url":"https:\/\/www.blogsoestado.com\/danielmatos\/marlon-botao-se-destaca-como-um-dos-vereadores-mais-atuantes-na-area-itaqui-bacanga\/","og_site_name":"Daniel Matos","article_published_time":"2023-02-28T18:19:58+00:00","og_image":[{"url":"https:\/\/www.blogsoestado.com\/danielmatos\/files\/2023\/02\/Screenshot_20230228-1511452.png","type":"","width":"","height":""}],"twitter_card":"summary_large_image","twitter_misc":{"Est. tempo de leitura":"7 minutos"},"schema":{"@context":"https:\/\/schema.org","@graph":[{"@type":"WebPage","@id":"https:\/\/www.blogsoestado.com\/danielmatos\/marlon-botao-se-destaca-como-um-dos-vereadores-mais-atuantes-na-area-itaqui-bacanga\/","url":"https:\/\/www.blogsoestado.com\/danielmatos\/marlon-botao-se-destaca-como-um-dos-vereadores-mais-atuantes-na-area-itaqui-bacanga\/","name":"Marlon Bot\u00e3o se destaca como um dos vereadores mais atuantes na \u00e1rea Itaqui-Bacanga - Daniel Matos","isPartOf":{"@id":"https:\/\/www.blogsoestado.com\/danielmatos\/#website"},"primaryImageOfPage":{"@id":"https:\/\/www.blogsoestado.com\/danielmatos\/marlon-botao-se-destaca-como-um-dos-vereadores-mais-atuantes-na-area-itaqui-bacanga\/#primaryimage"},"image":{"@id":"https:\/\/www.blogsoestado.com\/danielmatos\/marlon-botao-se-destaca-como-um-dos-vereadores-mais-atuantes-na-area-itaqui-bacanga\/#primaryimage"},"thumbnailUrl":"https:\/\/www.blogsoestado.com\/danielmatos\/files\/2023\/02\/Screenshot_20230228-1511452.png","datePublished":"2023-02-28T18:19:58+00:00","author":{"@id":""},"breadcrumb":{"@id":"https:\/\/www.blogsoestado.com\/danielmatos\/marlon-botao-se-destaca-como-um-dos-vereadores-mais-atuantes-na-area-itaqui-bacanga\/#breadcrumb"},"inLanguage":"pt-BR","potentialAction":[{"@type":"ReadAction","target":["https:\/\/www.blogsoestado.com\/danielmatos\/marlon-botao-se-destaca-como-um-dos-vereadores-mais-atuantes-na-area-itaqui-bacanga\/"]}]},{"@type":"ImageObject","inLanguage":"pt-BR","@id":"https:\/\/www.blogsoestado.com\/danielmatos\/marlon-botao-se-destaca-como-um-dos-vereadores-mais-atuantes-na-area-itaqui-bacanga\/#primaryimage","url":"https:\/\/www.blogsoestado.com\/danielmatos\/files\/2023\/02\/Screenshot_20230228-1511452.png","contentUrl":"https:\/\/www.blogsoestado.com\/danielmatos\/files\/2023\/02\/Screenshot_20230228-1511452.png"},{"@type":"BreadcrumbList","@id":"https:\/\/www.blogsoestado.com\/danielmatos\/marlon-botao-se-destaca-como-um-dos-vereadores-mais-atuantes-na-area-itaqui-bacanga\/#breadcrumb","itemListElement":[{"@type":"ListItem","position":1,"name":"In\u00edcio","item":"https:\/\/www.blogsoestado.com\/danielmatos\/"},{"@type":"ListItem","position":2,"name":"Marlon Bot\u00e3o se destaca como um dos vereadores mais atuantes na \u00e1rea Itaqui-Bacanga"}]},{"@type":"WebSite","@id":"https:\/\/www.blogsoestado.com\/danielmatos\/#website","url":"https:\/\/www.blogsoestado.com\/danielmatos\/","name":"Daniel Matos","description":"","potentialAction":[{"@type":"SearchAction","target":{"@type":"EntryPoint","urlTemplate":"https:\/\/www.blogsoestado.com\/danielmatos\/?s={search_term_string}"},"query-input":{"@type":"PropertyValueSpecification","valueRequired":true,"valueName":"search_term_string"}}],"inLanguage":"pt-BR"}]}},"jetpack_featured_media_url":"","_links":{"self":[{"href":"https:\/\/www.blogsoestado.com\/danielmatos\/wp-json\/wp\/v2\/posts\/106557","targetHints":{"allow":["GET"]}}],"collection":[{"href":"https:\/\/www.blogsoestado.com\/danielmatos\/wp-json\/wp\/v2\/posts"}],"about":[{"href":"https:\/\/www.blogsoestado.com\/danielmatos\/wp-json\/wp\/v2\/types\/post"}],"replies":[{"embeddable":true,"href":"https:\/\/www.blogsoestado.com\/danielmatos\/wp-json\/wp\/v2\/comments?post=106557"}],"version-history":[{"count":0,"href":"https:\/\/www.blogsoestado.com\/danielmatos\/wp-json\/wp\/v2\/posts\/106557\/revisions"}],"wp:attachment":[{"href":"https:\/\/www.blogsoestado.com\/danielmatos\/wp-json\/wp\/v2\/media?parent=106557"}],"wp:term":[{"taxonomy":"category","embeddable":true,"href":"https:\/\/www.blogsoestado.com\/danielmatos\/wp-json\/wp\/v2\/categories?post=106557"},{"taxonomy":"post_tag","embeddable":true,"href":"https:\/\/www.blogsoestado.com\/danielmatos\/wp-json\/wp\/v2\/tags?post=106557"}],"curies":[{"name":"wp","href":"https:\/\/api.w.org\/{rel}","templated":true}]}}