{"id":106565,"date":"2023-02-28T16:11:28","date_gmt":"2023-02-28T19:11:28","guid":{"rendered":"https:\/\/www.blogsoestado.com\/danielmatos\/?p=106565"},"modified":"2023-02-28T16:11:28","modified_gmt":"2023-02-28T19:11:28","slug":"mais-de-150-mil-pessoas-participaram-do-tradicional-lava-pratos-em-sao-jose-de-ribamar","status":"publish","type":"post","link":"https:\/\/www.blogsoestado.com\/danielmatos\/mais-de-150-mil-pessoas-participaram-do-tradicional-lava-pratos-em-sao-jose-de-ribamar\/","title":{"rendered":"Mais de 150 mil pessoas participaram do tradicional Lava Pratos em S\u00e3o Jos\u00e9 de Ribamar"},"content":{"rendered":"\n<div class=\"wp-block-image\"><figure class=\"aligncenter size-large\"><a href=\"https:\/\/www.blogsoestado.com\/danielmatos\/files\/2023\/02\/Screenshot_20230228-1603512.png\"><img decoding=\"async\" src=\"https:\/\/www.blogsoestado.com\/danielmatos\/files\/2023\/02\/Screenshot_20230228-1603512.png\" alt=\"\" class=\"wp-image-106566\"\/><\/a><figcaption>P\u00fablico lotou espa\u00e7o destinado a shows nos dois dias de Lava Pratos, em S\u00e3o Jos\u00e9 de Ribamar<\/figcaption><\/figure><\/div>\n\n\n\n<p>Dever cumprido. Esse \u00e9 o termo que define a Prefeitura de S\u00e3o Jos\u00e9 de Ribamar com a realiza\u00e7\u00e3o do tradicional Lava-Pratos, na edi\u00e7\u00e3o de n\u00famero 75, que aconteceu no \u00faltimo final de semana no munic\u00edpio e reuniu mais de 150 mil pessoas nos dois dias de festa, de acordo com a estimativa da Pol\u00edcia Militar.<\/p>\n\n\n\n<p>Al\u00e9m de trazer diversas atra\u00e7\u00f5es nacionais, a prefeitura seguiu a linha e tamb\u00e9m garantiu a cultura caseira, com bandas e cantores da Grande Ilha.<\/p>\n\n\n\n<div class=\"wp-block-image\"><figure class=\"aligncenter size-large\"><a href=\"https:\/\/www.blogsoestado.com\/danielmatos\/files\/2023\/02\/Screenshot_20230228-1604112.png\"><img decoding=\"async\" src=\"https:\/\/www.blogsoestado.com\/danielmatos\/files\/2023\/02\/Screenshot_20230228-1604112.png\" alt=\"\" class=\"wp-image-106567\"\/><\/a><figcaption>Artistas se apresentaram para multid\u00e3o de foli\u00f5es euf\u00f3ricos no Carnaval fora de \u00e9poca ribamarense<\/figcaption><\/figure><\/div>\n\n\n\n<p>Na \u00e1rea da sa\u00fade, a prefeitura montou toda uma estrutura e disponibilizou m\u00e9dicos, enfermeiros e todo um corpo de profissionais para atender qualquer ocorr\u00eancia no evento.<\/p>\n\n\n\n<p>Na seguran\u00e7a, a Guarda Municipal, com aux\u00edlio de vigil\u00e2ncia privada, garantiu a seguran\u00e7a e evitou a entrada de armas e objetos que pudessem colocar em risco a vida dos foli\u00f5es. A Pol\u00edcia Militar, Pol\u00edcia Civil, Corpo de Bombeiros e CTA tamb\u00e9m garantiram a seguran\u00e7a no local e n\u00e3o foram registradas ocorr\u00eancias de grandes propor\u00e7\u00f5es nessa edi\u00e7\u00e3o.<\/p>\n\n\n\n<div class=\"wp-block-image\"><figure class=\"aligncenter size-large\"><a href=\"https:\/\/www.blogsoestado.com\/danielmatos\/files\/2023\/02\/Screenshot_20230228-1604322.png\"><img decoding=\"async\" src=\"https:\/\/www.blogsoestado.com\/danielmatos\/files\/2023\/02\/Screenshot_20230228-1604322.png\" alt=\"\" class=\"wp-image-106568\"\/><\/a><figcaption>A alegria marcou os dias de programa\u00e7\u00e3o do Lava Pratos, na orla mar\u00edtima de S\u00e3o Jos\u00e9 de Ribamar<\/figcaption><\/figure><\/div>\n\n\n\n<p>Para o prefeito de S\u00e3o Jos\u00e9 de Ribamar, Dr. Julinho, esse foi o Lava-Pratos da fam\u00edlia, pois foi poss\u00edvel brincar com seguran\u00e7a e alegria.<\/p>\n\n\n\n<p>&#8220;Fizemos todo um trabalho para garantir a tranquilidade e cuidado com a nossa gente. Estamos orgulhosos com o nosso dever cumprido e vamos trabalhar para o pr\u00f3ximo ano garantir a paz e a alegria de quem quer aproveitar o momento como esse&#8221;, destacou o prefeito.<\/p>\n","protected":false},"excerpt":{"rendered":"<p>Dever cumprido. Esse \u00e9 o termo que define a Prefeitura de S\u00e3o Jos\u00e9 de Ribamar com a realiza\u00e7\u00e3o do tradicional [&hellip;]<\/p>\n","protected":false},"author":0,"featured_media":0,"comment_status":"open","ping_status":"open","sticky":false,"template":"","format":"standard","meta":{"site-sidebar-layout":"default","site-content-layout":"","ast-site-content-layout":"default","site-content-style":"default","site-sidebar-style":"default","ast-global-header-display":"","ast-banner-title-visibility":"","ast-main-header-display":"","ast-hfb-above-header-display":"","ast-hfb-below-header-display":"","ast-hfb-mobile-header-display":"","site-post-title":"","ast-breadcrumbs-content":"","ast-featured-img":"","footer-sml-layout":"","ast-disable-related-posts":"","theme-transparent-header-meta":"","adv-header-id-meta":"","stick-header-meta":"","header-above-stick-meta":"","header-main-stick-meta":"","header-below-stick-meta":"","astra-migrate-meta-layouts":"default","ast-page-background-enabled":"default","ast-page-background-meta":{"desktop":{"background-color":"var(--ast-global-color-5)","background-image":"","background-repeat":"repeat","background-position":"center center","background-size":"auto","background-attachment":"scroll","background-type":"","background-media":"","overlay-type":"","overlay-color":"","overlay-opacity":"","overlay-gradient":""},"tablet":{"background-color":"","background-image":"","background-repeat":"repeat","background-position":"center center","background-size":"auto","background-attachment":"scroll","background-type":"","background-media":"","overlay-type":"","overlay-color":"","overlay-opacity":"","overlay-gradient":""},"mobile":{"background-color":"","background-image":"","background-repeat":"repeat","background-position":"center center","background-size":"auto","background-attachment":"scroll","background-type":"","background-media":"","overlay-type":"","overlay-color":"","overlay-opacity":"","overlay-gradient":""}},"ast-content-background-meta":{"desktop":{"background-color":"var(--ast-global-color-4)","background-image":"","background-repeat":"repeat","background-position":"center center","background-size":"auto","background-attachment":"scroll","background-type":"","background-media":"","overlay-type":"","overlay-color":"","overlay-opacity":"","overlay-gradient":""},"tablet":{"background-color":"var(--ast-global-color-4)","background-image":"","background-repeat":"repeat","background-position":"center center","background-size":"auto","background-attachment":"scroll","background-type":"","background-media":"","overlay-type":"","overlay-color":"","overlay-opacity":"","overlay-gradient":""},"mobile":{"background-color":"var(--ast-global-color-4)","background-image":"","background-repeat":"repeat","background-position":"center center","background-size":"auto","background-attachment":"scroll","background-type":"","background-media":"","overlay-type":"","overlay-color":"","overlay-opacity":"","overlay-gradient":""}},"footnotes":""},"categories":[1],"tags":[],"class_list":["post-106565","post","type-post","status-publish","format-standard","hentry","category-sem-categoria"],"yoast_head":"<!-- This site is optimized with the Yoast SEO plugin v26.6 - https:\/\/yoast.com\/wordpress\/plugins\/seo\/ -->\n<title>Mais de 150 mil pessoas participaram do tradicional Lava Pratos em S\u00e3o Jos\u00e9 de Ribamar - Daniel Matos<\/title>\n<meta name=\"robots\" content=\"index, follow, max-snippet:-1, max-image-preview:large, max-video-preview:-1\" \/>\n<link rel=\"canonical\" href=\"https:\/\/www.blogsoestado.com\/danielmatos\/mais-de-150-mil-pessoas-participaram-do-tradicional-lava-pratos-em-sao-jose-de-ribamar\/\" \/>\n<meta property=\"og:locale\" content=\"pt_BR\" \/>\n<meta property=\"og:type\" content=\"article\" \/>\n<meta property=\"og:title\" content=\"Mais de 150 mil pessoas participaram do tradicional Lava Pratos em S\u00e3o Jos\u00e9 de Ribamar - Daniel Matos\" \/>\n<meta property=\"og:description\" content=\"Dever cumprido. Esse \u00e9 o termo que define a Prefeitura de S\u00e3o Jos\u00e9 de Ribamar com a realiza\u00e7\u00e3o do tradicional [&hellip;]\" \/>\n<meta property=\"og:url\" content=\"https:\/\/www.blogsoestado.com\/danielmatos\/mais-de-150-mil-pessoas-participaram-do-tradicional-lava-pratos-em-sao-jose-de-ribamar\/\" \/>\n<meta property=\"og:site_name\" content=\"Daniel Matos\" \/>\n<meta property=\"article:published_time\" content=\"2023-02-28T19:11:28+00:00\" \/>\n<meta property=\"og:image\" content=\"https:\/\/www.blogsoestado.com\/danielmatos\/files\/2023\/02\/Screenshot_20230228-1603512.png\" \/>\n<meta name=\"twitter:card\" content=\"summary_large_image\" \/>\n<meta name=\"twitter:label1\" content=\"Est. tempo de leitura\" \/>\n\t<meta name=\"twitter:data1\" content=\"2 minutos\" \/>\n<script type=\"application\/ld+json\" class=\"yoast-schema-graph\">{\"@context\":\"https:\/\/schema.org\",\"@graph\":[{\"@type\":\"WebPage\",\"@id\":\"https:\/\/www.blogsoestado.com\/danielmatos\/mais-de-150-mil-pessoas-participaram-do-tradicional-lava-pratos-em-sao-jose-de-ribamar\/\",\"url\":\"https:\/\/www.blogsoestado.com\/danielmatos\/mais-de-150-mil-pessoas-participaram-do-tradicional-lava-pratos-em-sao-jose-de-ribamar\/\",\"name\":\"Mais de 150 mil pessoas participaram do tradicional Lava Pratos em S\u00e3o Jos\u00e9 de Ribamar - Daniel Matos\",\"isPartOf\":{\"@id\":\"https:\/\/www.blogsoestado.com\/danielmatos\/#website\"},\"primaryImageOfPage\":{\"@id\":\"https:\/\/www.blogsoestado.com\/danielmatos\/mais-de-150-mil-pessoas-participaram-do-tradicional-lava-pratos-em-sao-jose-de-ribamar\/#primaryimage\"},\"image\":{\"@id\":\"https:\/\/www.blogsoestado.com\/danielmatos\/mais-de-150-mil-pessoas-participaram-do-tradicional-lava-pratos-em-sao-jose-de-ribamar\/#primaryimage\"},\"thumbnailUrl\":\"https:\/\/www.blogsoestado.com\/danielmatos\/files\/2023\/02\/Screenshot_20230228-1603512.png\",\"datePublished\":\"2023-02-28T19:11:28+00:00\",\"author\":{\"@id\":\"\"},\"breadcrumb\":{\"@id\":\"https:\/\/www.blogsoestado.com\/danielmatos\/mais-de-150-mil-pessoas-participaram-do-tradicional-lava-pratos-em-sao-jose-de-ribamar\/#breadcrumb\"},\"inLanguage\":\"pt-BR\",\"potentialAction\":[{\"@type\":\"ReadAction\",\"target\":[\"https:\/\/www.blogsoestado.com\/danielmatos\/mais-de-150-mil-pessoas-participaram-do-tradicional-lava-pratos-em-sao-jose-de-ribamar\/\"]}]},{\"@type\":\"ImageObject\",\"inLanguage\":\"pt-BR\",\"@id\":\"https:\/\/www.blogsoestado.com\/danielmatos\/mais-de-150-mil-pessoas-participaram-do-tradicional-lava-pratos-em-sao-jose-de-ribamar\/#primaryimage\",\"url\":\"https:\/\/www.blogsoestado.com\/danielmatos\/files\/2023\/02\/Screenshot_20230228-1603512.png\",\"contentUrl\":\"https:\/\/www.blogsoestado.com\/danielmatos\/files\/2023\/02\/Screenshot_20230228-1603512.png\"},{\"@type\":\"BreadcrumbList\",\"@id\":\"https:\/\/www.blogsoestado.com\/danielmatos\/mais-de-150-mil-pessoas-participaram-do-tradicional-lava-pratos-em-sao-jose-de-ribamar\/#breadcrumb\",\"itemListElement\":[{\"@type\":\"ListItem\",\"position\":1,\"name\":\"In\u00edcio\",\"item\":\"https:\/\/www.blogsoestado.com\/danielmatos\/\"},{\"@type\":\"ListItem\",\"position\":2,\"name\":\"Mais de 150 mil pessoas participaram do tradicional Lava Pratos em S\u00e3o Jos\u00e9 de Ribamar\"}]},{\"@type\":\"WebSite\",\"@id\":\"https:\/\/www.blogsoestado.com\/danielmatos\/#website\",\"url\":\"https:\/\/www.blogsoestado.com\/danielmatos\/\",\"name\":\"Daniel Matos\",\"description\":\"\",\"potentialAction\":[{\"@type\":\"SearchAction\",\"target\":{\"@type\":\"EntryPoint\",\"urlTemplate\":\"https:\/\/www.blogsoestado.com\/danielmatos\/?s={search_term_string}\"},\"query-input\":{\"@type\":\"PropertyValueSpecification\",\"valueRequired\":true,\"valueName\":\"search_term_string\"}}],\"inLanguage\":\"pt-BR\"}]}<\/script>\n<!-- \/ Yoast SEO plugin. -->","yoast_head_json":{"title":"Mais de 150 mil pessoas participaram do tradicional Lava Pratos em S\u00e3o Jos\u00e9 de Ribamar - Daniel Matos","robots":{"index":"index","follow":"follow","max-snippet":"max-snippet:-1","max-image-preview":"max-image-preview:large","max-video-preview":"max-video-preview:-1"},"canonical":"https:\/\/www.blogsoestado.com\/danielmatos\/mais-de-150-mil-pessoas-participaram-do-tradicional-lava-pratos-em-sao-jose-de-ribamar\/","og_locale":"pt_BR","og_type":"article","og_title":"Mais de 150 mil pessoas participaram do tradicional Lava Pratos em S\u00e3o Jos\u00e9 de Ribamar - Daniel Matos","og_description":"Dever cumprido. Esse \u00e9 o termo que define a Prefeitura de S\u00e3o Jos\u00e9 de Ribamar com a realiza\u00e7\u00e3o do tradicional [&hellip;]","og_url":"https:\/\/www.blogsoestado.com\/danielmatos\/mais-de-150-mil-pessoas-participaram-do-tradicional-lava-pratos-em-sao-jose-de-ribamar\/","og_site_name":"Daniel Matos","article_published_time":"2023-02-28T19:11:28+00:00","og_image":[{"url":"https:\/\/www.blogsoestado.com\/danielmatos\/files\/2023\/02\/Screenshot_20230228-1603512.png","type":"","width":"","height":""}],"twitter_card":"summary_large_image","twitter_misc":{"Est. tempo de leitura":"2 minutos"},"schema":{"@context":"https:\/\/schema.org","@graph":[{"@type":"WebPage","@id":"https:\/\/www.blogsoestado.com\/danielmatos\/mais-de-150-mil-pessoas-participaram-do-tradicional-lava-pratos-em-sao-jose-de-ribamar\/","url":"https:\/\/www.blogsoestado.com\/danielmatos\/mais-de-150-mil-pessoas-participaram-do-tradicional-lava-pratos-em-sao-jose-de-ribamar\/","name":"Mais de 150 mil pessoas participaram do tradicional Lava Pratos em S\u00e3o Jos\u00e9 de Ribamar - Daniel Matos","isPartOf":{"@id":"https:\/\/www.blogsoestado.com\/danielmatos\/#website"},"primaryImageOfPage":{"@id":"https:\/\/www.blogsoestado.com\/danielmatos\/mais-de-150-mil-pessoas-participaram-do-tradicional-lava-pratos-em-sao-jose-de-ribamar\/#primaryimage"},"image":{"@id":"https:\/\/www.blogsoestado.com\/danielmatos\/mais-de-150-mil-pessoas-participaram-do-tradicional-lava-pratos-em-sao-jose-de-ribamar\/#primaryimage"},"thumbnailUrl":"https:\/\/www.blogsoestado.com\/danielmatos\/files\/2023\/02\/Screenshot_20230228-1603512.png","datePublished":"2023-02-28T19:11:28+00:00","author":{"@id":""},"breadcrumb":{"@id":"https:\/\/www.blogsoestado.com\/danielmatos\/mais-de-150-mil-pessoas-participaram-do-tradicional-lava-pratos-em-sao-jose-de-ribamar\/#breadcrumb"},"inLanguage":"pt-BR","potentialAction":[{"@type":"ReadAction","target":["https:\/\/www.blogsoestado.com\/danielmatos\/mais-de-150-mil-pessoas-participaram-do-tradicional-lava-pratos-em-sao-jose-de-ribamar\/"]}]},{"@type":"ImageObject","inLanguage":"pt-BR","@id":"https:\/\/www.blogsoestado.com\/danielmatos\/mais-de-150-mil-pessoas-participaram-do-tradicional-lava-pratos-em-sao-jose-de-ribamar\/#primaryimage","url":"https:\/\/www.blogsoestado.com\/danielmatos\/files\/2023\/02\/Screenshot_20230228-1603512.png","contentUrl":"https:\/\/www.blogsoestado.com\/danielmatos\/files\/2023\/02\/Screenshot_20230228-1603512.png"},{"@type":"BreadcrumbList","@id":"https:\/\/www.blogsoestado.com\/danielmatos\/mais-de-150-mil-pessoas-participaram-do-tradicional-lava-pratos-em-sao-jose-de-ribamar\/#breadcrumb","itemListElement":[{"@type":"ListItem","position":1,"name":"In\u00edcio","item":"https:\/\/www.blogsoestado.com\/danielmatos\/"},{"@type":"ListItem","position":2,"name":"Mais de 150 mil pessoas participaram do tradicional Lava Pratos em S\u00e3o Jos\u00e9 de Ribamar"}]},{"@type":"WebSite","@id":"https:\/\/www.blogsoestado.com\/danielmatos\/#website","url":"https:\/\/www.blogsoestado.com\/danielmatos\/","name":"Daniel Matos","description":"","potentialAction":[{"@type":"SearchAction","target":{"@type":"EntryPoint","urlTemplate":"https:\/\/www.blogsoestado.com\/danielmatos\/?s={search_term_string}"},"query-input":{"@type":"PropertyValueSpecification","valueRequired":true,"valueName":"search_term_string"}}],"inLanguage":"pt-BR"}]}},"jetpack_featured_media_url":"","_links":{"self":[{"href":"https:\/\/www.blogsoestado.com\/danielmatos\/wp-json\/wp\/v2\/posts\/106565","targetHints":{"allow":["GET"]}}],"collection":[{"href":"https:\/\/www.blogsoestado.com\/danielmatos\/wp-json\/wp\/v2\/posts"}],"about":[{"href":"https:\/\/www.blogsoestado.com\/danielmatos\/wp-json\/wp\/v2\/types\/post"}],"replies":[{"embeddable":true,"href":"https:\/\/www.blogsoestado.com\/danielmatos\/wp-json\/wp\/v2\/comments?post=106565"}],"version-history":[{"count":0,"href":"https:\/\/www.blogsoestado.com\/danielmatos\/wp-json\/wp\/v2\/posts\/106565\/revisions"}],"wp:attachment":[{"href":"https:\/\/www.blogsoestado.com\/danielmatos\/wp-json\/wp\/v2\/media?parent=106565"}],"wp:term":[{"taxonomy":"category","embeddable":true,"href":"https:\/\/www.blogsoestado.com\/danielmatos\/wp-json\/wp\/v2\/categories?post=106565"},{"taxonomy":"post_tag","embeddable":true,"href":"https:\/\/www.blogsoestado.com\/danielmatos\/wp-json\/wp\/v2\/tags?post=106565"}],"curies":[{"name":"wp","href":"https:\/\/api.w.org\/{rel}","templated":true}]}}