{"id":106575,"date":"2023-02-28T18:38:33","date_gmt":"2023-02-28T21:38:33","guid":{"rendered":"https:\/\/www.blogsoestado.com\/danielmatos\/?p=106575"},"modified":"2023-02-28T18:38:33","modified_gmt":"2023-02-28T21:38:33","slug":"maranhao-mobgrafado-em-exposicao-no-sao-luis-shopping","status":"publish","type":"post","link":"https:\/\/www.blogsoestado.com\/danielmatos\/maranhao-mobgrafado-em-exposicao-no-sao-luis-shopping\/","title":{"rendered":"\u2018Maranh\u00e3o Mobgrafado\u2019 em exposi\u00e7\u00e3o no S\u00e3o Lu\u00eds Shopping"},"content":{"rendered":"\n<div class=\"wp-block-image\"><figure class=\"aligncenter size-large\"><a href=\"https:\/\/www.blogsoestado.com\/danielmatos\/files\/2023\/02\/Screenshot_20230228-1835022.png\"><img decoding=\"async\" src=\"https:\/\/www.blogsoestado.com\/danielmatos\/files\/2023\/02\/Screenshot_20230228-1835022.png\" alt=\"\" class=\"wp-image-106576\"\/><\/a><\/figure><\/div>\n\n\n\n<p>Abertura acontece quinta-feira, 2 de mar\u00e7o, em frente ao espa\u00e7o Amei; exposi\u00e7\u00e3o \u00e9 idealizada pela fot\u00f3grafa Veruska Oliveira em frente ao espa\u00e7o Amei<\/p>\n\n\n\n<p>A exposi\u00e7\u00e3o \u2018Maranh\u00e3o Mobgrafado\u2019, idealizada pela fot\u00f3grafa Veruska Oliveira, ser\u00e1 realizada nesta quinta-feira,2 de mar\u00e7o, \u00e0s 19h em frente ao espa\u00e7o Amei (Associa\u00e7\u00e3o Maranhense de Escritores Independentes), no S\u00e3o Lu\u00eds Shopping. A proposta do projeto \u00e9 mergulhar no modo de vida, nas prefer\u00eancias, paisagens e na rotina de quem vive na zona rural de diversas cidades do Maranh\u00e3o.<\/p>\n\n\n\n<p>As fotos da exposi\u00e7\u00e3o s\u00e3o registradas atrav\u00e9s da c\u00e2mera de variados modelos de celulares e possui uma autoria diversa, que vai desde crian\u00e7as at\u00e9 adultos que vivem em localidades consideradas distantes de \u00e1reas centrais.<\/p>\n\n\n\n<p>As fotografias exibidas podem ir de autorretratos \u00e0 foto de animais de estima\u00e7\u00e3o, plantas, entre outros elementos que caracterizam e identificam cada regi\u00e3o. Na exposi\u00e7\u00e3o, todas as imagens possuem descri\u00e7\u00e3o em \u00e1udio, uma estrat\u00e9gia utilizada pelos idealizadores com o intuito de alcan\u00e7ar o maior n\u00famero poss\u00edvel de pessoas.&nbsp;<\/p>\n\n\n\n<p>\u201cA mobgrafia \u00e9 uma realidade na vida de todas as pessoas. \u00c0s vezes, n\u00e3o temos uma caneta no bolso, mas temos um celular e, consequentemente, temos uma c\u00e2mera. Esses registros feitos por mobiles (aparelhos m\u00f3veis) s\u00e3o, muitas vezes, a \u00fanica forma de muitas pessoas retratarem a realidade em que est\u00e3o inseridas. E \u00e9 emocionante perceber o quanto essas pessoas valorizam suas ra\u00edzes, origens e jeitos de viver\u201d, diz Veruska Oliveira.<\/p>\n\n\n\n<p><strong>Execu\u00e7\u00e3o do projeto<\/strong><strong><\/strong><\/p>\n\n\n\n<p>Maranh\u00e3o Mobgrafado \u00e9 um projeto inclusivo e democr\u00e1tico que tem como prop\u00f3sito realizar capacita\u00e7\u00e3o em oficinas de mobgrafia, ou seja, de fotos com celular. Entre janeiro e dezembro de 2022, o projeto passou por mais de 20 cidades do Maranh\u00e3o e capacitou quase 800 pessoas.<\/p>\n\n\n\n<p>No encerramento de cada oficina, foram realizadas algumas miniexposi\u00e7\u00f5es nas pr\u00f3prias comunidades, para que as turmas pudessem ver as imagens impressas para al\u00e9m das telas de celular, com a emo\u00e7\u00e3o de tocar a pr\u00f3pria obra de arte em quadros.<\/p>\n\n\n\n<p>Foram analisadas quatro fotos de cada uma das 780 pessoas que participaram das oficinas. Depois de um ano inteiro, mais de 3.100 registros, a curadoria liderada por Veruska Oliveira selecionou 60 imagens da exposi\u00e7\u00e3o que, ap\u00f3s a temporada de 1 m\u00eas em S\u00e3o Lu\u00eds, ser\u00e1 itinerante e percorrer\u00e1, prioritariamente, as localidades onde as oficinas foram realizadas.&nbsp;<\/p>\n\n\n\n<p>As fotos tamb\u00e9m ir\u00e3o compor uma exposi\u00e7\u00e3o virtual, com o objetivo de facilitar o acesso das comunidades mais afastadas \u00e0 mostra. As capacita\u00e7\u00f5es ocorreram nas seguintes cidades: S\u00e3o Lu\u00eds, A\u00e7ail\u00e2ndia, Anajatuba, Arari, Bom Jardim, Itapecuru-Mirim, Santa Rita, Vit\u00f3ria do Mearim, Santa In\u00eas, Pindar\u00e9-Mirim, Tufil\u00e2ndia, Alto Alegre do Pindar\u00e9, Bom Jesus das Selvas, S\u00e3o Francisco do Brej\u00e3o, S\u00e3o Pedro da \u00c1gua Branca, Vila Nova dos Mart\u00edrios, Bacabeira, Buriticupu, Miranda do Norte, Mon\u00e7\u00e3o, Igarap\u00e9 do Meio e Cidel\u00e2ndia.<\/p>\n","protected":false},"excerpt":{"rendered":"<p>Abertura acontece quinta-feira, 2 de mar\u00e7o, em frente ao espa\u00e7o Amei; exposi\u00e7\u00e3o \u00e9 idealizada pela fot\u00f3grafa Veruska Oliveira em frente [&hellip;]<\/p>\n","protected":false},"author":0,"featured_media":0,"comment_status":"open","ping_status":"open","sticky":false,"template":"","format":"standard","meta":{"site-sidebar-layout":"default","site-content-layout":"","ast-site-content-layout":"default","site-content-style":"default","site-sidebar-style":"default","ast-global-header-display":"","ast-banner-title-visibility":"","ast-main-header-display":"","ast-hfb-above-header-display":"","ast-hfb-below-header-display":"","ast-hfb-mobile-header-display":"","site-post-title":"","ast-breadcrumbs-content":"","ast-featured-img":"","footer-sml-layout":"","ast-disable-related-posts":"","theme-transparent-header-meta":"","adv-header-id-meta":"","stick-header-meta":"","header-above-stick-meta":"","header-main-stick-meta":"","header-below-stick-meta":"","astra-migrate-meta-layouts":"default","ast-page-background-enabled":"default","ast-page-background-meta":{"desktop":{"background-color":"var(--ast-global-color-5)","background-image":"","background-repeat":"repeat","background-position":"center center","background-size":"auto","background-attachment":"scroll","background-type":"","background-media":"","overlay-type":"","overlay-color":"","overlay-opacity":"","overlay-gradient":""},"tablet":{"background-color":"","background-image":"","background-repeat":"repeat","background-position":"center center","background-size":"auto","background-attachment":"scroll","background-type":"","background-media":"","overlay-type":"","overlay-color":"","overlay-opacity":"","overlay-gradient":""},"mobile":{"background-color":"","background-image":"","background-repeat":"repeat","background-position":"center center","background-size":"auto","background-attachment":"scroll","background-type":"","background-media":"","overlay-type":"","overlay-color":"","overlay-opacity":"","overlay-gradient":""}},"ast-content-background-meta":{"desktop":{"background-color":"var(--ast-global-color-4)","background-image":"","background-repeat":"repeat","background-position":"center center","background-size":"auto","background-attachment":"scroll","background-type":"","background-media":"","overlay-type":"","overlay-color":"","overlay-opacity":"","overlay-gradient":""},"tablet":{"background-color":"var(--ast-global-color-4)","background-image":"","background-repeat":"repeat","background-position":"center center","background-size":"auto","background-attachment":"scroll","background-type":"","background-media":"","overlay-type":"","overlay-color":"","overlay-opacity":"","overlay-gradient":""},"mobile":{"background-color":"var(--ast-global-color-4)","background-image":"","background-repeat":"repeat","background-position":"center center","background-size":"auto","background-attachment":"scroll","background-type":"","background-media":"","overlay-type":"","overlay-color":"","overlay-opacity":"","overlay-gradient":""}},"footnotes":""},"categories":[1],"tags":[],"class_list":["post-106575","post","type-post","status-publish","format-standard","hentry","category-sem-categoria"],"yoast_head":"<!-- This site is optimized with the Yoast SEO plugin v26.6 - https:\/\/yoast.com\/wordpress\/plugins\/seo\/ -->\n<title>\u2018Maranh\u00e3o Mobgrafado\u2019 em exposi\u00e7\u00e3o no S\u00e3o Lu\u00eds Shopping - Daniel Matos<\/title>\n<meta name=\"robots\" content=\"index, follow, max-snippet:-1, max-image-preview:large, max-video-preview:-1\" \/>\n<link rel=\"canonical\" href=\"https:\/\/www.blogsoestado.com\/danielmatos\/maranhao-mobgrafado-em-exposicao-no-sao-luis-shopping\/\" \/>\n<meta property=\"og:locale\" content=\"pt_BR\" \/>\n<meta property=\"og:type\" content=\"article\" \/>\n<meta property=\"og:title\" content=\"\u2018Maranh\u00e3o Mobgrafado\u2019 em exposi\u00e7\u00e3o no S\u00e3o Lu\u00eds Shopping - Daniel Matos\" \/>\n<meta property=\"og:description\" content=\"Abertura acontece quinta-feira, 2 de mar\u00e7o, em frente ao espa\u00e7o Amei; exposi\u00e7\u00e3o \u00e9 idealizada pela fot\u00f3grafa Veruska Oliveira em frente [&hellip;]\" \/>\n<meta property=\"og:url\" content=\"https:\/\/www.blogsoestado.com\/danielmatos\/maranhao-mobgrafado-em-exposicao-no-sao-luis-shopping\/\" \/>\n<meta property=\"og:site_name\" content=\"Daniel Matos\" \/>\n<meta property=\"article:published_time\" content=\"2023-02-28T21:38:33+00:00\" \/>\n<meta property=\"og:image\" content=\"https:\/\/www.blogsoestado.com\/danielmatos\/files\/2023\/02\/Screenshot_20230228-1835022.png\" \/>\n<meta name=\"twitter:card\" content=\"summary_large_image\" \/>\n<meta name=\"twitter:label1\" content=\"Est. tempo de leitura\" \/>\n\t<meta name=\"twitter:data1\" content=\"3 minutos\" \/>\n<script type=\"application\/ld+json\" class=\"yoast-schema-graph\">{\"@context\":\"https:\/\/schema.org\",\"@graph\":[{\"@type\":\"WebPage\",\"@id\":\"https:\/\/www.blogsoestado.com\/danielmatos\/maranhao-mobgrafado-em-exposicao-no-sao-luis-shopping\/\",\"url\":\"https:\/\/www.blogsoestado.com\/danielmatos\/maranhao-mobgrafado-em-exposicao-no-sao-luis-shopping\/\",\"name\":\"\u2018Maranh\u00e3o Mobgrafado\u2019 em exposi\u00e7\u00e3o no S\u00e3o Lu\u00eds Shopping - Daniel Matos\",\"isPartOf\":{\"@id\":\"https:\/\/www.blogsoestado.com\/danielmatos\/#website\"},\"primaryImageOfPage\":{\"@id\":\"https:\/\/www.blogsoestado.com\/danielmatos\/maranhao-mobgrafado-em-exposicao-no-sao-luis-shopping\/#primaryimage\"},\"image\":{\"@id\":\"https:\/\/www.blogsoestado.com\/danielmatos\/maranhao-mobgrafado-em-exposicao-no-sao-luis-shopping\/#primaryimage\"},\"thumbnailUrl\":\"https:\/\/www.blogsoestado.com\/danielmatos\/files\/2023\/02\/Screenshot_20230228-1835022.png\",\"datePublished\":\"2023-02-28T21:38:33+00:00\",\"author\":{\"@id\":\"\"},\"breadcrumb\":{\"@id\":\"https:\/\/www.blogsoestado.com\/danielmatos\/maranhao-mobgrafado-em-exposicao-no-sao-luis-shopping\/#breadcrumb\"},\"inLanguage\":\"pt-BR\",\"potentialAction\":[{\"@type\":\"ReadAction\",\"target\":[\"https:\/\/www.blogsoestado.com\/danielmatos\/maranhao-mobgrafado-em-exposicao-no-sao-luis-shopping\/\"]}]},{\"@type\":\"ImageObject\",\"inLanguage\":\"pt-BR\",\"@id\":\"https:\/\/www.blogsoestado.com\/danielmatos\/maranhao-mobgrafado-em-exposicao-no-sao-luis-shopping\/#primaryimage\",\"url\":\"https:\/\/www.blogsoestado.com\/danielmatos\/files\/2023\/02\/Screenshot_20230228-1835022.png\",\"contentUrl\":\"https:\/\/www.blogsoestado.com\/danielmatos\/files\/2023\/02\/Screenshot_20230228-1835022.png\"},{\"@type\":\"BreadcrumbList\",\"@id\":\"https:\/\/www.blogsoestado.com\/danielmatos\/maranhao-mobgrafado-em-exposicao-no-sao-luis-shopping\/#breadcrumb\",\"itemListElement\":[{\"@type\":\"ListItem\",\"position\":1,\"name\":\"In\u00edcio\",\"item\":\"https:\/\/www.blogsoestado.com\/danielmatos\/\"},{\"@type\":\"ListItem\",\"position\":2,\"name\":\"\u2018Maranh\u00e3o Mobgrafado\u2019 em exposi\u00e7\u00e3o no S\u00e3o Lu\u00eds Shopping\"}]},{\"@type\":\"WebSite\",\"@id\":\"https:\/\/www.blogsoestado.com\/danielmatos\/#website\",\"url\":\"https:\/\/www.blogsoestado.com\/danielmatos\/\",\"name\":\"Daniel Matos\",\"description\":\"\",\"potentialAction\":[{\"@type\":\"SearchAction\",\"target\":{\"@type\":\"EntryPoint\",\"urlTemplate\":\"https:\/\/www.blogsoestado.com\/danielmatos\/?s={search_term_string}\"},\"query-input\":{\"@type\":\"PropertyValueSpecification\",\"valueRequired\":true,\"valueName\":\"search_term_string\"}}],\"inLanguage\":\"pt-BR\"}]}<\/script>\n<!-- \/ Yoast SEO plugin. -->","yoast_head_json":{"title":"\u2018Maranh\u00e3o Mobgrafado\u2019 em exposi\u00e7\u00e3o no S\u00e3o Lu\u00eds Shopping - Daniel Matos","robots":{"index":"index","follow":"follow","max-snippet":"max-snippet:-1","max-image-preview":"max-image-preview:large","max-video-preview":"max-video-preview:-1"},"canonical":"https:\/\/www.blogsoestado.com\/danielmatos\/maranhao-mobgrafado-em-exposicao-no-sao-luis-shopping\/","og_locale":"pt_BR","og_type":"article","og_title":"\u2018Maranh\u00e3o Mobgrafado\u2019 em exposi\u00e7\u00e3o no S\u00e3o Lu\u00eds Shopping - Daniel Matos","og_description":"Abertura acontece quinta-feira, 2 de mar\u00e7o, em frente ao espa\u00e7o Amei; exposi\u00e7\u00e3o \u00e9 idealizada pela fot\u00f3grafa Veruska Oliveira em frente [&hellip;]","og_url":"https:\/\/www.blogsoestado.com\/danielmatos\/maranhao-mobgrafado-em-exposicao-no-sao-luis-shopping\/","og_site_name":"Daniel Matos","article_published_time":"2023-02-28T21:38:33+00:00","og_image":[{"url":"https:\/\/www.blogsoestado.com\/danielmatos\/files\/2023\/02\/Screenshot_20230228-1835022.png","type":"","width":"","height":""}],"twitter_card":"summary_large_image","twitter_misc":{"Est. tempo de leitura":"3 minutos"},"schema":{"@context":"https:\/\/schema.org","@graph":[{"@type":"WebPage","@id":"https:\/\/www.blogsoestado.com\/danielmatos\/maranhao-mobgrafado-em-exposicao-no-sao-luis-shopping\/","url":"https:\/\/www.blogsoestado.com\/danielmatos\/maranhao-mobgrafado-em-exposicao-no-sao-luis-shopping\/","name":"\u2018Maranh\u00e3o Mobgrafado\u2019 em exposi\u00e7\u00e3o no S\u00e3o Lu\u00eds Shopping - Daniel Matos","isPartOf":{"@id":"https:\/\/www.blogsoestado.com\/danielmatos\/#website"},"primaryImageOfPage":{"@id":"https:\/\/www.blogsoestado.com\/danielmatos\/maranhao-mobgrafado-em-exposicao-no-sao-luis-shopping\/#primaryimage"},"image":{"@id":"https:\/\/www.blogsoestado.com\/danielmatos\/maranhao-mobgrafado-em-exposicao-no-sao-luis-shopping\/#primaryimage"},"thumbnailUrl":"https:\/\/www.blogsoestado.com\/danielmatos\/files\/2023\/02\/Screenshot_20230228-1835022.png","datePublished":"2023-02-28T21:38:33+00:00","author":{"@id":""},"breadcrumb":{"@id":"https:\/\/www.blogsoestado.com\/danielmatos\/maranhao-mobgrafado-em-exposicao-no-sao-luis-shopping\/#breadcrumb"},"inLanguage":"pt-BR","potentialAction":[{"@type":"ReadAction","target":["https:\/\/www.blogsoestado.com\/danielmatos\/maranhao-mobgrafado-em-exposicao-no-sao-luis-shopping\/"]}]},{"@type":"ImageObject","inLanguage":"pt-BR","@id":"https:\/\/www.blogsoestado.com\/danielmatos\/maranhao-mobgrafado-em-exposicao-no-sao-luis-shopping\/#primaryimage","url":"https:\/\/www.blogsoestado.com\/danielmatos\/files\/2023\/02\/Screenshot_20230228-1835022.png","contentUrl":"https:\/\/www.blogsoestado.com\/danielmatos\/files\/2023\/02\/Screenshot_20230228-1835022.png"},{"@type":"BreadcrumbList","@id":"https:\/\/www.blogsoestado.com\/danielmatos\/maranhao-mobgrafado-em-exposicao-no-sao-luis-shopping\/#breadcrumb","itemListElement":[{"@type":"ListItem","position":1,"name":"In\u00edcio","item":"https:\/\/www.blogsoestado.com\/danielmatos\/"},{"@type":"ListItem","position":2,"name":"\u2018Maranh\u00e3o Mobgrafado\u2019 em exposi\u00e7\u00e3o no S\u00e3o Lu\u00eds Shopping"}]},{"@type":"WebSite","@id":"https:\/\/www.blogsoestado.com\/danielmatos\/#website","url":"https:\/\/www.blogsoestado.com\/danielmatos\/","name":"Daniel Matos","description":"","potentialAction":[{"@type":"SearchAction","target":{"@type":"EntryPoint","urlTemplate":"https:\/\/www.blogsoestado.com\/danielmatos\/?s={search_term_string}"},"query-input":{"@type":"PropertyValueSpecification","valueRequired":true,"valueName":"search_term_string"}}],"inLanguage":"pt-BR"}]}},"jetpack_featured_media_url":"","_links":{"self":[{"href":"https:\/\/www.blogsoestado.com\/danielmatos\/wp-json\/wp\/v2\/posts\/106575","targetHints":{"allow":["GET"]}}],"collection":[{"href":"https:\/\/www.blogsoestado.com\/danielmatos\/wp-json\/wp\/v2\/posts"}],"about":[{"href":"https:\/\/www.blogsoestado.com\/danielmatos\/wp-json\/wp\/v2\/types\/post"}],"replies":[{"embeddable":true,"href":"https:\/\/www.blogsoestado.com\/danielmatos\/wp-json\/wp\/v2\/comments?post=106575"}],"version-history":[{"count":0,"href":"https:\/\/www.blogsoestado.com\/danielmatos\/wp-json\/wp\/v2\/posts\/106575\/revisions"}],"wp:attachment":[{"href":"https:\/\/www.blogsoestado.com\/danielmatos\/wp-json\/wp\/v2\/media?parent=106575"}],"wp:term":[{"taxonomy":"category","embeddable":true,"href":"https:\/\/www.blogsoestado.com\/danielmatos\/wp-json\/wp\/v2\/categories?post=106575"},{"taxonomy":"post_tag","embeddable":true,"href":"https:\/\/www.blogsoestado.com\/danielmatos\/wp-json\/wp\/v2\/tags?post=106575"}],"curies":[{"name":"wp","href":"https:\/\/api.w.org\/{rel}","templated":true}]}}