{"id":106584,"date":"2023-02-28T21:54:24","date_gmt":"2023-03-01T00:54:24","guid":{"rendered":"https:\/\/www.blogsoestado.com\/danielmatos\/?p=106584"},"modified":"2023-02-28T21:54:24","modified_gmt":"2023-03-01T00:54:24","slug":"no-bom-dia-mirante-wellington-diz-acreditar-na-aprovacao-do-seu-projeto-que-isenta-emissao-do-crlv-e-reafirma-independencia-mas-com-harmonia","status":"publish","type":"post","link":"https:\/\/www.blogsoestado.com\/danielmatos\/no-bom-dia-mirante-wellington-diz-acreditar-na-aprovacao-do-seu-projeto-que-isenta-emissao-do-crlv-e-reafirma-independencia-mas-com-harmonia\/","title":{"rendered":"No Bom Dia Mirante, Wellington defende  seu projeto que p\u00f5e fim a taxa do Detran e reafirma independ\u00eancia, mas com harmonia"},"content":{"rendered":"\n<div class=\"wp-block-image\"><figure class=\"aligncenter size-large\"><a href=\"https:\/\/www.blogsoestado.com\/danielmatos\/files\/2023\/02\/Screenshot_20230228-2142012.png\"><img decoding=\"async\" src=\"https:\/\/www.blogsoestado.com\/danielmatos\/files\/2023\/02\/Screenshot_20230228-2142012.png\" alt=\"\" class=\"wp-image-106585\"\/><\/a><figcaption>Em entrevista ao jornalista Cl\u00f3vis Cabalau, no quadro Bastidores,o deputado Wellington do Curso abordou o seu projeto de lei que p\u00f5e fim \u00e0 cobran\u00e7a da taxa de emiss\u00e3o do Certificado de Registro de Licenciamento de Ve\u00edculos (CRLV) e reafirmou independ\u00eancia, mas com harmonia com o governo estadual<\/figcaption><\/figure><\/div>\n\n\n\n<p>Em entrevista ao quadro Bastidores, do telejornal Bom Dia Mirante, nesta ter\u00e7a-feira (28), o deputado estadual Wellington do Curso esclareceu o teor do projeto de lei de sua autoria que p\u00f5e fim \u00e0 taxa de emiss\u00e3o do Certificado de Registro de Licenciamento de Ve\u00edculos (CRLV) em todo o estado do Maranh\u00e3o. De acordo com a proposi\u00e7\u00e3o, n\u00e3o seriam mais cobradas a primeira e a segunda vias, a c\u00f3pia original e a segunda solicita\u00e7\u00e3o do documento.<\/p>\n\n\n\n<p>Sobre a viabilidade constitucional do projeto, uma vez que causaria impacto \u00e0 receita estadual, Wellington esclareceu que, com o avan\u00e7o tecnol\u00f3gico, a emiss\u00e3o e a pesquisa do CRLV, al\u00e9m do RENAVAN e do RENACH, podem ser feitas via internet, sem qualquer \u00f4nus. &#8220;Enquanto o acesso online a essa consulta \u00e9 gratuito, o contribuinte \u00e9 obrigado a pagar R$ 30,00 ao Detran pela emiss\u00e3o do certificado&#8221;, ponderou.<\/p>\n\n\n\n<p>O parlamentar afirmou que sua proposta \u00e9 constitucional, ressaltando que a mat\u00e9ria ser\u00e1 encaminhada a tramita\u00e7\u00e3o na Comiss\u00e3o de Constitui\u00e7\u00e3o e Justi\u00e7a da Assembleia Legislativa. &#8220;Acreditamos que os colegas votar\u00e3o pela aprova\u00e7\u00e3o&#8221;, frisou.<\/p>\n\n\n\n<p>Sobre a eventual queda de arrecada\u00e7\u00e3o tribut\u00e1ria em consequ\u00eancia do fim da cobran\u00e7a da taxa de emiss\u00e3o do CRLV, Wellington apontou o que chamou de fal\u00e1cia em rela\u00e7\u00e3o \u00e0 suposta diminui\u00e7\u00e3o de receita. Ele mencionou dados do Departamento Intersindical de Estat\u00edstica e Estudos Socioecon\u00f4micos (DIEESE) referentes ao terceiro quadrimestre do ano passado, que indicam o contr\u00e1rio, ou seja, houve incremento da arrecada\u00e7\u00e3o estadual em todas as \u00e1reas no Maranh\u00e3o, mesmo com a desonera\u00e7\u00e3o do ICMS do pre\u00e7o dos combust\u00edveis. <\/p>\n\n\n\n<p>O deputado citou, ainda, a vota\u00e7\u00e3o realizada no plen\u00e1rio da Assembleia Legislativa, no final de 2022, para que fosse retomada a cobran\u00e7a de impostos sobre o pre\u00e7o dos combust\u00edveis no estado. Ele lembrou que a proposta, de autoria do Governo do Estado, foi aprovada por 41 votos a favor e apenas um contra, justamente o seu. <\/p>\n\n\n\n<p>Wellington do Curso informou que o projeto aprovado pela Assembleia Legislativa foi sancionado, j\u00e1 virou lei, com car\u00eancia de 90 dias. &#8220;Portanto, no dia 1\u00ba de abril de 2023, come\u00e7ar\u00e1 a ser aplicado o aumento do ICMS dos combust\u00edveis no Maranh\u00e3o &#8220;, alertou, apontando como agravante a reonera\u00e7\u00e3o tribut\u00e1ria sobre a gasolina e derivados j\u00e1 definida pelo Governo Federal.<\/p>\n\n\n\n<p><strong>A\u00e7\u00e3o popular <\/strong><\/p>\n\n\n\n<p>O parlamentar lembrou uma a\u00e7\u00e3o popular que ajuizou e que segue em tramita\u00e7\u00e3o que prev\u00ea a redu\u00e7\u00e3o dos valores dos combust\u00edveis no Maranh\u00e3o, sob a justificativa de que se tratam de itens essenciais, assim como a energia el\u00e9trica e o g\u00e1s de cozinha. &#8220;Demos repercuss\u00e3o a essa quest\u00e3o por seu uma luta nossa&#8221;, salientou, garantindo que se manter\u00e1 firme na defesa dessa causa.<\/p>\n\n\n\n<p>Na entrevista ao jornalista Cl\u00f3vis Cabalau, apresentador do quadro Bastidores, e a Vanessa Fonseca, que divide com o colega a bancada do Bom Dia Mirante, Wellington abordou, ainda, a sua postura em favor da nomea\u00e7\u00e3o de aprovados em concursos p\u00fablicos, em especial professores e policiais militares, al\u00e9m de bombeiros e policiais civis.<\/p>\n\n\n\n<p>Ao tra\u00e7ar um paralelo entre a sua atua\u00e7\u00e3o como opositor ferrenho do ex-governador Fl\u00e1vio Dino e o contexto pol\u00edtico atual, em que parece n\u00e3o haver contraponto ao Pal\u00e1cio dos Le\u00f5es no Legislativo, o deputado reafirmou sua miss\u00e3o de legislar, mas tamb\u00e9m de fiscalizar o dinheiro p\u00fablico, o que ele diz ter feito com muita seriedade e responsabilidade em seus dois primeiros mandatos. <\/p>\n\n\n\n<p><strong>Independ\u00eancia<\/strong><\/p>\n\n\n\n<p>Ele afirmou que seu posicionamento continua de independ\u00eancia no parlamento, enfatizando que n\u00e3o foi eleito com dinheiro de secretaria, com dinheiro de prefeitura, n\u00e3o contou com dinheiro p\u00fablico, com fundo partid\u00e1rio, com tempo de televis\u00e3o, al\u00e9m de n\u00e3o ter sangue, nem sobrenome na pol\u00edtica. &#8220;O que conquistei foi com muito trabalho. E \u00e9 por isso que n\u00f3s temos a credibilidade da popula\u00e7\u00e3o&#8221;, real\u00e7ou, assegurando que toda proposta do Governo do Estado que for boa para o Maranh\u00e3o ter\u00e1 o seu voto a favor. <\/p>\n\n\n\n<p>Por outro lado, ele disse que, por coer\u00eancia, jamais votar\u00e1 contra professores, contra servidores p\u00fablicos, contra policiais militares e a favor de qualquer aumento de combust\u00edveis.<\/p>\n\n\n\n<p>Apesar de se declarar independente, Wellington do Curso disse que pretende manter uma rela\u00e7\u00e3o de harmonia com o governo estadual, indicando como prova da sua disposi\u00e7\u00e3o para o di\u00e1logo e o entendimento o fato de j\u00e1 ter sido recebido pelo governador Carlos Brand\u00e3o no Pal\u00e1cio dos Le\u00f5es e de j\u00e1 ter outra audi\u00eancia com o chefe do Poder Executivo agendada para a pr\u00f3xima semana.<\/p>\n","protected":false},"excerpt":{"rendered":"<p>Em entrevista ao quadro Bastidores, do telejornal Bom Dia Mirante, nesta ter\u00e7a-feira (28), o deputado estadual Wellington do Curso esclareceu [&hellip;]<\/p>\n","protected":false},"author":0,"featured_media":0,"comment_status":"open","ping_status":"open","sticky":false,"template":"","format":"standard","meta":{"site-sidebar-layout":"default","site-content-layout":"","ast-site-content-layout":"default","site-content-style":"default","site-sidebar-style":"default","ast-global-header-display":"","ast-banner-title-visibility":"","ast-main-header-display":"","ast-hfb-above-header-display":"","ast-hfb-below-header-display":"","ast-hfb-mobile-header-display":"","site-post-title":"","ast-breadcrumbs-content":"","ast-featured-img":"","footer-sml-layout":"","ast-disable-related-posts":"","theme-transparent-header-meta":"","adv-header-id-meta":"","stick-header-meta":"","header-above-stick-meta":"","header-main-stick-meta":"","header-below-stick-meta":"","astra-migrate-meta-layouts":"default","ast-page-background-enabled":"default","ast-page-background-meta":{"desktop":{"background-color":"var(--ast-global-color-5)","background-image":"","background-repeat":"repeat","background-position":"center center","background-size":"auto","background-attachment":"scroll","background-type":"","background-media":"","overlay-type":"","overlay-color":"","overlay-opacity":"","overlay-gradient":""},"tablet":{"background-color":"","background-image":"","background-repeat":"repeat","background-position":"center center","background-size":"auto","background-attachment":"scroll","background-type":"","background-media":"","overlay-type":"","overlay-color":"","overlay-opacity":"","overlay-gradient":""},"mobile":{"background-color":"","background-image":"","background-repeat":"repeat","background-position":"center center","background-size":"auto","background-attachment":"scroll","background-type":"","background-media":"","overlay-type":"","overlay-color":"","overlay-opacity":"","overlay-gradient":""}},"ast-content-background-meta":{"desktop":{"background-color":"var(--ast-global-color-4)","background-image":"","background-repeat":"repeat","background-position":"center center","background-size":"auto","background-attachment":"scroll","background-type":"","background-media":"","overlay-type":"","overlay-color":"","overlay-opacity":"","overlay-gradient":""},"tablet":{"background-color":"var(--ast-global-color-4)","background-image":"","background-repeat":"repeat","background-position":"center center","background-size":"auto","background-attachment":"scroll","background-type":"","background-media":"","overlay-type":"","overlay-color":"","overlay-opacity":"","overlay-gradient":""},"mobile":{"background-color":"var(--ast-global-color-4)","background-image":"","background-repeat":"repeat","background-position":"center center","background-size":"auto","background-attachment":"scroll","background-type":"","background-media":"","overlay-type":"","overlay-color":"","overlay-opacity":"","overlay-gradient":""}},"footnotes":""},"categories":[1],"tags":[],"class_list":["post-106584","post","type-post","status-publish","format-standard","hentry","category-sem-categoria"],"yoast_head":"<!-- This site is optimized with the Yoast SEO plugin v26.6 - https:\/\/yoast.com\/wordpress\/plugins\/seo\/ -->\n<title>No Bom Dia Mirante, Wellington defende seu projeto que p\u00f5e fim a taxa do Detran e reafirma independ\u00eancia, mas com harmonia - Daniel Matos<\/title>\n<meta name=\"robots\" content=\"index, follow, max-snippet:-1, max-image-preview:large, max-video-preview:-1\" \/>\n<link rel=\"canonical\" href=\"https:\/\/www.blogsoestado.com\/danielmatos\/no-bom-dia-mirante-wellington-diz-acreditar-na-aprovacao-do-seu-projeto-que-isenta-emissao-do-crlv-e-reafirma-independencia-mas-com-harmonia\/\" \/>\n<meta property=\"og:locale\" content=\"pt_BR\" \/>\n<meta property=\"og:type\" content=\"article\" \/>\n<meta property=\"og:title\" content=\"No Bom Dia Mirante, Wellington defende seu projeto que p\u00f5e fim a taxa do Detran e reafirma independ\u00eancia, mas com harmonia - Daniel Matos\" \/>\n<meta property=\"og:description\" content=\"Em entrevista ao quadro Bastidores, do telejornal Bom Dia Mirante, nesta ter\u00e7a-feira (28), o deputado estadual Wellington do Curso esclareceu [&hellip;]\" \/>\n<meta property=\"og:url\" content=\"https:\/\/www.blogsoestado.com\/danielmatos\/no-bom-dia-mirante-wellington-diz-acreditar-na-aprovacao-do-seu-projeto-que-isenta-emissao-do-crlv-e-reafirma-independencia-mas-com-harmonia\/\" \/>\n<meta property=\"og:site_name\" content=\"Daniel Matos\" \/>\n<meta property=\"article:published_time\" content=\"2023-03-01T00:54:24+00:00\" \/>\n<meta property=\"og:image\" content=\"https:\/\/www.blogsoestado.com\/danielmatos\/files\/2023\/02\/Screenshot_20230228-2142012.png\" \/>\n<meta name=\"twitter:card\" content=\"summary_large_image\" \/>\n<meta name=\"twitter:label1\" content=\"Est. tempo de leitura\" \/>\n\t<meta name=\"twitter:data1\" content=\"4 minutos\" \/>\n<script type=\"application\/ld+json\" class=\"yoast-schema-graph\">{\"@context\":\"https:\/\/schema.org\",\"@graph\":[{\"@type\":\"WebPage\",\"@id\":\"https:\/\/www.blogsoestado.com\/danielmatos\/no-bom-dia-mirante-wellington-diz-acreditar-na-aprovacao-do-seu-projeto-que-isenta-emissao-do-crlv-e-reafirma-independencia-mas-com-harmonia\/\",\"url\":\"https:\/\/www.blogsoestado.com\/danielmatos\/no-bom-dia-mirante-wellington-diz-acreditar-na-aprovacao-do-seu-projeto-que-isenta-emissao-do-crlv-e-reafirma-independencia-mas-com-harmonia\/\",\"name\":\"No Bom Dia Mirante, Wellington defende seu projeto que p\u00f5e fim a taxa do Detran e reafirma independ\u00eancia, mas com harmonia - Daniel Matos\",\"isPartOf\":{\"@id\":\"https:\/\/www.blogsoestado.com\/danielmatos\/#website\"},\"primaryImageOfPage\":{\"@id\":\"https:\/\/www.blogsoestado.com\/danielmatos\/no-bom-dia-mirante-wellington-diz-acreditar-na-aprovacao-do-seu-projeto-que-isenta-emissao-do-crlv-e-reafirma-independencia-mas-com-harmonia\/#primaryimage\"},\"image\":{\"@id\":\"https:\/\/www.blogsoestado.com\/danielmatos\/no-bom-dia-mirante-wellington-diz-acreditar-na-aprovacao-do-seu-projeto-que-isenta-emissao-do-crlv-e-reafirma-independencia-mas-com-harmonia\/#primaryimage\"},\"thumbnailUrl\":\"https:\/\/www.blogsoestado.com\/danielmatos\/files\/2023\/02\/Screenshot_20230228-2142012.png\",\"datePublished\":\"2023-03-01T00:54:24+00:00\",\"author\":{\"@id\":\"\"},\"breadcrumb\":{\"@id\":\"https:\/\/www.blogsoestado.com\/danielmatos\/no-bom-dia-mirante-wellington-diz-acreditar-na-aprovacao-do-seu-projeto-que-isenta-emissao-do-crlv-e-reafirma-independencia-mas-com-harmonia\/#breadcrumb\"},\"inLanguage\":\"pt-BR\",\"potentialAction\":[{\"@type\":\"ReadAction\",\"target\":[\"https:\/\/www.blogsoestado.com\/danielmatos\/no-bom-dia-mirante-wellington-diz-acreditar-na-aprovacao-do-seu-projeto-que-isenta-emissao-do-crlv-e-reafirma-independencia-mas-com-harmonia\/\"]}]},{\"@type\":\"ImageObject\",\"inLanguage\":\"pt-BR\",\"@id\":\"https:\/\/www.blogsoestado.com\/danielmatos\/no-bom-dia-mirante-wellington-diz-acreditar-na-aprovacao-do-seu-projeto-que-isenta-emissao-do-crlv-e-reafirma-independencia-mas-com-harmonia\/#primaryimage\",\"url\":\"https:\/\/www.blogsoestado.com\/danielmatos\/files\/2023\/02\/Screenshot_20230228-2142012.png\",\"contentUrl\":\"https:\/\/www.blogsoestado.com\/danielmatos\/files\/2023\/02\/Screenshot_20230228-2142012.png\"},{\"@type\":\"BreadcrumbList\",\"@id\":\"https:\/\/www.blogsoestado.com\/danielmatos\/no-bom-dia-mirante-wellington-diz-acreditar-na-aprovacao-do-seu-projeto-que-isenta-emissao-do-crlv-e-reafirma-independencia-mas-com-harmonia\/#breadcrumb\",\"itemListElement\":[{\"@type\":\"ListItem\",\"position\":1,\"name\":\"In\u00edcio\",\"item\":\"https:\/\/www.blogsoestado.com\/danielmatos\/\"},{\"@type\":\"ListItem\",\"position\":2,\"name\":\"No Bom Dia Mirante, Wellington defende seu projeto que p\u00f5e fim a taxa do Detran e reafirma independ\u00eancia, mas com harmonia\"}]},{\"@type\":\"WebSite\",\"@id\":\"https:\/\/www.blogsoestado.com\/danielmatos\/#website\",\"url\":\"https:\/\/www.blogsoestado.com\/danielmatos\/\",\"name\":\"Daniel Matos\",\"description\":\"\",\"potentialAction\":[{\"@type\":\"SearchAction\",\"target\":{\"@type\":\"EntryPoint\",\"urlTemplate\":\"https:\/\/www.blogsoestado.com\/danielmatos\/?s={search_term_string}\"},\"query-input\":{\"@type\":\"PropertyValueSpecification\",\"valueRequired\":true,\"valueName\":\"search_term_string\"}}],\"inLanguage\":\"pt-BR\"}]}<\/script>\n<!-- \/ Yoast SEO plugin. -->","yoast_head_json":{"title":"No Bom Dia Mirante, Wellington defende seu projeto que p\u00f5e fim a taxa do Detran e reafirma independ\u00eancia, mas com harmonia - Daniel Matos","robots":{"index":"index","follow":"follow","max-snippet":"max-snippet:-1","max-image-preview":"max-image-preview:large","max-video-preview":"max-video-preview:-1"},"canonical":"https:\/\/www.blogsoestado.com\/danielmatos\/no-bom-dia-mirante-wellington-diz-acreditar-na-aprovacao-do-seu-projeto-que-isenta-emissao-do-crlv-e-reafirma-independencia-mas-com-harmonia\/","og_locale":"pt_BR","og_type":"article","og_title":"No Bom Dia Mirante, Wellington defende seu projeto que p\u00f5e fim a taxa do Detran e reafirma independ\u00eancia, mas com harmonia - Daniel Matos","og_description":"Em entrevista ao quadro Bastidores, do telejornal Bom Dia Mirante, nesta ter\u00e7a-feira (28), o deputado estadual Wellington do Curso esclareceu [&hellip;]","og_url":"https:\/\/www.blogsoestado.com\/danielmatos\/no-bom-dia-mirante-wellington-diz-acreditar-na-aprovacao-do-seu-projeto-que-isenta-emissao-do-crlv-e-reafirma-independencia-mas-com-harmonia\/","og_site_name":"Daniel Matos","article_published_time":"2023-03-01T00:54:24+00:00","og_image":[{"url":"https:\/\/www.blogsoestado.com\/danielmatos\/files\/2023\/02\/Screenshot_20230228-2142012.png","type":"","width":"","height":""}],"twitter_card":"summary_large_image","twitter_misc":{"Est. tempo de leitura":"4 minutos"},"schema":{"@context":"https:\/\/schema.org","@graph":[{"@type":"WebPage","@id":"https:\/\/www.blogsoestado.com\/danielmatos\/no-bom-dia-mirante-wellington-diz-acreditar-na-aprovacao-do-seu-projeto-que-isenta-emissao-do-crlv-e-reafirma-independencia-mas-com-harmonia\/","url":"https:\/\/www.blogsoestado.com\/danielmatos\/no-bom-dia-mirante-wellington-diz-acreditar-na-aprovacao-do-seu-projeto-que-isenta-emissao-do-crlv-e-reafirma-independencia-mas-com-harmonia\/","name":"No Bom Dia Mirante, Wellington defende seu projeto que p\u00f5e fim a taxa do Detran e reafirma independ\u00eancia, mas com harmonia - Daniel Matos","isPartOf":{"@id":"https:\/\/www.blogsoestado.com\/danielmatos\/#website"},"primaryImageOfPage":{"@id":"https:\/\/www.blogsoestado.com\/danielmatos\/no-bom-dia-mirante-wellington-diz-acreditar-na-aprovacao-do-seu-projeto-que-isenta-emissao-do-crlv-e-reafirma-independencia-mas-com-harmonia\/#primaryimage"},"image":{"@id":"https:\/\/www.blogsoestado.com\/danielmatos\/no-bom-dia-mirante-wellington-diz-acreditar-na-aprovacao-do-seu-projeto-que-isenta-emissao-do-crlv-e-reafirma-independencia-mas-com-harmonia\/#primaryimage"},"thumbnailUrl":"https:\/\/www.blogsoestado.com\/danielmatos\/files\/2023\/02\/Screenshot_20230228-2142012.png","datePublished":"2023-03-01T00:54:24+00:00","author":{"@id":""},"breadcrumb":{"@id":"https:\/\/www.blogsoestado.com\/danielmatos\/no-bom-dia-mirante-wellington-diz-acreditar-na-aprovacao-do-seu-projeto-que-isenta-emissao-do-crlv-e-reafirma-independencia-mas-com-harmonia\/#breadcrumb"},"inLanguage":"pt-BR","potentialAction":[{"@type":"ReadAction","target":["https:\/\/www.blogsoestado.com\/danielmatos\/no-bom-dia-mirante-wellington-diz-acreditar-na-aprovacao-do-seu-projeto-que-isenta-emissao-do-crlv-e-reafirma-independencia-mas-com-harmonia\/"]}]},{"@type":"ImageObject","inLanguage":"pt-BR","@id":"https:\/\/www.blogsoestado.com\/danielmatos\/no-bom-dia-mirante-wellington-diz-acreditar-na-aprovacao-do-seu-projeto-que-isenta-emissao-do-crlv-e-reafirma-independencia-mas-com-harmonia\/#primaryimage","url":"https:\/\/www.blogsoestado.com\/danielmatos\/files\/2023\/02\/Screenshot_20230228-2142012.png","contentUrl":"https:\/\/www.blogsoestado.com\/danielmatos\/files\/2023\/02\/Screenshot_20230228-2142012.png"},{"@type":"BreadcrumbList","@id":"https:\/\/www.blogsoestado.com\/danielmatos\/no-bom-dia-mirante-wellington-diz-acreditar-na-aprovacao-do-seu-projeto-que-isenta-emissao-do-crlv-e-reafirma-independencia-mas-com-harmonia\/#breadcrumb","itemListElement":[{"@type":"ListItem","position":1,"name":"In\u00edcio","item":"https:\/\/www.blogsoestado.com\/danielmatos\/"},{"@type":"ListItem","position":2,"name":"No Bom Dia Mirante, Wellington defende seu projeto que p\u00f5e fim a taxa do Detran e reafirma independ\u00eancia, mas com harmonia"}]},{"@type":"WebSite","@id":"https:\/\/www.blogsoestado.com\/danielmatos\/#website","url":"https:\/\/www.blogsoestado.com\/danielmatos\/","name":"Daniel Matos","description":"","potentialAction":[{"@type":"SearchAction","target":{"@type":"EntryPoint","urlTemplate":"https:\/\/www.blogsoestado.com\/danielmatos\/?s={search_term_string}"},"query-input":{"@type":"PropertyValueSpecification","valueRequired":true,"valueName":"search_term_string"}}],"inLanguage":"pt-BR"}]}},"jetpack_featured_media_url":"","_links":{"self":[{"href":"https:\/\/www.blogsoestado.com\/danielmatos\/wp-json\/wp\/v2\/posts\/106584","targetHints":{"allow":["GET"]}}],"collection":[{"href":"https:\/\/www.blogsoestado.com\/danielmatos\/wp-json\/wp\/v2\/posts"}],"about":[{"href":"https:\/\/www.blogsoestado.com\/danielmatos\/wp-json\/wp\/v2\/types\/post"}],"replies":[{"embeddable":true,"href":"https:\/\/www.blogsoestado.com\/danielmatos\/wp-json\/wp\/v2\/comments?post=106584"}],"version-history":[{"count":0,"href":"https:\/\/www.blogsoestado.com\/danielmatos\/wp-json\/wp\/v2\/posts\/106584\/revisions"}],"wp:attachment":[{"href":"https:\/\/www.blogsoestado.com\/danielmatos\/wp-json\/wp\/v2\/media?parent=106584"}],"wp:term":[{"taxonomy":"category","embeddable":true,"href":"https:\/\/www.blogsoestado.com\/danielmatos\/wp-json\/wp\/v2\/categories?post=106584"},{"taxonomy":"post_tag","embeddable":true,"href":"https:\/\/www.blogsoestado.com\/danielmatos\/wp-json\/wp\/v2\/tags?post=106584"}],"curies":[{"name":"wp","href":"https:\/\/api.w.org\/{rel}","templated":true}]}}